{"id":94741,"date":"2022-09-29T08:10:43","date_gmt":"2022-09-29T08:10:43","guid":{"rendered":"https:\/\/www.nettali.com\/?p=94741"},"modified":"2022-09-29T08:10:43","modified_gmt":"2022-09-29T08:10:43","slug":"loi-damnistie-karim-wade-nen-veut-pas","status":"publish","type":"post","link":"https:\/\/www.nettali.com\/2022\/09\/29\/loi-damnistie-karim-wade-nen-veut-pas\/","title":{"rendered":"LOI D'AMNISTIE - \"Karim Wade n'en veut pas...\""},"content":{"rendered":"<p class=\"summary_label\"><strong>NETTALI.COM - Les r\u00e9actions fusent apr\u00e8s la d\u00e9cision du pr\u00e9sident Macky Sall, hier en Conseil des ministres, de donner des instructions pour examiner dans les meilleurs d\u00e9lais les possibilit\u00e9s et le sch\u00e9ma ad\u00e9quat d\u2019amnistie afin que Karim Wade et Khalifa Sall puissent recouvrer leurs droits civiques et politiques. Karim Wade, selon Nafissatou Diallo porte-parole du Pds, soutiendrait qu'il n'en veut pas.\u00a0<\/strong><\/p>\n<div id=\"printable\" class=\"text_body\">\n<p><em>\u00abLe Pds est un parti de dialogue. Nous sommes toujours pour le dialogue et le consensus dans le pays-l\u00e0. Nous l\u2019avons toujours d\u00e9montr\u00e9 au prix de certaines rumeurs qui font croire que nous serions en contact avec le pr\u00e9sident Macky Sall. Nous saluons sa d\u00e9cision (de Macky Sall), aujourd\u2019hui, de r\u00e9gler ce probl\u00e8me qui est l\u00e0 depuis 10 ans. Mais la d\u00e9cision qu\u2019il a prise pour l\u2019amnistie nous la rejetons fermement. Le Pds est solidaire de Karim Wade qui refuse cat\u00e9goriquement une amnistie\"<\/em>, d\u00e9clare Nafissatou Diallo, porte-parole du Pds.<\/p>\n<p>Elle ajoute que dans l'entendement de Karim Wade, une amnistie c\u2019est pour les coupables. Et pour lui, <em>\"les coupables ce sont ceux qui ont mis en place le complot d\u2019Etat international mobilisant 27 pays dans le monde. Et ces pays l\u2019ont blanchi pour dire qu\u2019ils n\u2019ont rien vu de suspect contre Karim Wade\".\u00a0<\/em><\/p>\n<div class=\"adcanevas\"><\/div>\n<\/div>\n<div class='share-to-whatsapp-wrapper'><div class='share-on-whsp'>PARTAGER SUR : <\/div><a data-text='LOI D'AMNISTIE - \"Karim Wade n'en veut pas...\"' data-link='https:\/\/www.nettali.com\/2022\/09\/29\/loi-damnistie-karim-wade-nen-veut-pas\/' class='whatsapp-button whatsapp-share'>WhatsApp<\/a><div class='clear '><\/div><\/div>","protected":false},"excerpt":{"rendered":"<p>NETTALI.COM - Les r\u00e9actions fusent apr\u00e8s la d\u00e9cision du pr\u00e9sident Macky Sall, hier en Conseil des ministres, de donner des instructions pour examiner dans les meilleurs d\u00e9lais les possibilit\u00e9s et le sch\u00e9ma ad\u00e9quat d\u2019amnistie afin que Karim Wade et Khalifa Sall puissent recouvrer leurs droits civiques et politiques. Karim Wade, selon Nafissatou Diallo porte-parole du [&hellip;]<\/p>\n","protected":false},"author":4,"featured_media":83926,"comment_status":"open","ping_status":"open","sticky":false,"template":"","format":"standard","meta":{"_et_pb_use_builder":"","_et_pb_old_content":""},"categories":[3],"tags":[],"yoast_head":"<!-- This site is optimized with the Yoast SEO Premium plugin v17.8 (Yoast SEO v17.8) - https:\/\/yoast.com\/wordpress\/plugins\/seo\/ -->\n<title>LOI D&#039;AMNISTIE - &quot;Karim Wade n&#039;en veut pas...&quot; | Nettali.com<\/title>\n<meta name=\"robots\" content=\"index, follow, max-snippet:-1, max-image-preview:large, max-video-preview:-1\" \/>\n<link rel=\"canonical\" href=\"https:\/\/www.nettali.com\/2022\/09\/29\/loi-damnistie-karim-wade-nen-veut-pas\/\" \/>\n<meta property=\"og:locale\" content=\"fr_FR\" \/>\n<meta property=\"og:type\" content=\"article\" \/>\n<meta property=\"og:title\" content=\"LOI D&#039;AMNISTIE - &quot;Karim Wade n&#039;en veut pas...&quot;\" \/>\n<meta property=\"og:description\" content=\"NETTALI.COM - Les r\u00e9actions fusent apr\u00e8s la d\u00e9cision du pr\u00e9sident Macky Sall, hier en Conseil des ministres, de donner des instructions pour examiner dans les meilleurs d\u00e9lais les possibilit\u00e9s et le sch\u00e9ma ad\u00e9quat d\u2019amnistie afin que Karim Wade et Khalifa Sall puissent recouvrer leurs droits civiques et politiques. Karim Wade, selon Nafissatou Diallo porte-parole du [&hellip;]\" \/>\n<meta property=\"og:url\" content=\"https:\/\/www.nettali.com\/2022\/09\/29\/loi-damnistie-karim-wade-nen-veut-pas\/\" \/>\n<meta property=\"og:site_name\" content=\"Nettali.com\" \/>\n<meta property=\"article:publisher\" content=\"https:\/\/www.facebook.com\/nettalicom\" \/>\n<meta property=\"article:published_time\" content=\"2022-09-29T08:10:43+00:00\" \/>\n<meta property=\"og:image\" content=\"https:\/\/www.nettali.com\/wp-content\/uploads\/2022\/03\/KARIM4.jpg\" \/>\n\t<meta property=\"og:image:width\" content=\"720\" \/>\n\t<meta property=\"og:image:height\" content=\"646\" \/>\n<meta name=\"twitter:card\" content=\"summary_large_image\" \/>\n<meta name=\"twitter:label1\" content=\"\u00c9crit par\" \/>\n\t<meta name=\"twitter:data1\" content=\"Daouda\" \/>\n\t<meta name=\"twitter:label2\" content=\"Dur\u00e9e de lecture estim\u00e9e\" \/>\n\t<meta name=\"twitter:data2\" content=\"2 minutes\" \/>\n<script type=\"application\/ld+json\" class=\"yoast-schema-graph\">{\"@context\":\"https:\/\/schema.org\",\"@graph\":[{\"@type\":\"WebSite\",\"@id\":\"https:\/\/www.nettali.com\/#website\",\"url\":\"https:\/\/www.nettali.com\/\",\"name\":\"Nettali.com\",\"description\":\"Le rendez-vous critique du Net\",\"potentialAction\":[{\"@type\":\"SearchAction\",\"target\":{\"@type\":\"EntryPoint\",\"urlTemplate\":\"https:\/\/www.nettali.com\/?s={search_term_string}\"},\"query-input\":\"required name=search_term_string\"}],\"inLanguage\":\"fr-FR\"},{\"@type\":\"ImageObject\",\"@id\":\"https:\/\/www.nettali.com\/2022\/09\/29\/loi-damnistie-karim-wade-nen-veut-pas\/#primaryimage\",\"inLanguage\":\"fr-FR\",\"url\":\"https:\/\/www.nettali.com\/wp-content\/uploads\/2022\/03\/KARIM4.jpg\",\"contentUrl\":\"https:\/\/www.nettali.com\/wp-content\/uploads\/2022\/03\/KARIM4.jpg\",\"width\":720,\"height\":646},{\"@type\":\"WebPage\",\"@id\":\"https:\/\/www.nettali.com\/2022\/09\/29\/loi-damnistie-karim-wade-nen-veut-pas\/#webpage\",\"url\":\"https:\/\/www.nettali.com\/2022\/09\/29\/loi-damnistie-karim-wade-nen-veut-pas\/\",\"name\":\"LOI D'AMNISTIE - \\\"Karim Wade n'en veut pas...\\\" | Nettali.com\",\"isPartOf\":{\"@id\":\"https:\/\/www.nettali.com\/#website\"},\"primaryImageOfPage\":{\"@id\":\"https:\/\/www.nettali.com\/2022\/09\/29\/loi-damnistie-karim-wade-nen-veut-pas\/#primaryimage\"},\"datePublished\":\"2022-09-29T08:10:43+00:00\",\"dateModified\":\"2022-09-29T08:10:43+00:00\",\"author\":{\"@id\":\"https:\/\/www.nettali.com\/#\/schema\/person\/3317e0bb3aa1da309fbf7b2780901bf4\"},\"breadcrumb\":{\"@id\":\"https:\/\/www.nettali.com\/2022\/09\/29\/loi-damnistie-karim-wade-nen-veut-pas\/#breadcrumb\"},\"inLanguage\":\"fr-FR\",\"potentialAction\":[{\"@type\":\"ReadAction\",\"target\":[\"https:\/\/www.nettali.com\/2022\/09\/29\/loi-damnistie-karim-wade-nen-veut-pas\/\"]}]},{\"@type\":\"BreadcrumbList\",\"@id\":\"https:\/\/www.nettali.com\/2022\/09\/29\/loi-damnistie-karim-wade-nen-veut-pas\/#breadcrumb\",\"itemListElement\":[{\"@type\":\"ListItem\",\"position\":1,\"name\":\"Accueil\",\"item\":\"https:\/\/www.nettali.com\/\"},{\"@type\":\"ListItem\",\"position\":2,\"name\":\"LOI D'AMNISTIE - \\\"Karim Wade n'en veut pas...\\\"\"}]},{\"@type\":\"Person\",\"@id\":\"https:\/\/www.nettali.com\/#\/schema\/person\/3317e0bb3aa1da309fbf7b2780901bf4\",\"name\":\"Daouda\",\"image\":{\"@type\":\"ImageObject\",\"@id\":\"https:\/\/www.nettali.com\/#personlogo\",\"inLanguage\":\"fr-FR\",\"url\":\"https:\/\/secure.gravatar.com\/avatar\/8d143b5a49345098ddcfee1c49c2f47c?s=96&d=mm&r=g\",\"contentUrl\":\"https:\/\/secure.gravatar.com\/avatar\/8d143b5a49345098ddcfee1c49c2f47c?s=96&d=mm&r=g\",\"caption\":\"Daouda\"},\"sameAs\":[\"https:\/\/www.nettali.com\"]}]}<\/script>\n<!-- \/ Yoast SEO Premium plugin. -->","yoast_head_json":{"title":"LOI D'AMNISTIE - \"Karim Wade n'en veut pas...\" | Nettali.com","robots":{"index":"index","follow":"follow","max-snippet":"max-snippet:-1","max-image-preview":"max-image-preview:large","max-video-preview":"max-video-preview:-1"},"canonical":"https:\/\/www.nettali.com\/2022\/09\/29\/loi-damnistie-karim-wade-nen-veut-pas\/","og_locale":"fr_FR","og_type":"article","og_title":"LOI D'AMNISTIE - \"Karim Wade n'en veut pas...\"","og_description":"NETTALI.COM - Les r\u00e9actions fusent apr\u00e8s la d\u00e9cision du pr\u00e9sident Macky Sall, hier en Conseil des ministres, de donner des instructions pour examiner dans les meilleurs d\u00e9lais les possibilit\u00e9s et le sch\u00e9ma ad\u00e9quat d\u2019amnistie afin que Karim Wade et Khalifa Sall puissent recouvrer leurs droits civiques et politiques. Karim Wade, selon Nafissatou Diallo porte-parole du [&hellip;]","og_url":"https:\/\/www.nettali.com\/2022\/09\/29\/loi-damnistie-karim-wade-nen-veut-pas\/","og_site_name":"Nettali.com","article_publisher":"https:\/\/www.facebook.com\/nettalicom","article_published_time":"2022-09-29T08:10:43+00:00","og_image":[{"width":720,"height":646,"url":"https:\/\/www.nettali.com\/wp-content\/uploads\/2022\/03\/KARIM4.jpg","type":"image\/jpeg"}],"twitter_card":"summary_large_image","twitter_misc":{"\u00c9crit par":"Daouda","Dur\u00e9e de lecture estim\u00e9e":"2 minutes"},"schema":{"@context":"https:\/\/schema.org","@graph":[{"@type":"WebSite","@id":"https:\/\/www.nettali.com\/#website","url":"https:\/\/www.nettali.com\/","name":"Nettali.com","description":"Le rendez-vous critique du Net","potentialAction":[{"@type":"SearchAction","target":{"@type":"EntryPoint","urlTemplate":"https:\/\/www.nettali.com\/?s={search_term_string}"},"query-input":"required name=search_term_string"}],"inLanguage":"fr-FR"},{"@type":"ImageObject","@id":"https:\/\/www.nettali.com\/2022\/09\/29\/loi-damnistie-karim-wade-nen-veut-pas\/#primaryimage","inLanguage":"fr-FR","url":"https:\/\/www.nettali.com\/wp-content\/uploads\/2022\/03\/KARIM4.jpg","contentUrl":"https:\/\/www.nettali.com\/wp-content\/uploads\/2022\/03\/KARIM4.jpg","width":720,"height":646},{"@type":"WebPage","@id":"https:\/\/www.nettali.com\/2022\/09\/29\/loi-damnistie-karim-wade-nen-veut-pas\/#webpage","url":"https:\/\/www.nettali.com\/2022\/09\/29\/loi-damnistie-karim-wade-nen-veut-pas\/","name":"LOI D'AMNISTIE - \"Karim Wade n'en veut pas...\" | Nettali.com","isPartOf":{"@id":"https:\/\/www.nettali.com\/#website"},"primaryImageOfPage":{"@id":"https:\/\/www.nettali.com\/2022\/09\/29\/loi-damnistie-karim-wade-nen-veut-pas\/#primaryimage"},"datePublished":"2022-09-29T08:10:43+00:00","dateModified":"2022-09-29T08:10:43+00:00","author":{"@id":"https:\/\/www.nettali.com\/#\/schema\/person\/3317e0bb3aa1da309fbf7b2780901bf4"},"breadcrumb":{"@id":"https:\/\/www.nettali.com\/2022\/09\/29\/loi-damnistie-karim-wade-nen-veut-pas\/#breadcrumb"},"inLanguage":"fr-FR","potentialAction":[{"@type":"ReadAction","target":["https:\/\/www.nettali.com\/2022\/09\/29\/loi-damnistie-karim-wade-nen-veut-pas\/"]}]},{"@type":"BreadcrumbList","@id":"https:\/\/www.nettali.com\/2022\/09\/29\/loi-damnistie-karim-wade-nen-veut-pas\/#breadcrumb","itemListElement":[{"@type":"ListItem","position":1,"name":"Accueil","item":"https:\/\/www.nettali.com\/"},{"@type":"ListItem","position":2,"name":"LOI D'AMNISTIE - \"Karim Wade n'en veut pas...\""}]},{"@type":"Person","@id":"https:\/\/www.nettali.com\/#\/schema\/person\/3317e0bb3aa1da309fbf7b2780901bf4","name":"Daouda","image":{"@type":"ImageObject","@id":"https:\/\/www.nettali.com\/#personlogo","inLanguage":"fr-FR","url":"https:\/\/secure.gravatar.com\/avatar\/8d143b5a49345098ddcfee1c49c2f47c?s=96&d=mm&r=g","contentUrl":"https:\/\/secure.gravatar.com\/avatar\/8d143b5a49345098ddcfee1c49c2f47c?s=96&d=mm&r=g","caption":"Daouda"},"sameAs":["https:\/\/www.nettali.com"]}]}},"_links":{"self":[{"href":"https:\/\/www.nettali.com\/rest\/wp\/v2\/posts\/94741"}],"collection":[{"href":"https:\/\/www.nettali.com\/rest\/wp\/v2\/posts"}],"about":[{"href":"https:\/\/www.nettali.com\/rest\/wp\/v2\/types\/post"}],"author":[{"embeddable":true,"href":"https:\/\/www.nettali.com\/rest\/wp\/v2\/users\/4"}],"replies":[{"embeddable":true,"href":"https:\/\/www.nettali.com\/rest\/wp\/v2\/comments?post=94741"}],"version-history":[{"count":1,"href":"https:\/\/www.nettali.com\/rest\/wp\/v2\/posts\/94741\/revisions"}],"predecessor-version":[{"id":94745,"href":"https:\/\/www.nettali.com\/rest\/wp\/v2\/posts\/94741\/revisions\/94745"}],"wp:featuredmedia":[{"embeddable":true,"href":"https:\/\/www.nettali.com\/rest\/wp\/v2\/media\/83926"}],"wp:attachment":[{"href":"https:\/\/www.nettali.com\/rest\/wp\/v2\/media?parent=94741"}],"wp:term":[{"taxonomy":"category","embeddable":true,"href":"https:\/\/www.nettali.com\/rest\/wp\/v2\/categories?post=94741"},{"taxonomy":"post_tag","embeddable":true,"href":"https:\/\/www.nettali.com\/rest\/wp\/v2\/tags?post=94741"}],"curies":[{"name":"wp","href":"https:\/\/api.w.org\/{rel}","templated":true}]}}