{"id":94707,"date":"2022-09-28T20:57:25","date_gmt":"2022-09-28T20:57:25","guid":{"rendered":"https:\/\/www.nettali.com\/?p=94707"},"modified":"2022-09-28T21:30:58","modified_gmt":"2022-09-28T21:30:58","slug":"nominations-en-conseil-des-ministres-me-malick-sall-et-abdoulaye-balde-recases-mountaga-sy-accoste-au-port","status":"publish","type":"post","link":"https:\/\/www.nettali.com\/2022\/09\/28\/nominations-en-conseil-des-ministres-me-malick-sall-et-abdoulaye-balde-recases-mountaga-sy-accoste-au-port\/","title":{"rendered":"NOMINATIONS EN CONSEIL DES MINISTRES - Me Malick Sall et Abdoulaye Bald\u00e9 recas\u00e9s, Mountaga Sy accoste au Port"},"content":{"rendered":"<p><strong>NETTALI.COM- Le nouveau gouvernement dirig\u00e9 par Amadou B\u00e2 et nomm\u00e9 le samedi 17 septembre 2022 a tenu son premier Conseil des ministres ce mercredi 28 septembre 2022. Occasion pour le Chef de l'Etat de recaser certains ministres limog\u00e9s comme l'ancien Garde des Sceaux, Me Malick Sall.\u00a0 Voici la liste des nominations.\u00a0<\/strong><\/p>\n<p><strong>Ma\u00eetre Malick SALL<\/strong>, Avocat, est nomm\u00e9 Secr\u00e9taire Permanent du Comit\u00e9 d\u2019Orientation Strat\u00e9gique du P\u00e9trole et du Gaz (COS- PETROGAZ), en remplacement de Monsieur Ousmane Ndiaye appel\u00e9 \u00e0 d\u2019autres fonctions.<\/p>\n<p><strong>Monsieur Al\u00e9 Nar DIOP, <\/strong>Ing\u00e9nieur Statisticien Economiste, pr\u00e9c\u00e9demment Directeur g\u00e9n\u00e9ral de l\u2019Agence nationale de la Statistique et de la D\u00e9mographie (ANSD), est nomm\u00e9 Secr\u00e9taire g\u00e9n\u00e9ral du Minist\u00e8re de l\u2019Economie, du Plan et de la Coop\u00e9ration, en remplacement de Monsieur Alioune NDIAYE, appel\u00e9 \u00e0 d\u2019autres fonctions.<\/p>\n<p><strong>Monsieur Abacacar Sedikh BEYE, <\/strong>Ing\u00e9nieur Statisticien Economiste, pr\u00e9c\u00e9demment Directeur g\u00e9n\u00e9ral de la Soci\u00e9t\u00e9 nationale du Port Autonome de Dakar,\u00a0 est nomm\u00e9 Directeur g\u00e9n\u00e9ral de l\u2019Agence nationale de la Statistique et de la D\u00e9mographie (ANSD).<\/p>\n<p><strong>Monsieur Abdoulaye BALDE, <\/strong>Docteur en Droit public, est nomm\u00e9 Directeur g\u00e9n\u00e9ral de l\u2019Agence pour la Promotion des Investissements et des Grands Travaux (APIX SA) en remplacement de Monsieur Mountaga SY, appel\u00e9 \u00e0 d\u2019autres fonctions.<\/p>\n<p><strong>Monsieur Mountaga SY, <\/strong>Ing\u00e9nieur Industriel, pr\u00e9c\u00e9demment Directeur g\u00e9n\u00e9ral de l\u2019Agence pour la Promotion des Investissements et des Grands Travaux (APIX SA), est nomm\u00e9 Directeur g\u00e9n\u00e9ral de la Soci\u00e9t\u00e9 nationale du Port Autonome de Dakar.<\/p>\n<p><strong>Monsieur Abdoulaye DIEYE, <\/strong>Expert Evaluateur, est nomm\u00e9 Directeur g\u00e9n\u00e9ral de la Soci\u00e9t\u00e9 Anonyme A\u00e9roport International Blaise Diagne (AIBD SA), poste vacant.<\/p>\n<p><strong>Monsieur Souleymane NDIAYE<\/strong>, Ing\u00e9nieur en g\u00e9nie civil, pr\u00e9c\u00e9demment Directeur des Infrastructures a\u00e9roportuaires, est nomm\u00e9 Directeur g\u00e9n\u00e9ral de la Soci\u00e9t\u00e9 d\u2019Am\u00e9nagement et de Promotion des C\u00f4tes et Zones Touristiques du S\u00e9n\u00e9gal (SAPCO SA), poste vacant.<\/p>\n<div class='share-to-whatsapp-wrapper'><div class='share-on-whsp'>PARTAGER SUR : <\/div><a data-text='NOMINATIONS EN CONSEIL DES MINISTRES - Me Malick Sall et Abdoulaye Bald\u00e9 recas\u00e9s, Mountaga Sy accoste au Port' data-link='https:\/\/www.nettali.com\/2022\/09\/28\/nominations-en-conseil-des-ministres-me-malick-sall-et-abdoulaye-balde-recases-mountaga-sy-accoste-au-port\/' class='whatsapp-button whatsapp-share'>WhatsApp<\/a><div class='clear '><\/div><\/div>","protected":false},"excerpt":{"rendered":"<p>NETTALI.COM- Le nouveau gouvernement dirig\u00e9 par Amadou B\u00e2 et nomm\u00e9 le samedi 17 septembre 2022 a tenu son premier Conseil des ministres ce mercredi 28 septembre 2022. Occasion pour le Chef de l'Etat de recaser certains ministres limog\u00e9s comme l'ancien Garde des Sceaux, Me Malick Sall.\u00a0 Voici la liste des nominations.\u00a0 Ma\u00eetre Malick SALL, Avocat, [&hellip;]<\/p>\n","protected":false},"author":6,"featured_media":94715,"comment_status":"open","ping_status":"open","sticky":false,"template":"","format":"standard","meta":{"_et_pb_use_builder":"","_et_pb_old_content":""},"categories":[2],"tags":[],"yoast_head":"<!-- This site is optimized with the Yoast SEO Premium plugin v17.8 (Yoast SEO v17.8) - https:\/\/yoast.com\/wordpress\/plugins\/seo\/ -->\n<title>NOMINATIONS EN CONSEIL DES MINISTRES - Me Malick Sall et Abdoulaye Bald\u00e9 recas\u00e9s, Mountaga Sy accoste au Port | Nettali.com<\/title>\n<meta name=\"robots\" content=\"index, follow, max-snippet:-1, max-image-preview:large, max-video-preview:-1\" \/>\n<link rel=\"canonical\" href=\"https:\/\/www.nettali.com\/2022\/09\/28\/nominations-en-conseil-des-ministres-me-malick-sall-et-abdoulaye-balde-recases-mountaga-sy-accoste-au-port\/\" \/>\n<meta property=\"og:locale\" content=\"fr_FR\" \/>\n<meta property=\"og:type\" content=\"article\" \/>\n<meta property=\"og:title\" content=\"NOMINATIONS EN CONSEIL DES MINISTRES - Me Malick Sall et Abdoulaye Bald\u00e9 recas\u00e9s, Mountaga Sy accoste au Port\" \/>\n<meta property=\"og:description\" content=\"NETTALI.COM- Le nouveau gouvernement dirig\u00e9 par Amadou B\u00e2 et nomm\u00e9 le samedi 17 septembre 2022 a tenu son premier Conseil des ministres ce mercredi 28 septembre 2022. Occasion pour le Chef de l&#039;Etat de recaser certains ministres limog\u00e9s comme l&#039;ancien Garde des Sceaux, Me Malick Sall.\u00a0 Voici la liste des nominations.\u00a0 Ma\u00eetre Malick SALL, Avocat, [&hellip;]\" \/>\n<meta property=\"og:url\" content=\"https:\/\/www.nettali.com\/2022\/09\/28\/nominations-en-conseil-des-ministres-me-malick-sall-et-abdoulaye-balde-recases-mountaga-sy-accoste-au-port\/\" \/>\n<meta property=\"og:site_name\" content=\"Nettali.com\" \/>\n<meta property=\"article:publisher\" content=\"https:\/\/www.facebook.com\/nettalicom\" \/>\n<meta property=\"article:published_time\" content=\"2022-09-28T20:57:25+00:00\" \/>\n<meta property=\"article:modified_time\" content=\"2022-09-28T21:30:58+00:00\" \/>\n<meta property=\"og:image\" content=\"https:\/\/www.nettali.com\/wp-content\/uploads\/2022\/09\/Mountaga-Malick-Sall-e1664399906531.jpeg\" \/>\n\t<meta property=\"og:image:width\" content=\"1588\" \/>\n\t<meta property=\"og:image:height\" content=\"644\" \/>\n<meta name=\"twitter:card\" content=\"summary_large_image\" \/>\n<meta name=\"twitter:label1\" content=\"\u00c9crit par\" \/>\n\t<meta name=\"twitter:data1\" content=\"Fatou\" \/>\n\t<meta name=\"twitter:label2\" content=\"Dur\u00e9e de lecture estim\u00e9e\" \/>\n\t<meta name=\"twitter:data2\" content=\"2 minutes\" \/>\n<script type=\"application\/ld+json\" class=\"yoast-schema-graph\">{\"@context\":\"https:\/\/schema.org\",\"@graph\":[{\"@type\":\"WebSite\",\"@id\":\"https:\/\/www.nettali.com\/#website\",\"url\":\"https:\/\/www.nettali.com\/\",\"name\":\"Nettali.com\",\"description\":\"Le rendez-vous critique du Net\",\"potentialAction\":[{\"@type\":\"SearchAction\",\"target\":{\"@type\":\"EntryPoint\",\"urlTemplate\":\"https:\/\/www.nettali.com\/?s={search_term_string}\"},\"query-input\":\"required name=search_term_string\"}],\"inLanguage\":\"fr-FR\"},{\"@type\":\"ImageObject\",\"@id\":\"https:\/\/www.nettali.com\/2022\/09\/28\/nominations-en-conseil-des-ministres-me-malick-sall-et-abdoulaye-balde-recases-mountaga-sy-accoste-au-port\/#primaryimage\",\"inLanguage\":\"fr-FR\",\"url\":\"https:\/\/www.nettali.com\/wp-content\/uploads\/2022\/09\/Mountaga-Malick-Sall-e1664399906531.jpeg\",\"contentUrl\":\"https:\/\/www.nettali.com\/wp-content\/uploads\/2022\/09\/Mountaga-Malick-Sall-e1664399906531.jpeg\",\"width\":1588,\"height\":644},{\"@type\":\"WebPage\",\"@id\":\"https:\/\/www.nettali.com\/2022\/09\/28\/nominations-en-conseil-des-ministres-me-malick-sall-et-abdoulaye-balde-recases-mountaga-sy-accoste-au-port\/#webpage\",\"url\":\"https:\/\/www.nettali.com\/2022\/09\/28\/nominations-en-conseil-des-ministres-me-malick-sall-et-abdoulaye-balde-recases-mountaga-sy-accoste-au-port\/\",\"name\":\"NOMINATIONS EN CONSEIL DES MINISTRES - Me Malick Sall et Abdoulaye Bald\\u00e9 recas\\u00e9s, Mountaga Sy accoste au Port | Nettali.com\",\"isPartOf\":{\"@id\":\"https:\/\/www.nettali.com\/#website\"},\"primaryImageOfPage\":{\"@id\":\"https:\/\/www.nettali.com\/2022\/09\/28\/nominations-en-conseil-des-ministres-me-malick-sall-et-abdoulaye-balde-recases-mountaga-sy-accoste-au-port\/#primaryimage\"},\"datePublished\":\"2022-09-28T20:57:25+00:00\",\"dateModified\":\"2022-09-28T21:30:58+00:00\",\"author\":{\"@id\":\"https:\/\/www.nettali.com\/#\/schema\/person\/418274a86bdf87caff7a3ef476bd0bbf\"},\"breadcrumb\":{\"@id\":\"https:\/\/www.nettali.com\/2022\/09\/28\/nominations-en-conseil-des-ministres-me-malick-sall-et-abdoulaye-balde-recases-mountaga-sy-accoste-au-port\/#breadcrumb\"},\"inLanguage\":\"fr-FR\",\"potentialAction\":[{\"@type\":\"ReadAction\",\"target\":[\"https:\/\/www.nettali.com\/2022\/09\/28\/nominations-en-conseil-des-ministres-me-malick-sall-et-abdoulaye-balde-recases-mountaga-sy-accoste-au-port\/\"]}]},{\"@type\":\"BreadcrumbList\",\"@id\":\"https:\/\/www.nettali.com\/2022\/09\/28\/nominations-en-conseil-des-ministres-me-malick-sall-et-abdoulaye-balde-recases-mountaga-sy-accoste-au-port\/#breadcrumb\",\"itemListElement\":[{\"@type\":\"ListItem\",\"position\":1,\"name\":\"Accueil\",\"item\":\"https:\/\/www.nettali.com\/\"},{\"@type\":\"ListItem\",\"position\":2,\"name\":\"NOMINATIONS EN CONSEIL DES MINISTRES - Me Malick Sall et Abdoulaye Bald\\u00e9 recas\\u00e9s, Mountaga Sy accoste au Port\"}]},{\"@type\":\"Person\",\"@id\":\"https:\/\/www.nettali.com\/#\/schema\/person\/418274a86bdf87caff7a3ef476bd0bbf\",\"name\":\"Fatou\",\"image\":{\"@type\":\"ImageObject\",\"@id\":\"https:\/\/www.nettali.com\/#personlogo\",\"inLanguage\":\"fr-FR\",\"url\":\"https:\/\/secure.gravatar.com\/avatar\/5a9442a2bee7b4dcf167cab035858e9a?s=96&d=mm&r=g\",\"contentUrl\":\"https:\/\/secure.gravatar.com\/avatar\/5a9442a2bee7b4dcf167cab035858e9a?s=96&d=mm&r=g\",\"caption\":\"Fatou\"},\"sameAs\":[\"https:\/\/www.nettali.com\"]}]}<\/script>\n<!-- \/ Yoast SEO Premium plugin. -->","yoast_head_json":{"title":"NOMINATIONS EN CONSEIL DES MINISTRES - Me Malick Sall et Abdoulaye Bald\u00e9 recas\u00e9s, Mountaga Sy accoste au Port | Nettali.com","robots":{"index":"index","follow":"follow","max-snippet":"max-snippet:-1","max-image-preview":"max-image-preview:large","max-video-preview":"max-video-preview:-1"},"canonical":"https:\/\/www.nettali.com\/2022\/09\/28\/nominations-en-conseil-des-ministres-me-malick-sall-et-abdoulaye-balde-recases-mountaga-sy-accoste-au-port\/","og_locale":"fr_FR","og_type":"article","og_title":"NOMINATIONS EN CONSEIL DES MINISTRES - Me Malick Sall et Abdoulaye Bald\u00e9 recas\u00e9s, Mountaga Sy accoste au Port","og_description":"NETTALI.COM- Le nouveau gouvernement dirig\u00e9 par Amadou B\u00e2 et nomm\u00e9 le samedi 17 septembre 2022 a tenu son premier Conseil des ministres ce mercredi 28 septembre 2022. Occasion pour le Chef de l'Etat de recaser certains ministres limog\u00e9s comme l'ancien Garde des Sceaux, Me Malick Sall.\u00a0 Voici la liste des nominations.\u00a0 Ma\u00eetre Malick SALL, Avocat, [&hellip;]","og_url":"https:\/\/www.nettali.com\/2022\/09\/28\/nominations-en-conseil-des-ministres-me-malick-sall-et-abdoulaye-balde-recases-mountaga-sy-accoste-au-port\/","og_site_name":"Nettali.com","article_publisher":"https:\/\/www.facebook.com\/nettalicom","article_published_time":"2022-09-28T20:57:25+00:00","article_modified_time":"2022-09-28T21:30:58+00:00","og_image":[{"width":1588,"height":644,"url":"https:\/\/www.nettali.com\/wp-content\/uploads\/2022\/09\/Mountaga-Malick-Sall-e1664399906531.jpeg","type":"image\/jpeg"}],"twitter_card":"summary_large_image","twitter_misc":{"\u00c9crit par":"Fatou","Dur\u00e9e de lecture estim\u00e9e":"2 minutes"},"schema":{"@context":"https:\/\/schema.org","@graph":[{"@type":"WebSite","@id":"https:\/\/www.nettali.com\/#website","url":"https:\/\/www.nettali.com\/","name":"Nettali.com","description":"Le rendez-vous critique du Net","potentialAction":[{"@type":"SearchAction","target":{"@type":"EntryPoint","urlTemplate":"https:\/\/www.nettali.com\/?s={search_term_string}"},"query-input":"required name=search_term_string"}],"inLanguage":"fr-FR"},{"@type":"ImageObject","@id":"https:\/\/www.nettali.com\/2022\/09\/28\/nominations-en-conseil-des-ministres-me-malick-sall-et-abdoulaye-balde-recases-mountaga-sy-accoste-au-port\/#primaryimage","inLanguage":"fr-FR","url":"https:\/\/www.nettali.com\/wp-content\/uploads\/2022\/09\/Mountaga-Malick-Sall-e1664399906531.jpeg","contentUrl":"https:\/\/www.nettali.com\/wp-content\/uploads\/2022\/09\/Mountaga-Malick-Sall-e1664399906531.jpeg","width":1588,"height":644},{"@type":"WebPage","@id":"https:\/\/www.nettali.com\/2022\/09\/28\/nominations-en-conseil-des-ministres-me-malick-sall-et-abdoulaye-balde-recases-mountaga-sy-accoste-au-port\/#webpage","url":"https:\/\/www.nettali.com\/2022\/09\/28\/nominations-en-conseil-des-ministres-me-malick-sall-et-abdoulaye-balde-recases-mountaga-sy-accoste-au-port\/","name":"NOMINATIONS EN CONSEIL DES MINISTRES - Me Malick Sall et Abdoulaye Bald\u00e9 recas\u00e9s, Mountaga Sy accoste au Port | Nettali.com","isPartOf":{"@id":"https:\/\/www.nettali.com\/#website"},"primaryImageOfPage":{"@id":"https:\/\/www.nettali.com\/2022\/09\/28\/nominations-en-conseil-des-ministres-me-malick-sall-et-abdoulaye-balde-recases-mountaga-sy-accoste-au-port\/#primaryimage"},"datePublished":"2022-09-28T20:57:25+00:00","dateModified":"2022-09-28T21:30:58+00:00","author":{"@id":"https:\/\/www.nettali.com\/#\/schema\/person\/418274a86bdf87caff7a3ef476bd0bbf"},"breadcrumb":{"@id":"https:\/\/www.nettali.com\/2022\/09\/28\/nominations-en-conseil-des-ministres-me-malick-sall-et-abdoulaye-balde-recases-mountaga-sy-accoste-au-port\/#breadcrumb"},"inLanguage":"fr-FR","potentialAction":[{"@type":"ReadAction","target":["https:\/\/www.nettali.com\/2022\/09\/28\/nominations-en-conseil-des-ministres-me-malick-sall-et-abdoulaye-balde-recases-mountaga-sy-accoste-au-port\/"]}]},{"@type":"BreadcrumbList","@id":"https:\/\/www.nettali.com\/2022\/09\/28\/nominations-en-conseil-des-ministres-me-malick-sall-et-abdoulaye-balde-recases-mountaga-sy-accoste-au-port\/#breadcrumb","itemListElement":[{"@type":"ListItem","position":1,"name":"Accueil","item":"https:\/\/www.nettali.com\/"},{"@type":"ListItem","position":2,"name":"NOMINATIONS EN CONSEIL DES MINISTRES - Me Malick Sall et Abdoulaye Bald\u00e9 recas\u00e9s, Mountaga Sy accoste au Port"}]},{"@type":"Person","@id":"https:\/\/www.nettali.com\/#\/schema\/person\/418274a86bdf87caff7a3ef476bd0bbf","name":"Fatou","image":{"@type":"ImageObject","@id":"https:\/\/www.nettali.com\/#personlogo","inLanguage":"fr-FR","url":"https:\/\/secure.gravatar.com\/avatar\/5a9442a2bee7b4dcf167cab035858e9a?s=96&d=mm&r=g","contentUrl":"https:\/\/secure.gravatar.com\/avatar\/5a9442a2bee7b4dcf167cab035858e9a?s=96&d=mm&r=g","caption":"Fatou"},"sameAs":["https:\/\/www.nettali.com"]}]}},"_links":{"self":[{"href":"https:\/\/www.nettali.com\/rest\/wp\/v2\/posts\/94707"}],"collection":[{"href":"https:\/\/www.nettali.com\/rest\/wp\/v2\/posts"}],"about":[{"href":"https:\/\/www.nettali.com\/rest\/wp\/v2\/types\/post"}],"author":[{"embeddable":true,"href":"https:\/\/www.nettali.com\/rest\/wp\/v2\/users\/6"}],"replies":[{"embeddable":true,"href":"https:\/\/www.nettali.com\/rest\/wp\/v2\/comments?post=94707"}],"version-history":[{"count":4,"href":"https:\/\/www.nettali.com\/rest\/wp\/v2\/posts\/94707\/revisions"}],"predecessor-version":[{"id":94718,"href":"https:\/\/www.nettali.com\/rest\/wp\/v2\/posts\/94707\/revisions\/94718"}],"wp:featuredmedia":[{"embeddable":true,"href":"https:\/\/www.nettali.com\/rest\/wp\/v2\/media\/94715"}],"wp:attachment":[{"href":"https:\/\/www.nettali.com\/rest\/wp\/v2\/media?parent=94707"}],"wp:term":[{"taxonomy":"category","embeddable":true,"href":"https:\/\/www.nettali.com\/rest\/wp\/v2\/categories?post=94707"},{"taxonomy":"post_tag","embeddable":true,"href":"https:\/\/www.nettali.com\/rest\/wp\/v2\/tags?post=94707"}],"curies":[{"name":"wp","href":"https:\/\/api.w.org\/{rel}","templated":true}]}}