{"id":94601,"date":"2022-09-27T07:38:08","date_gmt":"2022-09-27T07:38:08","guid":{"rendered":"https:\/\/www.nettali.com\/?p=94601"},"modified":"2022-09-27T07:38:08","modified_gmt":"2022-09-27T07:38:08","slug":"reduction-du-prix-du-loyer-la-directive-de-macky-a-amadou-ba","status":"publish","type":"post","link":"https:\/\/www.nettali.com\/2022\/09\/27\/reduction-du-prix-du-loyer-la-directive-de-macky-a-amadou-ba\/","title":{"rendered":"REDUCTION DU PRIX DU LOYER - La directive de Macky \u00e0 Amadou Ba"},"content":{"rendered":"<p class=\"summary_label\"><strong>NETTALI.COM - Le chef de l\u2019Etat, Macky Sall, a pr\u00e9sid\u00e9 une r\u00e9union sur la chert\u00e9 de la vie ce lundi. Il s'est surtout appesanti sur la chert\u00e9 du loyer. Voici sa proposition.<\/strong><\/p>\n<div id=\"printable\" class=\"text_body\">\n<p><em>\u00abS\u2019agissant de la lancinante question du loyer, dont la gestion pr\u00e9occupe nos compatriotes, je demande au premier ministre, en relation avec les associations de consommateurs et les professionnels \u00a0de l\u2019immobilier, de me proposer d\u2019ici le 20 \u00a0octobre, un plan sp\u00e9cial de renforcement de la r\u00e9gulation des loyers, dans une dynamique de stabilisation et de baisse des prix\"<\/em>, soutient le chef de l'Etat.<\/p>\n<p><em>\"Je \u00a0demande \u00e0 ce sujet la mise en place d\u2019un dispositif pr\u00e9ventif et efficace de contr\u00f4le des prix fix\u00e9s dans chaque zone. Autrement dit, les \u00a0prix du loyer \u00e0 Gu\u00e9diawaye ne peuvent pas \u00eatre les m\u00eames qu\u2019\u00e0 Mermoz. \u00a0Donc il faut qu\u2019il y ait une cartographie des prix selon les zones, afin de pouvoir assurer une r\u00e9gulation efficace\u00bb<\/em>, demande-t-il.<\/p>\n<\/div>\n<div class='share-to-whatsapp-wrapper'><div class='share-on-whsp'>PARTAGER SUR : <\/div><a data-text='REDUCTION DU PRIX DU LOYER - La directive de Macky \u00e0 Amadou Ba' data-link='https:\/\/www.nettali.com\/2022\/09\/27\/reduction-du-prix-du-loyer-la-directive-de-macky-a-amadou-ba\/' class='whatsapp-button whatsapp-share'>WhatsApp<\/a><div class='clear '><\/div><\/div>","protected":false},"excerpt":{"rendered":"<p>NETTALI.COM - Le chef de l\u2019Etat, Macky Sall, a pr\u00e9sid\u00e9 une r\u00e9union sur la chert\u00e9 de la vie ce lundi. Il s'est surtout appesanti sur la chert\u00e9 du loyer. Voici sa proposition. \u00abS\u2019agissant de la lancinante question du loyer, dont la gestion pr\u00e9occupe nos compatriotes, je demande au premier ministre, en relation avec les associations [&hellip;]<\/p>\n","protected":false},"author":4,"featured_media":94162,"comment_status":"open","ping_status":"open","sticky":false,"template":"","format":"standard","meta":{"_et_pb_use_builder":"","_et_pb_old_content":""},"categories":[3],"tags":[],"yoast_head":"<!-- This site is optimized with the Yoast SEO Premium plugin v17.8 (Yoast SEO v17.8) - https:\/\/yoast.com\/wordpress\/plugins\/seo\/ -->\n<title>REDUCTION DU PRIX DU LOYER - La directive de Macky \u00e0 Amadou Ba | Nettali.com<\/title>\n<meta name=\"robots\" content=\"index, follow, max-snippet:-1, max-image-preview:large, max-video-preview:-1\" \/>\n<link rel=\"canonical\" href=\"https:\/\/www.nettali.com\/2022\/09\/27\/reduction-du-prix-du-loyer-la-directive-de-macky-a-amadou-ba\/\" \/>\n<meta property=\"og:locale\" content=\"fr_FR\" \/>\n<meta property=\"og:type\" content=\"article\" \/>\n<meta property=\"og:title\" content=\"REDUCTION DU PRIX DU LOYER - La directive de Macky \u00e0 Amadou Ba\" \/>\n<meta property=\"og:description\" content=\"NETTALI.COM - Le chef de l\u2019Etat, Macky Sall, a pr\u00e9sid\u00e9 une r\u00e9union sur la chert\u00e9 de la vie ce lundi. Il s&#039;est surtout appesanti sur la chert\u00e9 du loyer. Voici sa proposition. \u00abS\u2019agissant de la lancinante question du loyer, dont la gestion pr\u00e9occupe nos compatriotes, je demande au premier ministre, en relation avec les associations [&hellip;]\" \/>\n<meta property=\"og:url\" content=\"https:\/\/www.nettali.com\/2022\/09\/27\/reduction-du-prix-du-loyer-la-directive-de-macky-a-amadou-ba\/\" \/>\n<meta property=\"og:site_name\" content=\"Nettali.com\" \/>\n<meta property=\"article:publisher\" content=\"https:\/\/www.facebook.com\/nettalicom\" \/>\n<meta property=\"article:published_time\" content=\"2022-09-27T07:38:08+00:00\" \/>\n<meta property=\"og:image\" content=\"https:\/\/www.nettali.com\/wp-content\/uploads\/2022\/09\/amadou-ba.jpg\" \/>\n\t<meta property=\"og:image:width\" content=\"600\" \/>\n\t<meta property=\"og:image:height\" content=\"500\" \/>\n<meta name=\"twitter:card\" content=\"summary_large_image\" \/>\n<meta name=\"twitter:label1\" content=\"\u00c9crit par\" \/>\n\t<meta name=\"twitter:data1\" content=\"Daouda\" \/>\n\t<meta name=\"twitter:label2\" content=\"Dur\u00e9e de lecture estim\u00e9e\" \/>\n\t<meta name=\"twitter:data2\" content=\"1 minute\" \/>\n<script type=\"application\/ld+json\" class=\"yoast-schema-graph\">{\"@context\":\"https:\/\/schema.org\",\"@graph\":[{\"@type\":\"WebSite\",\"@id\":\"https:\/\/www.nettali.com\/#website\",\"url\":\"https:\/\/www.nettali.com\/\",\"name\":\"Nettali.com\",\"description\":\"Le rendez-vous critique du Net\",\"potentialAction\":[{\"@type\":\"SearchAction\",\"target\":{\"@type\":\"EntryPoint\",\"urlTemplate\":\"https:\/\/www.nettali.com\/?s={search_term_string}\"},\"query-input\":\"required name=search_term_string\"}],\"inLanguage\":\"fr-FR\"},{\"@type\":\"ImageObject\",\"@id\":\"https:\/\/www.nettali.com\/2022\/09\/27\/reduction-du-prix-du-loyer-la-directive-de-macky-a-amadou-ba\/#primaryimage\",\"inLanguage\":\"fr-FR\",\"url\":\"https:\/\/www.nettali.com\/wp-content\/uploads\/2022\/09\/amadou-ba.jpg\",\"contentUrl\":\"https:\/\/www.nettali.com\/wp-content\/uploads\/2022\/09\/amadou-ba.jpg\",\"width\":600,\"height\":500},{\"@type\":\"WebPage\",\"@id\":\"https:\/\/www.nettali.com\/2022\/09\/27\/reduction-du-prix-du-loyer-la-directive-de-macky-a-amadou-ba\/#webpage\",\"url\":\"https:\/\/www.nettali.com\/2022\/09\/27\/reduction-du-prix-du-loyer-la-directive-de-macky-a-amadou-ba\/\",\"name\":\"REDUCTION DU PRIX DU LOYER - La directive de Macky \\u00e0 Amadou Ba | Nettali.com\",\"isPartOf\":{\"@id\":\"https:\/\/www.nettali.com\/#website\"},\"primaryImageOfPage\":{\"@id\":\"https:\/\/www.nettali.com\/2022\/09\/27\/reduction-du-prix-du-loyer-la-directive-de-macky-a-amadou-ba\/#primaryimage\"},\"datePublished\":\"2022-09-27T07:38:08+00:00\",\"dateModified\":\"2022-09-27T07:38:08+00:00\",\"author\":{\"@id\":\"https:\/\/www.nettali.com\/#\/schema\/person\/3317e0bb3aa1da309fbf7b2780901bf4\"},\"breadcrumb\":{\"@id\":\"https:\/\/www.nettali.com\/2022\/09\/27\/reduction-du-prix-du-loyer-la-directive-de-macky-a-amadou-ba\/#breadcrumb\"},\"inLanguage\":\"fr-FR\",\"potentialAction\":[{\"@type\":\"ReadAction\",\"target\":[\"https:\/\/www.nettali.com\/2022\/09\/27\/reduction-du-prix-du-loyer-la-directive-de-macky-a-amadou-ba\/\"]}]},{\"@type\":\"BreadcrumbList\",\"@id\":\"https:\/\/www.nettali.com\/2022\/09\/27\/reduction-du-prix-du-loyer-la-directive-de-macky-a-amadou-ba\/#breadcrumb\",\"itemListElement\":[{\"@type\":\"ListItem\",\"position\":1,\"name\":\"Accueil\",\"item\":\"https:\/\/www.nettali.com\/\"},{\"@type\":\"ListItem\",\"position\":2,\"name\":\"REDUCTION DU PRIX DU LOYER - La directive de Macky \\u00e0 Amadou Ba\"}]},{\"@type\":\"Person\",\"@id\":\"https:\/\/www.nettali.com\/#\/schema\/person\/3317e0bb3aa1da309fbf7b2780901bf4\",\"name\":\"Daouda\",\"image\":{\"@type\":\"ImageObject\",\"@id\":\"https:\/\/www.nettali.com\/#personlogo\",\"inLanguage\":\"fr-FR\",\"url\":\"https:\/\/secure.gravatar.com\/avatar\/8d143b5a49345098ddcfee1c49c2f47c?s=96&d=mm&r=g\",\"contentUrl\":\"https:\/\/secure.gravatar.com\/avatar\/8d143b5a49345098ddcfee1c49c2f47c?s=96&d=mm&r=g\",\"caption\":\"Daouda\"},\"sameAs\":[\"https:\/\/www.nettali.com\"]}]}<\/script>\n<!-- \/ Yoast SEO Premium plugin. -->","yoast_head_json":{"title":"REDUCTION DU PRIX DU LOYER - La directive de Macky \u00e0 Amadou Ba | Nettali.com","robots":{"index":"index","follow":"follow","max-snippet":"max-snippet:-1","max-image-preview":"max-image-preview:large","max-video-preview":"max-video-preview:-1"},"canonical":"https:\/\/www.nettali.com\/2022\/09\/27\/reduction-du-prix-du-loyer-la-directive-de-macky-a-amadou-ba\/","og_locale":"fr_FR","og_type":"article","og_title":"REDUCTION DU PRIX DU LOYER - La directive de Macky \u00e0 Amadou Ba","og_description":"NETTALI.COM - Le chef de l\u2019Etat, Macky Sall, a pr\u00e9sid\u00e9 une r\u00e9union sur la chert\u00e9 de la vie ce lundi. Il s'est surtout appesanti sur la chert\u00e9 du loyer. Voici sa proposition. \u00abS\u2019agissant de la lancinante question du loyer, dont la gestion pr\u00e9occupe nos compatriotes, je demande au premier ministre, en relation avec les associations [&hellip;]","og_url":"https:\/\/www.nettali.com\/2022\/09\/27\/reduction-du-prix-du-loyer-la-directive-de-macky-a-amadou-ba\/","og_site_name":"Nettali.com","article_publisher":"https:\/\/www.facebook.com\/nettalicom","article_published_time":"2022-09-27T07:38:08+00:00","og_image":[{"width":600,"height":500,"url":"https:\/\/www.nettali.com\/wp-content\/uploads\/2022\/09\/amadou-ba.jpg","type":"image\/jpeg"}],"twitter_card":"summary_large_image","twitter_misc":{"\u00c9crit par":"Daouda","Dur\u00e9e de lecture estim\u00e9e":"1 minute"},"schema":{"@context":"https:\/\/schema.org","@graph":[{"@type":"WebSite","@id":"https:\/\/www.nettali.com\/#website","url":"https:\/\/www.nettali.com\/","name":"Nettali.com","description":"Le rendez-vous critique du Net","potentialAction":[{"@type":"SearchAction","target":{"@type":"EntryPoint","urlTemplate":"https:\/\/www.nettali.com\/?s={search_term_string}"},"query-input":"required name=search_term_string"}],"inLanguage":"fr-FR"},{"@type":"ImageObject","@id":"https:\/\/www.nettali.com\/2022\/09\/27\/reduction-du-prix-du-loyer-la-directive-de-macky-a-amadou-ba\/#primaryimage","inLanguage":"fr-FR","url":"https:\/\/www.nettali.com\/wp-content\/uploads\/2022\/09\/amadou-ba.jpg","contentUrl":"https:\/\/www.nettali.com\/wp-content\/uploads\/2022\/09\/amadou-ba.jpg","width":600,"height":500},{"@type":"WebPage","@id":"https:\/\/www.nettali.com\/2022\/09\/27\/reduction-du-prix-du-loyer-la-directive-de-macky-a-amadou-ba\/#webpage","url":"https:\/\/www.nettali.com\/2022\/09\/27\/reduction-du-prix-du-loyer-la-directive-de-macky-a-amadou-ba\/","name":"REDUCTION DU PRIX DU LOYER - La directive de Macky \u00e0 Amadou Ba | Nettali.com","isPartOf":{"@id":"https:\/\/www.nettali.com\/#website"},"primaryImageOfPage":{"@id":"https:\/\/www.nettali.com\/2022\/09\/27\/reduction-du-prix-du-loyer-la-directive-de-macky-a-amadou-ba\/#primaryimage"},"datePublished":"2022-09-27T07:38:08+00:00","dateModified":"2022-09-27T07:38:08+00:00","author":{"@id":"https:\/\/www.nettali.com\/#\/schema\/person\/3317e0bb3aa1da309fbf7b2780901bf4"},"breadcrumb":{"@id":"https:\/\/www.nettali.com\/2022\/09\/27\/reduction-du-prix-du-loyer-la-directive-de-macky-a-amadou-ba\/#breadcrumb"},"inLanguage":"fr-FR","potentialAction":[{"@type":"ReadAction","target":["https:\/\/www.nettali.com\/2022\/09\/27\/reduction-du-prix-du-loyer-la-directive-de-macky-a-amadou-ba\/"]}]},{"@type":"BreadcrumbList","@id":"https:\/\/www.nettali.com\/2022\/09\/27\/reduction-du-prix-du-loyer-la-directive-de-macky-a-amadou-ba\/#breadcrumb","itemListElement":[{"@type":"ListItem","position":1,"name":"Accueil","item":"https:\/\/www.nettali.com\/"},{"@type":"ListItem","position":2,"name":"REDUCTION DU PRIX DU LOYER - La directive de Macky \u00e0 Amadou Ba"}]},{"@type":"Person","@id":"https:\/\/www.nettali.com\/#\/schema\/person\/3317e0bb3aa1da309fbf7b2780901bf4","name":"Daouda","image":{"@type":"ImageObject","@id":"https:\/\/www.nettali.com\/#personlogo","inLanguage":"fr-FR","url":"https:\/\/secure.gravatar.com\/avatar\/8d143b5a49345098ddcfee1c49c2f47c?s=96&d=mm&r=g","contentUrl":"https:\/\/secure.gravatar.com\/avatar\/8d143b5a49345098ddcfee1c49c2f47c?s=96&d=mm&r=g","caption":"Daouda"},"sameAs":["https:\/\/www.nettali.com"]}]}},"_links":{"self":[{"href":"https:\/\/www.nettali.com\/rest\/wp\/v2\/posts\/94601"}],"collection":[{"href":"https:\/\/www.nettali.com\/rest\/wp\/v2\/posts"}],"about":[{"href":"https:\/\/www.nettali.com\/rest\/wp\/v2\/types\/post"}],"author":[{"embeddable":true,"href":"https:\/\/www.nettali.com\/rest\/wp\/v2\/users\/4"}],"replies":[{"embeddable":true,"href":"https:\/\/www.nettali.com\/rest\/wp\/v2\/comments?post=94601"}],"version-history":[{"count":1,"href":"https:\/\/www.nettali.com\/rest\/wp\/v2\/posts\/94601\/revisions"}],"predecessor-version":[{"id":94605,"href":"https:\/\/www.nettali.com\/rest\/wp\/v2\/posts\/94601\/revisions\/94605"}],"wp:featuredmedia":[{"embeddable":true,"href":"https:\/\/www.nettali.com\/rest\/wp\/v2\/media\/94162"}],"wp:attachment":[{"href":"https:\/\/www.nettali.com\/rest\/wp\/v2\/media?parent=94601"}],"wp:term":[{"taxonomy":"category","embeddable":true,"href":"https:\/\/www.nettali.com\/rest\/wp\/v2\/categories?post=94601"},{"taxonomy":"post_tag","embeddable":true,"href":"https:\/\/www.nettali.com\/rest\/wp\/v2\/tags?post=94601"}],"curies":[{"name":"wp","href":"https:\/\/api.w.org\/{rel}","templated":true}]}}