{"id":94598,"date":"2022-09-27T07:34:04","date_gmt":"2022-09-27T07:34:04","guid":{"rendered":"https:\/\/www.nettali.com\/?p=94598"},"modified":"2022-09-28T08:27:28","modified_gmt":"2022-09-28T08:27:28","slug":"contre-la-vie-chere-les-15-mesures-de-macky-sall","status":"publish","type":"post","link":"https:\/\/www.nettali.com\/2022\/09\/27\/contre-la-vie-chere-les-15-mesures-de-macky-sall\/","title":{"rendered":"CONTRE LA VIE CHERE - Les 15 mesures de Macky Sall"},"content":{"rendered":"<p style=\"font-weight: 400;\"><strong>NETTALI.COM- Malgr\u00e9 l'annonce en Conseil des Ministres du jeudi 24 f\u00e9vrier 2022, de la baisse des prix des denr\u00e9es alimentaires pour soulager durablement les m\u00e9nages s\u00e9n\u00e9galais face \u00e0 la hausse des prix, la mesure est non effective sur le terrain. Face \u00e0 cette situation, une concertation sur la vie s'est tenue ce lundi 26 septembre 2022. A l'occasion, le chef de l'Etat a annonc\u00e9 15 mesures pour mettre fin \u00e0 la souffrance des consommateurs.\u00a0<\/strong><\/p>\n<table style=\"font-weight: 400;\">\n<tbody>\n<tr>\n<td><strong>A<\/strong><\/td>\n<td><strong>Mesures d\u2019urgence<\/strong><\/td>\n<td><strong>Ma\u00eetres d\u2019\u0153uvre<\/strong><\/td>\n<\/tr>\n<tr>\n<td><strong>01<\/strong><\/td>\n<td><strong>Payer les compensations<\/strong>\u00a0financi\u00e8res \u00e9valu\u00e9es \u00e0\u00a0<strong>15.518.704.763 F.CFA<\/strong>\u00a0dues aux meuniers.<\/td>\n<td><strong>MFB<\/strong><\/td>\n<\/tr>\n<tr>\n<td>&nbsp;<\/p>\n<p><strong>02<\/strong><\/td>\n<td><strong>Payer la subvention<\/strong>\u00a0pour le riz paddy de 30 FCFA le kg sur le prix au producteur et de 2 FCFA le kg au transformateur, en vue de prendre en charge les frais li\u00e9s \u00e0 la tierce d\u00e9tention et certification pour un montant de\u00a0<strong>3.200.000.000 FCFA.<\/strong><\/td>\n<td>&nbsp;<\/p>\n<p><strong>MFB<\/strong><\/td>\n<\/tr>\n<tr>\n<td><strong>03<\/strong><\/td>\n<td><strong>Suspendre les droits d\u2019accises<\/strong>\u00a0sur les corps gras appliqu\u00e9s aux industries huili\u00e8res locales<\/td>\n<td><strong>MFB<\/strong><\/td>\n<\/tr>\n<tr>\n<td><strong>04<\/strong><\/td>\n<td><strong>Tenir des pourparlers<\/strong>\u00a0avec les gouvernements indien et\/ou pakistanais sur les importations de riz bris\u00e9.<\/td>\n<td><strong>PRIMATURE<\/strong><\/td>\n<\/tr>\n<tr>\n<td>&nbsp;<\/p>\n<p><strong>05<\/strong><\/td>\n<td><strong>Renforcer le contr\u00f4le ainsi que l\u2019octroi de moyens <\/strong>mat\u00e9riels, logistiques et humains des services du minist\u00e8re du commerce et des PME pour une plus grande efficacit\u00e9 de ses actions li\u00e9es \u00e0 l\u2019application correcte de la r\u00e9glementation \u00e9conomique.<\/td>\n<td>&nbsp;<\/p>\n<p><strong>MFB<\/strong><\/p>\n<p><strong>MFPTSP<\/strong><\/p>\n<p><strong>MCCPME<\/strong><\/td>\n<\/tr>\n<tr>\n<td><strong>06<\/strong><\/td>\n<td><strong>Maitriser les droits et frais de passage \u00a0 portuaires<\/strong>\u00a0qui ont un impact aggravant sur les prix int\u00e9rieurs.<\/td>\n<td><strong>MCCPME\/MPEM<\/strong><\/td>\n<\/tr>\n<tr>\n<td><strong>07<\/strong><\/td>\n<td><strong>D\u00e9congestionner\u00a0<\/strong>le<strong>\u00a0<\/strong>Port Autonome de Dakar.<\/td>\n<td><strong>MCCPME\/MPEM<\/strong><\/td>\n<\/tr>\n<tr>\n<td><strong>08<\/strong><\/td>\n<td><strong>Mettre en place un num\u00e9ro vert op\u00e9rationnel<\/strong><\/td>\n<td><strong>MCCPME\/ SONATEL<\/strong><\/td>\n<\/tr>\n<tr>\n<td><strong>09<\/strong><\/td>\n<td><strong>Mettre en place un syst\u00e8me d\u2019information d\u2019alerte et suivi des prix\u00a0<\/strong><\/td>\n<td><strong>MCCPME<\/strong><\/td>\n<\/tr>\n<tr>\n<td><strong>10<\/strong><\/td>\n<td><strong>Poursuivre les mesures visant \u00e0 contenir les prix\u00a0<\/strong><\/td>\n<td><strong>MFB<\/strong><\/p>\n<p><strong>MCCPME<\/strong><\/td>\n<\/tr>\n<tr>\n<td><strong>11<\/strong><\/td>\n<td><strong>Tenir p\u00e9riodiquement des concertations avec les acteurs du secteur<\/strong><\/td>\n<td><strong>PRIMATURE<\/strong><\/p>\n<p><strong>MCCPME<\/strong><\/td>\n<\/tr>\n<\/tbody>\n<\/table>\n<p style=\"font-weight: 400;\"><strong><u>B \/ LES MESURES STRUCTURELLES\u00a0:<\/u><\/strong><\/p>\n<table style=\"font-weight: 400;\">\n<tbody>\n<tr>\n<td><strong>B<\/strong><\/td>\n<td><strong>Mesures structurelles<\/strong><\/td>\n<td><strong>Ma\u00eetres d\u2019\u0153uvre<\/strong><\/td>\n<\/tr>\n<tr>\n<td>&nbsp;<\/p>\n<p><strong>01<\/strong><\/td>\n<td><strong>R\u00e9organiser la distribution<\/strong>\u00a0par l\u2019assainissement des circuits, la maitrise des flux des produits et le respect des r\u00e8gles r\u00e9gissant l\u2019information commerciale qui restent indispensables en mati\u00e8re de concurrence.<\/td>\n<td>&nbsp;<\/p>\n<p><strong>MCCPME<\/strong><\/td>\n<\/tr>\n<tr>\n<td><strong>02<\/strong><\/td>\n<td><strong>Relancer la production agricole.<\/strong><\/td>\n<td><strong>MAER<\/strong><\/td>\n<\/tr>\n<tr>\n<td>&nbsp;<\/p>\n<p><strong>03<\/strong><\/td>\n<td><strong>Am\u00e9liorer le cadre de gestion des fili\u00e8res<\/strong>\u00a0d\u2019int\u00e9r\u00eat strat\u00e9gique ainsi que la protection des revenus des producteurs.<\/td>\n<td>&nbsp;<\/p>\n<p><strong>PRIMATURE<\/strong><\/td>\n<\/tr>\n<tr>\n<td><strong>04<\/strong><\/td>\n<td><strong>Promouvoir le consommer local.<\/strong><\/td>\n<td><strong>MCPME<\/strong><\/td>\n<\/tr>\n<\/tbody>\n<\/table>\n<div class='share-to-whatsapp-wrapper'><div class='share-on-whsp'>PARTAGER SUR : <\/div><a data-text='CONTRE LA VIE CHERE - Les 15 mesures de Macky Sall' data-link='https:\/\/www.nettali.com\/2022\/09\/27\/contre-la-vie-chere-les-15-mesures-de-macky-sall\/' class='whatsapp-button whatsapp-share'>WhatsApp<\/a><div class='clear '><\/div><\/div>","protected":false},"excerpt":{"rendered":"<p>NETTALI.COM- Malgr\u00e9 l'annonce en Conseil des Ministres du jeudi 24 f\u00e9vrier 2022, de la baisse des prix des denr\u00e9es alimentaires pour soulager durablement les m\u00e9nages s\u00e9n\u00e9galais face \u00e0 la hausse des prix, la mesure est non effective sur le terrain. Face \u00e0 cette situation, une concertation sur la vie s'est tenue ce lundi 26 septembre [&hellip;]<\/p>\n","protected":false},"author":6,"featured_media":94599,"comment_status":"open","ping_status":"open","sticky":false,"template":"","format":"standard","meta":{"_et_pb_use_builder":"","_et_pb_old_content":""},"categories":[3],"tags":[],"yoast_head":"<!-- This site is optimized with the Yoast SEO Premium plugin v17.8 (Yoast SEO v17.8) - https:\/\/yoast.com\/wordpress\/plugins\/seo\/ -->\n<title>CONTRE LA VIE CHERE - Les 15 mesures de Macky Sall | Nettali.com<\/title>\n<meta name=\"robots\" content=\"index, follow, max-snippet:-1, max-image-preview:large, max-video-preview:-1\" \/>\n<link rel=\"canonical\" href=\"https:\/\/www.nettali.com\/2022\/09\/27\/contre-la-vie-chere-les-15-mesures-de-macky-sall\/\" \/>\n<meta property=\"og:locale\" content=\"fr_FR\" \/>\n<meta property=\"og:type\" content=\"article\" \/>\n<meta property=\"og:title\" content=\"CONTRE LA VIE CHERE - Les 15 mesures de Macky Sall\" \/>\n<meta property=\"og:description\" content=\"NETTALI.COM- Malgr\u00e9 l&#039;annonce en Conseil des Ministres du jeudi 24 f\u00e9vrier 2022, de la baisse des prix des denr\u00e9es alimentaires pour soulager durablement les m\u00e9nages s\u00e9n\u00e9galais face \u00e0 la hausse des prix, la mesure est non effective sur le terrain. Face \u00e0 cette situation, une concertation sur la vie s&#039;est tenue ce lundi 26 septembre [&hellip;]\" \/>\n<meta property=\"og:url\" content=\"https:\/\/www.nettali.com\/2022\/09\/27\/contre-la-vie-chere-les-15-mesures-de-macky-sall\/\" \/>\n<meta property=\"og:site_name\" content=\"Nettali.com\" \/>\n<meta property=\"article:publisher\" content=\"https:\/\/www.facebook.com\/nettalicom\" \/>\n<meta property=\"article:published_time\" content=\"2022-09-27T07:34:04+00:00\" \/>\n<meta property=\"article:modified_time\" content=\"2022-09-28T08:27:28+00:00\" \/>\n<meta property=\"og:image\" content=\"https:\/\/www.nettali.com\/wp-content\/uploads\/2022\/09\/Maks.jpg\" \/>\n\t<meta property=\"og:image:width\" content=\"612\" \/>\n\t<meta property=\"og:image:height\" content=\"298\" \/>\n<meta name=\"twitter:card\" content=\"summary_large_image\" \/>\n<meta name=\"twitter:label1\" content=\"\u00c9crit par\" \/>\n\t<meta name=\"twitter:data1\" content=\"Fatou\" \/>\n\t<meta name=\"twitter:label2\" content=\"Dur\u00e9e de lecture estim\u00e9e\" \/>\n\t<meta name=\"twitter:data2\" content=\"2 minutes\" \/>\n<script type=\"application\/ld+json\" class=\"yoast-schema-graph\">{\"@context\":\"https:\/\/schema.org\",\"@graph\":[{\"@type\":\"WebSite\",\"@id\":\"https:\/\/www.nettali.com\/#website\",\"url\":\"https:\/\/www.nettali.com\/\",\"name\":\"Nettali.com\",\"description\":\"Le rendez-vous critique du Net\",\"potentialAction\":[{\"@type\":\"SearchAction\",\"target\":{\"@type\":\"EntryPoint\",\"urlTemplate\":\"https:\/\/www.nettali.com\/?s={search_term_string}\"},\"query-input\":\"required name=search_term_string\"}],\"inLanguage\":\"fr-FR\"},{\"@type\":\"ImageObject\",\"@id\":\"https:\/\/www.nettali.com\/2022\/09\/27\/contre-la-vie-chere-les-15-mesures-de-macky-sall\/#primaryimage\",\"inLanguage\":\"fr-FR\",\"url\":\"https:\/\/www.nettali.com\/wp-content\/uploads\/2022\/09\/Maks.jpg\",\"contentUrl\":\"https:\/\/www.nettali.com\/wp-content\/uploads\/2022\/09\/Maks.jpg\",\"width\":612,\"height\":298},{\"@type\":\"WebPage\",\"@id\":\"https:\/\/www.nettali.com\/2022\/09\/27\/contre-la-vie-chere-les-15-mesures-de-macky-sall\/#webpage\",\"url\":\"https:\/\/www.nettali.com\/2022\/09\/27\/contre-la-vie-chere-les-15-mesures-de-macky-sall\/\",\"name\":\"CONTRE LA VIE CHERE - Les 15 mesures de Macky Sall | Nettali.com\",\"isPartOf\":{\"@id\":\"https:\/\/www.nettali.com\/#website\"},\"primaryImageOfPage\":{\"@id\":\"https:\/\/www.nettali.com\/2022\/09\/27\/contre-la-vie-chere-les-15-mesures-de-macky-sall\/#primaryimage\"},\"datePublished\":\"2022-09-27T07:34:04+00:00\",\"dateModified\":\"2022-09-28T08:27:28+00:00\",\"author\":{\"@id\":\"https:\/\/www.nettali.com\/#\/schema\/person\/418274a86bdf87caff7a3ef476bd0bbf\"},\"breadcrumb\":{\"@id\":\"https:\/\/www.nettali.com\/2022\/09\/27\/contre-la-vie-chere-les-15-mesures-de-macky-sall\/#breadcrumb\"},\"inLanguage\":\"fr-FR\",\"potentialAction\":[{\"@type\":\"ReadAction\",\"target\":[\"https:\/\/www.nettali.com\/2022\/09\/27\/contre-la-vie-chere-les-15-mesures-de-macky-sall\/\"]}]},{\"@type\":\"BreadcrumbList\",\"@id\":\"https:\/\/www.nettali.com\/2022\/09\/27\/contre-la-vie-chere-les-15-mesures-de-macky-sall\/#breadcrumb\",\"itemListElement\":[{\"@type\":\"ListItem\",\"position\":1,\"name\":\"Accueil\",\"item\":\"https:\/\/www.nettali.com\/\"},{\"@type\":\"ListItem\",\"position\":2,\"name\":\"CONTRE LA VIE CHERE - Les 15 mesures de Macky Sall\"}]},{\"@type\":\"Person\",\"@id\":\"https:\/\/www.nettali.com\/#\/schema\/person\/418274a86bdf87caff7a3ef476bd0bbf\",\"name\":\"Fatou\",\"image\":{\"@type\":\"ImageObject\",\"@id\":\"https:\/\/www.nettali.com\/#personlogo\",\"inLanguage\":\"fr-FR\",\"url\":\"https:\/\/secure.gravatar.com\/avatar\/5a9442a2bee7b4dcf167cab035858e9a?s=96&d=mm&r=g\",\"contentUrl\":\"https:\/\/secure.gravatar.com\/avatar\/5a9442a2bee7b4dcf167cab035858e9a?s=96&d=mm&r=g\",\"caption\":\"Fatou\"},\"sameAs\":[\"https:\/\/www.nettali.com\"]}]}<\/script>\n<!-- \/ Yoast SEO Premium plugin. -->","yoast_head_json":{"title":"CONTRE LA VIE CHERE - Les 15 mesures de Macky Sall | Nettali.com","robots":{"index":"index","follow":"follow","max-snippet":"max-snippet:-1","max-image-preview":"max-image-preview:large","max-video-preview":"max-video-preview:-1"},"canonical":"https:\/\/www.nettali.com\/2022\/09\/27\/contre-la-vie-chere-les-15-mesures-de-macky-sall\/","og_locale":"fr_FR","og_type":"article","og_title":"CONTRE LA VIE CHERE - Les 15 mesures de Macky Sall","og_description":"NETTALI.COM- Malgr\u00e9 l'annonce en Conseil des Ministres du jeudi 24 f\u00e9vrier 2022, de la baisse des prix des denr\u00e9es alimentaires pour soulager durablement les m\u00e9nages s\u00e9n\u00e9galais face \u00e0 la hausse des prix, la mesure est non effective sur le terrain. Face \u00e0 cette situation, une concertation sur la vie s'est tenue ce lundi 26 septembre [&hellip;]","og_url":"https:\/\/www.nettali.com\/2022\/09\/27\/contre-la-vie-chere-les-15-mesures-de-macky-sall\/","og_site_name":"Nettali.com","article_publisher":"https:\/\/www.facebook.com\/nettalicom","article_published_time":"2022-09-27T07:34:04+00:00","article_modified_time":"2022-09-28T08:27:28+00:00","og_image":[{"width":612,"height":298,"url":"https:\/\/www.nettali.com\/wp-content\/uploads\/2022\/09\/Maks.jpg","type":"image\/jpeg"}],"twitter_card":"summary_large_image","twitter_misc":{"\u00c9crit par":"Fatou","Dur\u00e9e de lecture estim\u00e9e":"2 minutes"},"schema":{"@context":"https:\/\/schema.org","@graph":[{"@type":"WebSite","@id":"https:\/\/www.nettali.com\/#website","url":"https:\/\/www.nettali.com\/","name":"Nettali.com","description":"Le rendez-vous critique du Net","potentialAction":[{"@type":"SearchAction","target":{"@type":"EntryPoint","urlTemplate":"https:\/\/www.nettali.com\/?s={search_term_string}"},"query-input":"required name=search_term_string"}],"inLanguage":"fr-FR"},{"@type":"ImageObject","@id":"https:\/\/www.nettali.com\/2022\/09\/27\/contre-la-vie-chere-les-15-mesures-de-macky-sall\/#primaryimage","inLanguage":"fr-FR","url":"https:\/\/www.nettali.com\/wp-content\/uploads\/2022\/09\/Maks.jpg","contentUrl":"https:\/\/www.nettali.com\/wp-content\/uploads\/2022\/09\/Maks.jpg","width":612,"height":298},{"@type":"WebPage","@id":"https:\/\/www.nettali.com\/2022\/09\/27\/contre-la-vie-chere-les-15-mesures-de-macky-sall\/#webpage","url":"https:\/\/www.nettali.com\/2022\/09\/27\/contre-la-vie-chere-les-15-mesures-de-macky-sall\/","name":"CONTRE LA VIE CHERE - Les 15 mesures de Macky Sall | Nettali.com","isPartOf":{"@id":"https:\/\/www.nettali.com\/#website"},"primaryImageOfPage":{"@id":"https:\/\/www.nettali.com\/2022\/09\/27\/contre-la-vie-chere-les-15-mesures-de-macky-sall\/#primaryimage"},"datePublished":"2022-09-27T07:34:04+00:00","dateModified":"2022-09-28T08:27:28+00:00","author":{"@id":"https:\/\/www.nettali.com\/#\/schema\/person\/418274a86bdf87caff7a3ef476bd0bbf"},"breadcrumb":{"@id":"https:\/\/www.nettali.com\/2022\/09\/27\/contre-la-vie-chere-les-15-mesures-de-macky-sall\/#breadcrumb"},"inLanguage":"fr-FR","potentialAction":[{"@type":"ReadAction","target":["https:\/\/www.nettali.com\/2022\/09\/27\/contre-la-vie-chere-les-15-mesures-de-macky-sall\/"]}]},{"@type":"BreadcrumbList","@id":"https:\/\/www.nettali.com\/2022\/09\/27\/contre-la-vie-chere-les-15-mesures-de-macky-sall\/#breadcrumb","itemListElement":[{"@type":"ListItem","position":1,"name":"Accueil","item":"https:\/\/www.nettali.com\/"},{"@type":"ListItem","position":2,"name":"CONTRE LA VIE CHERE - Les 15 mesures de Macky Sall"}]},{"@type":"Person","@id":"https:\/\/www.nettali.com\/#\/schema\/person\/418274a86bdf87caff7a3ef476bd0bbf","name":"Fatou","image":{"@type":"ImageObject","@id":"https:\/\/www.nettali.com\/#personlogo","inLanguage":"fr-FR","url":"https:\/\/secure.gravatar.com\/avatar\/5a9442a2bee7b4dcf167cab035858e9a?s=96&d=mm&r=g","contentUrl":"https:\/\/secure.gravatar.com\/avatar\/5a9442a2bee7b4dcf167cab035858e9a?s=96&d=mm&r=g","caption":"Fatou"},"sameAs":["https:\/\/www.nettali.com"]}]}},"_links":{"self":[{"href":"https:\/\/www.nettali.com\/rest\/wp\/v2\/posts\/94598"}],"collection":[{"href":"https:\/\/www.nettali.com\/rest\/wp\/v2\/posts"}],"about":[{"href":"https:\/\/www.nettali.com\/rest\/wp\/v2\/types\/post"}],"author":[{"embeddable":true,"href":"https:\/\/www.nettali.com\/rest\/wp\/v2\/users\/6"}],"replies":[{"embeddable":true,"href":"https:\/\/www.nettali.com\/rest\/wp\/v2\/comments?post=94598"}],"version-history":[{"count":5,"href":"https:\/\/www.nettali.com\/rest\/wp\/v2\/posts\/94598\/revisions"}],"predecessor-version":[{"id":94626,"href":"https:\/\/www.nettali.com\/rest\/wp\/v2\/posts\/94598\/revisions\/94626"}],"wp:featuredmedia":[{"embeddable":true,"href":"https:\/\/www.nettali.com\/rest\/wp\/v2\/media\/94599"}],"wp:attachment":[{"href":"https:\/\/www.nettali.com\/rest\/wp\/v2\/media?parent=94598"}],"wp:term":[{"taxonomy":"category","embeddable":true,"href":"https:\/\/www.nettali.com\/rest\/wp\/v2\/categories?post=94598"},{"taxonomy":"post_tag","embeddable":true,"href":"https:\/\/www.nettali.com\/rest\/wp\/v2\/tags?post=94598"}],"curies":[{"name":"wp","href":"https:\/\/api.w.org\/{rel}","templated":true}]}}