{"id":94590,"date":"2022-09-26T21:38:17","date_gmt":"2022-09-26T21:38:17","guid":{"rendered":"https:\/\/www.nettali.com\/?p=94590"},"modified":"2022-09-26T21:38:17","modified_gmt":"2022-09-26T21:38:17","slug":"officiel-le-gamou-sera-celebre-le-samedi-8-septembre-prochain","status":"publish","type":"post","link":"https:\/\/www.nettali.com\/2022\/09\/26\/officiel-le-gamou-sera-celebre-le-samedi-8-septembre-prochain\/","title":{"rendered":"OFFICIEL - Le Gamou sera c\u00e9l\u00e9br\u00e9 le samedi 8 septembre prochain"},"content":{"rendered":"<p class=\"summary_label\"><strong>NETTALI.COM - La date du Gamou est connue. La naissance du proph\u00e8te Mouhamed sera c\u00e9l\u00e9br\u00e9e au S\u00e9n\u00e9gal le samedi 8 septembre prochain. La r\u00e9v\u00e9lation est faite par la Commission nationale de concertation sur le croissant lunaire.<\/strong><\/p>\n<div id=\"printable\" class=\"text_body\">\n<p>La Commission nationale de concertation sur le Croissant lunaire vient de se prononcer, apr\u00e8s avoir recueilli des informations venant de ses repr\u00e9sentants dans les diff\u00e9rentes localit\u00e9s du pays, notamment dans les foyers religieux.<\/p>\n<p>Elle a d\u00e9clar\u00e9 que le croissant lunaire n'a\u00a0 \u00e9t\u00e9 aper\u00e7u dans aucune localit\u00e9 du pays. <em>\"Par cons\u00e9quent le Mercredi 28 Septembre 2022 sera le premier jour du mois lunaire Rabi AL Aval. Le Gamou sera c\u00e9l\u00e9br\u00e9e dans la nuit du Samedi 08 Octobre 2022\",<\/em> conclut-elle.<\/p>\n<\/div>\n<div class='share-to-whatsapp-wrapper'><div class='share-on-whsp'>PARTAGER SUR : <\/div><a data-text='OFFICIEL - Le Gamou sera c\u00e9l\u00e9br\u00e9 le samedi 8 septembre prochain' data-link='https:\/\/www.nettali.com\/2022\/09\/26\/officiel-le-gamou-sera-celebre-le-samedi-8-septembre-prochain\/' class='whatsapp-button whatsapp-share'>WhatsApp<\/a><div class='clear '><\/div><\/div>","protected":false},"excerpt":{"rendered":"<p>NETTALI.COM - La date du Gamou est connue. La naissance du proph\u00e8te Mouhamed sera c\u00e9l\u00e9br\u00e9e au S\u00e9n\u00e9gal le samedi 8 septembre prochain. La r\u00e9v\u00e9lation est faite par la Commission nationale de concertation sur le croissant lunaire. La Commission nationale de concertation sur le Croissant lunaire vient de se prononcer, apr\u00e8s avoir recueilli des informations venant [&hellip;]<\/p>\n","protected":false},"author":4,"featured_media":46080,"comment_status":"open","ping_status":"open","sticky":false,"template":"","format":"standard","meta":{"_et_pb_use_builder":"","_et_pb_old_content":""},"categories":[3],"tags":[],"yoast_head":"<!-- This site is optimized with the Yoast SEO Premium plugin v17.8 (Yoast SEO v17.8) - https:\/\/yoast.com\/wordpress\/plugins\/seo\/ -->\n<title>OFFICIEL - Le Gamou sera c\u00e9l\u00e9br\u00e9 le samedi 8 septembre prochain | Nettali.com<\/title>\n<meta name=\"robots\" content=\"index, follow, max-snippet:-1, max-image-preview:large, max-video-preview:-1\" \/>\n<link rel=\"canonical\" href=\"https:\/\/www.nettali.com\/2022\/09\/26\/officiel-le-gamou-sera-celebre-le-samedi-8-septembre-prochain\/\" \/>\n<meta property=\"og:locale\" content=\"fr_FR\" \/>\n<meta property=\"og:type\" content=\"article\" \/>\n<meta property=\"og:title\" content=\"OFFICIEL - Le Gamou sera c\u00e9l\u00e9br\u00e9 le samedi 8 septembre prochain\" \/>\n<meta property=\"og:description\" content=\"NETTALI.COM - La date du Gamou est connue. La naissance du proph\u00e8te Mouhamed sera c\u00e9l\u00e9br\u00e9e au S\u00e9n\u00e9gal le samedi 8 septembre prochain. La r\u00e9v\u00e9lation est faite par la Commission nationale de concertation sur le croissant lunaire. La Commission nationale de concertation sur le Croissant lunaire vient de se prononcer, apr\u00e8s avoir recueilli des informations venant [&hellip;]\" \/>\n<meta property=\"og:url\" content=\"https:\/\/www.nettali.com\/2022\/09\/26\/officiel-le-gamou-sera-celebre-le-samedi-8-septembre-prochain\/\" \/>\n<meta property=\"og:site_name\" content=\"Nettali.com\" \/>\n<meta property=\"article:publisher\" content=\"https:\/\/www.facebook.com\/nettalicom\" \/>\n<meta property=\"article:published_time\" content=\"2022-09-26T21:38:17+00:00\" \/>\n<meta property=\"og:image\" content=\"https:\/\/www.nettali.com\/wp-content\/uploads\/2020\/09\/Tivaouane-720x430-1.jpg\" \/>\n\t<meta property=\"og:image:width\" content=\"720\" \/>\n\t<meta property=\"og:image:height\" content=\"430\" \/>\n<meta name=\"twitter:card\" content=\"summary_large_image\" \/>\n<meta name=\"twitter:label1\" content=\"\u00c9crit par\" \/>\n\t<meta name=\"twitter:data1\" content=\"Daouda\" \/>\n\t<meta name=\"twitter:label2\" content=\"Dur\u00e9e de lecture estim\u00e9e\" \/>\n\t<meta name=\"twitter:data2\" content=\"1 minute\" \/>\n<script type=\"application\/ld+json\" class=\"yoast-schema-graph\">{\"@context\":\"https:\/\/schema.org\",\"@graph\":[{\"@type\":\"WebSite\",\"@id\":\"https:\/\/www.nettali.com\/#website\",\"url\":\"https:\/\/www.nettali.com\/\",\"name\":\"Nettali.com\",\"description\":\"Le rendez-vous critique du Net\",\"potentialAction\":[{\"@type\":\"SearchAction\",\"target\":{\"@type\":\"EntryPoint\",\"urlTemplate\":\"https:\/\/www.nettali.com\/?s={search_term_string}\"},\"query-input\":\"required name=search_term_string\"}],\"inLanguage\":\"fr-FR\"},{\"@type\":\"ImageObject\",\"@id\":\"https:\/\/www.nettali.com\/2022\/09\/26\/officiel-le-gamou-sera-celebre-le-samedi-8-septembre-prochain\/#primaryimage\",\"inLanguage\":\"fr-FR\",\"url\":\"https:\/\/www.nettali.com\/wp-content\/uploads\/2020\/09\/Tivaouane-720x430-1.jpg\",\"contentUrl\":\"https:\/\/www.nettali.com\/wp-content\/uploads\/2020\/09\/Tivaouane-720x430-1.jpg\",\"width\":720,\"height\":430},{\"@type\":\"WebPage\",\"@id\":\"https:\/\/www.nettali.com\/2022\/09\/26\/officiel-le-gamou-sera-celebre-le-samedi-8-septembre-prochain\/#webpage\",\"url\":\"https:\/\/www.nettali.com\/2022\/09\/26\/officiel-le-gamou-sera-celebre-le-samedi-8-septembre-prochain\/\",\"name\":\"OFFICIEL - Le Gamou sera c\\u00e9l\\u00e9br\\u00e9 le samedi 8 septembre prochain | Nettali.com\",\"isPartOf\":{\"@id\":\"https:\/\/www.nettali.com\/#website\"},\"primaryImageOfPage\":{\"@id\":\"https:\/\/www.nettali.com\/2022\/09\/26\/officiel-le-gamou-sera-celebre-le-samedi-8-septembre-prochain\/#primaryimage\"},\"datePublished\":\"2022-09-26T21:38:17+00:00\",\"dateModified\":\"2022-09-26T21:38:17+00:00\",\"author\":{\"@id\":\"https:\/\/www.nettali.com\/#\/schema\/person\/3317e0bb3aa1da309fbf7b2780901bf4\"},\"breadcrumb\":{\"@id\":\"https:\/\/www.nettali.com\/2022\/09\/26\/officiel-le-gamou-sera-celebre-le-samedi-8-septembre-prochain\/#breadcrumb\"},\"inLanguage\":\"fr-FR\",\"potentialAction\":[{\"@type\":\"ReadAction\",\"target\":[\"https:\/\/www.nettali.com\/2022\/09\/26\/officiel-le-gamou-sera-celebre-le-samedi-8-septembre-prochain\/\"]}]},{\"@type\":\"BreadcrumbList\",\"@id\":\"https:\/\/www.nettali.com\/2022\/09\/26\/officiel-le-gamou-sera-celebre-le-samedi-8-septembre-prochain\/#breadcrumb\",\"itemListElement\":[{\"@type\":\"ListItem\",\"position\":1,\"name\":\"Accueil\",\"item\":\"https:\/\/www.nettali.com\/\"},{\"@type\":\"ListItem\",\"position\":2,\"name\":\"OFFICIEL - Le Gamou sera c\\u00e9l\\u00e9br\\u00e9 le samedi 8 septembre prochain\"}]},{\"@type\":\"Person\",\"@id\":\"https:\/\/www.nettali.com\/#\/schema\/person\/3317e0bb3aa1da309fbf7b2780901bf4\",\"name\":\"Daouda\",\"image\":{\"@type\":\"ImageObject\",\"@id\":\"https:\/\/www.nettali.com\/#personlogo\",\"inLanguage\":\"fr-FR\",\"url\":\"https:\/\/secure.gravatar.com\/avatar\/8d143b5a49345098ddcfee1c49c2f47c?s=96&d=mm&r=g\",\"contentUrl\":\"https:\/\/secure.gravatar.com\/avatar\/8d143b5a49345098ddcfee1c49c2f47c?s=96&d=mm&r=g\",\"caption\":\"Daouda\"},\"sameAs\":[\"https:\/\/www.nettali.com\"]}]}<\/script>\n<!-- \/ Yoast SEO Premium plugin. -->","yoast_head_json":{"title":"OFFICIEL - Le Gamou sera c\u00e9l\u00e9br\u00e9 le samedi 8 septembre prochain | Nettali.com","robots":{"index":"index","follow":"follow","max-snippet":"max-snippet:-1","max-image-preview":"max-image-preview:large","max-video-preview":"max-video-preview:-1"},"canonical":"https:\/\/www.nettali.com\/2022\/09\/26\/officiel-le-gamou-sera-celebre-le-samedi-8-septembre-prochain\/","og_locale":"fr_FR","og_type":"article","og_title":"OFFICIEL - Le Gamou sera c\u00e9l\u00e9br\u00e9 le samedi 8 septembre prochain","og_description":"NETTALI.COM - La date du Gamou est connue. La naissance du proph\u00e8te Mouhamed sera c\u00e9l\u00e9br\u00e9e au S\u00e9n\u00e9gal le samedi 8 septembre prochain. La r\u00e9v\u00e9lation est faite par la Commission nationale de concertation sur le croissant lunaire. La Commission nationale de concertation sur le Croissant lunaire vient de se prononcer, apr\u00e8s avoir recueilli des informations venant [&hellip;]","og_url":"https:\/\/www.nettali.com\/2022\/09\/26\/officiel-le-gamou-sera-celebre-le-samedi-8-septembre-prochain\/","og_site_name":"Nettali.com","article_publisher":"https:\/\/www.facebook.com\/nettalicom","article_published_time":"2022-09-26T21:38:17+00:00","og_image":[{"width":720,"height":430,"url":"https:\/\/www.nettali.com\/wp-content\/uploads\/2020\/09\/Tivaouane-720x430-1.jpg","type":"image\/jpeg"}],"twitter_card":"summary_large_image","twitter_misc":{"\u00c9crit par":"Daouda","Dur\u00e9e de lecture estim\u00e9e":"1 minute"},"schema":{"@context":"https:\/\/schema.org","@graph":[{"@type":"WebSite","@id":"https:\/\/www.nettali.com\/#website","url":"https:\/\/www.nettali.com\/","name":"Nettali.com","description":"Le rendez-vous critique du Net","potentialAction":[{"@type":"SearchAction","target":{"@type":"EntryPoint","urlTemplate":"https:\/\/www.nettali.com\/?s={search_term_string}"},"query-input":"required name=search_term_string"}],"inLanguage":"fr-FR"},{"@type":"ImageObject","@id":"https:\/\/www.nettali.com\/2022\/09\/26\/officiel-le-gamou-sera-celebre-le-samedi-8-septembre-prochain\/#primaryimage","inLanguage":"fr-FR","url":"https:\/\/www.nettali.com\/wp-content\/uploads\/2020\/09\/Tivaouane-720x430-1.jpg","contentUrl":"https:\/\/www.nettali.com\/wp-content\/uploads\/2020\/09\/Tivaouane-720x430-1.jpg","width":720,"height":430},{"@type":"WebPage","@id":"https:\/\/www.nettali.com\/2022\/09\/26\/officiel-le-gamou-sera-celebre-le-samedi-8-septembre-prochain\/#webpage","url":"https:\/\/www.nettali.com\/2022\/09\/26\/officiel-le-gamou-sera-celebre-le-samedi-8-septembre-prochain\/","name":"OFFICIEL - Le Gamou sera c\u00e9l\u00e9br\u00e9 le samedi 8 septembre prochain | Nettali.com","isPartOf":{"@id":"https:\/\/www.nettali.com\/#website"},"primaryImageOfPage":{"@id":"https:\/\/www.nettali.com\/2022\/09\/26\/officiel-le-gamou-sera-celebre-le-samedi-8-septembre-prochain\/#primaryimage"},"datePublished":"2022-09-26T21:38:17+00:00","dateModified":"2022-09-26T21:38:17+00:00","author":{"@id":"https:\/\/www.nettali.com\/#\/schema\/person\/3317e0bb3aa1da309fbf7b2780901bf4"},"breadcrumb":{"@id":"https:\/\/www.nettali.com\/2022\/09\/26\/officiel-le-gamou-sera-celebre-le-samedi-8-septembre-prochain\/#breadcrumb"},"inLanguage":"fr-FR","potentialAction":[{"@type":"ReadAction","target":["https:\/\/www.nettali.com\/2022\/09\/26\/officiel-le-gamou-sera-celebre-le-samedi-8-septembre-prochain\/"]}]},{"@type":"BreadcrumbList","@id":"https:\/\/www.nettali.com\/2022\/09\/26\/officiel-le-gamou-sera-celebre-le-samedi-8-septembre-prochain\/#breadcrumb","itemListElement":[{"@type":"ListItem","position":1,"name":"Accueil","item":"https:\/\/www.nettali.com\/"},{"@type":"ListItem","position":2,"name":"OFFICIEL - Le Gamou sera c\u00e9l\u00e9br\u00e9 le samedi 8 septembre prochain"}]},{"@type":"Person","@id":"https:\/\/www.nettali.com\/#\/schema\/person\/3317e0bb3aa1da309fbf7b2780901bf4","name":"Daouda","image":{"@type":"ImageObject","@id":"https:\/\/www.nettali.com\/#personlogo","inLanguage":"fr-FR","url":"https:\/\/secure.gravatar.com\/avatar\/8d143b5a49345098ddcfee1c49c2f47c?s=96&d=mm&r=g","contentUrl":"https:\/\/secure.gravatar.com\/avatar\/8d143b5a49345098ddcfee1c49c2f47c?s=96&d=mm&r=g","caption":"Daouda"},"sameAs":["https:\/\/www.nettali.com"]}]}},"_links":{"self":[{"href":"https:\/\/www.nettali.com\/rest\/wp\/v2\/posts\/94590"}],"collection":[{"href":"https:\/\/www.nettali.com\/rest\/wp\/v2\/posts"}],"about":[{"href":"https:\/\/www.nettali.com\/rest\/wp\/v2\/types\/post"}],"author":[{"embeddable":true,"href":"https:\/\/www.nettali.com\/rest\/wp\/v2\/users\/4"}],"replies":[{"embeddable":true,"href":"https:\/\/www.nettali.com\/rest\/wp\/v2\/comments?post=94590"}],"version-history":[{"count":1,"href":"https:\/\/www.nettali.com\/rest\/wp\/v2\/posts\/94590\/revisions"}],"predecessor-version":[{"id":94591,"href":"https:\/\/www.nettali.com\/rest\/wp\/v2\/posts\/94590\/revisions\/94591"}],"wp:featuredmedia":[{"embeddable":true,"href":"https:\/\/www.nettali.com\/rest\/wp\/v2\/media\/46080"}],"wp:attachment":[{"href":"https:\/\/www.nettali.com\/rest\/wp\/v2\/media?parent=94590"}],"wp:term":[{"taxonomy":"category","embeddable":true,"href":"https:\/\/www.nettali.com\/rest\/wp\/v2\/categories?post=94590"},{"taxonomy":"post_tag","embeddable":true,"href":"https:\/\/www.nettali.com\/rest\/wp\/v2\/tags?post=94590"}],"curies":[{"name":"wp","href":"https:\/\/api.w.org\/{rel}","templated":true}]}}