{"id":94554,"date":"2022-09-26T08:45:27","date_gmt":"2022-09-26T08:45:27","guid":{"rendered":"https:\/\/www.nettali.com\/?p=94554"},"modified":"2022-09-26T09:38:13","modified_gmt":"2022-09-26T09:38:13","slug":"mouvement-dhumeur-le-systeme-sanitaire-aphone-pour-trois-jours-de-greve","status":"publish","type":"post","link":"https:\/\/www.nettali.com\/2022\/09\/26\/mouvement-dhumeur-le-systeme-sanitaire-aphone-pour-trois-jours-de-greve\/","title":{"rendered":"MOUVEMENT D'HUMEUR - Le syst\u00e8me sanitaire paralys\u00e9 par trois jours de gr\u00e8ve"},"content":{"rendered":"<p><strong>NETTALI.COM - Ce n'est pas encore le calme plat dans le syst\u00e8me sanitaire s\u00e9n\u00e9galais. En effet, ce dernier sera encore paralys\u00e9 par la gr\u00e8ve de la F\u00e9d\u00e9ration des syndicats de la sant\u00e9 (F2S) et de And GUEUSSEUM qui vont observer un mouvement d\u2019humeur de 3 jours \u00e0 partir de jeudi prochain.<\/strong><\/p>\n<p>Les deux cadres ont convenu que l\u2019exp\u00e9rience de la jonction des luttes doivent se poursuivre pour une meilleure garantie des r\u00e9sultats, d\u2019autant plus que leurs plateformes minimales tournent autour de l\u2019harmonisation des augmentations de salaire et de l\u2019allocation de l\u2019indemnit\u00e9 de logement, entres autres, et le rel\u00e8vement de 5% du point indiciaire pour les agents des collectivit\u00e9s territoriales.<\/p>\n<p>Ainsi, l\u2019ISTCTS et ASAS AND GUEUSSEUM d\u00e9cr\u00e8tent 72 heures de gr\u00e8ve, le jeudi 29 septembre, le vendredi 30 septembre et le Lundi 3 octobre 2022 sur l\u2019ensemble du territoire national. Elles demandent \u00e0 tous les travailleurs de rester mobilis\u00e9s et de veiller au respect du mot d\u2019ordre.<\/p>\n<p>Par ailleurs, ils interpellent le nouveau Ministre des Collectivit\u00e9s territoriales au sujet du logiciel GEFILOC qui, dans sa mise en \u0153uvre, impacte n\u00e9gativement sur le traitement des salaires des agents des collectivit\u00e9s territoriales, provoquant des retards insupportables pour ces braves travailleurs du service public.<\/p>\n<p>Pour le secteur de la sant\u00e9, l\u2019ISTCTS et AND GUEUSSEUM r\u00e9it\u00e8rent leurs recommandations quant au respect du service minimum et des urgences.<\/p>\n<div class='share-to-whatsapp-wrapper'><div class='share-on-whsp'>PARTAGER SUR : <\/div><a data-text='MOUVEMENT D'HUMEUR - Le syst\u00e8me sanitaire paralys\u00e9 par trois jours de gr\u00e8ve' data-link='https:\/\/www.nettali.com\/2022\/09\/26\/mouvement-dhumeur-le-systeme-sanitaire-aphone-pour-trois-jours-de-greve\/' class='whatsapp-button whatsapp-share'>WhatsApp<\/a><div class='clear '><\/div><\/div>","protected":false},"excerpt":{"rendered":"<p>NETTALI.COM - Ce n'est pas encore le calme plat dans le syst\u00e8me sanitaire s\u00e9n\u00e9galais. En effet, ce dernier sera encore paralys\u00e9 par la gr\u00e8ve de la F\u00e9d\u00e9ration des syndicats de la sant\u00e9 (F2S) et de And GUEUSSEUM qui vont observer un mouvement d\u2019humeur de 3 jours \u00e0 partir de jeudi prochain. Les deux cadres ont [&hellip;]<\/p>\n","protected":false},"author":5,"featured_media":94556,"comment_status":"open","ping_status":"open","sticky":false,"template":"","format":"standard","meta":{"_et_pb_use_builder":"","_et_pb_old_content":""},"categories":[22],"tags":[],"yoast_head":"<!-- This site is optimized with the Yoast SEO Premium plugin v17.8 (Yoast SEO v17.8) - https:\/\/yoast.com\/wordpress\/plugins\/seo\/ -->\n<title>MOUVEMENT D&#039;HUMEUR - Le syst\u00e8me sanitaire paralys\u00e9 par trois jours de gr\u00e8ve | Nettali.com<\/title>\n<meta name=\"robots\" content=\"index, follow, max-snippet:-1, max-image-preview:large, max-video-preview:-1\" \/>\n<link rel=\"canonical\" href=\"https:\/\/www.nettali.com\/2022\/09\/26\/mouvement-dhumeur-le-systeme-sanitaire-aphone-pour-trois-jours-de-greve\/\" \/>\n<meta property=\"og:locale\" content=\"fr_FR\" \/>\n<meta property=\"og:type\" content=\"article\" \/>\n<meta property=\"og:title\" content=\"MOUVEMENT D&#039;HUMEUR - Le syst\u00e8me sanitaire paralys\u00e9 par trois jours de gr\u00e8ve\" \/>\n<meta property=\"og:description\" content=\"NETTALI.COM - Ce n&#039;est pas encore le calme plat dans le syst\u00e8me sanitaire s\u00e9n\u00e9galais. En effet, ce dernier sera encore paralys\u00e9 par la gr\u00e8ve de la F\u00e9d\u00e9ration des syndicats de la sant\u00e9 (F2S) et de And GUEUSSEUM qui vont observer un mouvement d\u2019humeur de 3 jours \u00e0 partir de jeudi prochain. Les deux cadres ont [&hellip;]\" \/>\n<meta property=\"og:url\" content=\"https:\/\/www.nettali.com\/2022\/09\/26\/mouvement-dhumeur-le-systeme-sanitaire-aphone-pour-trois-jours-de-greve\/\" \/>\n<meta property=\"og:site_name\" content=\"Nettali.com\" \/>\n<meta property=\"article:publisher\" content=\"https:\/\/www.facebook.com\/nettalicom\" \/>\n<meta property=\"article:published_time\" content=\"2022-09-26T08:45:27+00:00\" \/>\n<meta property=\"article:modified_time\" content=\"2022-09-26T09:38:13+00:00\" \/>\n<meta property=\"og:image\" content=\"https:\/\/www.nettali.com\/wp-content\/uploads\/2022\/09\/sante_greve_4.jpg\" \/>\n\t<meta property=\"og:image:width\" content=\"691\" \/>\n\t<meta property=\"og:image:height\" content=\"421\" \/>\n<meta name=\"twitter:card\" content=\"summary_large_image\" \/>\n<meta name=\"twitter:label1\" content=\"\u00c9crit par\" \/>\n\t<meta name=\"twitter:data1\" content=\"Ibrahima\" \/>\n\t<meta name=\"twitter:label2\" content=\"Dur\u00e9e de lecture estim\u00e9e\" \/>\n\t<meta name=\"twitter:data2\" content=\"2 minutes\" \/>\n<script type=\"application\/ld+json\" class=\"yoast-schema-graph\">{\"@context\":\"https:\/\/schema.org\",\"@graph\":[{\"@type\":\"WebSite\",\"@id\":\"https:\/\/www.nettali.com\/#website\",\"url\":\"https:\/\/www.nettali.com\/\",\"name\":\"Nettali.com\",\"description\":\"Le rendez-vous critique du Net\",\"potentialAction\":[{\"@type\":\"SearchAction\",\"target\":{\"@type\":\"EntryPoint\",\"urlTemplate\":\"https:\/\/www.nettali.com\/?s={search_term_string}\"},\"query-input\":\"required name=search_term_string\"}],\"inLanguage\":\"fr-FR\"},{\"@type\":\"ImageObject\",\"@id\":\"https:\/\/www.nettali.com\/2022\/09\/26\/mouvement-dhumeur-le-systeme-sanitaire-aphone-pour-trois-jours-de-greve\/#primaryimage\",\"inLanguage\":\"fr-FR\",\"url\":\"https:\/\/www.nettali.com\/wp-content\/uploads\/2022\/09\/sante_greve_4.jpg\",\"contentUrl\":\"https:\/\/www.nettali.com\/wp-content\/uploads\/2022\/09\/sante_greve_4.jpg\",\"width\":691,\"height\":421},{\"@type\":\"WebPage\",\"@id\":\"https:\/\/www.nettali.com\/2022\/09\/26\/mouvement-dhumeur-le-systeme-sanitaire-aphone-pour-trois-jours-de-greve\/#webpage\",\"url\":\"https:\/\/www.nettali.com\/2022\/09\/26\/mouvement-dhumeur-le-systeme-sanitaire-aphone-pour-trois-jours-de-greve\/\",\"name\":\"MOUVEMENT D'HUMEUR - Le syst\\u00e8me sanitaire paralys\\u00e9 par trois jours de gr\\u00e8ve | Nettali.com\",\"isPartOf\":{\"@id\":\"https:\/\/www.nettali.com\/#website\"},\"primaryImageOfPage\":{\"@id\":\"https:\/\/www.nettali.com\/2022\/09\/26\/mouvement-dhumeur-le-systeme-sanitaire-aphone-pour-trois-jours-de-greve\/#primaryimage\"},\"datePublished\":\"2022-09-26T08:45:27+00:00\",\"dateModified\":\"2022-09-26T09:38:13+00:00\",\"author\":{\"@id\":\"https:\/\/www.nettali.com\/#\/schema\/person\/bb147657c2986240405a608162b9bb23\"},\"breadcrumb\":{\"@id\":\"https:\/\/www.nettali.com\/2022\/09\/26\/mouvement-dhumeur-le-systeme-sanitaire-aphone-pour-trois-jours-de-greve\/#breadcrumb\"},\"inLanguage\":\"fr-FR\",\"potentialAction\":[{\"@type\":\"ReadAction\",\"target\":[\"https:\/\/www.nettali.com\/2022\/09\/26\/mouvement-dhumeur-le-systeme-sanitaire-aphone-pour-trois-jours-de-greve\/\"]}]},{\"@type\":\"BreadcrumbList\",\"@id\":\"https:\/\/www.nettali.com\/2022\/09\/26\/mouvement-dhumeur-le-systeme-sanitaire-aphone-pour-trois-jours-de-greve\/#breadcrumb\",\"itemListElement\":[{\"@type\":\"ListItem\",\"position\":1,\"name\":\"Accueil\",\"item\":\"https:\/\/www.nettali.com\/\"},{\"@type\":\"ListItem\",\"position\":2,\"name\":\"MOUVEMENT D'HUMEUR - Le syst\\u00e8me sanitaire paralys\\u00e9 par trois jours de gr\\u00e8ve\"}]},{\"@type\":\"Person\",\"@id\":\"https:\/\/www.nettali.com\/#\/schema\/person\/bb147657c2986240405a608162b9bb23\",\"name\":\"Ibrahima\",\"image\":{\"@type\":\"ImageObject\",\"@id\":\"https:\/\/www.nettali.com\/#personlogo\",\"inLanguage\":\"fr-FR\",\"url\":\"https:\/\/secure.gravatar.com\/avatar\/26a8a81f09f0dd7624c9d5c36c9ba3a2?s=96&d=mm&r=g\",\"contentUrl\":\"https:\/\/secure.gravatar.com\/avatar\/26a8a81f09f0dd7624c9d5c36c9ba3a2?s=96&d=mm&r=g\",\"caption\":\"Ibrahima\"},\"sameAs\":[\"https:\/\/www.nettali.com\"]}]}<\/script>\n<!-- \/ Yoast SEO Premium plugin. -->","yoast_head_json":{"title":"MOUVEMENT D'HUMEUR - Le syst\u00e8me sanitaire paralys\u00e9 par trois jours de gr\u00e8ve | Nettali.com","robots":{"index":"index","follow":"follow","max-snippet":"max-snippet:-1","max-image-preview":"max-image-preview:large","max-video-preview":"max-video-preview:-1"},"canonical":"https:\/\/www.nettali.com\/2022\/09\/26\/mouvement-dhumeur-le-systeme-sanitaire-aphone-pour-trois-jours-de-greve\/","og_locale":"fr_FR","og_type":"article","og_title":"MOUVEMENT D'HUMEUR - Le syst\u00e8me sanitaire paralys\u00e9 par trois jours de gr\u00e8ve","og_description":"NETTALI.COM - Ce n'est pas encore le calme plat dans le syst\u00e8me sanitaire s\u00e9n\u00e9galais. En effet, ce dernier sera encore paralys\u00e9 par la gr\u00e8ve de la F\u00e9d\u00e9ration des syndicats de la sant\u00e9 (F2S) et de And GUEUSSEUM qui vont observer un mouvement d\u2019humeur de 3 jours \u00e0 partir de jeudi prochain. Les deux cadres ont [&hellip;]","og_url":"https:\/\/www.nettali.com\/2022\/09\/26\/mouvement-dhumeur-le-systeme-sanitaire-aphone-pour-trois-jours-de-greve\/","og_site_name":"Nettali.com","article_publisher":"https:\/\/www.facebook.com\/nettalicom","article_published_time":"2022-09-26T08:45:27+00:00","article_modified_time":"2022-09-26T09:38:13+00:00","og_image":[{"width":691,"height":421,"url":"https:\/\/www.nettali.com\/wp-content\/uploads\/2022\/09\/sante_greve_4.jpg","type":"image\/jpeg"}],"twitter_card":"summary_large_image","twitter_misc":{"\u00c9crit par":"Ibrahima","Dur\u00e9e de lecture estim\u00e9e":"2 minutes"},"schema":{"@context":"https:\/\/schema.org","@graph":[{"@type":"WebSite","@id":"https:\/\/www.nettali.com\/#website","url":"https:\/\/www.nettali.com\/","name":"Nettali.com","description":"Le rendez-vous critique du Net","potentialAction":[{"@type":"SearchAction","target":{"@type":"EntryPoint","urlTemplate":"https:\/\/www.nettali.com\/?s={search_term_string}"},"query-input":"required name=search_term_string"}],"inLanguage":"fr-FR"},{"@type":"ImageObject","@id":"https:\/\/www.nettali.com\/2022\/09\/26\/mouvement-dhumeur-le-systeme-sanitaire-aphone-pour-trois-jours-de-greve\/#primaryimage","inLanguage":"fr-FR","url":"https:\/\/www.nettali.com\/wp-content\/uploads\/2022\/09\/sante_greve_4.jpg","contentUrl":"https:\/\/www.nettali.com\/wp-content\/uploads\/2022\/09\/sante_greve_4.jpg","width":691,"height":421},{"@type":"WebPage","@id":"https:\/\/www.nettali.com\/2022\/09\/26\/mouvement-dhumeur-le-systeme-sanitaire-aphone-pour-trois-jours-de-greve\/#webpage","url":"https:\/\/www.nettali.com\/2022\/09\/26\/mouvement-dhumeur-le-systeme-sanitaire-aphone-pour-trois-jours-de-greve\/","name":"MOUVEMENT D'HUMEUR - Le syst\u00e8me sanitaire paralys\u00e9 par trois jours de gr\u00e8ve | Nettali.com","isPartOf":{"@id":"https:\/\/www.nettali.com\/#website"},"primaryImageOfPage":{"@id":"https:\/\/www.nettali.com\/2022\/09\/26\/mouvement-dhumeur-le-systeme-sanitaire-aphone-pour-trois-jours-de-greve\/#primaryimage"},"datePublished":"2022-09-26T08:45:27+00:00","dateModified":"2022-09-26T09:38:13+00:00","author":{"@id":"https:\/\/www.nettali.com\/#\/schema\/person\/bb147657c2986240405a608162b9bb23"},"breadcrumb":{"@id":"https:\/\/www.nettali.com\/2022\/09\/26\/mouvement-dhumeur-le-systeme-sanitaire-aphone-pour-trois-jours-de-greve\/#breadcrumb"},"inLanguage":"fr-FR","potentialAction":[{"@type":"ReadAction","target":["https:\/\/www.nettali.com\/2022\/09\/26\/mouvement-dhumeur-le-systeme-sanitaire-aphone-pour-trois-jours-de-greve\/"]}]},{"@type":"BreadcrumbList","@id":"https:\/\/www.nettali.com\/2022\/09\/26\/mouvement-dhumeur-le-systeme-sanitaire-aphone-pour-trois-jours-de-greve\/#breadcrumb","itemListElement":[{"@type":"ListItem","position":1,"name":"Accueil","item":"https:\/\/www.nettali.com\/"},{"@type":"ListItem","position":2,"name":"MOUVEMENT D'HUMEUR - Le syst\u00e8me sanitaire paralys\u00e9 par trois jours de gr\u00e8ve"}]},{"@type":"Person","@id":"https:\/\/www.nettali.com\/#\/schema\/person\/bb147657c2986240405a608162b9bb23","name":"Ibrahima","image":{"@type":"ImageObject","@id":"https:\/\/www.nettali.com\/#personlogo","inLanguage":"fr-FR","url":"https:\/\/secure.gravatar.com\/avatar\/26a8a81f09f0dd7624c9d5c36c9ba3a2?s=96&d=mm&r=g","contentUrl":"https:\/\/secure.gravatar.com\/avatar\/26a8a81f09f0dd7624c9d5c36c9ba3a2?s=96&d=mm&r=g","caption":"Ibrahima"},"sameAs":["https:\/\/www.nettali.com"]}]}},"_links":{"self":[{"href":"https:\/\/www.nettali.com\/rest\/wp\/v2\/posts\/94554"}],"collection":[{"href":"https:\/\/www.nettali.com\/rest\/wp\/v2\/posts"}],"about":[{"href":"https:\/\/www.nettali.com\/rest\/wp\/v2\/types\/post"}],"author":[{"embeddable":true,"href":"https:\/\/www.nettali.com\/rest\/wp\/v2\/users\/5"}],"replies":[{"embeddable":true,"href":"https:\/\/www.nettali.com\/rest\/wp\/v2\/comments?post=94554"}],"version-history":[{"count":4,"href":"https:\/\/www.nettali.com\/rest\/wp\/v2\/posts\/94554\/revisions"}],"predecessor-version":[{"id":94567,"href":"https:\/\/www.nettali.com\/rest\/wp\/v2\/posts\/94554\/revisions\/94567"}],"wp:featuredmedia":[{"embeddable":true,"href":"https:\/\/www.nettali.com\/rest\/wp\/v2\/media\/94556"}],"wp:attachment":[{"href":"https:\/\/www.nettali.com\/rest\/wp\/v2\/media?parent=94554"}],"wp:term":[{"taxonomy":"category","embeddable":true,"href":"https:\/\/www.nettali.com\/rest\/wp\/v2\/categories?post=94554"},{"taxonomy":"post_tag","embeddable":true,"href":"https:\/\/www.nettali.com\/rest\/wp\/v2\/tags?post=94554"}],"curies":[{"name":"wp","href":"https:\/\/api.w.org\/{rel}","templated":true}]}}