{"id":94553,"date":"2022-09-26T08:48:26","date_gmt":"2022-09-26T08:48:26","guid":{"rendered":"https:\/\/www.nettali.com\/?p=94553"},"modified":"2022-09-26T08:48:26","modified_gmt":"2022-09-26T08:48:26","slug":"la-replique-des-deputes-de-bby-traitee-de-lache-mimi-toure-invitee-a-rendre-son-poste-de-parlementaire","status":"publish","type":"post","link":"https:\/\/www.nettali.com\/2022\/09\/26\/la-replique-des-deputes-de-bby-traitee-de-lache-mimi-toure-invitee-a-rendre-son-poste-de-parlementaire\/","title":{"rendered":"LA R\u00c9PLIQUE DES D\u00c9PUT\u00c9S DE BBY- Trait\u00e9e de  \u00ab l\u00e2che \u00bb, Mimi Tour\u00e9 invit\u00e9e \u00e0 rendre son poste de parlementaire"},"content":{"rendered":"<p><strong>NETTALI.COM - A la Suite \u00e0 la conf\u00e9rence de presse d'Aminata Tour\u00e9, les d\u00e9put\u00e9s de la coalition Benno Bokk yaakar n\u2019ont pas tard\u00e9 \u00e0 apporte une s\u00e9v\u00e8re r\u00e9plique. Les parlementaires lui demandent de rendre son mandat de d\u00e9put\u00e9 obtenu sous la banni\u00e8re de la coalition BBY et de s\u2019engager comme une vraie opposante.<\/strong><\/p>\n<p>Les d\u00e9put\u00e9s de Benno Bokk yaakaar sont tr\u00e8s en col\u00e8re contre Aminata Tour\u00e9 qui a tourn\u00e9 le dos \u00e0 leur coalition. Ils la qualifient m\u00eame de l\u00e2che \u00ab <em>Mimi Tour\u00e9 a \u00e9t\u00e9 tr\u00e8s l\u00e2che, parce qu\u2019elle s\u2019est tue par rapport \u00e0 la d\u00e9cision du chef de l\u2019\u00c9tat. Dans le bureau du secr\u00e9taire g\u00e9n\u00e9ral, elle n\u2019a pas pip\u00e9 mot pour dire qu\u2019elle n\u2019est pas d\u2019accord<\/em>\u00a0\u00bb, ont martel\u00e9 les parlementaires. Ils affirment que Macky Sall n\u2019a jamais promis le poste de pr\u00e9sident de l\u2019Assembl\u00e9e nationale \u00e0 leur coll\u00e8gue qui leur a tourn\u00e9 le dos maintenant. \u00ab\u00a0Le pr\u00e9sident avait rencontr\u00e9 tous les d\u00e9put\u00e9s au palais, avant l\u2019installation de la 14<sup>\u00e8me<\/sup> l\u00e9gislature. Et Mimi \u00e9tait la premi\u00e8re \u00e0 prendre la parole pour dire au Pr\u00e9sident : \u00ab\u00a0<em>Nous sommes l\u00e0, nous serons vos d\u00e9put\u00e9s et que nous allons tous nous mobiliser pour \u00e9lire celui ou celle que tu d\u00e9signes comme pr\u00e9sident de l'Assembl\u00e9e nationale<\/em>\u00a0\u00bb, r\u00e9v\u00e8le le d\u00e9put\u00e9 Abdou Aziz Diop. Rejetant les propos de Mimi Tour\u00e9, il ajoute\u00a0: \u00ab\u00a0<em>c\u2019est une d\u00e9claration que je ne peux pas prendre au s\u00e9rieux, parce que je n\u2019ai pas assist\u00e9 \u00e0 une telle rencontre et elle n\u2019a dit nulle part, pendant la campagne et l'audience et le s\u00e9minaire, que le Pr\u00e9sident lui avait promis ce poste.<\/em>\u00a0\u00bb<\/p>\n<p>Son coll\u00e8gue Adama Fall de rench\u00e9rir : \u00ab <em>Avec Mimi Tour\u00e9, pour une premi\u00e8re fois dans l\u2019histoire de ce pays, une coalition au pouvoir a eu 82 d\u00e9put\u00e9s. C\u2019est parce nous n\u2019avions pas une bonne t\u00eate de liste ; c\u2019est parce que nous avions une personne qui n\u2019a pas \u00e9t\u00e9 honn\u00eate avec la coalition Benno Bokk Yaakaar.<\/em> \u00bb<\/p>\n<p>Quid de l\u2019existence d'une \u00ab\u00a0<em>cellule d\u2019initiative d\u2019insulteurs\u00a0\u00bb, le parlementaire soutient qu\u2019elle a \u00e9t\u00e9 mise en place et pr\u00e9sid\u00e9e par Aminata Tour\u00e9 pour apporter les r\u00e9pliques n\u00e9cessaires dans les r\u00e9seaux sociaux. \u00ab\u00a0Elle en parle maintenant, parce que cette balle se retourne contre elle<\/em>\u00a0\u00bb, affirme-t-elle.<\/p>\n<p><strong>Manque de courage<\/strong><\/p>\n<p>Par ailleurs, les parlementaires qui qualifient \u00ab<em>\u00a0de manque de courage\u00a0<\/em>\u00bb \u00a0la d\u00e9mission de Mimi Tour\u00e9, invite celle-ci \u00e0 assumer les cons\u00e9quences de son acte. \u00ab\u00a0<em>Elle a d\u00e9missionn\u00e9 indirectement de l\u2019APR, parce qu\u2019elle manque d\u2019engagement et de courage, donc elle devrait taire ses pr\u00e9tentions et comprendre qu\u2019au mieux, son profil et son parcours ne peuvent lui faire esp\u00e9rer que des nominations par d\u00e9cret<\/em>\u00a0\u00bb, ass\u00e8ne la d\u00e9put\u00e9. Car, pour elle, politiquement parlant, Mimi Tour\u00e9 devrait remercier Macky Sall, sachant qu\u2019elle n\u2019a pas de base politique, puisqu\u2019elle a \u00e9t\u00e9 battue partout o\u00f9 elle pr\u00e9tend \u00eatre son fief.<\/p>\n<p>Au regard de ces griefs, les d\u00e9put\u00e9s de l\u2019APR ont pr\u00e9cis\u00e9 que, d\u00e9sormais, \u00ab\u00a0<em>la coalition Benno Bokk Yaakaar comme les membres de l\u2019APR vont la consid\u00e9rer comme membre de l\u2019opposition et lui apporteront la r\u00e9plique \u00e0 chaque fois qu\u2019elle attaquera l\u2019APR ou le gouvernement, comme elle le faisait r\u00e9cemment avec Ousmane Sonko.<\/em> \u00bb<\/p>\n<div class='share-to-whatsapp-wrapper'><div class='share-on-whsp'>PARTAGER SUR : <\/div><a data-text='LA R\u00c9PLIQUE DES D\u00c9PUT\u00c9S DE BBY- Trait\u00e9e de  \u00ab l\u00e2che \u00bb, Mimi Tour\u00e9 invit\u00e9e \u00e0 rendre son poste de parlementaire' data-link='https:\/\/www.nettali.com\/2022\/09\/26\/la-replique-des-deputes-de-bby-traitee-de-lache-mimi-toure-invitee-a-rendre-son-poste-de-parlementaire\/' class='whatsapp-button whatsapp-share'>WhatsApp<\/a><div class='clear '><\/div><\/div>","protected":false},"excerpt":{"rendered":"<p>NETTALI.COM - A la Suite \u00e0 la conf\u00e9rence de presse d'Aminata Tour\u00e9, les d\u00e9put\u00e9s de la coalition Benno Bokk yaakar n\u2019ont pas tard\u00e9 \u00e0 apporte une s\u00e9v\u00e8re r\u00e9plique. Les parlementaires lui demandent de rendre son mandat de d\u00e9put\u00e9 obtenu sous la banni\u00e8re de la coalition BBY et de s\u2019engager comme une vraie opposante. Les d\u00e9put\u00e9s [&hellip;]<\/p>\n","protected":false},"author":6,"featured_media":94536,"comment_status":"open","ping_status":"open","sticky":false,"template":"","format":"standard","meta":{"_et_pb_use_builder":"","_et_pb_old_content":""},"categories":[2],"tags":[],"yoast_head":"<!-- This site is optimized with the Yoast SEO Premium plugin v17.8 (Yoast SEO v17.8) - https:\/\/yoast.com\/wordpress\/plugins\/seo\/ -->\n<title>LA R\u00c9PLIQUE DES D\u00c9PUT\u00c9S DE BBY- Trait\u00e9e de \u00ab l\u00e2che \u00bb, Mimi Tour\u00e9 invit\u00e9e \u00e0 rendre son poste de parlementaire | Nettali.com<\/title>\n<meta name=\"robots\" content=\"index, follow, max-snippet:-1, max-image-preview:large, max-video-preview:-1\" \/>\n<link rel=\"canonical\" href=\"https:\/\/www.nettali.com\/2022\/09\/26\/la-replique-des-deputes-de-bby-traitee-de-lache-mimi-toure-invitee-a-rendre-son-poste-de-parlementaire\/\" \/>\n<meta property=\"og:locale\" content=\"fr_FR\" \/>\n<meta property=\"og:type\" content=\"article\" \/>\n<meta property=\"og:title\" content=\"LA R\u00c9PLIQUE DES D\u00c9PUT\u00c9S DE BBY- Trait\u00e9e de \u00ab l\u00e2che \u00bb, Mimi Tour\u00e9 invit\u00e9e \u00e0 rendre son poste de parlementaire\" \/>\n<meta property=\"og:description\" content=\"NETTALI.COM - A la Suite \u00e0 la conf\u00e9rence de presse d&#039;Aminata Tour\u00e9, les d\u00e9put\u00e9s de la coalition Benno Bokk yaakar n\u2019ont pas tard\u00e9 \u00e0 apporte une s\u00e9v\u00e8re r\u00e9plique. Les parlementaires lui demandent de rendre son mandat de d\u00e9put\u00e9 obtenu sous la banni\u00e8re de la coalition BBY et de s\u2019engager comme une vraie opposante. Les d\u00e9put\u00e9s [&hellip;]\" \/>\n<meta property=\"og:url\" content=\"https:\/\/www.nettali.com\/2022\/09\/26\/la-replique-des-deputes-de-bby-traitee-de-lache-mimi-toure-invitee-a-rendre-son-poste-de-parlementaire\/\" \/>\n<meta property=\"og:site_name\" content=\"Nettali.com\" \/>\n<meta property=\"article:publisher\" content=\"https:\/\/www.facebook.com\/nettalicom\" \/>\n<meta property=\"article:published_time\" content=\"2022-09-26T08:48:26+00:00\" \/>\n<meta property=\"og:image\" content=\"https:\/\/www.nettali.com\/wp-content\/uploads\/2022\/09\/Mimi.jpeg\" \/>\n\t<meta property=\"og:image:width\" content=\"810\" \/>\n\t<meta property=\"og:image:height\" content=\"540\" \/>\n<meta name=\"twitter:card\" content=\"summary_large_image\" \/>\n<meta name=\"twitter:label1\" content=\"\u00c9crit par\" \/>\n\t<meta name=\"twitter:data1\" content=\"Fatou\" \/>\n\t<meta name=\"twitter:label2\" content=\"Dur\u00e9e de lecture estim\u00e9e\" \/>\n\t<meta name=\"twitter:data2\" content=\"3 minutes\" \/>\n<script type=\"application\/ld+json\" class=\"yoast-schema-graph\">{\"@context\":\"https:\/\/schema.org\",\"@graph\":[{\"@type\":\"WebSite\",\"@id\":\"https:\/\/www.nettali.com\/#website\",\"url\":\"https:\/\/www.nettali.com\/\",\"name\":\"Nettali.com\",\"description\":\"Le rendez-vous critique du Net\",\"potentialAction\":[{\"@type\":\"SearchAction\",\"target\":{\"@type\":\"EntryPoint\",\"urlTemplate\":\"https:\/\/www.nettali.com\/?s={search_term_string}\"},\"query-input\":\"required name=search_term_string\"}],\"inLanguage\":\"fr-FR\"},{\"@type\":\"ImageObject\",\"@id\":\"https:\/\/www.nettali.com\/2022\/09\/26\/la-replique-des-deputes-de-bby-traitee-de-lache-mimi-toure-invitee-a-rendre-son-poste-de-parlementaire\/#primaryimage\",\"inLanguage\":\"fr-FR\",\"url\":\"https:\/\/www.nettali.com\/wp-content\/uploads\/2022\/09\/Mimi.jpeg\",\"contentUrl\":\"https:\/\/www.nettali.com\/wp-content\/uploads\/2022\/09\/Mimi.jpeg\",\"width\":810,\"height\":540},{\"@type\":\"WebPage\",\"@id\":\"https:\/\/www.nettali.com\/2022\/09\/26\/la-replique-des-deputes-de-bby-traitee-de-lache-mimi-toure-invitee-a-rendre-son-poste-de-parlementaire\/#webpage\",\"url\":\"https:\/\/www.nettali.com\/2022\/09\/26\/la-replique-des-deputes-de-bby-traitee-de-lache-mimi-toure-invitee-a-rendre-son-poste-de-parlementaire\/\",\"name\":\"LA R\\u00c9PLIQUE DES D\\u00c9PUT\\u00c9S DE BBY- Trait\\u00e9e de \\u00ab l\\u00e2che \\u00bb, Mimi Tour\\u00e9 invit\\u00e9e \\u00e0 rendre son poste de parlementaire | Nettali.com\",\"isPartOf\":{\"@id\":\"https:\/\/www.nettali.com\/#website\"},\"primaryImageOfPage\":{\"@id\":\"https:\/\/www.nettali.com\/2022\/09\/26\/la-replique-des-deputes-de-bby-traitee-de-lache-mimi-toure-invitee-a-rendre-son-poste-de-parlementaire\/#primaryimage\"},\"datePublished\":\"2022-09-26T08:48:26+00:00\",\"dateModified\":\"2022-09-26T08:48:26+00:00\",\"author\":{\"@id\":\"https:\/\/www.nettali.com\/#\/schema\/person\/418274a86bdf87caff7a3ef476bd0bbf\"},\"breadcrumb\":{\"@id\":\"https:\/\/www.nettali.com\/2022\/09\/26\/la-replique-des-deputes-de-bby-traitee-de-lache-mimi-toure-invitee-a-rendre-son-poste-de-parlementaire\/#breadcrumb\"},\"inLanguage\":\"fr-FR\",\"potentialAction\":[{\"@type\":\"ReadAction\",\"target\":[\"https:\/\/www.nettali.com\/2022\/09\/26\/la-replique-des-deputes-de-bby-traitee-de-lache-mimi-toure-invitee-a-rendre-son-poste-de-parlementaire\/\"]}]},{\"@type\":\"BreadcrumbList\",\"@id\":\"https:\/\/www.nettali.com\/2022\/09\/26\/la-replique-des-deputes-de-bby-traitee-de-lache-mimi-toure-invitee-a-rendre-son-poste-de-parlementaire\/#breadcrumb\",\"itemListElement\":[{\"@type\":\"ListItem\",\"position\":1,\"name\":\"Accueil\",\"item\":\"https:\/\/www.nettali.com\/\"},{\"@type\":\"ListItem\",\"position\":2,\"name\":\"LA R\\u00c9PLIQUE DES D\\u00c9PUT\\u00c9S DE BBY- Trait\\u00e9e de \\u00ab l\\u00e2che \\u00bb, Mimi Tour\\u00e9 invit\\u00e9e \\u00e0 rendre son poste de parlementaire\"}]},{\"@type\":\"Person\",\"@id\":\"https:\/\/www.nettali.com\/#\/schema\/person\/418274a86bdf87caff7a3ef476bd0bbf\",\"name\":\"Fatou\",\"image\":{\"@type\":\"ImageObject\",\"@id\":\"https:\/\/www.nettali.com\/#personlogo\",\"inLanguage\":\"fr-FR\",\"url\":\"https:\/\/secure.gravatar.com\/avatar\/5a9442a2bee7b4dcf167cab035858e9a?s=96&d=mm&r=g\",\"contentUrl\":\"https:\/\/secure.gravatar.com\/avatar\/5a9442a2bee7b4dcf167cab035858e9a?s=96&d=mm&r=g\",\"caption\":\"Fatou\"},\"sameAs\":[\"https:\/\/www.nettali.com\"]}]}<\/script>\n<!-- \/ Yoast SEO Premium plugin. -->","yoast_head_json":{"title":"LA R\u00c9PLIQUE DES D\u00c9PUT\u00c9S DE BBY- Trait\u00e9e de \u00ab l\u00e2che \u00bb, Mimi Tour\u00e9 invit\u00e9e \u00e0 rendre son poste de parlementaire | Nettali.com","robots":{"index":"index","follow":"follow","max-snippet":"max-snippet:-1","max-image-preview":"max-image-preview:large","max-video-preview":"max-video-preview:-1"},"canonical":"https:\/\/www.nettali.com\/2022\/09\/26\/la-replique-des-deputes-de-bby-traitee-de-lache-mimi-toure-invitee-a-rendre-son-poste-de-parlementaire\/","og_locale":"fr_FR","og_type":"article","og_title":"LA R\u00c9PLIQUE DES D\u00c9PUT\u00c9S DE BBY- Trait\u00e9e de \u00ab l\u00e2che \u00bb, Mimi Tour\u00e9 invit\u00e9e \u00e0 rendre son poste de parlementaire","og_description":"NETTALI.COM - A la Suite \u00e0 la conf\u00e9rence de presse d'Aminata Tour\u00e9, les d\u00e9put\u00e9s de la coalition Benno Bokk yaakar n\u2019ont pas tard\u00e9 \u00e0 apporte une s\u00e9v\u00e8re r\u00e9plique. Les parlementaires lui demandent de rendre son mandat de d\u00e9put\u00e9 obtenu sous la banni\u00e8re de la coalition BBY et de s\u2019engager comme une vraie opposante. Les d\u00e9put\u00e9s [&hellip;]","og_url":"https:\/\/www.nettali.com\/2022\/09\/26\/la-replique-des-deputes-de-bby-traitee-de-lache-mimi-toure-invitee-a-rendre-son-poste-de-parlementaire\/","og_site_name":"Nettali.com","article_publisher":"https:\/\/www.facebook.com\/nettalicom","article_published_time":"2022-09-26T08:48:26+00:00","og_image":[{"width":810,"height":540,"url":"https:\/\/www.nettali.com\/wp-content\/uploads\/2022\/09\/Mimi.jpeg","type":"image\/jpeg"}],"twitter_card":"summary_large_image","twitter_misc":{"\u00c9crit par":"Fatou","Dur\u00e9e de lecture estim\u00e9e":"3 minutes"},"schema":{"@context":"https:\/\/schema.org","@graph":[{"@type":"WebSite","@id":"https:\/\/www.nettali.com\/#website","url":"https:\/\/www.nettali.com\/","name":"Nettali.com","description":"Le rendez-vous critique du Net","potentialAction":[{"@type":"SearchAction","target":{"@type":"EntryPoint","urlTemplate":"https:\/\/www.nettali.com\/?s={search_term_string}"},"query-input":"required name=search_term_string"}],"inLanguage":"fr-FR"},{"@type":"ImageObject","@id":"https:\/\/www.nettali.com\/2022\/09\/26\/la-replique-des-deputes-de-bby-traitee-de-lache-mimi-toure-invitee-a-rendre-son-poste-de-parlementaire\/#primaryimage","inLanguage":"fr-FR","url":"https:\/\/www.nettali.com\/wp-content\/uploads\/2022\/09\/Mimi.jpeg","contentUrl":"https:\/\/www.nettali.com\/wp-content\/uploads\/2022\/09\/Mimi.jpeg","width":810,"height":540},{"@type":"WebPage","@id":"https:\/\/www.nettali.com\/2022\/09\/26\/la-replique-des-deputes-de-bby-traitee-de-lache-mimi-toure-invitee-a-rendre-son-poste-de-parlementaire\/#webpage","url":"https:\/\/www.nettali.com\/2022\/09\/26\/la-replique-des-deputes-de-bby-traitee-de-lache-mimi-toure-invitee-a-rendre-son-poste-de-parlementaire\/","name":"LA R\u00c9PLIQUE DES D\u00c9PUT\u00c9S DE BBY- Trait\u00e9e de \u00ab l\u00e2che \u00bb, Mimi Tour\u00e9 invit\u00e9e \u00e0 rendre son poste de parlementaire | Nettali.com","isPartOf":{"@id":"https:\/\/www.nettali.com\/#website"},"primaryImageOfPage":{"@id":"https:\/\/www.nettali.com\/2022\/09\/26\/la-replique-des-deputes-de-bby-traitee-de-lache-mimi-toure-invitee-a-rendre-son-poste-de-parlementaire\/#primaryimage"},"datePublished":"2022-09-26T08:48:26+00:00","dateModified":"2022-09-26T08:48:26+00:00","author":{"@id":"https:\/\/www.nettali.com\/#\/schema\/person\/418274a86bdf87caff7a3ef476bd0bbf"},"breadcrumb":{"@id":"https:\/\/www.nettali.com\/2022\/09\/26\/la-replique-des-deputes-de-bby-traitee-de-lache-mimi-toure-invitee-a-rendre-son-poste-de-parlementaire\/#breadcrumb"},"inLanguage":"fr-FR","potentialAction":[{"@type":"ReadAction","target":["https:\/\/www.nettali.com\/2022\/09\/26\/la-replique-des-deputes-de-bby-traitee-de-lache-mimi-toure-invitee-a-rendre-son-poste-de-parlementaire\/"]}]},{"@type":"BreadcrumbList","@id":"https:\/\/www.nettali.com\/2022\/09\/26\/la-replique-des-deputes-de-bby-traitee-de-lache-mimi-toure-invitee-a-rendre-son-poste-de-parlementaire\/#breadcrumb","itemListElement":[{"@type":"ListItem","position":1,"name":"Accueil","item":"https:\/\/www.nettali.com\/"},{"@type":"ListItem","position":2,"name":"LA R\u00c9PLIQUE DES D\u00c9PUT\u00c9S DE BBY- Trait\u00e9e de \u00ab l\u00e2che \u00bb, Mimi Tour\u00e9 invit\u00e9e \u00e0 rendre son poste de parlementaire"}]},{"@type":"Person","@id":"https:\/\/www.nettali.com\/#\/schema\/person\/418274a86bdf87caff7a3ef476bd0bbf","name":"Fatou","image":{"@type":"ImageObject","@id":"https:\/\/www.nettali.com\/#personlogo","inLanguage":"fr-FR","url":"https:\/\/secure.gravatar.com\/avatar\/5a9442a2bee7b4dcf167cab035858e9a?s=96&d=mm&r=g","contentUrl":"https:\/\/secure.gravatar.com\/avatar\/5a9442a2bee7b4dcf167cab035858e9a?s=96&d=mm&r=g","caption":"Fatou"},"sameAs":["https:\/\/www.nettali.com"]}]}},"_links":{"self":[{"href":"https:\/\/www.nettali.com\/rest\/wp\/v2\/posts\/94553"}],"collection":[{"href":"https:\/\/www.nettali.com\/rest\/wp\/v2\/posts"}],"about":[{"href":"https:\/\/www.nettali.com\/rest\/wp\/v2\/types\/post"}],"author":[{"embeddable":true,"href":"https:\/\/www.nettali.com\/rest\/wp\/v2\/users\/6"}],"replies":[{"embeddable":true,"href":"https:\/\/www.nettali.com\/rest\/wp\/v2\/comments?post=94553"}],"version-history":[{"count":3,"href":"https:\/\/www.nettali.com\/rest\/wp\/v2\/posts\/94553\/revisions"}],"predecessor-version":[{"id":94564,"href":"https:\/\/www.nettali.com\/rest\/wp\/v2\/posts\/94553\/revisions\/94564"}],"wp:featuredmedia":[{"embeddable":true,"href":"https:\/\/www.nettali.com\/rest\/wp\/v2\/media\/94536"}],"wp:attachment":[{"href":"https:\/\/www.nettali.com\/rest\/wp\/v2\/media?parent=94553"}],"wp:term":[{"taxonomy":"category","embeddable":true,"href":"https:\/\/www.nettali.com\/rest\/wp\/v2\/categories?post=94553"},{"taxonomy":"post_tag","embeddable":true,"href":"https:\/\/www.nettali.com\/rest\/wp\/v2\/tags?post=94553"}],"curies":[{"name":"wp","href":"https:\/\/api.w.org\/{rel}","templated":true}]}}