{"id":94477,"date":"2022-09-24T23:11:28","date_gmt":"2022-09-24T23:11:28","guid":{"rendered":"https:\/\/www.nettali.com\/?p=94477"},"modified":"2022-09-24T23:11:28","modified_gmt":"2022-09-24T23:11:28","slug":"aliou-cisse-la-situation-de-sadio-mane-en-club-ne-ma-jamais-inquiete","status":"publish","type":"post","link":"https:\/\/www.nettali.com\/2022\/09\/24\/aliou-cisse-la-situation-de-sadio-mane-en-club-ne-ma-jamais-inquiete\/","title":{"rendered":"ALIOU CISS\u00c9 - \"La situation de Sadio Man\u00e9 en club ne m'a jamais inqui\u00e9t\u00e9\""},"content":{"rendered":"<p><strong>NETTALI.COM - Muet avec le Bayern Munich en cinq matchs d'affil\u00e9e, Sadio Man\u00e9 a inscrit ce samedi le second but des Lions lors de la victoire du S\u00e9n\u00e9gal 2-0 en amical devant la Bolivie. En conf\u00e9rence de presse, Aliou Ciss\u00e9 estime que le manque d'efficacit\u00e9 en club de son leader technique ne l'a jamais inqui\u00e9t\u00e9.<\/strong><\/p>\n<p>\"<em>Sadio n\u2019est plus un joueur \u00e0 pr\u00e9senter. Il fait partie des plus grands joueurs au monde. Apr\u00e8s, dans la vie de tous les jours, il y a des hauts et des bas. Mais, moi, je n\u2019ai jamais \u00e9t\u00e9 inquiet du fait qu\u2019il retrouvera son meilleur niveau dans les prochaines semaines et continuera de performer les prochains mois et ann\u00e9es. Je n\u2019ai aucun souci sur \u00e7a<\/em>\", a analys\u00e9 coach Ciss\u00e9.<\/p>\n<p>\"<em>C\u2019est vrai, en \u00e9quipe nationale, on lui donne un peu plus de libert\u00e9, l\u2019\u00e9quipe joue et tourne autour de lui, et il arrive \u00e9galement \u00e0 travailler pour l\u2019\u00e9quipe. Il fait partie de nos meilleurs joueurs et nous voulons le prot\u00e9ger. On voit qu\u2019il est heureux quand il vient en s\u00e9lection. Nous l\u2019encourageons \u00e0 continuer<\/em>\", a conclu le s\u00e9lectionneur des Lions visiblement tr\u00e8s ravi de la prestation de l'enfant de Bambali.<\/p>\n<div class='share-to-whatsapp-wrapper'><div class='share-on-whsp'>PARTAGER SUR : <\/div><a data-text='ALIOU CISS\u00c9 - \"La situation de Sadio Man\u00e9 en club ne m'a jamais inqui\u00e9t\u00e9\"' data-link='https:\/\/www.nettali.com\/2022\/09\/24\/aliou-cisse-la-situation-de-sadio-mane-en-club-ne-ma-jamais-inquiete\/' class='whatsapp-button whatsapp-share'>WhatsApp<\/a><div class='clear '><\/div><\/div>","protected":false},"excerpt":{"rendered":"<p>NETTALI.COM - Muet avec le Bayern Munich en cinq matchs d'affil\u00e9e, Sadio Man\u00e9 a inscrit ce samedi le second but des Lions lors de la victoire du S\u00e9n\u00e9gal 2-0 en amical devant la Bolivie. En conf\u00e9rence de presse, Aliou Ciss\u00e9 estime que le manque d'efficacit\u00e9 en club de son leader technique ne l'a jamais inqui\u00e9t\u00e9. [&hellip;]<\/p>\n","protected":false},"author":5,"featured_media":94480,"comment_status":"open","ping_status":"open","sticky":false,"template":"","format":"standard","meta":{"_et_pb_use_builder":"","_et_pb_old_content":""},"categories":[6],"tags":[],"yoast_head":"<!-- This site is optimized with the Yoast SEO Premium plugin v17.8 (Yoast SEO v17.8) - https:\/\/yoast.com\/wordpress\/plugins\/seo\/ -->\n<title>ALIOU CISS\u00c9 - &quot;La situation de Sadio Man\u00e9 en club ne m&#039;a jamais inqui\u00e9t\u00e9&quot; | Nettali.com<\/title>\n<meta name=\"robots\" content=\"index, follow, max-snippet:-1, max-image-preview:large, max-video-preview:-1\" \/>\n<link rel=\"canonical\" href=\"https:\/\/www.nettali.com\/2022\/09\/24\/aliou-cisse-la-situation-de-sadio-mane-en-club-ne-ma-jamais-inquiete\/\" \/>\n<meta property=\"og:locale\" content=\"fr_FR\" \/>\n<meta property=\"og:type\" content=\"article\" \/>\n<meta property=\"og:title\" content=\"ALIOU CISS\u00c9 - &quot;La situation de Sadio Man\u00e9 en club ne m&#039;a jamais inqui\u00e9t\u00e9&quot;\" \/>\n<meta property=\"og:description\" content=\"NETTALI.COM - Muet avec le Bayern Munich en cinq matchs d&#039;affil\u00e9e, Sadio Man\u00e9 a inscrit ce samedi le second but des Lions lors de la victoire du S\u00e9n\u00e9gal 2-0 en amical devant la Bolivie. En conf\u00e9rence de presse, Aliou Ciss\u00e9 estime que le manque d&#039;efficacit\u00e9 en club de son leader technique ne l&#039;a jamais inqui\u00e9t\u00e9. [&hellip;]\" \/>\n<meta property=\"og:url\" content=\"https:\/\/www.nettali.com\/2022\/09\/24\/aliou-cisse-la-situation-de-sadio-mane-en-club-ne-ma-jamais-inquiete\/\" \/>\n<meta property=\"og:site_name\" content=\"Nettali.com\" \/>\n<meta property=\"article:publisher\" content=\"https:\/\/www.facebook.com\/nettalicom\" \/>\n<meta property=\"article:published_time\" content=\"2022-09-24T23:11:28+00:00\" \/>\n<meta property=\"og:image\" content=\"https:\/\/www.nettali.com\/wp-content\/uploads\/2022\/09\/Sadio-Mane-3-e1655065060865.jpg\" \/>\n\t<meta property=\"og:image:width\" content=\"650\" \/>\n\t<meta property=\"og:image:height\" content=\"424\" \/>\n<meta name=\"twitter:card\" content=\"summary_large_image\" \/>\n<meta name=\"twitter:label1\" content=\"\u00c9crit par\" \/>\n\t<meta name=\"twitter:data1\" content=\"Ibrahima\" \/>\n\t<meta name=\"twitter:label2\" content=\"Dur\u00e9e de lecture estim\u00e9e\" \/>\n\t<meta name=\"twitter:data2\" content=\"1 minute\" \/>\n<script type=\"application\/ld+json\" class=\"yoast-schema-graph\">{\"@context\":\"https:\/\/schema.org\",\"@graph\":[{\"@type\":\"WebSite\",\"@id\":\"https:\/\/www.nettali.com\/#website\",\"url\":\"https:\/\/www.nettali.com\/\",\"name\":\"Nettali.com\",\"description\":\"Le rendez-vous critique du Net\",\"potentialAction\":[{\"@type\":\"SearchAction\",\"target\":{\"@type\":\"EntryPoint\",\"urlTemplate\":\"https:\/\/www.nettali.com\/?s={search_term_string}\"},\"query-input\":\"required name=search_term_string\"}],\"inLanguage\":\"fr-FR\"},{\"@type\":\"ImageObject\",\"@id\":\"https:\/\/www.nettali.com\/2022\/09\/24\/aliou-cisse-la-situation-de-sadio-mane-en-club-ne-ma-jamais-inquiete\/#primaryimage\",\"inLanguage\":\"fr-FR\",\"url\":\"https:\/\/www.nettali.com\/wp-content\/uploads\/2022\/09\/Sadio-Mane-3-e1655065060865.jpg\",\"contentUrl\":\"https:\/\/www.nettali.com\/wp-content\/uploads\/2022\/09\/Sadio-Mane-3-e1655065060865.jpg\",\"width\":650,\"height\":424},{\"@type\":\"WebPage\",\"@id\":\"https:\/\/www.nettali.com\/2022\/09\/24\/aliou-cisse-la-situation-de-sadio-mane-en-club-ne-ma-jamais-inquiete\/#webpage\",\"url\":\"https:\/\/www.nettali.com\/2022\/09\/24\/aliou-cisse-la-situation-de-sadio-mane-en-club-ne-ma-jamais-inquiete\/\",\"name\":\"ALIOU CISS\\u00c9 - \\\"La situation de Sadio Man\\u00e9 en club ne m'a jamais inqui\\u00e9t\\u00e9\\\" | Nettali.com\",\"isPartOf\":{\"@id\":\"https:\/\/www.nettali.com\/#website\"},\"primaryImageOfPage\":{\"@id\":\"https:\/\/www.nettali.com\/2022\/09\/24\/aliou-cisse-la-situation-de-sadio-mane-en-club-ne-ma-jamais-inquiete\/#primaryimage\"},\"datePublished\":\"2022-09-24T23:11:28+00:00\",\"dateModified\":\"2022-09-24T23:11:28+00:00\",\"author\":{\"@id\":\"https:\/\/www.nettali.com\/#\/schema\/person\/bb147657c2986240405a608162b9bb23\"},\"breadcrumb\":{\"@id\":\"https:\/\/www.nettali.com\/2022\/09\/24\/aliou-cisse-la-situation-de-sadio-mane-en-club-ne-ma-jamais-inquiete\/#breadcrumb\"},\"inLanguage\":\"fr-FR\",\"potentialAction\":[{\"@type\":\"ReadAction\",\"target\":[\"https:\/\/www.nettali.com\/2022\/09\/24\/aliou-cisse-la-situation-de-sadio-mane-en-club-ne-ma-jamais-inquiete\/\"]}]},{\"@type\":\"BreadcrumbList\",\"@id\":\"https:\/\/www.nettali.com\/2022\/09\/24\/aliou-cisse-la-situation-de-sadio-mane-en-club-ne-ma-jamais-inquiete\/#breadcrumb\",\"itemListElement\":[{\"@type\":\"ListItem\",\"position\":1,\"name\":\"Accueil\",\"item\":\"https:\/\/www.nettali.com\/\"},{\"@type\":\"ListItem\",\"position\":2,\"name\":\"ALIOU CISS\\u00c9 - \\\"La situation de Sadio Man\\u00e9 en club ne m'a jamais inqui\\u00e9t\\u00e9\\\"\"}]},{\"@type\":\"Person\",\"@id\":\"https:\/\/www.nettali.com\/#\/schema\/person\/bb147657c2986240405a608162b9bb23\",\"name\":\"Ibrahima\",\"image\":{\"@type\":\"ImageObject\",\"@id\":\"https:\/\/www.nettali.com\/#personlogo\",\"inLanguage\":\"fr-FR\",\"url\":\"https:\/\/secure.gravatar.com\/avatar\/26a8a81f09f0dd7624c9d5c36c9ba3a2?s=96&d=mm&r=g\",\"contentUrl\":\"https:\/\/secure.gravatar.com\/avatar\/26a8a81f09f0dd7624c9d5c36c9ba3a2?s=96&d=mm&r=g\",\"caption\":\"Ibrahima\"},\"sameAs\":[\"https:\/\/www.nettali.com\"]}]}<\/script>\n<!-- \/ Yoast SEO Premium plugin. -->","yoast_head_json":{"title":"ALIOU CISS\u00c9 - \"La situation de Sadio Man\u00e9 en club ne m'a jamais inqui\u00e9t\u00e9\" | Nettali.com","robots":{"index":"index","follow":"follow","max-snippet":"max-snippet:-1","max-image-preview":"max-image-preview:large","max-video-preview":"max-video-preview:-1"},"canonical":"https:\/\/www.nettali.com\/2022\/09\/24\/aliou-cisse-la-situation-de-sadio-mane-en-club-ne-ma-jamais-inquiete\/","og_locale":"fr_FR","og_type":"article","og_title":"ALIOU CISS\u00c9 - \"La situation de Sadio Man\u00e9 en club ne m'a jamais inqui\u00e9t\u00e9\"","og_description":"NETTALI.COM - Muet avec le Bayern Munich en cinq matchs d'affil\u00e9e, Sadio Man\u00e9 a inscrit ce samedi le second but des Lions lors de la victoire du S\u00e9n\u00e9gal 2-0 en amical devant la Bolivie. En conf\u00e9rence de presse, Aliou Ciss\u00e9 estime que le manque d'efficacit\u00e9 en club de son leader technique ne l'a jamais inqui\u00e9t\u00e9. [&hellip;]","og_url":"https:\/\/www.nettali.com\/2022\/09\/24\/aliou-cisse-la-situation-de-sadio-mane-en-club-ne-ma-jamais-inquiete\/","og_site_name":"Nettali.com","article_publisher":"https:\/\/www.facebook.com\/nettalicom","article_published_time":"2022-09-24T23:11:28+00:00","og_image":[{"width":650,"height":424,"url":"https:\/\/www.nettali.com\/wp-content\/uploads\/2022\/09\/Sadio-Mane-3-e1655065060865.jpg","type":"image\/jpeg"}],"twitter_card":"summary_large_image","twitter_misc":{"\u00c9crit par":"Ibrahima","Dur\u00e9e de lecture estim\u00e9e":"1 minute"},"schema":{"@context":"https:\/\/schema.org","@graph":[{"@type":"WebSite","@id":"https:\/\/www.nettali.com\/#website","url":"https:\/\/www.nettali.com\/","name":"Nettali.com","description":"Le rendez-vous critique du Net","potentialAction":[{"@type":"SearchAction","target":{"@type":"EntryPoint","urlTemplate":"https:\/\/www.nettali.com\/?s={search_term_string}"},"query-input":"required name=search_term_string"}],"inLanguage":"fr-FR"},{"@type":"ImageObject","@id":"https:\/\/www.nettali.com\/2022\/09\/24\/aliou-cisse-la-situation-de-sadio-mane-en-club-ne-ma-jamais-inquiete\/#primaryimage","inLanguage":"fr-FR","url":"https:\/\/www.nettali.com\/wp-content\/uploads\/2022\/09\/Sadio-Mane-3-e1655065060865.jpg","contentUrl":"https:\/\/www.nettali.com\/wp-content\/uploads\/2022\/09\/Sadio-Mane-3-e1655065060865.jpg","width":650,"height":424},{"@type":"WebPage","@id":"https:\/\/www.nettali.com\/2022\/09\/24\/aliou-cisse-la-situation-de-sadio-mane-en-club-ne-ma-jamais-inquiete\/#webpage","url":"https:\/\/www.nettali.com\/2022\/09\/24\/aliou-cisse-la-situation-de-sadio-mane-en-club-ne-ma-jamais-inquiete\/","name":"ALIOU CISS\u00c9 - \"La situation de Sadio Man\u00e9 en club ne m'a jamais inqui\u00e9t\u00e9\" | Nettali.com","isPartOf":{"@id":"https:\/\/www.nettali.com\/#website"},"primaryImageOfPage":{"@id":"https:\/\/www.nettali.com\/2022\/09\/24\/aliou-cisse-la-situation-de-sadio-mane-en-club-ne-ma-jamais-inquiete\/#primaryimage"},"datePublished":"2022-09-24T23:11:28+00:00","dateModified":"2022-09-24T23:11:28+00:00","author":{"@id":"https:\/\/www.nettali.com\/#\/schema\/person\/bb147657c2986240405a608162b9bb23"},"breadcrumb":{"@id":"https:\/\/www.nettali.com\/2022\/09\/24\/aliou-cisse-la-situation-de-sadio-mane-en-club-ne-ma-jamais-inquiete\/#breadcrumb"},"inLanguage":"fr-FR","potentialAction":[{"@type":"ReadAction","target":["https:\/\/www.nettali.com\/2022\/09\/24\/aliou-cisse-la-situation-de-sadio-mane-en-club-ne-ma-jamais-inquiete\/"]}]},{"@type":"BreadcrumbList","@id":"https:\/\/www.nettali.com\/2022\/09\/24\/aliou-cisse-la-situation-de-sadio-mane-en-club-ne-ma-jamais-inquiete\/#breadcrumb","itemListElement":[{"@type":"ListItem","position":1,"name":"Accueil","item":"https:\/\/www.nettali.com\/"},{"@type":"ListItem","position":2,"name":"ALIOU CISS\u00c9 - \"La situation de Sadio Man\u00e9 en club ne m'a jamais inqui\u00e9t\u00e9\""}]},{"@type":"Person","@id":"https:\/\/www.nettali.com\/#\/schema\/person\/bb147657c2986240405a608162b9bb23","name":"Ibrahima","image":{"@type":"ImageObject","@id":"https:\/\/www.nettali.com\/#personlogo","inLanguage":"fr-FR","url":"https:\/\/secure.gravatar.com\/avatar\/26a8a81f09f0dd7624c9d5c36c9ba3a2?s=96&d=mm&r=g","contentUrl":"https:\/\/secure.gravatar.com\/avatar\/26a8a81f09f0dd7624c9d5c36c9ba3a2?s=96&d=mm&r=g","caption":"Ibrahima"},"sameAs":["https:\/\/www.nettali.com"]}]}},"_links":{"self":[{"href":"https:\/\/www.nettali.com\/rest\/wp\/v2\/posts\/94477"}],"collection":[{"href":"https:\/\/www.nettali.com\/rest\/wp\/v2\/posts"}],"about":[{"href":"https:\/\/www.nettali.com\/rest\/wp\/v2\/types\/post"}],"author":[{"embeddable":true,"href":"https:\/\/www.nettali.com\/rest\/wp\/v2\/users\/5"}],"replies":[{"embeddable":true,"href":"https:\/\/www.nettali.com\/rest\/wp\/v2\/comments?post=94477"}],"version-history":[{"count":1,"href":"https:\/\/www.nettali.com\/rest\/wp\/v2\/posts\/94477\/revisions"}],"predecessor-version":[{"id":94481,"href":"https:\/\/www.nettali.com\/rest\/wp\/v2\/posts\/94477\/revisions\/94481"}],"wp:featuredmedia":[{"embeddable":true,"href":"https:\/\/www.nettali.com\/rest\/wp\/v2\/media\/94480"}],"wp:attachment":[{"href":"https:\/\/www.nettali.com\/rest\/wp\/v2\/media?parent=94477"}],"wp:term":[{"taxonomy":"category","embeddable":true,"href":"https:\/\/www.nettali.com\/rest\/wp\/v2\/categories?post=94477"},{"taxonomy":"post_tag","embeddable":true,"href":"https:\/\/www.nettali.com\/rest\/wp\/v2\/tags?post=94477"}],"curies":[{"name":"wp","href":"https:\/\/api.w.org\/{rel}","templated":true}]}}