{"id":94347,"date":"2022-09-22T16:41:21","date_gmt":"2022-09-22T16:41:21","guid":{"rendered":"https:\/\/www.nettali.com\/?p=94347"},"modified":"2022-09-22T16:41:21","modified_gmt":"2022-09-22T16:41:21","slug":"limitation-de-mandat-lappel-de-bukhari-a-macky-et-cie-depuis-la-tribune-des-nations-unies","status":"publish","type":"post","link":"https:\/\/www.nettali.com\/2022\/09\/22\/limitation-de-mandat-lappel-de-bukhari-a-macky-et-cie-depuis-la-tribune-des-nations-unies\/","title":{"rendered":"LIMITATION DE MANDAT - L'appel de Bukhari \u00e0 Macky et Cie depuis la tribune des Nations Unies"},"content":{"rendered":"<div class=\"texte\">\n<div><strong>NETTALI.COM - Le pr\u00e9sident du Nig\u00e9ria, Muhamadu Buhari, a appel\u00e9 les pr\u00e9sidents d'Afrique de l'Ouest \u00e0 respecter la limitation des mandats \u00e9dict\u00e9e par leurs constitutions respectives.\u00a0 Il a tenu ce discours du haut de la tribune des Nations Unies.<\/strong><\/div>\n<div><\/div>\n<div class=\"access firstletter\">Le pr\u00e9sident du Nigeria, Muhamadu Buhari, appelle les pr\u00e9sidents d'Afrique de l'Ouest \u00e0 respecter la limite constitutionnelle de leur mandat.<\/div>\n<div>\n<p>S'exprimant lors de sa derni\u00e8re Assembl\u00e9e g\u00e9n\u00e9rale des Nations Unies, M. Buhari d\u00e9clare :\u00a0<em>\"Nous croyons au caract\u00e8re sacr\u00e9 de la limitation constitutionnelle des mandats et nous l'avons respect\u00e9e avec constance au Nigeria. Nous avons vu l'impact corrosif sur les valeurs lorsque des dirigeants, ailleurs, cherchent \u00e0 changer les r\u00e8gles pour rester au pouvoir\". <\/em><\/p>\n<p><em>\"En tant que pr\u00e9sident, je me suis fix\u00e9 comme objectif que l'un des h\u00e9ritages durables que j'aimerais laisser est d'ancrer un processus d'\u00e9lections libres, \u00e9quitables, transparentes et cr\u00e9dibles gr\u00e2ce auquel les Nig\u00e9rians \u00e9lisent les dirigeants de leur choix. Il est important qu'en tant que dirigeants de nos diff\u00e9rents \u00c9tats membres de la CEDEAO, nous respections les dispositions constitutionnelles de nos pays, notamment en ce qui concerne la limitation des mandats. C'est un domaine qui g\u00e9n\u00e8re des crises et des tensions politiques dans notre sous-r\u00e9gion \u00bb<\/em>, a-t-il d\u00e9clar\u00e9 \u00e0 la tribune des Nations Unies.<\/p>\n<\/div>\n<div class=\"access firstletter\">Cette d\u00e9claration fait suite \u00e0 la d\u00e9cision du pr\u00e9sident ivoirien Alassane Ouattara et du pr\u00e9sident guin\u00e9en, Alpha Cond\u00e9, de se pr\u00e9senter pour un troisi\u00e8me mandat dans leurs pays respectifs. Mais aussi, au moment o\u00f9 le d\u00e9bat sur le 3e mandat de Macky Sall fait rage au S\u00e9n\u00e9gal.<\/div>\n<div class=\"access firstletter\"><\/div>\n<\/div>\n<div class=\"hide_module_inside\">\n<div id=\"mod_4047092\" class=\"mod_4047092 wm-module fullbackground  module-article_connexe\">\n<div class=\"entete\"><\/div>\n<\/div>\n<\/div>\n<div class='share-to-whatsapp-wrapper'><div class='share-on-whsp'>PARTAGER SUR : <\/div><a data-text='LIMITATION DE MANDAT - L'appel de Bukhari \u00e0 Macky et Cie depuis la tribune des Nations Unies' data-link='https:\/\/www.nettali.com\/2022\/09\/22\/limitation-de-mandat-lappel-de-bukhari-a-macky-et-cie-depuis-la-tribune-des-nations-unies\/' class='whatsapp-button whatsapp-share'>WhatsApp<\/a><div class='clear '><\/div><\/div>","protected":false},"excerpt":{"rendered":"<p>NETTALI.COM - Le pr\u00e9sident du Nig\u00e9ria, Muhamadu Buhari, a appel\u00e9 les pr\u00e9sidents d'Afrique de l'Ouest \u00e0 respecter la limitation des mandats \u00e9dict\u00e9e par leurs constitutions respectives.\u00a0 Il a tenu ce discours du haut de la tribune des Nations Unies. Le pr\u00e9sident du Nigeria, Muhamadu Buhari, appelle les pr\u00e9sidents d'Afrique de l'Ouest \u00e0 respecter la limite [&hellip;]<\/p>\n","protected":false},"author":4,"featured_media":94348,"comment_status":"open","ping_status":"open","sticky":false,"template":"","format":"standard","meta":{"_et_pb_use_builder":"","_et_pb_old_content":""},"categories":[2],"tags":[],"yoast_head":"<!-- This site is optimized with the Yoast SEO Premium plugin v17.8 (Yoast SEO v17.8) - https:\/\/yoast.com\/wordpress\/plugins\/seo\/ -->\n<title>LIMITATION DE MANDAT - L&#039;appel de Bukhari \u00e0 Macky et Cie depuis la tribune des Nations Unies | Nettali.com<\/title>\n<meta name=\"robots\" content=\"index, follow, max-snippet:-1, max-image-preview:large, max-video-preview:-1\" \/>\n<link rel=\"canonical\" href=\"https:\/\/www.nettali.com\/2022\/09\/22\/limitation-de-mandat-lappel-de-bukhari-a-macky-et-cie-depuis-la-tribune-des-nations-unies\/\" \/>\n<meta property=\"og:locale\" content=\"fr_FR\" \/>\n<meta property=\"og:type\" content=\"article\" \/>\n<meta property=\"og:title\" content=\"LIMITATION DE MANDAT - L&#039;appel de Bukhari \u00e0 Macky et Cie depuis la tribune des Nations Unies\" \/>\n<meta property=\"og:description\" content=\"NETTALI.COM - Le pr\u00e9sident du Nig\u00e9ria, Muhamadu Buhari, a appel\u00e9 les pr\u00e9sidents d&#039;Afrique de l&#039;Ouest \u00e0 respecter la limitation des mandats \u00e9dict\u00e9e par leurs constitutions respectives.\u00a0 Il a tenu ce discours du haut de la tribune des Nations Unies. Le pr\u00e9sident du Nigeria, Muhamadu Buhari, appelle les pr\u00e9sidents d&#039;Afrique de l&#039;Ouest \u00e0 respecter la limite [&hellip;]\" \/>\n<meta property=\"og:url\" content=\"https:\/\/www.nettali.com\/2022\/09\/22\/limitation-de-mandat-lappel-de-bukhari-a-macky-et-cie-depuis-la-tribune-des-nations-unies\/\" \/>\n<meta property=\"og:site_name\" content=\"Nettali.com\" \/>\n<meta property=\"article:publisher\" content=\"https:\/\/www.facebook.com\/nettalicom\" \/>\n<meta property=\"article:published_time\" content=\"2022-09-22T16:41:21+00:00\" \/>\n<meta property=\"og:image\" content=\"https:\/\/www.nettali.com\/wp-content\/uploads\/2022\/09\/Bukhari.jpeg\" \/>\n\t<meta property=\"og:image:width\" content=\"1200\" \/>\n\t<meta property=\"og:image:height\" content=\"800\" \/>\n<meta name=\"twitter:card\" content=\"summary_large_image\" \/>\n<meta name=\"twitter:label1\" content=\"\u00c9crit par\" \/>\n\t<meta name=\"twitter:data1\" content=\"Daouda\" \/>\n\t<meta name=\"twitter:label2\" content=\"Dur\u00e9e de lecture estim\u00e9e\" \/>\n\t<meta name=\"twitter:data2\" content=\"2 minutes\" \/>\n<script type=\"application\/ld+json\" class=\"yoast-schema-graph\">{\"@context\":\"https:\/\/schema.org\",\"@graph\":[{\"@type\":\"WebSite\",\"@id\":\"https:\/\/www.nettali.com\/#website\",\"url\":\"https:\/\/www.nettali.com\/\",\"name\":\"Nettali.com\",\"description\":\"Le rendez-vous critique du Net\",\"potentialAction\":[{\"@type\":\"SearchAction\",\"target\":{\"@type\":\"EntryPoint\",\"urlTemplate\":\"https:\/\/www.nettali.com\/?s={search_term_string}\"},\"query-input\":\"required name=search_term_string\"}],\"inLanguage\":\"fr-FR\"},{\"@type\":\"ImageObject\",\"@id\":\"https:\/\/www.nettali.com\/2022\/09\/22\/limitation-de-mandat-lappel-de-bukhari-a-macky-et-cie-depuis-la-tribune-des-nations-unies\/#primaryimage\",\"inLanguage\":\"fr-FR\",\"url\":\"https:\/\/www.nettali.com\/wp-content\/uploads\/2022\/09\/Bukhari.jpeg\",\"contentUrl\":\"https:\/\/www.nettali.com\/wp-content\/uploads\/2022\/09\/Bukhari.jpeg\",\"width\":1200,\"height\":800},{\"@type\":\"WebPage\",\"@id\":\"https:\/\/www.nettali.com\/2022\/09\/22\/limitation-de-mandat-lappel-de-bukhari-a-macky-et-cie-depuis-la-tribune-des-nations-unies\/#webpage\",\"url\":\"https:\/\/www.nettali.com\/2022\/09\/22\/limitation-de-mandat-lappel-de-bukhari-a-macky-et-cie-depuis-la-tribune-des-nations-unies\/\",\"name\":\"LIMITATION DE MANDAT - L'appel de Bukhari \\u00e0 Macky et Cie depuis la tribune des Nations Unies | Nettali.com\",\"isPartOf\":{\"@id\":\"https:\/\/www.nettali.com\/#website\"},\"primaryImageOfPage\":{\"@id\":\"https:\/\/www.nettali.com\/2022\/09\/22\/limitation-de-mandat-lappel-de-bukhari-a-macky-et-cie-depuis-la-tribune-des-nations-unies\/#primaryimage\"},\"datePublished\":\"2022-09-22T16:41:21+00:00\",\"dateModified\":\"2022-09-22T16:41:21+00:00\",\"author\":{\"@id\":\"https:\/\/www.nettali.com\/#\/schema\/person\/3317e0bb3aa1da309fbf7b2780901bf4\"},\"breadcrumb\":{\"@id\":\"https:\/\/www.nettali.com\/2022\/09\/22\/limitation-de-mandat-lappel-de-bukhari-a-macky-et-cie-depuis-la-tribune-des-nations-unies\/#breadcrumb\"},\"inLanguage\":\"fr-FR\",\"potentialAction\":[{\"@type\":\"ReadAction\",\"target\":[\"https:\/\/www.nettali.com\/2022\/09\/22\/limitation-de-mandat-lappel-de-bukhari-a-macky-et-cie-depuis-la-tribune-des-nations-unies\/\"]}]},{\"@type\":\"BreadcrumbList\",\"@id\":\"https:\/\/www.nettali.com\/2022\/09\/22\/limitation-de-mandat-lappel-de-bukhari-a-macky-et-cie-depuis-la-tribune-des-nations-unies\/#breadcrumb\",\"itemListElement\":[{\"@type\":\"ListItem\",\"position\":1,\"name\":\"Accueil\",\"item\":\"https:\/\/www.nettali.com\/\"},{\"@type\":\"ListItem\",\"position\":2,\"name\":\"LIMITATION DE MANDAT - L'appel de Bukhari \\u00e0 Macky et Cie depuis la tribune des Nations Unies\"}]},{\"@type\":\"Person\",\"@id\":\"https:\/\/www.nettali.com\/#\/schema\/person\/3317e0bb3aa1da309fbf7b2780901bf4\",\"name\":\"Daouda\",\"image\":{\"@type\":\"ImageObject\",\"@id\":\"https:\/\/www.nettali.com\/#personlogo\",\"inLanguage\":\"fr-FR\",\"url\":\"https:\/\/secure.gravatar.com\/avatar\/8d143b5a49345098ddcfee1c49c2f47c?s=96&d=mm&r=g\",\"contentUrl\":\"https:\/\/secure.gravatar.com\/avatar\/8d143b5a49345098ddcfee1c49c2f47c?s=96&d=mm&r=g\",\"caption\":\"Daouda\"},\"sameAs\":[\"https:\/\/www.nettali.com\"]}]}<\/script>\n<!-- \/ Yoast SEO Premium plugin. -->","yoast_head_json":{"title":"LIMITATION DE MANDAT - L'appel de Bukhari \u00e0 Macky et Cie depuis la tribune des Nations Unies | Nettali.com","robots":{"index":"index","follow":"follow","max-snippet":"max-snippet:-1","max-image-preview":"max-image-preview:large","max-video-preview":"max-video-preview:-1"},"canonical":"https:\/\/www.nettali.com\/2022\/09\/22\/limitation-de-mandat-lappel-de-bukhari-a-macky-et-cie-depuis-la-tribune-des-nations-unies\/","og_locale":"fr_FR","og_type":"article","og_title":"LIMITATION DE MANDAT - L'appel de Bukhari \u00e0 Macky et Cie depuis la tribune des Nations Unies","og_description":"NETTALI.COM - Le pr\u00e9sident du Nig\u00e9ria, Muhamadu Buhari, a appel\u00e9 les pr\u00e9sidents d'Afrique de l'Ouest \u00e0 respecter la limitation des mandats \u00e9dict\u00e9e par leurs constitutions respectives.\u00a0 Il a tenu ce discours du haut de la tribune des Nations Unies. Le pr\u00e9sident du Nigeria, Muhamadu Buhari, appelle les pr\u00e9sidents d'Afrique de l'Ouest \u00e0 respecter la limite [&hellip;]","og_url":"https:\/\/www.nettali.com\/2022\/09\/22\/limitation-de-mandat-lappel-de-bukhari-a-macky-et-cie-depuis-la-tribune-des-nations-unies\/","og_site_name":"Nettali.com","article_publisher":"https:\/\/www.facebook.com\/nettalicom","article_published_time":"2022-09-22T16:41:21+00:00","og_image":[{"width":1200,"height":800,"url":"https:\/\/www.nettali.com\/wp-content\/uploads\/2022\/09\/Bukhari.jpeg","type":"image\/jpeg"}],"twitter_card":"summary_large_image","twitter_misc":{"\u00c9crit par":"Daouda","Dur\u00e9e de lecture estim\u00e9e":"2 minutes"},"schema":{"@context":"https:\/\/schema.org","@graph":[{"@type":"WebSite","@id":"https:\/\/www.nettali.com\/#website","url":"https:\/\/www.nettali.com\/","name":"Nettali.com","description":"Le rendez-vous critique du Net","potentialAction":[{"@type":"SearchAction","target":{"@type":"EntryPoint","urlTemplate":"https:\/\/www.nettali.com\/?s={search_term_string}"},"query-input":"required name=search_term_string"}],"inLanguage":"fr-FR"},{"@type":"ImageObject","@id":"https:\/\/www.nettali.com\/2022\/09\/22\/limitation-de-mandat-lappel-de-bukhari-a-macky-et-cie-depuis-la-tribune-des-nations-unies\/#primaryimage","inLanguage":"fr-FR","url":"https:\/\/www.nettali.com\/wp-content\/uploads\/2022\/09\/Bukhari.jpeg","contentUrl":"https:\/\/www.nettali.com\/wp-content\/uploads\/2022\/09\/Bukhari.jpeg","width":1200,"height":800},{"@type":"WebPage","@id":"https:\/\/www.nettali.com\/2022\/09\/22\/limitation-de-mandat-lappel-de-bukhari-a-macky-et-cie-depuis-la-tribune-des-nations-unies\/#webpage","url":"https:\/\/www.nettali.com\/2022\/09\/22\/limitation-de-mandat-lappel-de-bukhari-a-macky-et-cie-depuis-la-tribune-des-nations-unies\/","name":"LIMITATION DE MANDAT - L'appel de Bukhari \u00e0 Macky et Cie depuis la tribune des Nations Unies | Nettali.com","isPartOf":{"@id":"https:\/\/www.nettali.com\/#website"},"primaryImageOfPage":{"@id":"https:\/\/www.nettali.com\/2022\/09\/22\/limitation-de-mandat-lappel-de-bukhari-a-macky-et-cie-depuis-la-tribune-des-nations-unies\/#primaryimage"},"datePublished":"2022-09-22T16:41:21+00:00","dateModified":"2022-09-22T16:41:21+00:00","author":{"@id":"https:\/\/www.nettali.com\/#\/schema\/person\/3317e0bb3aa1da309fbf7b2780901bf4"},"breadcrumb":{"@id":"https:\/\/www.nettali.com\/2022\/09\/22\/limitation-de-mandat-lappel-de-bukhari-a-macky-et-cie-depuis-la-tribune-des-nations-unies\/#breadcrumb"},"inLanguage":"fr-FR","potentialAction":[{"@type":"ReadAction","target":["https:\/\/www.nettali.com\/2022\/09\/22\/limitation-de-mandat-lappel-de-bukhari-a-macky-et-cie-depuis-la-tribune-des-nations-unies\/"]}]},{"@type":"BreadcrumbList","@id":"https:\/\/www.nettali.com\/2022\/09\/22\/limitation-de-mandat-lappel-de-bukhari-a-macky-et-cie-depuis-la-tribune-des-nations-unies\/#breadcrumb","itemListElement":[{"@type":"ListItem","position":1,"name":"Accueil","item":"https:\/\/www.nettali.com\/"},{"@type":"ListItem","position":2,"name":"LIMITATION DE MANDAT - L'appel de Bukhari \u00e0 Macky et Cie depuis la tribune des Nations Unies"}]},{"@type":"Person","@id":"https:\/\/www.nettali.com\/#\/schema\/person\/3317e0bb3aa1da309fbf7b2780901bf4","name":"Daouda","image":{"@type":"ImageObject","@id":"https:\/\/www.nettali.com\/#personlogo","inLanguage":"fr-FR","url":"https:\/\/secure.gravatar.com\/avatar\/8d143b5a49345098ddcfee1c49c2f47c?s=96&d=mm&r=g","contentUrl":"https:\/\/secure.gravatar.com\/avatar\/8d143b5a49345098ddcfee1c49c2f47c?s=96&d=mm&r=g","caption":"Daouda"},"sameAs":["https:\/\/www.nettali.com"]}]}},"_links":{"self":[{"href":"https:\/\/www.nettali.com\/rest\/wp\/v2\/posts\/94347"}],"collection":[{"href":"https:\/\/www.nettali.com\/rest\/wp\/v2\/posts"}],"about":[{"href":"https:\/\/www.nettali.com\/rest\/wp\/v2\/types\/post"}],"author":[{"embeddable":true,"href":"https:\/\/www.nettali.com\/rest\/wp\/v2\/users\/4"}],"replies":[{"embeddable":true,"href":"https:\/\/www.nettali.com\/rest\/wp\/v2\/comments?post=94347"}],"version-history":[{"count":1,"href":"https:\/\/www.nettali.com\/rest\/wp\/v2\/posts\/94347\/revisions"}],"predecessor-version":[{"id":94349,"href":"https:\/\/www.nettali.com\/rest\/wp\/v2\/posts\/94347\/revisions\/94349"}],"wp:featuredmedia":[{"embeddable":true,"href":"https:\/\/www.nettali.com\/rest\/wp\/v2\/media\/94348"}],"wp:attachment":[{"href":"https:\/\/www.nettali.com\/rest\/wp\/v2\/media?parent=94347"}],"wp:term":[{"taxonomy":"category","embeddable":true,"href":"https:\/\/www.nettali.com\/rest\/wp\/v2\/categories?post=94347"},{"taxonomy":"post_tag","embeddable":true,"href":"https:\/\/www.nettali.com\/rest\/wp\/v2\/tags?post=94347"}],"curies":[{"name":"wp","href":"https:\/\/api.w.org\/{rel}","templated":true}]}}