{"id":94340,"date":"2022-09-22T12:47:46","date_gmt":"2022-09-22T12:47:46","guid":{"rendered":"https:\/\/www.nettali.com\/?p=94340"},"modified":"2022-09-22T12:47:46","modified_gmt":"2022-09-22T12:47:46","slug":"deux-morts-sur-la-vdn-le-chauffard-du-camion-fou-se-confesse","status":"publish","type":"post","link":"https:\/\/www.nettali.com\/2022\/09\/22\/deux-morts-sur-la-vdn-le-chauffard-du-camion-fou-se-confesse\/","title":{"rendered":"DEUX MORTS SUR LA VDN - Le chauffard du camion fou se confesse"},"content":{"rendered":"<p><strong>NETTALI.COM - Le chauffeur du camion sans frein qui a occasionn\u00e9 la mort de deux personnes sur la VDN est en garde \u00e0 vue au commissariat central. Il se nomme Fallou Dieng et est \u00e2g\u00e9 de 27 ans. D\u2019apr\u00e8s Lib\u00e9ration, il a reconnu les faits et d\u00e9crit les circonstances de l\u2019accident.<\/strong><\/p>\n<p>Avec son lourd bilan : deux morts (un homme et une femme) et une dame gri\u00e8vement bless\u00e9e, l'accident survenu ce mardi sur la Voie de D\u00e9gagement Nord (VDN) a choqu\u00e9 plus d'un.<\/p>\n<p>Dans les liens de la d\u00e9tention, Fallou Dieng a d\u00e9clar\u00e9 qu\u2019il roulait \u00e0 vive allure et lorsqu\u2019il a voulu freiner \u00e0 hauteur du lieu de l\u2019accident, les freins ne r\u00e9pondaient plus. Il ajoute que c\u2019est en essayant de man\u0153uvrer qu\u2019il a percut\u00e9 ses trois victimes.<\/p>\n<p>Le journal r\u00e9v\u00e8le que le mis en cause sera pr\u00e9sent\u00e9 au procureur ce jeudi pour homicides et blessures involontaires, et mise en danger de la vie d\u2019autrui.<\/p>\n<div class='share-to-whatsapp-wrapper'><div class='share-on-whsp'>PARTAGER SUR : <\/div><a data-text='DEUX MORTS SUR LA VDN - Le chauffard du camion fou se confesse' data-link='https:\/\/www.nettali.com\/2022\/09\/22\/deux-morts-sur-la-vdn-le-chauffard-du-camion-fou-se-confesse\/' class='whatsapp-button whatsapp-share'>WhatsApp<\/a><div class='clear '><\/div><\/div>","protected":false},"excerpt":{"rendered":"<p>NETTALI.COM - Le chauffeur du camion sans frein qui a occasionn\u00e9 la mort de deux personnes sur la VDN est en garde \u00e0 vue au commissariat central. Il se nomme Fallou Dieng et est \u00e2g\u00e9 de 27 ans. D\u2019apr\u00e8s Lib\u00e9ration, il a reconnu les faits et d\u00e9crit les circonstances de l\u2019accident. Avec son lourd bilan [&hellip;]<\/p>\n","protected":false},"author":5,"featured_media":94275,"comment_status":"open","ping_status":"open","sticky":false,"template":"","format":"standard","meta":{"_et_pb_use_builder":"","_et_pb_old_content":""},"categories":[3],"tags":[],"yoast_head":"<!-- This site is optimized with the Yoast SEO Premium plugin v17.8 (Yoast SEO v17.8) - https:\/\/yoast.com\/wordpress\/plugins\/seo\/ -->\n<title>DEUX MORTS SUR LA VDN - Le chauffard du camion fou se confesse | Nettali.com<\/title>\n<meta name=\"robots\" content=\"index, follow, max-snippet:-1, max-image-preview:large, max-video-preview:-1\" \/>\n<link rel=\"canonical\" href=\"https:\/\/www.nettali.com\/2022\/09\/22\/deux-morts-sur-la-vdn-le-chauffard-du-camion-fou-se-confesse\/\" \/>\n<meta property=\"og:locale\" content=\"fr_FR\" \/>\n<meta property=\"og:type\" content=\"article\" \/>\n<meta property=\"og:title\" content=\"DEUX MORTS SUR LA VDN - Le chauffard du camion fou se confesse\" \/>\n<meta property=\"og:description\" content=\"NETTALI.COM - Le chauffeur du camion sans frein qui a occasionn\u00e9 la mort de deux personnes sur la VDN est en garde \u00e0 vue au commissariat central. Il se nomme Fallou Dieng et est \u00e2g\u00e9 de 27 ans. D\u2019apr\u00e8s Lib\u00e9ration, il a reconnu les faits et d\u00e9crit les circonstances de l\u2019accident. Avec son lourd bilan [&hellip;]\" \/>\n<meta property=\"og:url\" content=\"https:\/\/www.nettali.com\/2022\/09\/22\/deux-morts-sur-la-vdn-le-chauffard-du-camion-fou-se-confesse\/\" \/>\n<meta property=\"og:site_name\" content=\"Nettali.com\" \/>\n<meta property=\"article:publisher\" content=\"https:\/\/www.facebook.com\/nettalicom\" \/>\n<meta property=\"article:published_time\" content=\"2022-09-22T12:47:46+00:00\" \/>\n<meta property=\"og:image\" content=\"https:\/\/www.nettali.com\/wp-content\/uploads\/2022\/09\/67475067-47708037_2.jpg\" \/>\n\t<meta property=\"og:image:width\" content=\"720\" \/>\n\t<meta property=\"og:image:height\" content=\"363\" \/>\n<meta name=\"twitter:card\" content=\"summary_large_image\" \/>\n<meta name=\"twitter:label1\" content=\"\u00c9crit par\" \/>\n\t<meta name=\"twitter:data1\" content=\"Ibrahima\" \/>\n\t<meta name=\"twitter:label2\" content=\"Dur\u00e9e de lecture estim\u00e9e\" \/>\n\t<meta name=\"twitter:data2\" content=\"1 minute\" \/>\n<script type=\"application\/ld+json\" class=\"yoast-schema-graph\">{\"@context\":\"https:\/\/schema.org\",\"@graph\":[{\"@type\":\"WebSite\",\"@id\":\"https:\/\/www.nettali.com\/#website\",\"url\":\"https:\/\/www.nettali.com\/\",\"name\":\"Nettali.com\",\"description\":\"Le rendez-vous critique du Net\",\"potentialAction\":[{\"@type\":\"SearchAction\",\"target\":{\"@type\":\"EntryPoint\",\"urlTemplate\":\"https:\/\/www.nettali.com\/?s={search_term_string}\"},\"query-input\":\"required name=search_term_string\"}],\"inLanguage\":\"fr-FR\"},{\"@type\":\"ImageObject\",\"@id\":\"https:\/\/www.nettali.com\/2022\/09\/22\/deux-morts-sur-la-vdn-le-chauffard-du-camion-fou-se-confesse\/#primaryimage\",\"inLanguage\":\"fr-FR\",\"url\":\"https:\/\/www.nettali.com\/wp-content\/uploads\/2022\/09\/67475067-47708037_2.jpg\",\"contentUrl\":\"https:\/\/www.nettali.com\/wp-content\/uploads\/2022\/09\/67475067-47708037_2.jpg\",\"width\":720,\"height\":363},{\"@type\":\"WebPage\",\"@id\":\"https:\/\/www.nettali.com\/2022\/09\/22\/deux-morts-sur-la-vdn-le-chauffard-du-camion-fou-se-confesse\/#webpage\",\"url\":\"https:\/\/www.nettali.com\/2022\/09\/22\/deux-morts-sur-la-vdn-le-chauffard-du-camion-fou-se-confesse\/\",\"name\":\"DEUX MORTS SUR LA VDN - Le chauffard du camion fou se confesse | Nettali.com\",\"isPartOf\":{\"@id\":\"https:\/\/www.nettali.com\/#website\"},\"primaryImageOfPage\":{\"@id\":\"https:\/\/www.nettali.com\/2022\/09\/22\/deux-morts-sur-la-vdn-le-chauffard-du-camion-fou-se-confesse\/#primaryimage\"},\"datePublished\":\"2022-09-22T12:47:46+00:00\",\"dateModified\":\"2022-09-22T12:47:46+00:00\",\"author\":{\"@id\":\"https:\/\/www.nettali.com\/#\/schema\/person\/bb147657c2986240405a608162b9bb23\"},\"breadcrumb\":{\"@id\":\"https:\/\/www.nettali.com\/2022\/09\/22\/deux-morts-sur-la-vdn-le-chauffard-du-camion-fou-se-confesse\/#breadcrumb\"},\"inLanguage\":\"fr-FR\",\"potentialAction\":[{\"@type\":\"ReadAction\",\"target\":[\"https:\/\/www.nettali.com\/2022\/09\/22\/deux-morts-sur-la-vdn-le-chauffard-du-camion-fou-se-confesse\/\"]}]},{\"@type\":\"BreadcrumbList\",\"@id\":\"https:\/\/www.nettali.com\/2022\/09\/22\/deux-morts-sur-la-vdn-le-chauffard-du-camion-fou-se-confesse\/#breadcrumb\",\"itemListElement\":[{\"@type\":\"ListItem\",\"position\":1,\"name\":\"Accueil\",\"item\":\"https:\/\/www.nettali.com\/\"},{\"@type\":\"ListItem\",\"position\":2,\"name\":\"DEUX MORTS SUR LA VDN - Le chauffard du camion fou se confesse\"}]},{\"@type\":\"Person\",\"@id\":\"https:\/\/www.nettali.com\/#\/schema\/person\/bb147657c2986240405a608162b9bb23\",\"name\":\"Ibrahima\",\"image\":{\"@type\":\"ImageObject\",\"@id\":\"https:\/\/www.nettali.com\/#personlogo\",\"inLanguage\":\"fr-FR\",\"url\":\"https:\/\/secure.gravatar.com\/avatar\/26a8a81f09f0dd7624c9d5c36c9ba3a2?s=96&d=mm&r=g\",\"contentUrl\":\"https:\/\/secure.gravatar.com\/avatar\/26a8a81f09f0dd7624c9d5c36c9ba3a2?s=96&d=mm&r=g\",\"caption\":\"Ibrahima\"},\"sameAs\":[\"https:\/\/www.nettali.com\"]}]}<\/script>\n<!-- \/ Yoast SEO Premium plugin. -->","yoast_head_json":{"title":"DEUX MORTS SUR LA VDN - Le chauffard du camion fou se confesse | Nettali.com","robots":{"index":"index","follow":"follow","max-snippet":"max-snippet:-1","max-image-preview":"max-image-preview:large","max-video-preview":"max-video-preview:-1"},"canonical":"https:\/\/www.nettali.com\/2022\/09\/22\/deux-morts-sur-la-vdn-le-chauffard-du-camion-fou-se-confesse\/","og_locale":"fr_FR","og_type":"article","og_title":"DEUX MORTS SUR LA VDN - Le chauffard du camion fou se confesse","og_description":"NETTALI.COM - Le chauffeur du camion sans frein qui a occasionn\u00e9 la mort de deux personnes sur la VDN est en garde \u00e0 vue au commissariat central. Il se nomme Fallou Dieng et est \u00e2g\u00e9 de 27 ans. D\u2019apr\u00e8s Lib\u00e9ration, il a reconnu les faits et d\u00e9crit les circonstances de l\u2019accident. Avec son lourd bilan [&hellip;]","og_url":"https:\/\/www.nettali.com\/2022\/09\/22\/deux-morts-sur-la-vdn-le-chauffard-du-camion-fou-se-confesse\/","og_site_name":"Nettali.com","article_publisher":"https:\/\/www.facebook.com\/nettalicom","article_published_time":"2022-09-22T12:47:46+00:00","og_image":[{"width":720,"height":363,"url":"https:\/\/www.nettali.com\/wp-content\/uploads\/2022\/09\/67475067-47708037_2.jpg","type":"image\/jpeg"}],"twitter_card":"summary_large_image","twitter_misc":{"\u00c9crit par":"Ibrahima","Dur\u00e9e de lecture estim\u00e9e":"1 minute"},"schema":{"@context":"https:\/\/schema.org","@graph":[{"@type":"WebSite","@id":"https:\/\/www.nettali.com\/#website","url":"https:\/\/www.nettali.com\/","name":"Nettali.com","description":"Le rendez-vous critique du Net","potentialAction":[{"@type":"SearchAction","target":{"@type":"EntryPoint","urlTemplate":"https:\/\/www.nettali.com\/?s={search_term_string}"},"query-input":"required name=search_term_string"}],"inLanguage":"fr-FR"},{"@type":"ImageObject","@id":"https:\/\/www.nettali.com\/2022\/09\/22\/deux-morts-sur-la-vdn-le-chauffard-du-camion-fou-se-confesse\/#primaryimage","inLanguage":"fr-FR","url":"https:\/\/www.nettali.com\/wp-content\/uploads\/2022\/09\/67475067-47708037_2.jpg","contentUrl":"https:\/\/www.nettali.com\/wp-content\/uploads\/2022\/09\/67475067-47708037_2.jpg","width":720,"height":363},{"@type":"WebPage","@id":"https:\/\/www.nettali.com\/2022\/09\/22\/deux-morts-sur-la-vdn-le-chauffard-du-camion-fou-se-confesse\/#webpage","url":"https:\/\/www.nettali.com\/2022\/09\/22\/deux-morts-sur-la-vdn-le-chauffard-du-camion-fou-se-confesse\/","name":"DEUX MORTS SUR LA VDN - Le chauffard du camion fou se confesse | Nettali.com","isPartOf":{"@id":"https:\/\/www.nettali.com\/#website"},"primaryImageOfPage":{"@id":"https:\/\/www.nettali.com\/2022\/09\/22\/deux-morts-sur-la-vdn-le-chauffard-du-camion-fou-se-confesse\/#primaryimage"},"datePublished":"2022-09-22T12:47:46+00:00","dateModified":"2022-09-22T12:47:46+00:00","author":{"@id":"https:\/\/www.nettali.com\/#\/schema\/person\/bb147657c2986240405a608162b9bb23"},"breadcrumb":{"@id":"https:\/\/www.nettali.com\/2022\/09\/22\/deux-morts-sur-la-vdn-le-chauffard-du-camion-fou-se-confesse\/#breadcrumb"},"inLanguage":"fr-FR","potentialAction":[{"@type":"ReadAction","target":["https:\/\/www.nettali.com\/2022\/09\/22\/deux-morts-sur-la-vdn-le-chauffard-du-camion-fou-se-confesse\/"]}]},{"@type":"BreadcrumbList","@id":"https:\/\/www.nettali.com\/2022\/09\/22\/deux-morts-sur-la-vdn-le-chauffard-du-camion-fou-se-confesse\/#breadcrumb","itemListElement":[{"@type":"ListItem","position":1,"name":"Accueil","item":"https:\/\/www.nettali.com\/"},{"@type":"ListItem","position":2,"name":"DEUX MORTS SUR LA VDN - Le chauffard du camion fou se confesse"}]},{"@type":"Person","@id":"https:\/\/www.nettali.com\/#\/schema\/person\/bb147657c2986240405a608162b9bb23","name":"Ibrahima","image":{"@type":"ImageObject","@id":"https:\/\/www.nettali.com\/#personlogo","inLanguage":"fr-FR","url":"https:\/\/secure.gravatar.com\/avatar\/26a8a81f09f0dd7624c9d5c36c9ba3a2?s=96&d=mm&r=g","contentUrl":"https:\/\/secure.gravatar.com\/avatar\/26a8a81f09f0dd7624c9d5c36c9ba3a2?s=96&d=mm&r=g","caption":"Ibrahima"},"sameAs":["https:\/\/www.nettali.com"]}]}},"_links":{"self":[{"href":"https:\/\/www.nettali.com\/rest\/wp\/v2\/posts\/94340"}],"collection":[{"href":"https:\/\/www.nettali.com\/rest\/wp\/v2\/posts"}],"about":[{"href":"https:\/\/www.nettali.com\/rest\/wp\/v2\/types\/post"}],"author":[{"embeddable":true,"href":"https:\/\/www.nettali.com\/rest\/wp\/v2\/users\/5"}],"replies":[{"embeddable":true,"href":"https:\/\/www.nettali.com\/rest\/wp\/v2\/comments?post=94340"}],"version-history":[{"count":1,"href":"https:\/\/www.nettali.com\/rest\/wp\/v2\/posts\/94340\/revisions"}],"predecessor-version":[{"id":94341,"href":"https:\/\/www.nettali.com\/rest\/wp\/v2\/posts\/94340\/revisions\/94341"}],"wp:featuredmedia":[{"embeddable":true,"href":"https:\/\/www.nettali.com\/rest\/wp\/v2\/media\/94275"}],"wp:attachment":[{"href":"https:\/\/www.nettali.com\/rest\/wp\/v2\/media?parent=94340"}],"wp:term":[{"taxonomy":"category","embeddable":true,"href":"https:\/\/www.nettali.com\/rest\/wp\/v2\/categories?post=94340"},{"taxonomy":"post_tag","embeddable":true,"href":"https:\/\/www.nettali.com\/rest\/wp\/v2\/tags?post=94340"}],"curies":[{"name":"wp","href":"https:\/\/api.w.org\/{rel}","templated":true}]}}