{"id":94288,"date":"2022-09-21T07:42:15","date_gmt":"2022-09-21T07:42:15","guid":{"rendered":"https:\/\/www.nettali.com\/?p=94288"},"modified":"2022-09-21T07:42:15","modified_gmt":"2022-09-21T07:42:15","slug":"mairie-de-dakar-guy-marius-sagna-demissionne","status":"publish","type":"post","link":"https:\/\/www.nettali.com\/2022\/09\/21\/mairie-de-dakar-guy-marius-sagna-demissionne\/","title":{"rendered":"MAIRIE DE DAKAR - Guy Marius Sagna d\u00e9missionne"},"content":{"rendered":"<p><strong>NETTALI.COM - Le nouveau d\u00e9put\u00e9 Guy Marius Sagna, qui avait \u00e9t\u00e9 nomm\u00e9 conseiller technique en charge des affaires sociales et de la r\u00e9insertion \u00e0 la mairie de Dakar par Barth\u00e9l\u00e9my Dias, a d\u00e9missionn\u00e9. Ce poste est en effet incompatible avec celui de d\u00e9put\u00e9.<\/strong><\/p>\n<p>A l\u2019inverse des nouveaux ministres et DG du gouvernement de Macky Sall, qui ont d\u00e9missionn\u00e9 de leur poste de d\u00e9put\u00e9 pour se concentrer sur leurs nouvelles t\u00e2ches gouvernementales, Guy Marius Sagna, lui, a d\u00e9missionn\u00e9 de son poste de conseiller technique en charge des affaires sociales et de la r\u00e9insertion \u00e0 la Mairie de Dakar. Cette fonction \u00e9tait en effet incompatible avec son mandat de d\u00e9put\u00e9.<\/p>\n<p>Il a d\u00e9pos\u00e9 sa d\u00e9mission la semaine pass\u00e9e sur la table du maire de Dakar, Barth\u00e9l\u00e9my Dias.<\/p>\n<p>\"<em>Une d\u00e9mission qu\u2019il a accept\u00e9e. Je remercie le maire de Dakar Barth\u00e9l\u00e9my Dias qui m\u2019avait fait int\u00e9grer son cabinet en qualit\u00e9 de conseiller technique charg\u00e9 des affaires sociales et de la r\u00e9insertion<\/em>\", a-t-il \u00e9crit.<\/p>\n<div class='share-to-whatsapp-wrapper'><div class='share-on-whsp'>PARTAGER SUR : <\/div><a data-text='MAIRIE DE DAKAR - Guy Marius Sagna d\u00e9missionne' data-link='https:\/\/www.nettali.com\/2022\/09\/21\/mairie-de-dakar-guy-marius-sagna-demissionne\/' class='whatsapp-button whatsapp-share'>WhatsApp<\/a><div class='clear '><\/div><\/div>","protected":false},"excerpt":{"rendered":"<p>NETTALI.COM - Le nouveau d\u00e9put\u00e9 Guy Marius Sagna, qui avait \u00e9t\u00e9 nomm\u00e9 conseiller technique en charge des affaires sociales et de la r\u00e9insertion \u00e0 la mairie de Dakar par Barth\u00e9l\u00e9my Dias, a d\u00e9missionn\u00e9. Ce poste est en effet incompatible avec celui de d\u00e9put\u00e9. A l\u2019inverse des nouveaux ministres et DG du gouvernement de Macky Sall, [&hellip;]<\/p>\n","protected":false},"author":5,"featured_media":3497,"comment_status":"open","ping_status":"open","sticky":false,"template":"","format":"standard","meta":{"_et_pb_use_builder":"","_et_pb_old_content":""},"categories":[3],"tags":[],"yoast_head":"<!-- This site is optimized with the Yoast SEO Premium plugin v17.8 (Yoast SEO v17.8) - https:\/\/yoast.com\/wordpress\/plugins\/seo\/ -->\n<title>MAIRIE DE DAKAR - Guy Marius Sagna d\u00e9missionne | Nettali.com<\/title>\n<meta name=\"robots\" content=\"index, follow, max-snippet:-1, max-image-preview:large, max-video-preview:-1\" \/>\n<link rel=\"canonical\" href=\"https:\/\/www.nettali.com\/2022\/09\/21\/mairie-de-dakar-guy-marius-sagna-demissionne\/\" \/>\n<meta property=\"og:locale\" content=\"fr_FR\" \/>\n<meta property=\"og:type\" content=\"article\" \/>\n<meta property=\"og:title\" content=\"MAIRIE DE DAKAR - Guy Marius Sagna d\u00e9missionne\" \/>\n<meta property=\"og:description\" content=\"NETTALI.COM - Le nouveau d\u00e9put\u00e9 Guy Marius Sagna, qui avait \u00e9t\u00e9 nomm\u00e9 conseiller technique en charge des affaires sociales et de la r\u00e9insertion \u00e0 la mairie de Dakar par Barth\u00e9l\u00e9my Dias, a d\u00e9missionn\u00e9. Ce poste est en effet incompatible avec celui de d\u00e9put\u00e9. A l\u2019inverse des nouveaux ministres et DG du gouvernement de Macky Sall, [&hellip;]\" \/>\n<meta property=\"og:url\" content=\"https:\/\/www.nettali.com\/2022\/09\/21\/mairie-de-dakar-guy-marius-sagna-demissionne\/\" \/>\n<meta property=\"og:site_name\" content=\"Nettali.com\" \/>\n<meta property=\"article:publisher\" content=\"https:\/\/www.facebook.com\/nettalicom\" \/>\n<meta property=\"article:published_time\" content=\"2022-09-21T07:42:15+00:00\" \/>\n<meta property=\"og:image\" content=\"https:\/\/www.nettali.com\/wp-content\/uploads\/2019\/03\/nettali-guy-marius-sagna.jpg\" \/>\n\t<meta property=\"og:image:width\" content=\"3008\" \/>\n\t<meta property=\"og:image:height\" content=\"1684\" \/>\n<meta name=\"twitter:card\" content=\"summary_large_image\" \/>\n<meta name=\"twitter:label1\" content=\"\u00c9crit par\" \/>\n\t<meta name=\"twitter:data1\" content=\"Ibrahima\" \/>\n\t<meta name=\"twitter:label2\" content=\"Dur\u00e9e de lecture estim\u00e9e\" \/>\n\t<meta name=\"twitter:data2\" content=\"1 minute\" \/>\n<script type=\"application\/ld+json\" class=\"yoast-schema-graph\">{\"@context\":\"https:\/\/schema.org\",\"@graph\":[{\"@type\":\"WebSite\",\"@id\":\"https:\/\/www.nettali.com\/#website\",\"url\":\"https:\/\/www.nettali.com\/\",\"name\":\"Nettali.com\",\"description\":\"Le rendez-vous critique du Net\",\"potentialAction\":[{\"@type\":\"SearchAction\",\"target\":{\"@type\":\"EntryPoint\",\"urlTemplate\":\"https:\/\/www.nettali.com\/?s={search_term_string}\"},\"query-input\":\"required name=search_term_string\"}],\"inLanguage\":\"fr-FR\"},{\"@type\":\"ImageObject\",\"@id\":\"https:\/\/www.nettali.com\/2022\/09\/21\/mairie-de-dakar-guy-marius-sagna-demissionne\/#primaryimage\",\"inLanguage\":\"fr-FR\",\"url\":\"https:\/\/www.nettali.com\/wp-content\/uploads\/2019\/03\/nettali-guy-marius-sagna.jpg\",\"contentUrl\":\"https:\/\/www.nettali.com\/wp-content\/uploads\/2019\/03\/nettali-guy-marius-sagna.jpg\",\"width\":3008,\"height\":1684,\"caption\":\"Interview Guy Marius Sagna\"},{\"@type\":\"WebPage\",\"@id\":\"https:\/\/www.nettali.com\/2022\/09\/21\/mairie-de-dakar-guy-marius-sagna-demissionne\/#webpage\",\"url\":\"https:\/\/www.nettali.com\/2022\/09\/21\/mairie-de-dakar-guy-marius-sagna-demissionne\/\",\"name\":\"MAIRIE DE DAKAR - Guy Marius Sagna d\\u00e9missionne | Nettali.com\",\"isPartOf\":{\"@id\":\"https:\/\/www.nettali.com\/#website\"},\"primaryImageOfPage\":{\"@id\":\"https:\/\/www.nettali.com\/2022\/09\/21\/mairie-de-dakar-guy-marius-sagna-demissionne\/#primaryimage\"},\"datePublished\":\"2022-09-21T07:42:15+00:00\",\"dateModified\":\"2022-09-21T07:42:15+00:00\",\"author\":{\"@id\":\"https:\/\/www.nettali.com\/#\/schema\/person\/bb147657c2986240405a608162b9bb23\"},\"breadcrumb\":{\"@id\":\"https:\/\/www.nettali.com\/2022\/09\/21\/mairie-de-dakar-guy-marius-sagna-demissionne\/#breadcrumb\"},\"inLanguage\":\"fr-FR\",\"potentialAction\":[{\"@type\":\"ReadAction\",\"target\":[\"https:\/\/www.nettali.com\/2022\/09\/21\/mairie-de-dakar-guy-marius-sagna-demissionne\/\"]}]},{\"@type\":\"BreadcrumbList\",\"@id\":\"https:\/\/www.nettali.com\/2022\/09\/21\/mairie-de-dakar-guy-marius-sagna-demissionne\/#breadcrumb\",\"itemListElement\":[{\"@type\":\"ListItem\",\"position\":1,\"name\":\"Accueil\",\"item\":\"https:\/\/www.nettali.com\/\"},{\"@type\":\"ListItem\",\"position\":2,\"name\":\"MAIRIE DE DAKAR - Guy Marius Sagna d\\u00e9missionne\"}]},{\"@type\":\"Person\",\"@id\":\"https:\/\/www.nettali.com\/#\/schema\/person\/bb147657c2986240405a608162b9bb23\",\"name\":\"Ibrahima\",\"image\":{\"@type\":\"ImageObject\",\"@id\":\"https:\/\/www.nettali.com\/#personlogo\",\"inLanguage\":\"fr-FR\",\"url\":\"https:\/\/secure.gravatar.com\/avatar\/26a8a81f09f0dd7624c9d5c36c9ba3a2?s=96&d=mm&r=g\",\"contentUrl\":\"https:\/\/secure.gravatar.com\/avatar\/26a8a81f09f0dd7624c9d5c36c9ba3a2?s=96&d=mm&r=g\",\"caption\":\"Ibrahima\"},\"sameAs\":[\"https:\/\/www.nettali.com\"]}]}<\/script>\n<!-- \/ Yoast SEO Premium plugin. -->","yoast_head_json":{"title":"MAIRIE DE DAKAR - Guy Marius Sagna d\u00e9missionne | Nettali.com","robots":{"index":"index","follow":"follow","max-snippet":"max-snippet:-1","max-image-preview":"max-image-preview:large","max-video-preview":"max-video-preview:-1"},"canonical":"https:\/\/www.nettali.com\/2022\/09\/21\/mairie-de-dakar-guy-marius-sagna-demissionne\/","og_locale":"fr_FR","og_type":"article","og_title":"MAIRIE DE DAKAR - Guy Marius Sagna d\u00e9missionne","og_description":"NETTALI.COM - Le nouveau d\u00e9put\u00e9 Guy Marius Sagna, qui avait \u00e9t\u00e9 nomm\u00e9 conseiller technique en charge des affaires sociales et de la r\u00e9insertion \u00e0 la mairie de Dakar par Barth\u00e9l\u00e9my Dias, a d\u00e9missionn\u00e9. Ce poste est en effet incompatible avec celui de d\u00e9put\u00e9. A l\u2019inverse des nouveaux ministres et DG du gouvernement de Macky Sall, [&hellip;]","og_url":"https:\/\/www.nettali.com\/2022\/09\/21\/mairie-de-dakar-guy-marius-sagna-demissionne\/","og_site_name":"Nettali.com","article_publisher":"https:\/\/www.facebook.com\/nettalicom","article_published_time":"2022-09-21T07:42:15+00:00","og_image":[{"width":3008,"height":1684,"url":"https:\/\/www.nettali.com\/wp-content\/uploads\/2019\/03\/nettali-guy-marius-sagna.jpg","type":"image\/jpeg"}],"twitter_card":"summary_large_image","twitter_misc":{"\u00c9crit par":"Ibrahima","Dur\u00e9e de lecture estim\u00e9e":"1 minute"},"schema":{"@context":"https:\/\/schema.org","@graph":[{"@type":"WebSite","@id":"https:\/\/www.nettali.com\/#website","url":"https:\/\/www.nettali.com\/","name":"Nettali.com","description":"Le rendez-vous critique du Net","potentialAction":[{"@type":"SearchAction","target":{"@type":"EntryPoint","urlTemplate":"https:\/\/www.nettali.com\/?s={search_term_string}"},"query-input":"required name=search_term_string"}],"inLanguage":"fr-FR"},{"@type":"ImageObject","@id":"https:\/\/www.nettali.com\/2022\/09\/21\/mairie-de-dakar-guy-marius-sagna-demissionne\/#primaryimage","inLanguage":"fr-FR","url":"https:\/\/www.nettali.com\/wp-content\/uploads\/2019\/03\/nettali-guy-marius-sagna.jpg","contentUrl":"https:\/\/www.nettali.com\/wp-content\/uploads\/2019\/03\/nettali-guy-marius-sagna.jpg","width":3008,"height":1684,"caption":"Interview Guy Marius Sagna"},{"@type":"WebPage","@id":"https:\/\/www.nettali.com\/2022\/09\/21\/mairie-de-dakar-guy-marius-sagna-demissionne\/#webpage","url":"https:\/\/www.nettali.com\/2022\/09\/21\/mairie-de-dakar-guy-marius-sagna-demissionne\/","name":"MAIRIE DE DAKAR - Guy Marius Sagna d\u00e9missionne | Nettali.com","isPartOf":{"@id":"https:\/\/www.nettali.com\/#website"},"primaryImageOfPage":{"@id":"https:\/\/www.nettali.com\/2022\/09\/21\/mairie-de-dakar-guy-marius-sagna-demissionne\/#primaryimage"},"datePublished":"2022-09-21T07:42:15+00:00","dateModified":"2022-09-21T07:42:15+00:00","author":{"@id":"https:\/\/www.nettali.com\/#\/schema\/person\/bb147657c2986240405a608162b9bb23"},"breadcrumb":{"@id":"https:\/\/www.nettali.com\/2022\/09\/21\/mairie-de-dakar-guy-marius-sagna-demissionne\/#breadcrumb"},"inLanguage":"fr-FR","potentialAction":[{"@type":"ReadAction","target":["https:\/\/www.nettali.com\/2022\/09\/21\/mairie-de-dakar-guy-marius-sagna-demissionne\/"]}]},{"@type":"BreadcrumbList","@id":"https:\/\/www.nettali.com\/2022\/09\/21\/mairie-de-dakar-guy-marius-sagna-demissionne\/#breadcrumb","itemListElement":[{"@type":"ListItem","position":1,"name":"Accueil","item":"https:\/\/www.nettali.com\/"},{"@type":"ListItem","position":2,"name":"MAIRIE DE DAKAR - Guy Marius Sagna d\u00e9missionne"}]},{"@type":"Person","@id":"https:\/\/www.nettali.com\/#\/schema\/person\/bb147657c2986240405a608162b9bb23","name":"Ibrahima","image":{"@type":"ImageObject","@id":"https:\/\/www.nettali.com\/#personlogo","inLanguage":"fr-FR","url":"https:\/\/secure.gravatar.com\/avatar\/26a8a81f09f0dd7624c9d5c36c9ba3a2?s=96&d=mm&r=g","contentUrl":"https:\/\/secure.gravatar.com\/avatar\/26a8a81f09f0dd7624c9d5c36c9ba3a2?s=96&d=mm&r=g","caption":"Ibrahima"},"sameAs":["https:\/\/www.nettali.com"]}]}},"_links":{"self":[{"href":"https:\/\/www.nettali.com\/rest\/wp\/v2\/posts\/94288"}],"collection":[{"href":"https:\/\/www.nettali.com\/rest\/wp\/v2\/posts"}],"about":[{"href":"https:\/\/www.nettali.com\/rest\/wp\/v2\/types\/post"}],"author":[{"embeddable":true,"href":"https:\/\/www.nettali.com\/rest\/wp\/v2\/users\/5"}],"replies":[{"embeddable":true,"href":"https:\/\/www.nettali.com\/rest\/wp\/v2\/comments?post=94288"}],"version-history":[{"count":1,"href":"https:\/\/www.nettali.com\/rest\/wp\/v2\/posts\/94288\/revisions"}],"predecessor-version":[{"id":94289,"href":"https:\/\/www.nettali.com\/rest\/wp\/v2\/posts\/94288\/revisions\/94289"}],"wp:featuredmedia":[{"embeddable":true,"href":"https:\/\/www.nettali.com\/rest\/wp\/v2\/media\/3497"}],"wp:attachment":[{"href":"https:\/\/www.nettali.com\/rest\/wp\/v2\/media?parent=94288"}],"wp:term":[{"taxonomy":"category","embeddable":true,"href":"https:\/\/www.nettali.com\/rest\/wp\/v2\/categories?post=94288"},{"taxonomy":"post_tag","embeddable":true,"href":"https:\/\/www.nettali.com\/rest\/wp\/v2\/tags?post=94288"}],"curies":[{"name":"wp","href":"https:\/\/api.w.org\/{rel}","templated":true}]}}