{"id":94158,"date":"2022-09-18T16:36:58","date_gmt":"2022-09-18T16:36:58","guid":{"rendered":"https:\/\/www.nettali.com\/?p=94158"},"modified":"2022-09-20T15:05:33","modified_gmt":"2022-09-20T15:05:33","slug":"nouveau-gouvernement-quand-lopposition-impose-a-macky-sall-un-changement-de-cap","status":"publish","type":"post","link":"https:\/\/www.nettali.com\/2022\/09\/18\/nouveau-gouvernement-quand-lopposition-impose-a-macky-sall-un-changement-de-cap\/","title":{"rendered":"NOUVEAU GOUVERNEMENT - Quand l'opposition impose \u00e0 Macky Sall un changement de cap"},"content":{"rendered":"<p><strong>NETTALI.COM\u00a0 - Un gouvernement rajeuni avec de nombreux \"va-t-en guerre\". C'est ce que donne \u00e0 voir le nouvel attelage gouvernemental. Un changement de cap sans doute impos\u00e9 par une opposition de plus en plus radicale face \u00e0 un pouvoir soucieux de s\u00e9duire davantage une opinion jeune et exigeante.\u00a0<\/strong><\/p>\n<p>Aliou Sow, Mame Mbaye Niang, Pape Malick Ndour, Moussa Bocar Thiam... Ce sont, entre autres, les nouveaux visages du gouvernement de Macky Sall. Leur d\u00e9nominateur commun : ils sont jeunes et porteurs d'un discours virulent parfois m\u00eame violent contre l'opposition et son principal chef, Ousmane Sonko. En effet, il a souvent \u00e9t\u00e9 reproch\u00e9 aux tenants du pouvoir de ne pas \u00eatre suffisamment \u00e0 la hauteur face \u00e0 une opposition offensive et qui occupe presque seule les r\u00e9seaux sociaux. Cette opposition se paye m\u00eame le luxe de narguer les m\u00e9dias classiques. C'est le cas d'Ousmane Sonko dont l'essentiel des sorties m\u00e9diatiques se fait sur sa propre page Facebook. Pourtant, il reste l'homme politique le plus m\u00e9diatis\u00e9 du S\u00e9n\u00e9gal.<\/p>\n<p>Comment faire alors pour contrer cette opposition compos\u00e9e de quarantenaires comme Ousmane Sonko, D\u00e9thi\u00e9 Fall, Barth\u00e9lemy Dias, Cheikh Tidiane Youm, Ahmed A\u00efdara, Guy Marius Sagna...\u00a0 et dont le discours suscite l'adh\u00e9sion de la frange jeune? Conscient que sa coalition est principalement compos\u00e9e de \"barons\" incapables de descendre sur le terrain de ses opposants actuels, Macky Sall veut donc miser sur \"ses\" jeunes. Ces derniers n'ont d'ailleurs pas attendu d'\u00eatre nomm\u00e9s pour faire le job.<\/p>\n<p>Mame Mbaye Niang est r\u00e9compens\u00e9 d'un retour dans le gouvernement en partie pour ses attaques sans concession contre Ousmane Sonko. Au c\u0153ur de la campagne pour les l\u00e9gislatives du 31 juillet dernier, il s'est pay\u00e9 une sortie dans plusieurs m\u00e9dias pour tra\u00eener le leader de Pastef dans la boue. Idem pour Abdou Karim Fofana qui devient porte-parole du gouvernement. Nouveau ministre de la Jeunesse, Pape Malick Ndour est connu pour faire le tour des plateaux de t\u00e9l\u00e9vision pour \"injurier\" Ousmane Sonko et ses alli\u00e9s de l'opposition. Quant \u00e0 Moussa Bocar Thiam, nouveau ministre de la Communication, il avait mobilis\u00e9 ses jeunes pour perturber la campagne de Yewwi askan wi \u00e0 Ourossogui dont il est le maire. La gendarmerie avait d\u00fb intervenir afin d'\u00e9viter un bain de sang.<\/p>\n<p>Entr\u00e9 au gouvernement gr\u00e2ce \u00e0 son alliance avec Bokk Gis Gis de Pape Diop, Aliou Sow, nouveau ministre de la Culture, est aussi connu pour ne pas porter Ousmane Sonko et compagnie dans son c\u0153ur. Il n'avait pas h\u00e9sit\u00e9 \u00e0 qualifier le leader de Pastef de menteur quand ce dernier a accus\u00e9 une certaine opposition de travailler pour Macky Sall. Seront-ils \u00e0 la hauteur de la mission qui leur est confi\u00e9e ? Une chose est s\u00fbre : la pr\u00e9sence de ces jeunes loups dans l'attelage gouvernemental est en partie motiv\u00e9e par une volont\u00e9 de faire face aux \"va-t-en guerre\" de l'opposition.<\/p>\n<div class='share-to-whatsapp-wrapper'><div class='share-on-whsp'>PARTAGER SUR : <\/div><a data-text='NOUVEAU GOUVERNEMENT - Quand l'opposition impose \u00e0 Macky Sall un changement de cap' data-link='https:\/\/www.nettali.com\/2022\/09\/18\/nouveau-gouvernement-quand-lopposition-impose-a-macky-sall-un-changement-de-cap\/' class='whatsapp-button whatsapp-share'>WhatsApp<\/a><div class='clear '><\/div><\/div>","protected":false},"excerpt":{"rendered":"<p>NETTALI.COM\u00a0 - Un gouvernement rajeuni avec de nombreux \"va-t-en guerre\". C'est ce que donne \u00e0 voir le nouvel attelage gouvernemental. Un changement de cap sans doute impos\u00e9 par une opposition de plus en plus radicale face \u00e0 un pouvoir soucieux de s\u00e9duire davantage une opinion jeune et exigeante.\u00a0 Aliou Sow, Mame Mbaye Niang, Pape Malick [&hellip;]<\/p>\n","protected":false},"author":3,"featured_media":94162,"comment_status":"open","ping_status":"open","sticky":false,"template":"","format":"standard","meta":{"_et_pb_use_builder":"","_et_pb_old_content":""},"categories":[2],"tags":[],"yoast_head":"<!-- This site is optimized with the Yoast SEO Premium plugin v17.8 (Yoast SEO v17.8) - https:\/\/yoast.com\/wordpress\/plugins\/seo\/ -->\n<title>NOUVEAU GOUVERNEMENT - Quand l&#039;opposition impose \u00e0 Macky Sall un changement de cap | Nettali.com<\/title>\n<meta name=\"robots\" content=\"index, follow, max-snippet:-1, max-image-preview:large, max-video-preview:-1\" \/>\n<link rel=\"canonical\" href=\"https:\/\/www.nettali.com\/2022\/09\/18\/nouveau-gouvernement-quand-lopposition-impose-a-macky-sall-un-changement-de-cap\/\" \/>\n<meta property=\"og:locale\" content=\"fr_FR\" \/>\n<meta property=\"og:type\" content=\"article\" \/>\n<meta property=\"og:title\" content=\"NOUVEAU GOUVERNEMENT - Quand l&#039;opposition impose \u00e0 Macky Sall un changement de cap\" \/>\n<meta property=\"og:description\" content=\"NETTALI.COM\u00a0 - Un gouvernement rajeuni avec de nombreux &quot;va-t-en guerre&quot;. C&#039;est ce que donne \u00e0 voir le nouvel attelage gouvernemental. Un changement de cap sans doute impos\u00e9 par une opposition de plus en plus radicale face \u00e0 un pouvoir soucieux de s\u00e9duire davantage une opinion jeune et exigeante.\u00a0 Aliou Sow, Mame Mbaye Niang, Pape Malick [&hellip;]\" \/>\n<meta property=\"og:url\" content=\"https:\/\/www.nettali.com\/2022\/09\/18\/nouveau-gouvernement-quand-lopposition-impose-a-macky-sall-un-changement-de-cap\/\" \/>\n<meta property=\"og:site_name\" content=\"Nettali.com\" \/>\n<meta property=\"article:publisher\" content=\"https:\/\/www.facebook.com\/nettalicom\" \/>\n<meta property=\"article:published_time\" content=\"2022-09-18T16:36:58+00:00\" \/>\n<meta property=\"article:modified_time\" content=\"2022-09-20T15:05:33+00:00\" \/>\n<meta property=\"og:image\" content=\"https:\/\/www.nettali.com\/wp-content\/uploads\/2022\/09\/amadou-ba.jpg\" \/>\n\t<meta property=\"og:image:width\" content=\"600\" \/>\n\t<meta property=\"og:image:height\" content=\"500\" \/>\n<meta name=\"twitter:card\" content=\"summary_large_image\" \/>\n<meta name=\"twitter:label1\" content=\"\u00c9crit par\" \/>\n\t<meta name=\"twitter:data1\" content=\"Moustapha\" \/>\n\t<meta name=\"twitter:label2\" content=\"Dur\u00e9e de lecture estim\u00e9e\" \/>\n\t<meta name=\"twitter:data2\" content=\"3 minutes\" \/>\n<script type=\"application\/ld+json\" class=\"yoast-schema-graph\">{\"@context\":\"https:\/\/schema.org\",\"@graph\":[{\"@type\":\"WebSite\",\"@id\":\"https:\/\/www.nettali.com\/#website\",\"url\":\"https:\/\/www.nettali.com\/\",\"name\":\"Nettali.com\",\"description\":\"Le rendez-vous critique du Net\",\"potentialAction\":[{\"@type\":\"SearchAction\",\"target\":{\"@type\":\"EntryPoint\",\"urlTemplate\":\"https:\/\/www.nettali.com\/?s={search_term_string}\"},\"query-input\":\"required name=search_term_string\"}],\"inLanguage\":\"fr-FR\"},{\"@type\":\"ImageObject\",\"@id\":\"https:\/\/www.nettali.com\/2022\/09\/18\/nouveau-gouvernement-quand-lopposition-impose-a-macky-sall-un-changement-de-cap\/#primaryimage\",\"inLanguage\":\"fr-FR\",\"url\":\"https:\/\/www.nettali.com\/wp-content\/uploads\/2022\/09\/amadou-ba.jpg\",\"contentUrl\":\"https:\/\/www.nettali.com\/wp-content\/uploads\/2022\/09\/amadou-ba.jpg\",\"width\":600,\"height\":500},{\"@type\":\"WebPage\",\"@id\":\"https:\/\/www.nettali.com\/2022\/09\/18\/nouveau-gouvernement-quand-lopposition-impose-a-macky-sall-un-changement-de-cap\/#webpage\",\"url\":\"https:\/\/www.nettali.com\/2022\/09\/18\/nouveau-gouvernement-quand-lopposition-impose-a-macky-sall-un-changement-de-cap\/\",\"name\":\"NOUVEAU GOUVERNEMENT - Quand l'opposition impose \\u00e0 Macky Sall un changement de cap | Nettali.com\",\"isPartOf\":{\"@id\":\"https:\/\/www.nettali.com\/#website\"},\"primaryImageOfPage\":{\"@id\":\"https:\/\/www.nettali.com\/2022\/09\/18\/nouveau-gouvernement-quand-lopposition-impose-a-macky-sall-un-changement-de-cap\/#primaryimage\"},\"datePublished\":\"2022-09-18T16:36:58+00:00\",\"dateModified\":\"2022-09-20T15:05:33+00:00\",\"author\":{\"@id\":\"https:\/\/www.nettali.com\/#\/schema\/person\/7962a12a6e0267f88f0ffa544c36469a\"},\"breadcrumb\":{\"@id\":\"https:\/\/www.nettali.com\/2022\/09\/18\/nouveau-gouvernement-quand-lopposition-impose-a-macky-sall-un-changement-de-cap\/#breadcrumb\"},\"inLanguage\":\"fr-FR\",\"potentialAction\":[{\"@type\":\"ReadAction\",\"target\":[\"https:\/\/www.nettali.com\/2022\/09\/18\/nouveau-gouvernement-quand-lopposition-impose-a-macky-sall-un-changement-de-cap\/\"]}]},{\"@type\":\"BreadcrumbList\",\"@id\":\"https:\/\/www.nettali.com\/2022\/09\/18\/nouveau-gouvernement-quand-lopposition-impose-a-macky-sall-un-changement-de-cap\/#breadcrumb\",\"itemListElement\":[{\"@type\":\"ListItem\",\"position\":1,\"name\":\"Accueil\",\"item\":\"https:\/\/www.nettali.com\/\"},{\"@type\":\"ListItem\",\"position\":2,\"name\":\"NOUVEAU GOUVERNEMENT - Quand l'opposition impose \\u00e0 Macky Sall un changement de cap\"}]},{\"@type\":\"Person\",\"@id\":\"https:\/\/www.nettali.com\/#\/schema\/person\/7962a12a6e0267f88f0ffa544c36469a\",\"name\":\"Moustapha\",\"image\":{\"@type\":\"ImageObject\",\"@id\":\"https:\/\/www.nettali.com\/#personlogo\",\"inLanguage\":\"fr-FR\",\"url\":\"https:\/\/secure.gravatar.com\/avatar\/10fdf6a071cccdcf374e3dbe45159590?s=96&d=mm&r=g\",\"contentUrl\":\"https:\/\/secure.gravatar.com\/avatar\/10fdf6a071cccdcf374e3dbe45159590?s=96&d=mm&r=g\",\"caption\":\"Moustapha\"},\"sameAs\":[\"https:\/\/www.nettali.com\"]}]}<\/script>\n<!-- \/ Yoast SEO Premium plugin. -->","yoast_head_json":{"title":"NOUVEAU GOUVERNEMENT - Quand l'opposition impose \u00e0 Macky Sall un changement de cap | Nettali.com","robots":{"index":"index","follow":"follow","max-snippet":"max-snippet:-1","max-image-preview":"max-image-preview:large","max-video-preview":"max-video-preview:-1"},"canonical":"https:\/\/www.nettali.com\/2022\/09\/18\/nouveau-gouvernement-quand-lopposition-impose-a-macky-sall-un-changement-de-cap\/","og_locale":"fr_FR","og_type":"article","og_title":"NOUVEAU GOUVERNEMENT - Quand l'opposition impose \u00e0 Macky Sall un changement de cap","og_description":"NETTALI.COM\u00a0 - Un gouvernement rajeuni avec de nombreux \"va-t-en guerre\". C'est ce que donne \u00e0 voir le nouvel attelage gouvernemental. Un changement de cap sans doute impos\u00e9 par une opposition de plus en plus radicale face \u00e0 un pouvoir soucieux de s\u00e9duire davantage une opinion jeune et exigeante.\u00a0 Aliou Sow, Mame Mbaye Niang, Pape Malick [&hellip;]","og_url":"https:\/\/www.nettali.com\/2022\/09\/18\/nouveau-gouvernement-quand-lopposition-impose-a-macky-sall-un-changement-de-cap\/","og_site_name":"Nettali.com","article_publisher":"https:\/\/www.facebook.com\/nettalicom","article_published_time":"2022-09-18T16:36:58+00:00","article_modified_time":"2022-09-20T15:05:33+00:00","og_image":[{"width":600,"height":500,"url":"https:\/\/www.nettali.com\/wp-content\/uploads\/2022\/09\/amadou-ba.jpg","type":"image\/jpeg"}],"twitter_card":"summary_large_image","twitter_misc":{"\u00c9crit par":"Moustapha","Dur\u00e9e de lecture estim\u00e9e":"3 minutes"},"schema":{"@context":"https:\/\/schema.org","@graph":[{"@type":"WebSite","@id":"https:\/\/www.nettali.com\/#website","url":"https:\/\/www.nettali.com\/","name":"Nettali.com","description":"Le rendez-vous critique du Net","potentialAction":[{"@type":"SearchAction","target":{"@type":"EntryPoint","urlTemplate":"https:\/\/www.nettali.com\/?s={search_term_string}"},"query-input":"required name=search_term_string"}],"inLanguage":"fr-FR"},{"@type":"ImageObject","@id":"https:\/\/www.nettali.com\/2022\/09\/18\/nouveau-gouvernement-quand-lopposition-impose-a-macky-sall-un-changement-de-cap\/#primaryimage","inLanguage":"fr-FR","url":"https:\/\/www.nettali.com\/wp-content\/uploads\/2022\/09\/amadou-ba.jpg","contentUrl":"https:\/\/www.nettali.com\/wp-content\/uploads\/2022\/09\/amadou-ba.jpg","width":600,"height":500},{"@type":"WebPage","@id":"https:\/\/www.nettali.com\/2022\/09\/18\/nouveau-gouvernement-quand-lopposition-impose-a-macky-sall-un-changement-de-cap\/#webpage","url":"https:\/\/www.nettali.com\/2022\/09\/18\/nouveau-gouvernement-quand-lopposition-impose-a-macky-sall-un-changement-de-cap\/","name":"NOUVEAU GOUVERNEMENT - Quand l'opposition impose \u00e0 Macky Sall un changement de cap | Nettali.com","isPartOf":{"@id":"https:\/\/www.nettali.com\/#website"},"primaryImageOfPage":{"@id":"https:\/\/www.nettali.com\/2022\/09\/18\/nouveau-gouvernement-quand-lopposition-impose-a-macky-sall-un-changement-de-cap\/#primaryimage"},"datePublished":"2022-09-18T16:36:58+00:00","dateModified":"2022-09-20T15:05:33+00:00","author":{"@id":"https:\/\/www.nettali.com\/#\/schema\/person\/7962a12a6e0267f88f0ffa544c36469a"},"breadcrumb":{"@id":"https:\/\/www.nettali.com\/2022\/09\/18\/nouveau-gouvernement-quand-lopposition-impose-a-macky-sall-un-changement-de-cap\/#breadcrumb"},"inLanguage":"fr-FR","potentialAction":[{"@type":"ReadAction","target":["https:\/\/www.nettali.com\/2022\/09\/18\/nouveau-gouvernement-quand-lopposition-impose-a-macky-sall-un-changement-de-cap\/"]}]},{"@type":"BreadcrumbList","@id":"https:\/\/www.nettali.com\/2022\/09\/18\/nouveau-gouvernement-quand-lopposition-impose-a-macky-sall-un-changement-de-cap\/#breadcrumb","itemListElement":[{"@type":"ListItem","position":1,"name":"Accueil","item":"https:\/\/www.nettali.com\/"},{"@type":"ListItem","position":2,"name":"NOUVEAU GOUVERNEMENT - Quand l'opposition impose \u00e0 Macky Sall un changement de cap"}]},{"@type":"Person","@id":"https:\/\/www.nettali.com\/#\/schema\/person\/7962a12a6e0267f88f0ffa544c36469a","name":"Moustapha","image":{"@type":"ImageObject","@id":"https:\/\/www.nettali.com\/#personlogo","inLanguage":"fr-FR","url":"https:\/\/secure.gravatar.com\/avatar\/10fdf6a071cccdcf374e3dbe45159590?s=96&d=mm&r=g","contentUrl":"https:\/\/secure.gravatar.com\/avatar\/10fdf6a071cccdcf374e3dbe45159590?s=96&d=mm&r=g","caption":"Moustapha"},"sameAs":["https:\/\/www.nettali.com"]}]}},"_links":{"self":[{"href":"https:\/\/www.nettali.com\/rest\/wp\/v2\/posts\/94158"}],"collection":[{"href":"https:\/\/www.nettali.com\/rest\/wp\/v2\/posts"}],"about":[{"href":"https:\/\/www.nettali.com\/rest\/wp\/v2\/types\/post"}],"author":[{"embeddable":true,"href":"https:\/\/www.nettali.com\/rest\/wp\/v2\/users\/3"}],"replies":[{"embeddable":true,"href":"https:\/\/www.nettali.com\/rest\/wp\/v2\/comments?post=94158"}],"version-history":[{"count":3,"href":"https:\/\/www.nettali.com\/rest\/wp\/v2\/posts\/94158\/revisions"}],"predecessor-version":[{"id":94170,"href":"https:\/\/www.nettali.com\/rest\/wp\/v2\/posts\/94158\/revisions\/94170"}],"wp:featuredmedia":[{"embeddable":true,"href":"https:\/\/www.nettali.com\/rest\/wp\/v2\/media\/94162"}],"wp:attachment":[{"href":"https:\/\/www.nettali.com\/rest\/wp\/v2\/media?parent=94158"}],"wp:term":[{"taxonomy":"category","embeddable":true,"href":"https:\/\/www.nettali.com\/rest\/wp\/v2\/categories?post=94158"},{"taxonomy":"post_tag","embeddable":true,"href":"https:\/\/www.nettali.com\/rest\/wp\/v2\/tags?post=94158"}],"curies":[{"name":"wp","href":"https:\/\/api.w.org\/{rel}","templated":true}]}}