{"id":94151,"date":"2022-09-18T14:02:33","date_gmt":"2022-09-18T14:02:33","guid":{"rendered":"https:\/\/www.nettali.com\/?p=94151"},"modified":"2022-09-18T14:02:33","modified_gmt":"2022-09-18T14:02:33","slug":"traite-de-singe-vinicius-junior-denonce-le-racisme","status":"publish","type":"post","link":"https:\/\/www.nettali.com\/2022\/09\/18\/traite-de-singe-vinicius-junior-denonce-le-racisme\/","title":{"rendered":"TRAIT\u00c9 DE SINGE - Vinicius Junior d\u00e9nonce le racisme"},"content":{"rendered":"<p><strong>NETTALI.COM - Victime de propos malpolis sur un plateau t\u00e9l\u00e9 de la part du pr\u00e9sident de l'association des agents espagnols qui lui a demand\u00e9 d'arr\u00eater de \"<em>faire le signe lors de ses c\u00e9l\u00e9brations<\/em>\", Vinicius Junior a re\u00e7u le soutient de nombreuses personnalit\u00e9s du foot, avant qu'il ne prenne lui-m\u00eame la parole pour d\u00e9noncer le racisme qui gangr\u00e8ne le football mondial.<\/strong><\/p>\n<p>Vinicius Junior est au c\u0153ur de l'actualit\u00e9 bien malgr\u00e9 lui depuis hier. La faute \u00e0 Pedro Bravo, pr\u00e9sident de l'association des agents espagnols qui a tenu des propos racistes \u00e0 l'\u00e9gard du Br\u00e9silien sur le plateau d'El Chiringuito.<\/p>\n<p>\"<em>Il faut respecter l\u2019adversaire. Quand tu mets un but \u00e0 l\u2019adversaire, si tu veux danser la samba, tu vas le faire au Br\u00e9sil. Ici, tout ce que tu dois faire, c\u2019est respecter les autres joueurs et arr\u00eater de faire le singe<\/em>\", a-t-il l\u00e2ch\u00e9.<\/p>\n<p>Evidemment, la pol\u00e9mique n'a pas mise longtemps \u00e0 se d\u00e9clencher. Le joueur du Real Madrid a imm\u00e9diatement re\u00e7u le soutien de nombreux joueurs br\u00e9siliens, Neymar par exemple.<br \/>\n\"<em>Dribble, danse et sois toi-m\u00eame ! Passe au-dessus de \u00e7a mon gars, on dansera ensemble \u00e0 ton prochain but<\/em>\", a \u00e9crit le Parisien. M\u00eame certains m\u00e9dias ont r\u00e9agi au pays comme TNT Sports Brasil pour apporter un message de soutien. Si Pedro Bravo a tenu \u00e0 revenir sur ses propos, la victime de cette triste affaire a lui aussi pris la parole.<\/p>\n<p><strong>Vinicius d\u00e9nonce le racisme<\/strong><\/p>\n<p>Sur ses r\u00e9seaux sociaux, l'attaquant du Real Madrid de 22 ans est sorti du silence.<br \/>\n\"<i>\u00a0T<\/i><em>ant que la couleur de votre peau sera plus importante que l'\u00e9clat de vos yeux, il y aura la guerre.\u00a0J'ai cette phrase tatou\u00e9e sur mon corps. J'ai cette pens\u00e9e en permanence dans ma t\u00eate. C'est l'attitude et la philosophie que j'essaie de mettre en pratique dans ma vie. On dit que le bonheur est ennuyeux. Le bonheur d'un Br\u00e9silien noir victorieux en Europe est beaucoup plus ennuyeux. Le bonheur d'un Br\u00e9silien noir vainqueur en Europe d\u00e9range bien plus.\u00a0Il y a des semaines, ils ont commenc\u00e9 \u00e0 criminaliser mes danses. Des danses qui ne sont pas les miennes. Elles appartiennent \u00e0 Ronaldinho, Neymar, Paquet\u00e1, Griezmann, Jo\u00e3o F\u00e9lix, Matheus Cunha... Elles appartiennent \u00e0 des artistes br\u00e9siliens de funk et de samba, des chanteurs de reggaeton et des noirs am\u00e9ricains. Ce sont des danses pour c\u00e9l\u00e9brer la diversit\u00e9 culturelle du monde. Acceptez-le, respectez-le. Je ne vais pas m'arr\u00eater<\/em>\", a laiss\u00e9 entendre Vini Junior dans une vid\u00e9o post\u00e9e sur les r\u00e9seaux sociaux.<\/p>\n<p>\"<em>Mais mon d\u00e9sir de gagner, mon sourire et l'\u00e9tincelle dans mes yeux sont bien plus grands que cela. Vous ne pouvez m\u00eame pas imaginer. J'ai \u00e9t\u00e9 victime de x\u00e9nophobie et de racisme en une seule d\u00e9claration. Mais rien de tout cela n'a commenc\u00e9 hier<\/em>\", poursuit le joueur du Real Madrid.<\/p>\n<p>\"<em>Je viens d'un pays o\u00f9 la pauvret\u00e9 est tr\u00e8s grande, o\u00f9 les gens n'ont pas acc\u00e8s \u00e0 l'\u00e9ducation... et dans bien des cas, pas de nourriture sur la table ! J'ai fais une \u00e9cole \u00e0 mon nom. Je ferai beaucoup plus pour l'\u00e9ducation. Je veux que les prochaines g\u00e9n\u00e9rations soient pr\u00e9par\u00e9es, comme moi,\u00a0\u00e0 lutter contre les racistes et les x\u00e9nophobes. J'essaie toujours d'\u00eatre un professionnel et un citoyen exemplaire. Mais \u00e7a ne fait pas tilt, \u00e7a n'est pas tendance sur Internet et \u00e7a ne motive pas les l\u00e2ches \u00e0 parler de mani\u00e8re agressive de personnes qu'ils ne connaissent m\u00eame pas. Le sc\u00e9nario se termine toujours par des excuses et un \"vous m'avez mal compris\".\u00a0Mais je te le r\u00e9p\u00e8te, raciste : Je ne m'arr\u00eaterai pas de danser. Que ce soit au Sambadrome, au Bernabeu ou ailleurs. Avec l'amour et les sourires de quelqu'un qui est tr\u00e8s heureux, Vinicius Junior<\/em>\", a conclu le vainqueur de la derni\u00e8re Ligue des champions.<\/p>\n<p>Le message est pass\u00e9<\/p>\n<div class='share-to-whatsapp-wrapper'><div class='share-on-whsp'>PARTAGER SUR : <\/div><a data-text='TRAIT\u00c9 DE SINGE - Vinicius Junior d\u00e9nonce le racisme' data-link='https:\/\/www.nettali.com\/2022\/09\/18\/traite-de-singe-vinicius-junior-denonce-le-racisme\/' class='whatsapp-button whatsapp-share'>WhatsApp<\/a><div class='clear '><\/div><\/div>","protected":false},"excerpt":{"rendered":"<p>NETTALI.COM - Victime de propos malpolis sur un plateau t\u00e9l\u00e9 de la part du pr\u00e9sident de l'association des agents espagnols qui lui a demand\u00e9 d'arr\u00eater de \"faire le signe lors de ses c\u00e9l\u00e9brations\", Vinicius Junior a re\u00e7u le soutient de nombreuses personnalit\u00e9s du foot, avant qu'il ne prenne lui-m\u00eame la parole pour d\u00e9noncer le racisme [&hellip;]<\/p>\n","protected":false},"author":5,"featured_media":93998,"comment_status":"open","ping_status":"open","sticky":false,"template":"","format":"standard","meta":{"_et_pb_use_builder":"","_et_pb_old_content":""},"categories":[6],"tags":[],"yoast_head":"<!-- This site is optimized with the Yoast SEO Premium plugin v17.8 (Yoast SEO v17.8) - https:\/\/yoast.com\/wordpress\/plugins\/seo\/ -->\n<title>TRAIT\u00c9 DE SINGE - Vinicius Junior d\u00e9nonce le racisme | Nettali.com<\/title>\n<meta name=\"robots\" content=\"index, follow, max-snippet:-1, max-image-preview:large, max-video-preview:-1\" \/>\n<link rel=\"canonical\" href=\"https:\/\/www.nettali.com\/2022\/09\/18\/traite-de-singe-vinicius-junior-denonce-le-racisme\/\" \/>\n<meta property=\"og:locale\" content=\"fr_FR\" \/>\n<meta property=\"og:type\" content=\"article\" \/>\n<meta property=\"og:title\" content=\"TRAIT\u00c9 DE SINGE - Vinicius Junior d\u00e9nonce le racisme\" \/>\n<meta property=\"og:description\" content=\"NETTALI.COM - Victime de propos malpolis sur un plateau t\u00e9l\u00e9 de la part du pr\u00e9sident de l&#039;association des agents espagnols qui lui a demand\u00e9 d&#039;arr\u00eater de &quot;faire le signe lors de ses c\u00e9l\u00e9brations&quot;, Vinicius Junior a re\u00e7u le soutient de nombreuses personnalit\u00e9s du foot, avant qu&#039;il ne prenne lui-m\u00eame la parole pour d\u00e9noncer le racisme [&hellip;]\" \/>\n<meta property=\"og:url\" content=\"https:\/\/www.nettali.com\/2022\/09\/18\/traite-de-singe-vinicius-junior-denonce-le-racisme\/\" \/>\n<meta property=\"og:site_name\" content=\"Nettali.com\" \/>\n<meta property=\"article:publisher\" content=\"https:\/\/www.facebook.com\/nettalicom\" \/>\n<meta property=\"article:published_time\" content=\"2022-09-18T14:02:33+00:00\" \/>\n<meta property=\"og:image\" content=\"https:\/\/www.nettali.com\/wp-content\/uploads\/2022\/09\/1354713206-scaled-1.jpeg\" \/>\n\t<meta property=\"og:image:width\" content=\"2560\" \/>\n\t<meta property=\"og:image:height\" content=\"1707\" \/>\n<meta name=\"twitter:card\" content=\"summary_large_image\" \/>\n<meta name=\"twitter:label1\" content=\"\u00c9crit par\" \/>\n\t<meta name=\"twitter:data1\" content=\"Ibrahima\" \/>\n\t<meta name=\"twitter:label2\" content=\"Dur\u00e9e de lecture estim\u00e9e\" \/>\n\t<meta name=\"twitter:data2\" content=\"4 minutes\" \/>\n<script type=\"application\/ld+json\" class=\"yoast-schema-graph\">{\"@context\":\"https:\/\/schema.org\",\"@graph\":[{\"@type\":\"WebSite\",\"@id\":\"https:\/\/www.nettali.com\/#website\",\"url\":\"https:\/\/www.nettali.com\/\",\"name\":\"Nettali.com\",\"description\":\"Le rendez-vous critique du Net\",\"potentialAction\":[{\"@type\":\"SearchAction\",\"target\":{\"@type\":\"EntryPoint\",\"urlTemplate\":\"https:\/\/www.nettali.com\/?s={search_term_string}\"},\"query-input\":\"required name=search_term_string\"}],\"inLanguage\":\"fr-FR\"},{\"@type\":\"ImageObject\",\"@id\":\"https:\/\/www.nettali.com\/2022\/09\/18\/traite-de-singe-vinicius-junior-denonce-le-racisme\/#primaryimage\",\"inLanguage\":\"fr-FR\",\"url\":\"https:\/\/www.nettali.com\/wp-content\/uploads\/2022\/09\/1354713206-scaled-1.jpeg\",\"contentUrl\":\"https:\/\/www.nettali.com\/wp-content\/uploads\/2022\/09\/1354713206-scaled-1.jpeg\",\"width\":2560,\"height\":1707,\"caption\":\"GRANADA, SPAIN - NOVEMBER 21: Vinicius Junior of Real Madrid celebrates scoring their teams third goal during the La Liga Santander match between Granada CF and Real Madrid CF at Nuevo Estadio de Los Carmenes on November 21, 2021 in Granada, Spain. (Photo by Fran Santiago\/Getty Images)\"},{\"@type\":\"WebPage\",\"@id\":\"https:\/\/www.nettali.com\/2022\/09\/18\/traite-de-singe-vinicius-junior-denonce-le-racisme\/#webpage\",\"url\":\"https:\/\/www.nettali.com\/2022\/09\/18\/traite-de-singe-vinicius-junior-denonce-le-racisme\/\",\"name\":\"TRAIT\\u00c9 DE SINGE - Vinicius Junior d\\u00e9nonce le racisme | Nettali.com\",\"isPartOf\":{\"@id\":\"https:\/\/www.nettali.com\/#website\"},\"primaryImageOfPage\":{\"@id\":\"https:\/\/www.nettali.com\/2022\/09\/18\/traite-de-singe-vinicius-junior-denonce-le-racisme\/#primaryimage\"},\"datePublished\":\"2022-09-18T14:02:33+00:00\",\"dateModified\":\"2022-09-18T14:02:33+00:00\",\"author\":{\"@id\":\"https:\/\/www.nettali.com\/#\/schema\/person\/bb147657c2986240405a608162b9bb23\"},\"breadcrumb\":{\"@id\":\"https:\/\/www.nettali.com\/2022\/09\/18\/traite-de-singe-vinicius-junior-denonce-le-racisme\/#breadcrumb\"},\"inLanguage\":\"fr-FR\",\"potentialAction\":[{\"@type\":\"ReadAction\",\"target\":[\"https:\/\/www.nettali.com\/2022\/09\/18\/traite-de-singe-vinicius-junior-denonce-le-racisme\/\"]}]},{\"@type\":\"BreadcrumbList\",\"@id\":\"https:\/\/www.nettali.com\/2022\/09\/18\/traite-de-singe-vinicius-junior-denonce-le-racisme\/#breadcrumb\",\"itemListElement\":[{\"@type\":\"ListItem\",\"position\":1,\"name\":\"Accueil\",\"item\":\"https:\/\/www.nettali.com\/\"},{\"@type\":\"ListItem\",\"position\":2,\"name\":\"TRAIT\\u00c9 DE SINGE - Vinicius Junior d\\u00e9nonce le racisme\"}]},{\"@type\":\"Person\",\"@id\":\"https:\/\/www.nettali.com\/#\/schema\/person\/bb147657c2986240405a608162b9bb23\",\"name\":\"Ibrahima\",\"image\":{\"@type\":\"ImageObject\",\"@id\":\"https:\/\/www.nettali.com\/#personlogo\",\"inLanguage\":\"fr-FR\",\"url\":\"https:\/\/secure.gravatar.com\/avatar\/26a8a81f09f0dd7624c9d5c36c9ba3a2?s=96&d=mm&r=g\",\"contentUrl\":\"https:\/\/secure.gravatar.com\/avatar\/26a8a81f09f0dd7624c9d5c36c9ba3a2?s=96&d=mm&r=g\",\"caption\":\"Ibrahima\"},\"sameAs\":[\"https:\/\/www.nettali.com\"]}]}<\/script>\n<!-- \/ Yoast SEO Premium plugin. -->","yoast_head_json":{"title":"TRAIT\u00c9 DE SINGE - Vinicius Junior d\u00e9nonce le racisme | Nettali.com","robots":{"index":"index","follow":"follow","max-snippet":"max-snippet:-1","max-image-preview":"max-image-preview:large","max-video-preview":"max-video-preview:-1"},"canonical":"https:\/\/www.nettali.com\/2022\/09\/18\/traite-de-singe-vinicius-junior-denonce-le-racisme\/","og_locale":"fr_FR","og_type":"article","og_title":"TRAIT\u00c9 DE SINGE - Vinicius Junior d\u00e9nonce le racisme","og_description":"NETTALI.COM - Victime de propos malpolis sur un plateau t\u00e9l\u00e9 de la part du pr\u00e9sident de l'association des agents espagnols qui lui a demand\u00e9 d'arr\u00eater de \"faire le signe lors de ses c\u00e9l\u00e9brations\", Vinicius Junior a re\u00e7u le soutient de nombreuses personnalit\u00e9s du foot, avant qu'il ne prenne lui-m\u00eame la parole pour d\u00e9noncer le racisme [&hellip;]","og_url":"https:\/\/www.nettali.com\/2022\/09\/18\/traite-de-singe-vinicius-junior-denonce-le-racisme\/","og_site_name":"Nettali.com","article_publisher":"https:\/\/www.facebook.com\/nettalicom","article_published_time":"2022-09-18T14:02:33+00:00","og_image":[{"width":2560,"height":1707,"url":"https:\/\/www.nettali.com\/wp-content\/uploads\/2022\/09\/1354713206-scaled-1.jpeg","type":"image\/jpeg"}],"twitter_card":"summary_large_image","twitter_misc":{"\u00c9crit par":"Ibrahima","Dur\u00e9e de lecture estim\u00e9e":"4 minutes"},"schema":{"@context":"https:\/\/schema.org","@graph":[{"@type":"WebSite","@id":"https:\/\/www.nettali.com\/#website","url":"https:\/\/www.nettali.com\/","name":"Nettali.com","description":"Le rendez-vous critique du Net","potentialAction":[{"@type":"SearchAction","target":{"@type":"EntryPoint","urlTemplate":"https:\/\/www.nettali.com\/?s={search_term_string}"},"query-input":"required name=search_term_string"}],"inLanguage":"fr-FR"},{"@type":"ImageObject","@id":"https:\/\/www.nettali.com\/2022\/09\/18\/traite-de-singe-vinicius-junior-denonce-le-racisme\/#primaryimage","inLanguage":"fr-FR","url":"https:\/\/www.nettali.com\/wp-content\/uploads\/2022\/09\/1354713206-scaled-1.jpeg","contentUrl":"https:\/\/www.nettali.com\/wp-content\/uploads\/2022\/09\/1354713206-scaled-1.jpeg","width":2560,"height":1707,"caption":"GRANADA, SPAIN - NOVEMBER 21: Vinicius Junior of Real Madrid celebrates scoring their teams third goal during the La Liga Santander match between Granada CF and Real Madrid CF at Nuevo Estadio de Los Carmenes on November 21, 2021 in Granada, Spain. (Photo by Fran Santiago\/Getty Images)"},{"@type":"WebPage","@id":"https:\/\/www.nettali.com\/2022\/09\/18\/traite-de-singe-vinicius-junior-denonce-le-racisme\/#webpage","url":"https:\/\/www.nettali.com\/2022\/09\/18\/traite-de-singe-vinicius-junior-denonce-le-racisme\/","name":"TRAIT\u00c9 DE SINGE - Vinicius Junior d\u00e9nonce le racisme | Nettali.com","isPartOf":{"@id":"https:\/\/www.nettali.com\/#website"},"primaryImageOfPage":{"@id":"https:\/\/www.nettali.com\/2022\/09\/18\/traite-de-singe-vinicius-junior-denonce-le-racisme\/#primaryimage"},"datePublished":"2022-09-18T14:02:33+00:00","dateModified":"2022-09-18T14:02:33+00:00","author":{"@id":"https:\/\/www.nettali.com\/#\/schema\/person\/bb147657c2986240405a608162b9bb23"},"breadcrumb":{"@id":"https:\/\/www.nettali.com\/2022\/09\/18\/traite-de-singe-vinicius-junior-denonce-le-racisme\/#breadcrumb"},"inLanguage":"fr-FR","potentialAction":[{"@type":"ReadAction","target":["https:\/\/www.nettali.com\/2022\/09\/18\/traite-de-singe-vinicius-junior-denonce-le-racisme\/"]}]},{"@type":"BreadcrumbList","@id":"https:\/\/www.nettali.com\/2022\/09\/18\/traite-de-singe-vinicius-junior-denonce-le-racisme\/#breadcrumb","itemListElement":[{"@type":"ListItem","position":1,"name":"Accueil","item":"https:\/\/www.nettali.com\/"},{"@type":"ListItem","position":2,"name":"TRAIT\u00c9 DE SINGE - Vinicius Junior d\u00e9nonce le racisme"}]},{"@type":"Person","@id":"https:\/\/www.nettali.com\/#\/schema\/person\/bb147657c2986240405a608162b9bb23","name":"Ibrahima","image":{"@type":"ImageObject","@id":"https:\/\/www.nettali.com\/#personlogo","inLanguage":"fr-FR","url":"https:\/\/secure.gravatar.com\/avatar\/26a8a81f09f0dd7624c9d5c36c9ba3a2?s=96&d=mm&r=g","contentUrl":"https:\/\/secure.gravatar.com\/avatar\/26a8a81f09f0dd7624c9d5c36c9ba3a2?s=96&d=mm&r=g","caption":"Ibrahima"},"sameAs":["https:\/\/www.nettali.com"]}]}},"_links":{"self":[{"href":"https:\/\/www.nettali.com\/rest\/wp\/v2\/posts\/94151"}],"collection":[{"href":"https:\/\/www.nettali.com\/rest\/wp\/v2\/posts"}],"about":[{"href":"https:\/\/www.nettali.com\/rest\/wp\/v2\/types\/post"}],"author":[{"embeddable":true,"href":"https:\/\/www.nettali.com\/rest\/wp\/v2\/users\/5"}],"replies":[{"embeddable":true,"href":"https:\/\/www.nettali.com\/rest\/wp\/v2\/comments?post=94151"}],"version-history":[{"count":3,"href":"https:\/\/www.nettali.com\/rest\/wp\/v2\/posts\/94151\/revisions"}],"predecessor-version":[{"id":94157,"href":"https:\/\/www.nettali.com\/rest\/wp\/v2\/posts\/94151\/revisions\/94157"}],"wp:featuredmedia":[{"embeddable":true,"href":"https:\/\/www.nettali.com\/rest\/wp\/v2\/media\/93998"}],"wp:attachment":[{"href":"https:\/\/www.nettali.com\/rest\/wp\/v2\/media?parent=94151"}],"wp:term":[{"taxonomy":"category","embeddable":true,"href":"https:\/\/www.nettali.com\/rest\/wp\/v2\/categories?post=94151"},{"taxonomy":"post_tag","embeddable":true,"href":"https:\/\/www.nettali.com\/rest\/wp\/v2\/tags?post=94151"}],"curies":[{"name":"wp","href":"https:\/\/api.w.org\/{rel}","templated":true}]}}