{"id":93915,"date":"2022-09-15T16:22:10","date_gmt":"2022-09-15T16:22:10","guid":{"rendered":"https:\/\/www.nettali.com\/?p=93915"},"modified":"2022-09-15T16:22:10","modified_gmt":"2022-09-15T16:22:10","slug":"tennis-roger-federer-range-sa-raquette","status":"publish","type":"post","link":"https:\/\/www.nettali.com\/2022\/09\/15\/tennis-roger-federer-range-sa-raquette\/","title":{"rendered":"TENNIS - Roger Federer range sa raquette!"},"content":{"rendered":"<p><strong>NETTALI.COM - Apr\u00e8s 24 ans de carri\u00e8re, Roger Federer a annonc\u00e9 jeudi sa retraite. L'ic\u00f4ne du Tennis mondial a indiqu\u00e9 que la Laver Cup, disput\u00e9e la semaine prochaine \u00e0 Londres, sera sa derni\u00e8re \u00e9preuve ATP.<\/strong><\/p>\n<p>A 41\u00a0ans, Roger Federer \u00e9tait absent du jeu depuis plus de 12 mois, suite \u00e0 une troisi\u00e8me op\u00e9ration du genou.<\/p>\n<p>\"<em>Les trois derni\u00e8res ann\u00e9es ont \u00e9t\u00e9 marqu\u00e9es par des blessures et des op\u00e9rations qui ont repr\u00e9sent\u00e9 autant de d\u00e9fis \u00e0 surmonter, \u00e9crit Federer. J\u2019ai travaill\u00e9 dur pour retrouver un niveau de forme qui me permettrait de disputer des comp\u00e9titions. Mais je connais aussi les capacit\u00e9s et les limites de mon corps, et le message qu\u2019il m\u2019a adress\u00e9 derni\u00e8rement a \u00e9t\u00e9 clair. J\u2019ai 41 ans. J\u2019ai jou\u00e9 plus de 1500 matchs en plus de 24 ans. Le tennis m\u2019a trait\u00e9 de mani\u00e8re plus g\u00e9n\u00e9reuse que je n\u2019aurais pu en r\u00eaver et maintenant, je dois reconna\u00eetre quand arrive le moment de mettre un terme \u00e0 ma carri\u00e8re de comp\u00e9titeur<\/em>\", a \u00e9crit Federer sur les r\u00e9seaux sociaux.<\/p>\n<p>Le B\u00e2lois termine sa lettre ainsi : \"<em>Et finalement \u00e0 toi tennis, je t\u2019aime et je ne te quitterai jamais<\/em>\".<\/p>\n<p>Avec son d\u00e9part, c'est toute une page de l\u2019histoire du tennis qui se tourne.<\/p>\n<div class='share-to-whatsapp-wrapper'><div class='share-on-whsp'>PARTAGER SUR : <\/div><a data-text='TENNIS - Roger Federer range sa raquette!' data-link='https:\/\/www.nettali.com\/2022\/09\/15\/tennis-roger-federer-range-sa-raquette\/' class='whatsapp-button whatsapp-share'>WhatsApp<\/a><div class='clear '><\/div><\/div>","protected":false},"excerpt":{"rendered":"<p>NETTALI.COM - Apr\u00e8s 24 ans de carri\u00e8re, Roger Federer a annonc\u00e9 jeudi sa retraite. L'ic\u00f4ne du Tennis mondial a indiqu\u00e9 que la Laver Cup, disput\u00e9e la semaine prochaine \u00e0 Londres, sera sa derni\u00e8re \u00e9preuve ATP. A 41\u00a0ans, Roger Federer \u00e9tait absent du jeu depuis plus de 12 mois, suite \u00e0 une troisi\u00e8me op\u00e9ration du genou. [&hellip;]<\/p>\n","protected":false},"author":5,"featured_media":93916,"comment_status":"open","ping_status":"open","sticky":false,"template":"","format":"standard","meta":{"_et_pb_use_builder":"","_et_pb_old_content":""},"categories":[6],"tags":[],"yoast_head":"<!-- This site is optimized with the Yoast SEO Premium plugin v17.8 (Yoast SEO v17.8) - https:\/\/yoast.com\/wordpress\/plugins\/seo\/ -->\n<title>TENNIS - Roger Federer range sa raquette! | Nettali.com<\/title>\n<meta name=\"robots\" content=\"index, follow, max-snippet:-1, max-image-preview:large, max-video-preview:-1\" \/>\n<link rel=\"canonical\" href=\"https:\/\/www.nettali.com\/2022\/09\/15\/tennis-roger-federer-range-sa-raquette\/\" \/>\n<meta property=\"og:locale\" content=\"fr_FR\" \/>\n<meta property=\"og:type\" content=\"article\" \/>\n<meta property=\"og:title\" content=\"TENNIS - Roger Federer range sa raquette!\" \/>\n<meta property=\"og:description\" content=\"NETTALI.COM - Apr\u00e8s 24 ans de carri\u00e8re, Roger Federer a annonc\u00e9 jeudi sa retraite. L&#039;ic\u00f4ne du Tennis mondial a indiqu\u00e9 que la Laver Cup, disput\u00e9e la semaine prochaine \u00e0 Londres, sera sa derni\u00e8re \u00e9preuve ATP. A 41\u00a0ans, Roger Federer \u00e9tait absent du jeu depuis plus de 12 mois, suite \u00e0 une troisi\u00e8me op\u00e9ration du genou. [&hellip;]\" \/>\n<meta property=\"og:url\" content=\"https:\/\/www.nettali.com\/2022\/09\/15\/tennis-roger-federer-range-sa-raquette\/\" \/>\n<meta property=\"og:site_name\" content=\"Nettali.com\" \/>\n<meta property=\"article:publisher\" content=\"https:\/\/www.facebook.com\/nettalicom\" \/>\n<meta property=\"article:published_time\" content=\"2022-09-15T16:22:10+00:00\" \/>\n<meta property=\"og:image\" content=\"https:\/\/www.nettali.com\/wp-content\/uploads\/2022\/09\/AP-Federer-Sept22.jpeg\" \/>\n\t<meta property=\"og:image:width\" content=\"770\" \/>\n\t<meta property=\"og:image:height\" content=\"514\" \/>\n<meta name=\"twitter:card\" content=\"summary_large_image\" \/>\n<meta name=\"twitter:label1\" content=\"\u00c9crit par\" \/>\n\t<meta name=\"twitter:data1\" content=\"Ibrahima\" \/>\n\t<meta name=\"twitter:label2\" content=\"Dur\u00e9e de lecture estim\u00e9e\" \/>\n\t<meta name=\"twitter:data2\" content=\"2 minutes\" \/>\n<script type=\"application\/ld+json\" class=\"yoast-schema-graph\">{\"@context\":\"https:\/\/schema.org\",\"@graph\":[{\"@type\":\"WebSite\",\"@id\":\"https:\/\/www.nettali.com\/#website\",\"url\":\"https:\/\/www.nettali.com\/\",\"name\":\"Nettali.com\",\"description\":\"Le rendez-vous critique du Net\",\"potentialAction\":[{\"@type\":\"SearchAction\",\"target\":{\"@type\":\"EntryPoint\",\"urlTemplate\":\"https:\/\/www.nettali.com\/?s={search_term_string}\"},\"query-input\":\"required name=search_term_string\"}],\"inLanguage\":\"fr-FR\"},{\"@type\":\"ImageObject\",\"@id\":\"https:\/\/www.nettali.com\/2022\/09\/15\/tennis-roger-federer-range-sa-raquette\/#primaryimage\",\"inLanguage\":\"fr-FR\",\"url\":\"https:\/\/www.nettali.com\/wp-content\/uploads\/2022\/09\/AP-Federer-Sept22.jpeg\",\"contentUrl\":\"https:\/\/www.nettali.com\/wp-content\/uploads\/2022\/09\/AP-Federer-Sept22.jpeg\",\"width\":770,\"height\":514},{\"@type\":\"WebPage\",\"@id\":\"https:\/\/www.nettali.com\/2022\/09\/15\/tennis-roger-federer-range-sa-raquette\/#webpage\",\"url\":\"https:\/\/www.nettali.com\/2022\/09\/15\/tennis-roger-federer-range-sa-raquette\/\",\"name\":\"TENNIS - Roger Federer range sa raquette! | Nettali.com\",\"isPartOf\":{\"@id\":\"https:\/\/www.nettali.com\/#website\"},\"primaryImageOfPage\":{\"@id\":\"https:\/\/www.nettali.com\/2022\/09\/15\/tennis-roger-federer-range-sa-raquette\/#primaryimage\"},\"datePublished\":\"2022-09-15T16:22:10+00:00\",\"dateModified\":\"2022-09-15T16:22:10+00:00\",\"author\":{\"@id\":\"https:\/\/www.nettali.com\/#\/schema\/person\/bb147657c2986240405a608162b9bb23\"},\"breadcrumb\":{\"@id\":\"https:\/\/www.nettali.com\/2022\/09\/15\/tennis-roger-federer-range-sa-raquette\/#breadcrumb\"},\"inLanguage\":\"fr-FR\",\"potentialAction\":[{\"@type\":\"ReadAction\",\"target\":[\"https:\/\/www.nettali.com\/2022\/09\/15\/tennis-roger-federer-range-sa-raquette\/\"]}]},{\"@type\":\"BreadcrumbList\",\"@id\":\"https:\/\/www.nettali.com\/2022\/09\/15\/tennis-roger-federer-range-sa-raquette\/#breadcrumb\",\"itemListElement\":[{\"@type\":\"ListItem\",\"position\":1,\"name\":\"Accueil\",\"item\":\"https:\/\/www.nettali.com\/\"},{\"@type\":\"ListItem\",\"position\":2,\"name\":\"TENNIS - Roger Federer range sa raquette!\"}]},{\"@type\":\"Person\",\"@id\":\"https:\/\/www.nettali.com\/#\/schema\/person\/bb147657c2986240405a608162b9bb23\",\"name\":\"Ibrahima\",\"image\":{\"@type\":\"ImageObject\",\"@id\":\"https:\/\/www.nettali.com\/#personlogo\",\"inLanguage\":\"fr-FR\",\"url\":\"https:\/\/secure.gravatar.com\/avatar\/26a8a81f09f0dd7624c9d5c36c9ba3a2?s=96&d=mm&r=g\",\"contentUrl\":\"https:\/\/secure.gravatar.com\/avatar\/26a8a81f09f0dd7624c9d5c36c9ba3a2?s=96&d=mm&r=g\",\"caption\":\"Ibrahima\"},\"sameAs\":[\"https:\/\/www.nettali.com\"]}]}<\/script>\n<!-- \/ Yoast SEO Premium plugin. -->","yoast_head_json":{"title":"TENNIS - Roger Federer range sa raquette! | Nettali.com","robots":{"index":"index","follow":"follow","max-snippet":"max-snippet:-1","max-image-preview":"max-image-preview:large","max-video-preview":"max-video-preview:-1"},"canonical":"https:\/\/www.nettali.com\/2022\/09\/15\/tennis-roger-federer-range-sa-raquette\/","og_locale":"fr_FR","og_type":"article","og_title":"TENNIS - Roger Federer range sa raquette!","og_description":"NETTALI.COM - Apr\u00e8s 24 ans de carri\u00e8re, Roger Federer a annonc\u00e9 jeudi sa retraite. L'ic\u00f4ne du Tennis mondial a indiqu\u00e9 que la Laver Cup, disput\u00e9e la semaine prochaine \u00e0 Londres, sera sa derni\u00e8re \u00e9preuve ATP. A 41\u00a0ans, Roger Federer \u00e9tait absent du jeu depuis plus de 12 mois, suite \u00e0 une troisi\u00e8me op\u00e9ration du genou. [&hellip;]","og_url":"https:\/\/www.nettali.com\/2022\/09\/15\/tennis-roger-federer-range-sa-raquette\/","og_site_name":"Nettali.com","article_publisher":"https:\/\/www.facebook.com\/nettalicom","article_published_time":"2022-09-15T16:22:10+00:00","og_image":[{"width":770,"height":514,"url":"https:\/\/www.nettali.com\/wp-content\/uploads\/2022\/09\/AP-Federer-Sept22.jpeg","type":"image\/jpeg"}],"twitter_card":"summary_large_image","twitter_misc":{"\u00c9crit par":"Ibrahima","Dur\u00e9e de lecture estim\u00e9e":"2 minutes"},"schema":{"@context":"https:\/\/schema.org","@graph":[{"@type":"WebSite","@id":"https:\/\/www.nettali.com\/#website","url":"https:\/\/www.nettali.com\/","name":"Nettali.com","description":"Le rendez-vous critique du Net","potentialAction":[{"@type":"SearchAction","target":{"@type":"EntryPoint","urlTemplate":"https:\/\/www.nettali.com\/?s={search_term_string}"},"query-input":"required name=search_term_string"}],"inLanguage":"fr-FR"},{"@type":"ImageObject","@id":"https:\/\/www.nettali.com\/2022\/09\/15\/tennis-roger-federer-range-sa-raquette\/#primaryimage","inLanguage":"fr-FR","url":"https:\/\/www.nettali.com\/wp-content\/uploads\/2022\/09\/AP-Federer-Sept22.jpeg","contentUrl":"https:\/\/www.nettali.com\/wp-content\/uploads\/2022\/09\/AP-Federer-Sept22.jpeg","width":770,"height":514},{"@type":"WebPage","@id":"https:\/\/www.nettali.com\/2022\/09\/15\/tennis-roger-federer-range-sa-raquette\/#webpage","url":"https:\/\/www.nettali.com\/2022\/09\/15\/tennis-roger-federer-range-sa-raquette\/","name":"TENNIS - Roger Federer range sa raquette! | Nettali.com","isPartOf":{"@id":"https:\/\/www.nettali.com\/#website"},"primaryImageOfPage":{"@id":"https:\/\/www.nettali.com\/2022\/09\/15\/tennis-roger-federer-range-sa-raquette\/#primaryimage"},"datePublished":"2022-09-15T16:22:10+00:00","dateModified":"2022-09-15T16:22:10+00:00","author":{"@id":"https:\/\/www.nettali.com\/#\/schema\/person\/bb147657c2986240405a608162b9bb23"},"breadcrumb":{"@id":"https:\/\/www.nettali.com\/2022\/09\/15\/tennis-roger-federer-range-sa-raquette\/#breadcrumb"},"inLanguage":"fr-FR","potentialAction":[{"@type":"ReadAction","target":["https:\/\/www.nettali.com\/2022\/09\/15\/tennis-roger-federer-range-sa-raquette\/"]}]},{"@type":"BreadcrumbList","@id":"https:\/\/www.nettali.com\/2022\/09\/15\/tennis-roger-federer-range-sa-raquette\/#breadcrumb","itemListElement":[{"@type":"ListItem","position":1,"name":"Accueil","item":"https:\/\/www.nettali.com\/"},{"@type":"ListItem","position":2,"name":"TENNIS - Roger Federer range sa raquette!"}]},{"@type":"Person","@id":"https:\/\/www.nettali.com\/#\/schema\/person\/bb147657c2986240405a608162b9bb23","name":"Ibrahima","image":{"@type":"ImageObject","@id":"https:\/\/www.nettali.com\/#personlogo","inLanguage":"fr-FR","url":"https:\/\/secure.gravatar.com\/avatar\/26a8a81f09f0dd7624c9d5c36c9ba3a2?s=96&d=mm&r=g","contentUrl":"https:\/\/secure.gravatar.com\/avatar\/26a8a81f09f0dd7624c9d5c36c9ba3a2?s=96&d=mm&r=g","caption":"Ibrahima"},"sameAs":["https:\/\/www.nettali.com"]}]}},"_links":{"self":[{"href":"https:\/\/www.nettali.com\/rest\/wp\/v2\/posts\/93915"}],"collection":[{"href":"https:\/\/www.nettali.com\/rest\/wp\/v2\/posts"}],"about":[{"href":"https:\/\/www.nettali.com\/rest\/wp\/v2\/types\/post"}],"author":[{"embeddable":true,"href":"https:\/\/www.nettali.com\/rest\/wp\/v2\/users\/5"}],"replies":[{"embeddable":true,"href":"https:\/\/www.nettali.com\/rest\/wp\/v2\/comments?post=93915"}],"version-history":[{"count":1,"href":"https:\/\/www.nettali.com\/rest\/wp\/v2\/posts\/93915\/revisions"}],"predecessor-version":[{"id":93917,"href":"https:\/\/www.nettali.com\/rest\/wp\/v2\/posts\/93915\/revisions\/93917"}],"wp:featuredmedia":[{"embeddable":true,"href":"https:\/\/www.nettali.com\/rest\/wp\/v2\/media\/93916"}],"wp:attachment":[{"href":"https:\/\/www.nettali.com\/rest\/wp\/v2\/media?parent=93915"}],"wp:term":[{"taxonomy":"category","embeddable":true,"href":"https:\/\/www.nettali.com\/rest\/wp\/v2\/categories?post=93915"},{"taxonomy":"post_tag","embeddable":true,"href":"https:\/\/www.nettali.com\/rest\/wp\/v2\/tags?post=93915"}],"curies":[{"name":"wp","href":"https:\/\/api.w.org\/{rel}","templated":true}]}}