{"id":93776,"date":"2022-09-13T08:46:59","date_gmt":"2022-09-13T08:46:59","guid":{"rendered":"https:\/\/www.nettali.com\/?p=93776"},"modified":"2022-09-13T08:46:59","modified_gmt":"2022-09-13T08:46:59","slug":"situation-compliquee-a-lom-bamba-dieng-a-verse-des-larmes","status":"publish","type":"post","link":"https:\/\/www.nettali.com\/2022\/09\/13\/situation-compliquee-a-lom-bamba-dieng-a-verse-des-larmes\/","title":{"rendered":"SITUATION COMPLIQU\u00c9E \u00c0 L'OM - Bamba Dieng a vers\u00e9 des larmes"},"content":{"rendered":"<p><strong>NETTALI.COM - R\u00e9int\u00e9gr\u00e9 aux entra\u00eenements collectifs, Bamba Dieng n\u2019entre toujours pas dans les plans d\u2019Igor Tudor. L\u2019attaquant de l\u2019Olympique de Marseille de 22 ans ne figurait pas dans le groupe convoqu\u00e9 pour affronter Lille (2-1) samedi en Ligue 1.<\/strong><\/p>\n<p>Une situation difficile \u00e0 vivre pour le le champion d'Afrique. En effet, L\u2019Equipe affirme que le Marseillais \"<em>a craqu\u00e9 plusieurs fois, jusqu\u2019aux larmes dans le vestiaire<\/em>\". Cela n\u2019a apparemment pas attendri ses sup\u00e9rieurs qui ne l\u2019ont pas inscrit sur la liste pour la Ligue des Champions.<\/p>\n<div class='share-to-whatsapp-wrapper'><div class='share-on-whsp'>PARTAGER SUR : <\/div><a data-text='SITUATION COMPLIQU\u00c9E \u00c0 L'OM - Bamba Dieng a vers\u00e9 des larmes' data-link='https:\/\/www.nettali.com\/2022\/09\/13\/situation-compliquee-a-lom-bamba-dieng-a-verse-des-larmes\/' class='whatsapp-button whatsapp-share'>WhatsApp<\/a><div class='clear '><\/div><\/div>","protected":false},"excerpt":{"rendered":"<p>NETTALI.COM - R\u00e9int\u00e9gr\u00e9 aux entra\u00eenements collectifs, Bamba Dieng n\u2019entre toujours pas dans les plans d\u2019Igor Tudor. L\u2019attaquant de l\u2019Olympique de Marseille de 22 ans ne figurait pas dans le groupe convoqu\u00e9 pour affronter Lille (2-1) samedi en Ligue 1. Une situation difficile \u00e0 vivre pour le le champion d'Afrique. En effet, L\u2019Equipe affirme que le [&hellip;]<\/p>\n","protected":false},"author":5,"featured_media":93777,"comment_status":"open","ping_status":"open","sticky":false,"template":"","format":"standard","meta":{"_et_pb_use_builder":"","_et_pb_old_content":""},"categories":[6],"tags":[],"yoast_head":"<!-- This site is optimized with the Yoast SEO Premium plugin v17.8 (Yoast SEO v17.8) - https:\/\/yoast.com\/wordpress\/plugins\/seo\/ -->\n<title>SITUATION COMPLIQU\u00c9E \u00c0 L&#039;OM - Bamba Dieng a vers\u00e9 des larmes | Nettali.com<\/title>\n<meta name=\"robots\" content=\"index, follow, max-snippet:-1, max-image-preview:large, max-video-preview:-1\" \/>\n<link rel=\"canonical\" href=\"https:\/\/www.nettali.com\/2022\/09\/13\/situation-compliquee-a-lom-bamba-dieng-a-verse-des-larmes\/\" \/>\n<meta property=\"og:locale\" content=\"fr_FR\" \/>\n<meta property=\"og:type\" content=\"article\" \/>\n<meta property=\"og:title\" content=\"SITUATION COMPLIQU\u00c9E \u00c0 L&#039;OM - Bamba Dieng a vers\u00e9 des larmes\" \/>\n<meta property=\"og:description\" content=\"NETTALI.COM - R\u00e9int\u00e9gr\u00e9 aux entra\u00eenements collectifs, Bamba Dieng n\u2019entre toujours pas dans les plans d\u2019Igor Tudor. L\u2019attaquant de l\u2019Olympique de Marseille de 22 ans ne figurait pas dans le groupe convoqu\u00e9 pour affronter Lille (2-1) samedi en Ligue 1. Une situation difficile \u00e0 vivre pour le le champion d&#039;Afrique. En effet, L\u2019Equipe affirme que le [&hellip;]\" \/>\n<meta property=\"og:url\" content=\"https:\/\/www.nettali.com\/2022\/09\/13\/situation-compliquee-a-lom-bamba-dieng-a-verse-des-larmes\/\" \/>\n<meta property=\"og:site_name\" content=\"Nettali.com\" \/>\n<meta property=\"article:publisher\" content=\"https:\/\/www.facebook.com\/nettalicom\" \/>\n<meta property=\"article:published_time\" content=\"2022-09-13T08:46:59+00:00\" \/>\n<meta property=\"og:image\" content=\"https:\/\/www.nettali.com\/wp-content\/uploads\/2022\/09\/20220905_1_7_1_1_0_obj26763538_1.jpg\" \/>\n\t<meta property=\"og:image:width\" content=\"1540\" \/>\n\t<meta property=\"og:image:height\" content=\"866\" \/>\n<meta name=\"twitter:card\" content=\"summary_large_image\" \/>\n<meta name=\"twitter:label1\" content=\"\u00c9crit par\" \/>\n\t<meta name=\"twitter:data1\" content=\"Ibrahima\" \/>\n\t<meta name=\"twitter:label2\" content=\"Dur\u00e9e de lecture estim\u00e9e\" \/>\n\t<meta name=\"twitter:data2\" content=\"1 minute\" \/>\n<script type=\"application\/ld+json\" class=\"yoast-schema-graph\">{\"@context\":\"https:\/\/schema.org\",\"@graph\":[{\"@type\":\"WebSite\",\"@id\":\"https:\/\/www.nettali.com\/#website\",\"url\":\"https:\/\/www.nettali.com\/\",\"name\":\"Nettali.com\",\"description\":\"Le rendez-vous critique du Net\",\"potentialAction\":[{\"@type\":\"SearchAction\",\"target\":{\"@type\":\"EntryPoint\",\"urlTemplate\":\"https:\/\/www.nettali.com\/?s={search_term_string}\"},\"query-input\":\"required name=search_term_string\"}],\"inLanguage\":\"fr-FR\"},{\"@type\":\"ImageObject\",\"@id\":\"https:\/\/www.nettali.com\/2022\/09\/13\/situation-compliquee-a-lom-bamba-dieng-a-verse-des-larmes\/#primaryimage\",\"inLanguage\":\"fr-FR\",\"url\":\"https:\/\/www.nettali.com\/wp-content\/uploads\/2022\/09\/20220905_1_7_1_1_0_obj26763538_1.jpg\",\"contentUrl\":\"https:\/\/www.nettali.com\/wp-content\/uploads\/2022\/09\/20220905_1_7_1_1_0_obj26763538_1.jpg\",\"width\":1540,\"height\":866},{\"@type\":\"WebPage\",\"@id\":\"https:\/\/www.nettali.com\/2022\/09\/13\/situation-compliquee-a-lom-bamba-dieng-a-verse-des-larmes\/#webpage\",\"url\":\"https:\/\/www.nettali.com\/2022\/09\/13\/situation-compliquee-a-lom-bamba-dieng-a-verse-des-larmes\/\",\"name\":\"SITUATION COMPLIQU\\u00c9E \\u00c0 L'OM - Bamba Dieng a vers\\u00e9 des larmes | Nettali.com\",\"isPartOf\":{\"@id\":\"https:\/\/www.nettali.com\/#website\"},\"primaryImageOfPage\":{\"@id\":\"https:\/\/www.nettali.com\/2022\/09\/13\/situation-compliquee-a-lom-bamba-dieng-a-verse-des-larmes\/#primaryimage\"},\"datePublished\":\"2022-09-13T08:46:59+00:00\",\"dateModified\":\"2022-09-13T08:46:59+00:00\",\"author\":{\"@id\":\"https:\/\/www.nettali.com\/#\/schema\/person\/bb147657c2986240405a608162b9bb23\"},\"breadcrumb\":{\"@id\":\"https:\/\/www.nettali.com\/2022\/09\/13\/situation-compliquee-a-lom-bamba-dieng-a-verse-des-larmes\/#breadcrumb\"},\"inLanguage\":\"fr-FR\",\"potentialAction\":[{\"@type\":\"ReadAction\",\"target\":[\"https:\/\/www.nettali.com\/2022\/09\/13\/situation-compliquee-a-lom-bamba-dieng-a-verse-des-larmes\/\"]}]},{\"@type\":\"BreadcrumbList\",\"@id\":\"https:\/\/www.nettali.com\/2022\/09\/13\/situation-compliquee-a-lom-bamba-dieng-a-verse-des-larmes\/#breadcrumb\",\"itemListElement\":[{\"@type\":\"ListItem\",\"position\":1,\"name\":\"Accueil\",\"item\":\"https:\/\/www.nettali.com\/\"},{\"@type\":\"ListItem\",\"position\":2,\"name\":\"SITUATION COMPLIQU\\u00c9E \\u00c0 L'OM - Bamba Dieng a vers\\u00e9 des larmes\"}]},{\"@type\":\"Person\",\"@id\":\"https:\/\/www.nettali.com\/#\/schema\/person\/bb147657c2986240405a608162b9bb23\",\"name\":\"Ibrahima\",\"image\":{\"@type\":\"ImageObject\",\"@id\":\"https:\/\/www.nettali.com\/#personlogo\",\"inLanguage\":\"fr-FR\",\"url\":\"https:\/\/secure.gravatar.com\/avatar\/26a8a81f09f0dd7624c9d5c36c9ba3a2?s=96&d=mm&r=g\",\"contentUrl\":\"https:\/\/secure.gravatar.com\/avatar\/26a8a81f09f0dd7624c9d5c36c9ba3a2?s=96&d=mm&r=g\",\"caption\":\"Ibrahima\"},\"sameAs\":[\"https:\/\/www.nettali.com\"]}]}<\/script>\n<!-- \/ Yoast SEO Premium plugin. -->","yoast_head_json":{"title":"SITUATION COMPLIQU\u00c9E \u00c0 L'OM - Bamba Dieng a vers\u00e9 des larmes | Nettali.com","robots":{"index":"index","follow":"follow","max-snippet":"max-snippet:-1","max-image-preview":"max-image-preview:large","max-video-preview":"max-video-preview:-1"},"canonical":"https:\/\/www.nettali.com\/2022\/09\/13\/situation-compliquee-a-lom-bamba-dieng-a-verse-des-larmes\/","og_locale":"fr_FR","og_type":"article","og_title":"SITUATION COMPLIQU\u00c9E \u00c0 L'OM - Bamba Dieng a vers\u00e9 des larmes","og_description":"NETTALI.COM - R\u00e9int\u00e9gr\u00e9 aux entra\u00eenements collectifs, Bamba Dieng n\u2019entre toujours pas dans les plans d\u2019Igor Tudor. L\u2019attaquant de l\u2019Olympique de Marseille de 22 ans ne figurait pas dans le groupe convoqu\u00e9 pour affronter Lille (2-1) samedi en Ligue 1. Une situation difficile \u00e0 vivre pour le le champion d'Afrique. En effet, L\u2019Equipe affirme que le [&hellip;]","og_url":"https:\/\/www.nettali.com\/2022\/09\/13\/situation-compliquee-a-lom-bamba-dieng-a-verse-des-larmes\/","og_site_name":"Nettali.com","article_publisher":"https:\/\/www.facebook.com\/nettalicom","article_published_time":"2022-09-13T08:46:59+00:00","og_image":[{"width":1540,"height":866,"url":"https:\/\/www.nettali.com\/wp-content\/uploads\/2022\/09\/20220905_1_7_1_1_0_obj26763538_1.jpg","type":"image\/jpeg"}],"twitter_card":"summary_large_image","twitter_misc":{"\u00c9crit par":"Ibrahima","Dur\u00e9e de lecture estim\u00e9e":"1 minute"},"schema":{"@context":"https:\/\/schema.org","@graph":[{"@type":"WebSite","@id":"https:\/\/www.nettali.com\/#website","url":"https:\/\/www.nettali.com\/","name":"Nettali.com","description":"Le rendez-vous critique du Net","potentialAction":[{"@type":"SearchAction","target":{"@type":"EntryPoint","urlTemplate":"https:\/\/www.nettali.com\/?s={search_term_string}"},"query-input":"required name=search_term_string"}],"inLanguage":"fr-FR"},{"@type":"ImageObject","@id":"https:\/\/www.nettali.com\/2022\/09\/13\/situation-compliquee-a-lom-bamba-dieng-a-verse-des-larmes\/#primaryimage","inLanguage":"fr-FR","url":"https:\/\/www.nettali.com\/wp-content\/uploads\/2022\/09\/20220905_1_7_1_1_0_obj26763538_1.jpg","contentUrl":"https:\/\/www.nettali.com\/wp-content\/uploads\/2022\/09\/20220905_1_7_1_1_0_obj26763538_1.jpg","width":1540,"height":866},{"@type":"WebPage","@id":"https:\/\/www.nettali.com\/2022\/09\/13\/situation-compliquee-a-lom-bamba-dieng-a-verse-des-larmes\/#webpage","url":"https:\/\/www.nettali.com\/2022\/09\/13\/situation-compliquee-a-lom-bamba-dieng-a-verse-des-larmes\/","name":"SITUATION COMPLIQU\u00c9E \u00c0 L'OM - Bamba Dieng a vers\u00e9 des larmes | Nettali.com","isPartOf":{"@id":"https:\/\/www.nettali.com\/#website"},"primaryImageOfPage":{"@id":"https:\/\/www.nettali.com\/2022\/09\/13\/situation-compliquee-a-lom-bamba-dieng-a-verse-des-larmes\/#primaryimage"},"datePublished":"2022-09-13T08:46:59+00:00","dateModified":"2022-09-13T08:46:59+00:00","author":{"@id":"https:\/\/www.nettali.com\/#\/schema\/person\/bb147657c2986240405a608162b9bb23"},"breadcrumb":{"@id":"https:\/\/www.nettali.com\/2022\/09\/13\/situation-compliquee-a-lom-bamba-dieng-a-verse-des-larmes\/#breadcrumb"},"inLanguage":"fr-FR","potentialAction":[{"@type":"ReadAction","target":["https:\/\/www.nettali.com\/2022\/09\/13\/situation-compliquee-a-lom-bamba-dieng-a-verse-des-larmes\/"]}]},{"@type":"BreadcrumbList","@id":"https:\/\/www.nettali.com\/2022\/09\/13\/situation-compliquee-a-lom-bamba-dieng-a-verse-des-larmes\/#breadcrumb","itemListElement":[{"@type":"ListItem","position":1,"name":"Accueil","item":"https:\/\/www.nettali.com\/"},{"@type":"ListItem","position":2,"name":"SITUATION COMPLIQU\u00c9E \u00c0 L'OM - Bamba Dieng a vers\u00e9 des larmes"}]},{"@type":"Person","@id":"https:\/\/www.nettali.com\/#\/schema\/person\/bb147657c2986240405a608162b9bb23","name":"Ibrahima","image":{"@type":"ImageObject","@id":"https:\/\/www.nettali.com\/#personlogo","inLanguage":"fr-FR","url":"https:\/\/secure.gravatar.com\/avatar\/26a8a81f09f0dd7624c9d5c36c9ba3a2?s=96&d=mm&r=g","contentUrl":"https:\/\/secure.gravatar.com\/avatar\/26a8a81f09f0dd7624c9d5c36c9ba3a2?s=96&d=mm&r=g","caption":"Ibrahima"},"sameAs":["https:\/\/www.nettali.com"]}]}},"_links":{"self":[{"href":"https:\/\/www.nettali.com\/rest\/wp\/v2\/posts\/93776"}],"collection":[{"href":"https:\/\/www.nettali.com\/rest\/wp\/v2\/posts"}],"about":[{"href":"https:\/\/www.nettali.com\/rest\/wp\/v2\/types\/post"}],"author":[{"embeddable":true,"href":"https:\/\/www.nettali.com\/rest\/wp\/v2\/users\/5"}],"replies":[{"embeddable":true,"href":"https:\/\/www.nettali.com\/rest\/wp\/v2\/comments?post=93776"}],"version-history":[{"count":1,"href":"https:\/\/www.nettali.com\/rest\/wp\/v2\/posts\/93776\/revisions"}],"predecessor-version":[{"id":93778,"href":"https:\/\/www.nettali.com\/rest\/wp\/v2\/posts\/93776\/revisions\/93778"}],"wp:featuredmedia":[{"embeddable":true,"href":"https:\/\/www.nettali.com\/rest\/wp\/v2\/media\/93777"}],"wp:attachment":[{"href":"https:\/\/www.nettali.com\/rest\/wp\/v2\/media?parent=93776"}],"wp:term":[{"taxonomy":"category","embeddable":true,"href":"https:\/\/www.nettali.com\/rest\/wp\/v2\/categories?post=93776"},{"taxonomy":"post_tag","embeddable":true,"href":"https:\/\/www.nettali.com\/rest\/wp\/v2\/tags?post=93776"}],"curies":[{"name":"wp","href":"https:\/\/api.w.org\/{rel}","templated":true}]}}