{"id":93772,"date":"2022-09-13T08:46:09","date_gmt":"2022-09-13T08:46:09","guid":{"rendered":"https:\/\/www.nettali.com\/?p=93772"},"modified":"2022-09-13T08:46:21","modified_gmt":"2022-09-13T08:46:21","slug":"coupe-du-monde-2022-lequateur-menace-dexclusio","status":"publish","type":"post","link":"https:\/\/www.nettali.com\/2022\/09\/13\/coupe-du-monde-2022-lequateur-menace-dexclusio\/","title":{"rendered":"COUPE DU MONDE 2022 - L'\u00c9quateur menac\u00e9 d'exclusion"},"content":{"rendered":"<p><strong>NETTALI.COM - Futur adversaire du S\u00e9n\u00e9gal lors du prochain Mondial Qatar 2022, l'Equateur pourrait \u00eatre disqualifi\u00e9 pour avoir fait jouer Byron Castillo sous son maillot alors qu'il \u00e9tait en possession de faux papiers. L'affaire remonte \u00e0 plusieurs mois mais c'est une enqu\u00eate du Daily Mail qui l'a r\u00e9v\u00e9l\u00e9, lundi. Le joueur serait en fait Colombien et aurait menti sur son ann\u00e9e de naissance.<\/strong><\/p>\n<p>Une affaire qui pourrait menacer une s\u00e9lection toute enti\u00e8re. Lundi, le Daily Mail a publli\u00e9\u00a0une enqu\u00eate pleine de r\u00e9v\u00e9lations\u00a0sur la s\u00e9lection \u00e9qutorienne de football. Qualifi\u00e9 pour la Coupe du monde au Qatar, l'Equateur pourrait bien \u00eatre disqualifi\u00e9 du Mondial apr\u00e8s avoir fait jouer Byron Castillo sous ses couleurs malgr\u00e9 la possession de faux papiers de ce dernier.<\/p>\n<p>D'apr\u00e8s le m\u00e9dia britannique, Castillo serait en effet de nationalit\u00e9 colombienne et non \u00e9quatorienne. Il poss\u00e8derait en outre une fausse indentit\u00e9 et donc un faux passeport, ce que Byron Castillo a finalement admis. L'ailier a \u00e9galement confess\u00e9 avoir quitt\u00e9 la Colombie pour poursuivre sa carri\u00e8re en Equateur et a d\u00e9nonc\u00e9 un homme d'affaires \u00e9quatorien qui lui aurait offert une nouvelle identit\u00e9.<\/p>\n<p><strong>Chili grand gagnant ?<\/strong><\/p>\n<p>Le Daily Mail s'est procur\u00e9 un enregistrement audio d'un entretien conduit par la Commission d'enqu\u00eate de la F\u00e9d\u00e9ration \u00e9quatorienne de football (FEF), datant de 2018, dans lequel Castillo admet qu'il est n\u00e9 en 1995 et non en 1998 comme inscrit sur son certificat de naissance \u00e9quatorien. Il donne \u00e9galement le nom de Javier Castillo Segura, qui lui a procur\u00e9 son faux certificat de naissance. Il d\u00e9taille son d\u00e9part de la ville colombienne de Tumaco pour aller \u00e0 San Lorenzo afin de poursuivre sa carri\u00e8re de footballeur, et livre le nom du businessman qui lui a procur\u00e9 une nouvelle identit\u00e9.<\/p>\n<p>L'affaire remonte ainsi \u00e0 plusieurs mois. Le Chili avait alors d\u00e9pos\u00e9 une requ\u00eate aupr\u00e8s de la FIFA,\u00a0qui l'avait rejet\u00e9e.\u00a0Mais d\u00e9sormais, la s\u00e9lection chilienne pourrait remplacer l'Equateur \u00e0 la Coupe du monde si des sanctions sont prises, notamment car la f\u00e9d\u00e9ration \u00e9quatorienne aurait sciemment dissimul\u00e9 toutes ces preuves de fraude. La Commission d'appel de la FIFA se r\u00e9unira jeudi pour statuer sur le dossier et donner une r\u00e9ponse favorable ou non au Chili.<br \/>\nAffaire \u00e0 suivre...<\/p>\n<div class='share-to-whatsapp-wrapper'><div class='share-on-whsp'>PARTAGER SUR : <\/div><a data-text='COUPE DU MONDE 2022 - L'\u00c9quateur menac\u00e9 d'exclusion' data-link='https:\/\/www.nettali.com\/2022\/09\/13\/coupe-du-monde-2022-lequateur-menace-dexclusio\/' class='whatsapp-button whatsapp-share'>WhatsApp<\/a><div class='clear '><\/div><\/div>","protected":false},"excerpt":{"rendered":"<p>NETTALI.COM - Futur adversaire du S\u00e9n\u00e9gal lors du prochain Mondial Qatar 2022, l'Equateur pourrait \u00eatre disqualifi\u00e9 pour avoir fait jouer Byron Castillo sous son maillot alors qu'il \u00e9tait en possession de faux papiers. L'affaire remonte \u00e0 plusieurs mois mais c'est une enqu\u00eate du Daily Mail qui l'a r\u00e9v\u00e9l\u00e9, lundi. Le joueur serait en fait Colombien [&hellip;]<\/p>\n","protected":false},"author":5,"featured_media":93774,"comment_status":"open","ping_status":"open","sticky":false,"template":"","format":"standard","meta":{"_et_pb_use_builder":"","_et_pb_old_content":""},"categories":[6],"tags":[],"yoast_head":"<!-- This site is optimized with the Yoast SEO Premium plugin v17.8 (Yoast SEO v17.8) - https:\/\/yoast.com\/wordpress\/plugins\/seo\/ -->\n<title>COUPE DU MONDE 2022 - L&#039;\u00c9quateur menac\u00e9 d&#039;exclusion | Nettali.com<\/title>\n<meta name=\"robots\" content=\"index, follow, max-snippet:-1, max-image-preview:large, max-video-preview:-1\" \/>\n<link rel=\"canonical\" href=\"https:\/\/www.nettali.com\/2022\/09\/13\/coupe-du-monde-2022-lequateur-menace-dexclusio\/\" \/>\n<meta property=\"og:locale\" content=\"fr_FR\" \/>\n<meta property=\"og:type\" content=\"article\" \/>\n<meta property=\"og:title\" content=\"COUPE DU MONDE 2022 - L&#039;\u00c9quateur menac\u00e9 d&#039;exclusion\" \/>\n<meta property=\"og:description\" content=\"NETTALI.COM - Futur adversaire du S\u00e9n\u00e9gal lors du prochain Mondial Qatar 2022, l&#039;Equateur pourrait \u00eatre disqualifi\u00e9 pour avoir fait jouer Byron Castillo sous son maillot alors qu&#039;il \u00e9tait en possession de faux papiers. L&#039;affaire remonte \u00e0 plusieurs mois mais c&#039;est une enqu\u00eate du Daily Mail qui l&#039;a r\u00e9v\u00e9l\u00e9, lundi. Le joueur serait en fait Colombien [&hellip;]\" \/>\n<meta property=\"og:url\" content=\"https:\/\/www.nettali.com\/2022\/09\/13\/coupe-du-monde-2022-lequateur-menace-dexclusio\/\" \/>\n<meta property=\"og:site_name\" content=\"Nettali.com\" \/>\n<meta property=\"article:publisher\" content=\"https:\/\/www.facebook.com\/nettalicom\" \/>\n<meta property=\"article:published_time\" content=\"2022-09-13T08:46:09+00:00\" \/>\n<meta property=\"article:modified_time\" content=\"2022-09-13T08:46:21+00:00\" \/>\n<meta property=\"og:image\" content=\"https:\/\/www.nettali.com\/wp-content\/uploads\/2022\/09\/ecuadorjpg.jpg\" \/>\n\t<meta property=\"og:image:width\" content=\"1200\" \/>\n\t<meta property=\"og:image:height\" content=\"675\" \/>\n<meta name=\"twitter:card\" content=\"summary_large_image\" \/>\n<meta name=\"twitter:label1\" content=\"\u00c9crit par\" \/>\n\t<meta name=\"twitter:data1\" content=\"Ibrahima\" \/>\n\t<meta name=\"twitter:label2\" content=\"Dur\u00e9e de lecture estim\u00e9e\" \/>\n\t<meta name=\"twitter:data2\" content=\"2 minutes\" \/>\n<script type=\"application\/ld+json\" class=\"yoast-schema-graph\">{\"@context\":\"https:\/\/schema.org\",\"@graph\":[{\"@type\":\"WebSite\",\"@id\":\"https:\/\/www.nettali.com\/#website\",\"url\":\"https:\/\/www.nettali.com\/\",\"name\":\"Nettali.com\",\"description\":\"Le rendez-vous critique du Net\",\"potentialAction\":[{\"@type\":\"SearchAction\",\"target\":{\"@type\":\"EntryPoint\",\"urlTemplate\":\"https:\/\/www.nettali.com\/?s={search_term_string}\"},\"query-input\":\"required name=search_term_string\"}],\"inLanguage\":\"fr-FR\"},{\"@type\":\"ImageObject\",\"@id\":\"https:\/\/www.nettali.com\/2022\/09\/13\/coupe-du-monde-2022-lequateur-menace-dexclusio\/#primaryimage\",\"inLanguage\":\"fr-FR\",\"url\":\"https:\/\/www.nettali.com\/wp-content\/uploads\/2022\/09\/ecuadorjpg.jpg\",\"contentUrl\":\"https:\/\/www.nettali.com\/wp-content\/uploads\/2022\/09\/ecuadorjpg.jpg\",\"width\":1200,\"height\":675},{\"@type\":\"WebPage\",\"@id\":\"https:\/\/www.nettali.com\/2022\/09\/13\/coupe-du-monde-2022-lequateur-menace-dexclusio\/#webpage\",\"url\":\"https:\/\/www.nettali.com\/2022\/09\/13\/coupe-du-monde-2022-lequateur-menace-dexclusio\/\",\"name\":\"COUPE DU MONDE 2022 - L'\\u00c9quateur menac\\u00e9 d'exclusion | Nettali.com\",\"isPartOf\":{\"@id\":\"https:\/\/www.nettali.com\/#website\"},\"primaryImageOfPage\":{\"@id\":\"https:\/\/www.nettali.com\/2022\/09\/13\/coupe-du-monde-2022-lequateur-menace-dexclusio\/#primaryimage\"},\"datePublished\":\"2022-09-13T08:46:09+00:00\",\"dateModified\":\"2022-09-13T08:46:21+00:00\",\"author\":{\"@id\":\"https:\/\/www.nettali.com\/#\/schema\/person\/bb147657c2986240405a608162b9bb23\"},\"breadcrumb\":{\"@id\":\"https:\/\/www.nettali.com\/2022\/09\/13\/coupe-du-monde-2022-lequateur-menace-dexclusio\/#breadcrumb\"},\"inLanguage\":\"fr-FR\",\"potentialAction\":[{\"@type\":\"ReadAction\",\"target\":[\"https:\/\/www.nettali.com\/2022\/09\/13\/coupe-du-monde-2022-lequateur-menace-dexclusio\/\"]}]},{\"@type\":\"BreadcrumbList\",\"@id\":\"https:\/\/www.nettali.com\/2022\/09\/13\/coupe-du-monde-2022-lequateur-menace-dexclusio\/#breadcrumb\",\"itemListElement\":[{\"@type\":\"ListItem\",\"position\":1,\"name\":\"Accueil\",\"item\":\"https:\/\/www.nettali.com\/\"},{\"@type\":\"ListItem\",\"position\":2,\"name\":\"COUPE DU MONDE 2022 - L'\\u00c9quateur menac\\u00e9 d'exclusion\"}]},{\"@type\":\"Person\",\"@id\":\"https:\/\/www.nettali.com\/#\/schema\/person\/bb147657c2986240405a608162b9bb23\",\"name\":\"Ibrahima\",\"image\":{\"@type\":\"ImageObject\",\"@id\":\"https:\/\/www.nettali.com\/#personlogo\",\"inLanguage\":\"fr-FR\",\"url\":\"https:\/\/secure.gravatar.com\/avatar\/26a8a81f09f0dd7624c9d5c36c9ba3a2?s=96&d=mm&r=g\",\"contentUrl\":\"https:\/\/secure.gravatar.com\/avatar\/26a8a81f09f0dd7624c9d5c36c9ba3a2?s=96&d=mm&r=g\",\"caption\":\"Ibrahima\"},\"sameAs\":[\"https:\/\/www.nettali.com\"]}]}<\/script>\n<!-- \/ Yoast SEO Premium plugin. -->","yoast_head_json":{"title":"COUPE DU MONDE 2022 - L'\u00c9quateur menac\u00e9 d'exclusion | Nettali.com","robots":{"index":"index","follow":"follow","max-snippet":"max-snippet:-1","max-image-preview":"max-image-preview:large","max-video-preview":"max-video-preview:-1"},"canonical":"https:\/\/www.nettali.com\/2022\/09\/13\/coupe-du-monde-2022-lequateur-menace-dexclusio\/","og_locale":"fr_FR","og_type":"article","og_title":"COUPE DU MONDE 2022 - L'\u00c9quateur menac\u00e9 d'exclusion","og_description":"NETTALI.COM - Futur adversaire du S\u00e9n\u00e9gal lors du prochain Mondial Qatar 2022, l'Equateur pourrait \u00eatre disqualifi\u00e9 pour avoir fait jouer Byron Castillo sous son maillot alors qu'il \u00e9tait en possession de faux papiers. L'affaire remonte \u00e0 plusieurs mois mais c'est une enqu\u00eate du Daily Mail qui l'a r\u00e9v\u00e9l\u00e9, lundi. Le joueur serait en fait Colombien [&hellip;]","og_url":"https:\/\/www.nettali.com\/2022\/09\/13\/coupe-du-monde-2022-lequateur-menace-dexclusio\/","og_site_name":"Nettali.com","article_publisher":"https:\/\/www.facebook.com\/nettalicom","article_published_time":"2022-09-13T08:46:09+00:00","article_modified_time":"2022-09-13T08:46:21+00:00","og_image":[{"width":1200,"height":675,"url":"https:\/\/www.nettali.com\/wp-content\/uploads\/2022\/09\/ecuadorjpg.jpg","type":"image\/jpeg"}],"twitter_card":"summary_large_image","twitter_misc":{"\u00c9crit par":"Ibrahima","Dur\u00e9e de lecture estim\u00e9e":"2 minutes"},"schema":{"@context":"https:\/\/schema.org","@graph":[{"@type":"WebSite","@id":"https:\/\/www.nettali.com\/#website","url":"https:\/\/www.nettali.com\/","name":"Nettali.com","description":"Le rendez-vous critique du Net","potentialAction":[{"@type":"SearchAction","target":{"@type":"EntryPoint","urlTemplate":"https:\/\/www.nettali.com\/?s={search_term_string}"},"query-input":"required name=search_term_string"}],"inLanguage":"fr-FR"},{"@type":"ImageObject","@id":"https:\/\/www.nettali.com\/2022\/09\/13\/coupe-du-monde-2022-lequateur-menace-dexclusio\/#primaryimage","inLanguage":"fr-FR","url":"https:\/\/www.nettali.com\/wp-content\/uploads\/2022\/09\/ecuadorjpg.jpg","contentUrl":"https:\/\/www.nettali.com\/wp-content\/uploads\/2022\/09\/ecuadorjpg.jpg","width":1200,"height":675},{"@type":"WebPage","@id":"https:\/\/www.nettali.com\/2022\/09\/13\/coupe-du-monde-2022-lequateur-menace-dexclusio\/#webpage","url":"https:\/\/www.nettali.com\/2022\/09\/13\/coupe-du-monde-2022-lequateur-menace-dexclusio\/","name":"COUPE DU MONDE 2022 - L'\u00c9quateur menac\u00e9 d'exclusion | Nettali.com","isPartOf":{"@id":"https:\/\/www.nettali.com\/#website"},"primaryImageOfPage":{"@id":"https:\/\/www.nettali.com\/2022\/09\/13\/coupe-du-monde-2022-lequateur-menace-dexclusio\/#primaryimage"},"datePublished":"2022-09-13T08:46:09+00:00","dateModified":"2022-09-13T08:46:21+00:00","author":{"@id":"https:\/\/www.nettali.com\/#\/schema\/person\/bb147657c2986240405a608162b9bb23"},"breadcrumb":{"@id":"https:\/\/www.nettali.com\/2022\/09\/13\/coupe-du-monde-2022-lequateur-menace-dexclusio\/#breadcrumb"},"inLanguage":"fr-FR","potentialAction":[{"@type":"ReadAction","target":["https:\/\/www.nettali.com\/2022\/09\/13\/coupe-du-monde-2022-lequateur-menace-dexclusio\/"]}]},{"@type":"BreadcrumbList","@id":"https:\/\/www.nettali.com\/2022\/09\/13\/coupe-du-monde-2022-lequateur-menace-dexclusio\/#breadcrumb","itemListElement":[{"@type":"ListItem","position":1,"name":"Accueil","item":"https:\/\/www.nettali.com\/"},{"@type":"ListItem","position":2,"name":"COUPE DU MONDE 2022 - L'\u00c9quateur menac\u00e9 d'exclusion"}]},{"@type":"Person","@id":"https:\/\/www.nettali.com\/#\/schema\/person\/bb147657c2986240405a608162b9bb23","name":"Ibrahima","image":{"@type":"ImageObject","@id":"https:\/\/www.nettali.com\/#personlogo","inLanguage":"fr-FR","url":"https:\/\/secure.gravatar.com\/avatar\/26a8a81f09f0dd7624c9d5c36c9ba3a2?s=96&d=mm&r=g","contentUrl":"https:\/\/secure.gravatar.com\/avatar\/26a8a81f09f0dd7624c9d5c36c9ba3a2?s=96&d=mm&r=g","caption":"Ibrahima"},"sameAs":["https:\/\/www.nettali.com"]}]}},"_links":{"self":[{"href":"https:\/\/www.nettali.com\/rest\/wp\/v2\/posts\/93772"}],"collection":[{"href":"https:\/\/www.nettali.com\/rest\/wp\/v2\/posts"}],"about":[{"href":"https:\/\/www.nettali.com\/rest\/wp\/v2\/types\/post"}],"author":[{"embeddable":true,"href":"https:\/\/www.nettali.com\/rest\/wp\/v2\/users\/5"}],"replies":[{"embeddable":true,"href":"https:\/\/www.nettali.com\/rest\/wp\/v2\/comments?post=93772"}],"version-history":[{"count":3,"href":"https:\/\/www.nettali.com\/rest\/wp\/v2\/posts\/93772\/revisions"}],"predecessor-version":[{"id":93780,"href":"https:\/\/www.nettali.com\/rest\/wp\/v2\/posts\/93772\/revisions\/93780"}],"wp:featuredmedia":[{"embeddable":true,"href":"https:\/\/www.nettali.com\/rest\/wp\/v2\/media\/93774"}],"wp:attachment":[{"href":"https:\/\/www.nettali.com\/rest\/wp\/v2\/media?parent=93772"}],"wp:term":[{"taxonomy":"category","embeddable":true,"href":"https:\/\/www.nettali.com\/rest\/wp\/v2\/categories?post=93772"},{"taxonomy":"post_tag","embeddable":true,"href":"https:\/\/www.nettali.com\/rest\/wp\/v2\/tags?post=93772"}],"curies":[{"name":"wp","href":"https:\/\/api.w.org\/{rel}","templated":true}]}}