{"id":93756,"date":"2022-09-13T07:44:11","date_gmt":"2022-09-13T07:44:11","guid":{"rendered":"https:\/\/www.nettali.com\/?p=93756"},"modified":"2022-09-14T08:22:53","modified_gmt":"2022-09-14T08:22:53","slug":"portrait-qui-est-amadou-mame-diop-le-nouveau-president-de-lassemblee-nationale","status":"publish","type":"post","link":"https:\/\/www.nettali.com\/2022\/09\/13\/portrait-qui-est-amadou-mame-diop-le-nouveau-president-de-lassemblee-nationale\/","title":{"rendered":"PORTRAIT - Qui est Amadou Mame Diop, le nouveau pr\u00e9sident de l'Assembl\u00e9e nationale ?"},"content":{"rendered":"<p><strong>NETTALI.COM - Elu pr\u00e9sident de l'Assembl\u00e9e nationale, Amadou Mame Diop conna\u00eet bien l'h\u00e9micycle. Il a \u00e9t\u00e9 \u00e9lu d\u00e9put\u00e9 pour la premi\u00e8re fois en 2012. Pharmacien de profession, le d\u00e9sormais ancien Directeur de la Soci\u00e9t\u00e9 d'am\u00e9nagement de la Petite c\u00f4te (Sapco) Amadou Mame Diop est \u00e9galement le Vice-Pr\u00e9sident du Comit\u00e9 Interparlementaire de l\u2019Union Economique Mon\u00e9taire Ouest Africaine. Portrait.<\/strong><\/p>\n<p>Elu d\u00e9put\u00e9 en 2012 puis Maire de la Commune de Richard-Toll en 2014, Amadou Mame Diop a rempil\u00e9 \u00e0 l\u2019Assembl\u00e9e nationale en 2017. Depuis le 14 octobre 2020, il est le Pr\u00e9sident de la Commission de Comptabilit\u00e9 et de Contr\u00f4le. Au niveau sous r\u00e9gional, le Pr\u00e9sident Amadou Mame Diop est Vice-Pr\u00e9sident du Comit\u00e9 Interparlementaire de l\u2019Union Economique Mon\u00e9taire Ouest Africaine.<\/p>\n<p>Pharmacien de profession, Amadou Mame Diop a fait ses \u00e9tudes primaires et secondaires \u00e0 Saint-Louis o\u00f9 il a d\u00e9croch\u00e9 son Baccalaur\u00e9at, s\u00e9rie D en 1987 avec la mention Assez-bien. Orient\u00e9 \u00e0 l\u2019Universit\u00e9 Cheikh Anta Diop au d\u00e9partement de Pharmacie, il sort avec le titre de Docteur en pharmacie. Puis direction la France o\u00f9 il a poursuivi son cursus universitaire. Au pays de Marianne, il obtient un DESS en r\u00e9partition pharmaceutique et de gestion. De retour au S\u00e9n\u00e9gal, il travaille pour le compte d\u2019une soci\u00e9t\u00e9 de r\u00e9partition pharmaceutique avant de s\u2019installer \u00e0 Richard-Toll comme pharmacien d\u2019officine.<\/p>\n<p>Le pharmacien n\u2019a commenc\u00e9 \u00e0 faire la politique qu\u2019en 2008 avec l\u2019Apr. <em>\u00ab Je n\u2019ai jamais milit\u00e9 dans un autre parti. J\u2019ai \u00e9t\u00e9 choisi \u00e0 chaque fois comme t\u00eate de liste de mon d\u00e9partement \u00bb<\/em>, dit le pharmacien, tr\u00e8s social et tr\u00e8s proche des habitants de sa localit\u00e9. Par rapport \u00e0 sa base, il n\u2019a pas trop de soucis \u00e0 se faire car adopt\u00e9 par ces derniers. Du fait de sa profession, il est tr\u00e8s proche des populations. Courtois et ayant un sens parfait de l\u2019\u00e9coute, il essaie toujours de trouver les moyens pour satisfaire les dol\u00e9ances de sa base.<\/p>\n<p>Pour sa deuxi\u00e8me l\u00e9gislature, il n\u2019y a pas de doute que l\u2019effet de nouveaut\u00e9 disparait et laisse toutefois la complexit\u00e9 et l\u2019enjeu que constitue la fonction de repr\u00e9sentant.<em> \u00ab Cette derni\u00e8re fonction exige toujours une attention, une disponibilit\u00e9, une sensibilit\u00e9 manifeste et une ouverture d\u2019esprit \u00bb<\/em>, dit-il.<\/p>\n<p>Elu par le peuple, Amadou Mame Diop entend d\u00e9fendre les int\u00e9r\u00eats de ce dernier. Il estime que ce fut, tout d\u2019abord, un honneur lorsqu\u2019il juge \u00e0 la confiance que les \u00e9lecteurs ont fait montre \u00e0 son \u00e9gard. <em>\u00ab II s\u2019agit, ensuite, d\u2019une lourde responsabilit\u00e9 car ne voulant aucunement trahir ou travestir la confiance qui m\u2019a \u00e9t\u00e9 accord\u00e9e par mes concitoyens \u00bb<\/em>, laisse-t-il entendre. <em>\u00ab Vous savez ainsi que le veut la logique du r\u00e9gime de la repr\u00e9sentation telle que appliqu\u00e9 au S\u00e9n\u00e9gal, une fois \u00e9lu, la repr\u00e9sentation d\u00e9passe le cadre des \u00e9lecteurs de votre circonscription pour s\u2019\u00e9tendre \u00e0 l\u2019\u00e9chelle nationale. Mais, cela ne nous va pas m\u2019emp\u00eacher dans l\u2019exercice du mandat de souligner et de tenter d\u2019orienter l\u2019action gouvernementale dans la prise en compte de l\u2019agriculture, l\u2019assainissement, l\u2019\u00e9lectrification rurale et l\u2019acc\u00e8s aux infrastructures sociales de base dans les options de politiques publiques dans le d\u00e9partement de Dagana\". <\/em><\/p>\n<p>A l\u2019Assembl\u00e9e nationale, il a comme d\u00e9fis, de veiller sereinement \u00e0 la production de normes soci\u00e9tales adoss\u00e9es \u00e0 nos valeurs et de participer \u00e0 un contr\u00f4le efficient de l\u2019action gouvernementale pour un S\u00e9n\u00e9gal \u00e9mergent dans lequel tous les citoyens s\u00e9n\u00e9galais acc\u00e8deront aux conditions requises de d\u00e9cence et d\u2019\u00e9panouissement. Dr Diop qui dit avoir des rapports de cordialit\u00e9 et de bonne civilit\u00e9 nonobstant la divergence id\u00e9ologique.<\/p>\n<p>En 2012, au moment de l\u2019accession de Macky Sall \u00e0 la t\u00eate de l\u2019Etat, la forte d\u00e9pr\u00e9ciation des indicateurs financiers, sociaux et budg\u00e9taires \u00e9tait sans conteste. A partir de 2012, il est apparu un renouveau de tous les indicateurs gr\u00e2ce au Pse. Pour le Maire de Richard-Toll, l\u2019\u00e9volution de la croissance \u00e9conomique est pass\u00e9e entre 2012 et 2019 de 4,4% \u00e0 6,9% avec une inflation globalement maitris\u00e9e et un d\u00e9ficit budg\u00e9taire en baisse constante pour stationner \u00e0 3,5% en 2018 et un endettement maitris\u00e9. <em>\u00ab Cela a entrain\u00e9 une augmentation consid\u00e9rable du niveau de l\u2019investissement public malgr\u00e9 les programmes sociaux co\u00fbteux comme : la Cmu, les Bourses de S\u00e9curit\u00e9 familiales et le Pudc. Si les projections, pour l\u2019ann\u00e9e 2021 restent encore incertaines, le Plan de R\u00e9silience \u00e9conomique et sociale (PRES) arm\u00e9 d\u2019un Fonds de riposte et de solidarit\u00e9 contre les effets du COVID-19, lui-m\u00eame dot\u00e9 d\u2019un montant de 1000 milliards de FCFA (soit 7% de la richesse nationale) a \u00e9t\u00e9 d\u00e9cisif dans l\u2019all\u00e8gement des effets de la maladie. \u00ab Ce qui nous laisse tr\u00e8s optimiste quant au projet de loi de finances de 2021 qui se veut comme v\u00e9hicule de la relance \u00e9conomique avec une priorisation des secteurs fortement affect\u00e9s dans les options budg\u00e9taires \u00bb<\/em>, conclut-il \u00e0 ce propos.<br \/>\nSignalons que Pr\u00e9sident Amadou Mame Diop est n\u00e9 le 18 juillet 1965 \u00e0 Saint Louis.<\/p>\n<div class='share-to-whatsapp-wrapper'><div class='share-on-whsp'>PARTAGER SUR : <\/div><a data-text='PORTRAIT - Qui est Amadou Mame Diop, le nouveau pr\u00e9sident de l'Assembl\u00e9e nationale ?' data-link='https:\/\/www.nettali.com\/2022\/09\/13\/portrait-qui-est-amadou-mame-diop-le-nouveau-president-de-lassemblee-nationale\/' class='whatsapp-button whatsapp-share'>WhatsApp<\/a><div class='clear '><\/div><\/div>","protected":false},"excerpt":{"rendered":"<p>NETTALI.COM - Elu pr\u00e9sident de l'Assembl\u00e9e nationale, Amadou Mame Diop conna\u00eet bien l'h\u00e9micycle. Il a \u00e9t\u00e9 \u00e9lu d\u00e9put\u00e9 pour la premi\u00e8re fois en 2012. Pharmacien de profession, le d\u00e9sormais ancien Directeur de la Soci\u00e9t\u00e9 d'am\u00e9nagement de la Petite c\u00f4te (Sapco) Amadou Mame Diop est \u00e9galement le Vice-Pr\u00e9sident du Comit\u00e9 Interparlementaire de l\u2019Union Economique Mon\u00e9taire Ouest [&hellip;]<\/p>\n","protected":false},"author":4,"featured_media":93757,"comment_status":"open","ping_status":"open","sticky":false,"template":"","format":"standard","meta":{"_et_pb_use_builder":"","_et_pb_old_content":""},"categories":[2],"tags":[],"yoast_head":"<!-- This site is optimized with the Yoast SEO Premium plugin v17.8 (Yoast SEO v17.8) - https:\/\/yoast.com\/wordpress\/plugins\/seo\/ -->\n<title>PORTRAIT - Qui est Amadou Mame Diop, le nouveau pr\u00e9sident de l&#039;Assembl\u00e9e nationale ? | Nettali.com<\/title>\n<meta name=\"robots\" content=\"index, follow, max-snippet:-1, max-image-preview:large, max-video-preview:-1\" \/>\n<link rel=\"canonical\" href=\"https:\/\/www.nettali.com\/2022\/09\/13\/portrait-qui-est-amadou-mame-diop-le-nouveau-president-de-lassemblee-nationale\/\" \/>\n<meta property=\"og:locale\" content=\"fr_FR\" \/>\n<meta property=\"og:type\" content=\"article\" \/>\n<meta property=\"og:title\" content=\"PORTRAIT - Qui est Amadou Mame Diop, le nouveau pr\u00e9sident de l&#039;Assembl\u00e9e nationale ?\" \/>\n<meta property=\"og:description\" content=\"NETTALI.COM - Elu pr\u00e9sident de l&#039;Assembl\u00e9e nationale, Amadou Mame Diop conna\u00eet bien l&#039;h\u00e9micycle. Il a \u00e9t\u00e9 \u00e9lu d\u00e9put\u00e9 pour la premi\u00e8re fois en 2012. Pharmacien de profession, le d\u00e9sormais ancien Directeur de la Soci\u00e9t\u00e9 d&#039;am\u00e9nagement de la Petite c\u00f4te (Sapco) Amadou Mame Diop est \u00e9galement le Vice-Pr\u00e9sident du Comit\u00e9 Interparlementaire de l\u2019Union Economique Mon\u00e9taire Ouest [&hellip;]\" \/>\n<meta property=\"og:url\" content=\"https:\/\/www.nettali.com\/2022\/09\/13\/portrait-qui-est-amadou-mame-diop-le-nouveau-president-de-lassemblee-nationale\/\" \/>\n<meta property=\"og:site_name\" content=\"Nettali.com\" \/>\n<meta property=\"article:publisher\" content=\"https:\/\/www.facebook.com\/nettalicom\" \/>\n<meta property=\"article:published_time\" content=\"2022-09-13T07:44:11+00:00\" \/>\n<meta property=\"article:modified_time\" content=\"2022-09-14T08:22:53+00:00\" \/>\n<meta property=\"og:image\" content=\"https:\/\/www.nettali.com\/wp-content\/uploads\/2022\/09\/Capture-de\u0301cran-2022-09-13-a\u0300-07.43.14.png\" \/>\n\t<meta property=\"og:image:width\" content=\"801\" \/>\n\t<meta property=\"og:image:height\" content=\"446\" \/>\n<meta name=\"twitter:card\" content=\"summary_large_image\" \/>\n<meta name=\"twitter:label1\" content=\"\u00c9crit par\" \/>\n\t<meta name=\"twitter:data1\" content=\"Daouda\" \/>\n\t<meta name=\"twitter:label2\" content=\"Dur\u00e9e de lecture estim\u00e9e\" \/>\n\t<meta name=\"twitter:data2\" content=\"5 minutes\" \/>\n<script type=\"application\/ld+json\" class=\"yoast-schema-graph\">{\"@context\":\"https:\/\/schema.org\",\"@graph\":[{\"@type\":\"WebSite\",\"@id\":\"https:\/\/www.nettali.com\/#website\",\"url\":\"https:\/\/www.nettali.com\/\",\"name\":\"Nettali.com\",\"description\":\"Le rendez-vous critique du Net\",\"potentialAction\":[{\"@type\":\"SearchAction\",\"target\":{\"@type\":\"EntryPoint\",\"urlTemplate\":\"https:\/\/www.nettali.com\/?s={search_term_string}\"},\"query-input\":\"required name=search_term_string\"}],\"inLanguage\":\"fr-FR\"},{\"@type\":\"ImageObject\",\"@id\":\"https:\/\/www.nettali.com\/2022\/09\/13\/portrait-qui-est-amadou-mame-diop-le-nouveau-president-de-lassemblee-nationale\/#primaryimage\",\"inLanguage\":\"fr-FR\",\"url\":\"https:\/\/www.nettali.com\/wp-content\/uploads\/2022\/09\/Capture-de\\u0301cran-2022-09-13-a\\u0300-07.43.14.png\",\"contentUrl\":\"https:\/\/www.nettali.com\/wp-content\/uploads\/2022\/09\/Capture-de\\u0301cran-2022-09-13-a\\u0300-07.43.14.png\",\"width\":801,\"height\":446},{\"@type\":\"WebPage\",\"@id\":\"https:\/\/www.nettali.com\/2022\/09\/13\/portrait-qui-est-amadou-mame-diop-le-nouveau-president-de-lassemblee-nationale\/#webpage\",\"url\":\"https:\/\/www.nettali.com\/2022\/09\/13\/portrait-qui-est-amadou-mame-diop-le-nouveau-president-de-lassemblee-nationale\/\",\"name\":\"PORTRAIT - Qui est Amadou Mame Diop, le nouveau pr\\u00e9sident de l'Assembl\\u00e9e nationale ? | Nettali.com\",\"isPartOf\":{\"@id\":\"https:\/\/www.nettali.com\/#website\"},\"primaryImageOfPage\":{\"@id\":\"https:\/\/www.nettali.com\/2022\/09\/13\/portrait-qui-est-amadou-mame-diop-le-nouveau-president-de-lassemblee-nationale\/#primaryimage\"},\"datePublished\":\"2022-09-13T07:44:11+00:00\",\"dateModified\":\"2022-09-14T08:22:53+00:00\",\"author\":{\"@id\":\"https:\/\/www.nettali.com\/#\/schema\/person\/3317e0bb3aa1da309fbf7b2780901bf4\"},\"breadcrumb\":{\"@id\":\"https:\/\/www.nettali.com\/2022\/09\/13\/portrait-qui-est-amadou-mame-diop-le-nouveau-president-de-lassemblee-nationale\/#breadcrumb\"},\"inLanguage\":\"fr-FR\",\"potentialAction\":[{\"@type\":\"ReadAction\",\"target\":[\"https:\/\/www.nettali.com\/2022\/09\/13\/portrait-qui-est-amadou-mame-diop-le-nouveau-president-de-lassemblee-nationale\/\"]}]},{\"@type\":\"BreadcrumbList\",\"@id\":\"https:\/\/www.nettali.com\/2022\/09\/13\/portrait-qui-est-amadou-mame-diop-le-nouveau-president-de-lassemblee-nationale\/#breadcrumb\",\"itemListElement\":[{\"@type\":\"ListItem\",\"position\":1,\"name\":\"Accueil\",\"item\":\"https:\/\/www.nettali.com\/\"},{\"@type\":\"ListItem\",\"position\":2,\"name\":\"PORTRAIT - Qui est Amadou Mame Diop, le nouveau pr\\u00e9sident de l'Assembl\\u00e9e nationale ?\"}]},{\"@type\":\"Person\",\"@id\":\"https:\/\/www.nettali.com\/#\/schema\/person\/3317e0bb3aa1da309fbf7b2780901bf4\",\"name\":\"Daouda\",\"image\":{\"@type\":\"ImageObject\",\"@id\":\"https:\/\/www.nettali.com\/#personlogo\",\"inLanguage\":\"fr-FR\",\"url\":\"https:\/\/secure.gravatar.com\/avatar\/8d143b5a49345098ddcfee1c49c2f47c?s=96&d=mm&r=g\",\"contentUrl\":\"https:\/\/secure.gravatar.com\/avatar\/8d143b5a49345098ddcfee1c49c2f47c?s=96&d=mm&r=g\",\"caption\":\"Daouda\"},\"sameAs\":[\"https:\/\/www.nettali.com\"]}]}<\/script>\n<!-- \/ Yoast SEO Premium plugin. -->","yoast_head_json":{"title":"PORTRAIT - Qui est Amadou Mame Diop, le nouveau pr\u00e9sident de l'Assembl\u00e9e nationale ? | Nettali.com","robots":{"index":"index","follow":"follow","max-snippet":"max-snippet:-1","max-image-preview":"max-image-preview:large","max-video-preview":"max-video-preview:-1"},"canonical":"https:\/\/www.nettali.com\/2022\/09\/13\/portrait-qui-est-amadou-mame-diop-le-nouveau-president-de-lassemblee-nationale\/","og_locale":"fr_FR","og_type":"article","og_title":"PORTRAIT - Qui est Amadou Mame Diop, le nouveau pr\u00e9sident de l'Assembl\u00e9e nationale ?","og_description":"NETTALI.COM - Elu pr\u00e9sident de l'Assembl\u00e9e nationale, Amadou Mame Diop conna\u00eet bien l'h\u00e9micycle. Il a \u00e9t\u00e9 \u00e9lu d\u00e9put\u00e9 pour la premi\u00e8re fois en 2012. Pharmacien de profession, le d\u00e9sormais ancien Directeur de la Soci\u00e9t\u00e9 d'am\u00e9nagement de la Petite c\u00f4te (Sapco) Amadou Mame Diop est \u00e9galement le Vice-Pr\u00e9sident du Comit\u00e9 Interparlementaire de l\u2019Union Economique Mon\u00e9taire Ouest [&hellip;]","og_url":"https:\/\/www.nettali.com\/2022\/09\/13\/portrait-qui-est-amadou-mame-diop-le-nouveau-president-de-lassemblee-nationale\/","og_site_name":"Nettali.com","article_publisher":"https:\/\/www.facebook.com\/nettalicom","article_published_time":"2022-09-13T07:44:11+00:00","article_modified_time":"2022-09-14T08:22:53+00:00","og_image":[{"width":801,"height":446,"url":"https:\/\/www.nettali.com\/wp-content\/uploads\/2022\/09\/Capture-de\u0301cran-2022-09-13-a\u0300-07.43.14.png","type":"image\/png"}],"twitter_card":"summary_large_image","twitter_misc":{"\u00c9crit par":"Daouda","Dur\u00e9e de lecture estim\u00e9e":"5 minutes"},"schema":{"@context":"https:\/\/schema.org","@graph":[{"@type":"WebSite","@id":"https:\/\/www.nettali.com\/#website","url":"https:\/\/www.nettali.com\/","name":"Nettali.com","description":"Le rendez-vous critique du Net","potentialAction":[{"@type":"SearchAction","target":{"@type":"EntryPoint","urlTemplate":"https:\/\/www.nettali.com\/?s={search_term_string}"},"query-input":"required name=search_term_string"}],"inLanguage":"fr-FR"},{"@type":"ImageObject","@id":"https:\/\/www.nettali.com\/2022\/09\/13\/portrait-qui-est-amadou-mame-diop-le-nouveau-president-de-lassemblee-nationale\/#primaryimage","inLanguage":"fr-FR","url":"https:\/\/www.nettali.com\/wp-content\/uploads\/2022\/09\/Capture-de\u0301cran-2022-09-13-a\u0300-07.43.14.png","contentUrl":"https:\/\/www.nettali.com\/wp-content\/uploads\/2022\/09\/Capture-de\u0301cran-2022-09-13-a\u0300-07.43.14.png","width":801,"height":446},{"@type":"WebPage","@id":"https:\/\/www.nettali.com\/2022\/09\/13\/portrait-qui-est-amadou-mame-diop-le-nouveau-president-de-lassemblee-nationale\/#webpage","url":"https:\/\/www.nettali.com\/2022\/09\/13\/portrait-qui-est-amadou-mame-diop-le-nouveau-president-de-lassemblee-nationale\/","name":"PORTRAIT - Qui est Amadou Mame Diop, le nouveau pr\u00e9sident de l'Assembl\u00e9e nationale ? | Nettali.com","isPartOf":{"@id":"https:\/\/www.nettali.com\/#website"},"primaryImageOfPage":{"@id":"https:\/\/www.nettali.com\/2022\/09\/13\/portrait-qui-est-amadou-mame-diop-le-nouveau-president-de-lassemblee-nationale\/#primaryimage"},"datePublished":"2022-09-13T07:44:11+00:00","dateModified":"2022-09-14T08:22:53+00:00","author":{"@id":"https:\/\/www.nettali.com\/#\/schema\/person\/3317e0bb3aa1da309fbf7b2780901bf4"},"breadcrumb":{"@id":"https:\/\/www.nettali.com\/2022\/09\/13\/portrait-qui-est-amadou-mame-diop-le-nouveau-president-de-lassemblee-nationale\/#breadcrumb"},"inLanguage":"fr-FR","potentialAction":[{"@type":"ReadAction","target":["https:\/\/www.nettali.com\/2022\/09\/13\/portrait-qui-est-amadou-mame-diop-le-nouveau-president-de-lassemblee-nationale\/"]}]},{"@type":"BreadcrumbList","@id":"https:\/\/www.nettali.com\/2022\/09\/13\/portrait-qui-est-amadou-mame-diop-le-nouveau-president-de-lassemblee-nationale\/#breadcrumb","itemListElement":[{"@type":"ListItem","position":1,"name":"Accueil","item":"https:\/\/www.nettali.com\/"},{"@type":"ListItem","position":2,"name":"PORTRAIT - Qui est Amadou Mame Diop, le nouveau pr\u00e9sident de l'Assembl\u00e9e nationale ?"}]},{"@type":"Person","@id":"https:\/\/www.nettali.com\/#\/schema\/person\/3317e0bb3aa1da309fbf7b2780901bf4","name":"Daouda","image":{"@type":"ImageObject","@id":"https:\/\/www.nettali.com\/#personlogo","inLanguage":"fr-FR","url":"https:\/\/secure.gravatar.com\/avatar\/8d143b5a49345098ddcfee1c49c2f47c?s=96&d=mm&r=g","contentUrl":"https:\/\/secure.gravatar.com\/avatar\/8d143b5a49345098ddcfee1c49c2f47c?s=96&d=mm&r=g","caption":"Daouda"},"sameAs":["https:\/\/www.nettali.com"]}]}},"_links":{"self":[{"href":"https:\/\/www.nettali.com\/rest\/wp\/v2\/posts\/93756"}],"collection":[{"href":"https:\/\/www.nettali.com\/rest\/wp\/v2\/posts"}],"about":[{"href":"https:\/\/www.nettali.com\/rest\/wp\/v2\/types\/post"}],"author":[{"embeddable":true,"href":"https:\/\/www.nettali.com\/rest\/wp\/v2\/users\/4"}],"replies":[{"embeddable":true,"href":"https:\/\/www.nettali.com\/rest\/wp\/v2\/comments?post=93756"}],"version-history":[{"count":2,"href":"https:\/\/www.nettali.com\/rest\/wp\/v2\/posts\/93756\/revisions"}],"predecessor-version":[{"id":93759,"href":"https:\/\/www.nettali.com\/rest\/wp\/v2\/posts\/93756\/revisions\/93759"}],"wp:featuredmedia":[{"embeddable":true,"href":"https:\/\/www.nettali.com\/rest\/wp\/v2\/media\/93757"}],"wp:attachment":[{"href":"https:\/\/www.nettali.com\/rest\/wp\/v2\/media?parent=93756"}],"wp:term":[{"taxonomy":"category","embeddable":true,"href":"https:\/\/www.nettali.com\/rest\/wp\/v2\/categories?post=93756"},{"taxonomy":"post_tag","embeddable":true,"href":"https:\/\/www.nettali.com\/rest\/wp\/v2\/tags?post=93756"}],"curies":[{"name":"wp","href":"https:\/\/api.w.org\/{rel}","templated":true}]}}