{"id":93717,"date":"2022-09-12T19:32:14","date_gmt":"2022-09-12T19:32:14","guid":{"rendered":"https:\/\/www.nettali.com\/?p=93717"},"modified":"2022-09-12T19:32:14","modified_gmt":"2022-09-12T19:32:14","slug":"senegal-bouna-sarr-forfait-pour-le-mondial-2022","status":"publish","type":"post","link":"https:\/\/www.nettali.com\/2022\/09\/12\/senegal-bouna-sarr-forfait-pour-le-mondial-2022\/","title":{"rendered":"S\u00c9N\u00c9GAL - Bouna Sarr forfait pour le Mondial 2022"},"content":{"rendered":"<p><strong>NETTALI.COM - \u00c9norme tuile pour Bouna Sarr. Champion d\u2019Afrique en titre, le S\u00e9n\u00e9gal jouera la Coupe du monde sans Bouna Sarr. Selon L\u2019\u00c9quipe, le piston droit va \u00eatre op\u00e9r\u00e9 au genou ce mardi pour r\u00e9parer son tendon rotulien, et il d\u00e9clare donc de facto forfait pour le Mondial au Qatar.<\/strong><\/p>\n<p>D'apr\u00e8s\u00a0 nos confr\u00e8res, l\u2019ancien Marseillais souffre d\u2019une g\u00eane r\u00e9currente et douloureuse \"<em>qui l\u2019handicape depuis deux bonnes saisons<\/em>\". Fin des r\u00eaves de Coupe du monde, et fin d\u2019ann\u00e9e sportive pour le Lion aux 13 s\u00e9lections qui ne devrait pas retrouver les terrains avant d\u00e9but 2023.<\/p>\n<div class='share-to-whatsapp-wrapper'><div class='share-on-whsp'>PARTAGER SUR : <\/div><a data-text='S\u00c9N\u00c9GAL - Bouna Sarr forfait pour le Mondial 2022' data-link='https:\/\/www.nettali.com\/2022\/09\/12\/senegal-bouna-sarr-forfait-pour-le-mondial-2022\/' class='whatsapp-button whatsapp-share'>WhatsApp<\/a><div class='clear '><\/div><\/div>","protected":false},"excerpt":{"rendered":"<p>NETTALI.COM - \u00c9norme tuile pour Bouna Sarr. Champion d\u2019Afrique en titre, le S\u00e9n\u00e9gal jouera la Coupe du monde sans Bouna Sarr. Selon L\u2019\u00c9quipe, le piston droit va \u00eatre op\u00e9r\u00e9 au genou ce mardi pour r\u00e9parer son tendon rotulien, et il d\u00e9clare donc de facto forfait pour le Mondial au Qatar. D'apr\u00e8s\u00a0 nos confr\u00e8res, l\u2019ancien Marseillais [&hellip;]<\/p>\n","protected":false},"author":5,"featured_media":93718,"comment_status":"open","ping_status":"open","sticky":false,"template":"","format":"standard","meta":{"_et_pb_use_builder":"","_et_pb_old_content":""},"categories":[6],"tags":[],"yoast_head":"<!-- This site is optimized with the Yoast SEO Premium plugin v17.8 (Yoast SEO v17.8) - https:\/\/yoast.com\/wordpress\/plugins\/seo\/ -->\n<title>S\u00c9N\u00c9GAL - Bouna Sarr forfait pour le Mondial 2022 | Nettali.com<\/title>\n<meta name=\"robots\" content=\"index, follow, max-snippet:-1, max-image-preview:large, max-video-preview:-1\" \/>\n<link rel=\"canonical\" href=\"https:\/\/www.nettali.com\/2022\/09\/12\/senegal-bouna-sarr-forfait-pour-le-mondial-2022\/\" \/>\n<meta property=\"og:locale\" content=\"fr_FR\" \/>\n<meta property=\"og:type\" content=\"article\" \/>\n<meta property=\"og:title\" content=\"S\u00c9N\u00c9GAL - Bouna Sarr forfait pour le Mondial 2022\" \/>\n<meta property=\"og:description\" content=\"NETTALI.COM - \u00c9norme tuile pour Bouna Sarr. Champion d\u2019Afrique en titre, le S\u00e9n\u00e9gal jouera la Coupe du monde sans Bouna Sarr. Selon L\u2019\u00c9quipe, le piston droit va \u00eatre op\u00e9r\u00e9 au genou ce mardi pour r\u00e9parer son tendon rotulien, et il d\u00e9clare donc de facto forfait pour le Mondial au Qatar. D&#039;apr\u00e8s\u00a0 nos confr\u00e8res, l\u2019ancien Marseillais [&hellip;]\" \/>\n<meta property=\"og:url\" content=\"https:\/\/www.nettali.com\/2022\/09\/12\/senegal-bouna-sarr-forfait-pour-le-mondial-2022\/\" \/>\n<meta property=\"og:site_name\" content=\"Nettali.com\" \/>\n<meta property=\"article:publisher\" content=\"https:\/\/www.facebook.com\/nettalicom\" \/>\n<meta property=\"article:published_time\" content=\"2022-09-12T19:32:14+00:00\" \/>\n<meta property=\"og:image\" content=\"https:\/\/www.nettali.com\/wp-content\/uploads\/2022\/09\/FIwGSacXsAkmK3W.jpg\" \/>\n\t<meta property=\"og:image:width\" content=\"2000\" \/>\n\t<meta property=\"og:image:height\" content=\"1125\" \/>\n<meta name=\"twitter:card\" content=\"summary_large_image\" \/>\n<meta name=\"twitter:label1\" content=\"\u00c9crit par\" \/>\n\t<meta name=\"twitter:data1\" content=\"Ibrahima\" \/>\n\t<meta name=\"twitter:label2\" content=\"Dur\u00e9e de lecture estim\u00e9e\" \/>\n\t<meta name=\"twitter:data2\" content=\"1 minute\" \/>\n<script type=\"application\/ld+json\" class=\"yoast-schema-graph\">{\"@context\":\"https:\/\/schema.org\",\"@graph\":[{\"@type\":\"WebSite\",\"@id\":\"https:\/\/www.nettali.com\/#website\",\"url\":\"https:\/\/www.nettali.com\/\",\"name\":\"Nettali.com\",\"description\":\"Le rendez-vous critique du Net\",\"potentialAction\":[{\"@type\":\"SearchAction\",\"target\":{\"@type\":\"EntryPoint\",\"urlTemplate\":\"https:\/\/www.nettali.com\/?s={search_term_string}\"},\"query-input\":\"required name=search_term_string\"}],\"inLanguage\":\"fr-FR\"},{\"@type\":\"ImageObject\",\"@id\":\"https:\/\/www.nettali.com\/2022\/09\/12\/senegal-bouna-sarr-forfait-pour-le-mondial-2022\/#primaryimage\",\"inLanguage\":\"fr-FR\",\"url\":\"https:\/\/www.nettali.com\/wp-content\/uploads\/2022\/09\/FIwGSacXsAkmK3W.jpg\",\"contentUrl\":\"https:\/\/www.nettali.com\/wp-content\/uploads\/2022\/09\/FIwGSacXsAkmK3W.jpg\",\"width\":2000,\"height\":1125},{\"@type\":\"WebPage\",\"@id\":\"https:\/\/www.nettali.com\/2022\/09\/12\/senegal-bouna-sarr-forfait-pour-le-mondial-2022\/#webpage\",\"url\":\"https:\/\/www.nettali.com\/2022\/09\/12\/senegal-bouna-sarr-forfait-pour-le-mondial-2022\/\",\"name\":\"S\\u00c9N\\u00c9GAL - Bouna Sarr forfait pour le Mondial 2022 | Nettali.com\",\"isPartOf\":{\"@id\":\"https:\/\/www.nettali.com\/#website\"},\"primaryImageOfPage\":{\"@id\":\"https:\/\/www.nettali.com\/2022\/09\/12\/senegal-bouna-sarr-forfait-pour-le-mondial-2022\/#primaryimage\"},\"datePublished\":\"2022-09-12T19:32:14+00:00\",\"dateModified\":\"2022-09-12T19:32:14+00:00\",\"author\":{\"@id\":\"https:\/\/www.nettali.com\/#\/schema\/person\/bb147657c2986240405a608162b9bb23\"},\"breadcrumb\":{\"@id\":\"https:\/\/www.nettali.com\/2022\/09\/12\/senegal-bouna-sarr-forfait-pour-le-mondial-2022\/#breadcrumb\"},\"inLanguage\":\"fr-FR\",\"potentialAction\":[{\"@type\":\"ReadAction\",\"target\":[\"https:\/\/www.nettali.com\/2022\/09\/12\/senegal-bouna-sarr-forfait-pour-le-mondial-2022\/\"]}]},{\"@type\":\"BreadcrumbList\",\"@id\":\"https:\/\/www.nettali.com\/2022\/09\/12\/senegal-bouna-sarr-forfait-pour-le-mondial-2022\/#breadcrumb\",\"itemListElement\":[{\"@type\":\"ListItem\",\"position\":1,\"name\":\"Accueil\",\"item\":\"https:\/\/www.nettali.com\/\"},{\"@type\":\"ListItem\",\"position\":2,\"name\":\"S\\u00c9N\\u00c9GAL - Bouna Sarr forfait pour le Mondial 2022\"}]},{\"@type\":\"Person\",\"@id\":\"https:\/\/www.nettali.com\/#\/schema\/person\/bb147657c2986240405a608162b9bb23\",\"name\":\"Ibrahima\",\"image\":{\"@type\":\"ImageObject\",\"@id\":\"https:\/\/www.nettali.com\/#personlogo\",\"inLanguage\":\"fr-FR\",\"url\":\"https:\/\/secure.gravatar.com\/avatar\/26a8a81f09f0dd7624c9d5c36c9ba3a2?s=96&d=mm&r=g\",\"contentUrl\":\"https:\/\/secure.gravatar.com\/avatar\/26a8a81f09f0dd7624c9d5c36c9ba3a2?s=96&d=mm&r=g\",\"caption\":\"Ibrahima\"},\"sameAs\":[\"https:\/\/www.nettali.com\"]}]}<\/script>\n<!-- \/ Yoast SEO Premium plugin. -->","yoast_head_json":{"title":"S\u00c9N\u00c9GAL - Bouna Sarr forfait pour le Mondial 2022 | Nettali.com","robots":{"index":"index","follow":"follow","max-snippet":"max-snippet:-1","max-image-preview":"max-image-preview:large","max-video-preview":"max-video-preview:-1"},"canonical":"https:\/\/www.nettali.com\/2022\/09\/12\/senegal-bouna-sarr-forfait-pour-le-mondial-2022\/","og_locale":"fr_FR","og_type":"article","og_title":"S\u00c9N\u00c9GAL - Bouna Sarr forfait pour le Mondial 2022","og_description":"NETTALI.COM - \u00c9norme tuile pour Bouna Sarr. Champion d\u2019Afrique en titre, le S\u00e9n\u00e9gal jouera la Coupe du monde sans Bouna Sarr. Selon L\u2019\u00c9quipe, le piston droit va \u00eatre op\u00e9r\u00e9 au genou ce mardi pour r\u00e9parer son tendon rotulien, et il d\u00e9clare donc de facto forfait pour le Mondial au Qatar. D'apr\u00e8s\u00a0 nos confr\u00e8res, l\u2019ancien Marseillais [&hellip;]","og_url":"https:\/\/www.nettali.com\/2022\/09\/12\/senegal-bouna-sarr-forfait-pour-le-mondial-2022\/","og_site_name":"Nettali.com","article_publisher":"https:\/\/www.facebook.com\/nettalicom","article_published_time":"2022-09-12T19:32:14+00:00","og_image":[{"width":2000,"height":1125,"url":"https:\/\/www.nettali.com\/wp-content\/uploads\/2022\/09\/FIwGSacXsAkmK3W.jpg","type":"image\/jpeg"}],"twitter_card":"summary_large_image","twitter_misc":{"\u00c9crit par":"Ibrahima","Dur\u00e9e de lecture estim\u00e9e":"1 minute"},"schema":{"@context":"https:\/\/schema.org","@graph":[{"@type":"WebSite","@id":"https:\/\/www.nettali.com\/#website","url":"https:\/\/www.nettali.com\/","name":"Nettali.com","description":"Le rendez-vous critique du Net","potentialAction":[{"@type":"SearchAction","target":{"@type":"EntryPoint","urlTemplate":"https:\/\/www.nettali.com\/?s={search_term_string}"},"query-input":"required name=search_term_string"}],"inLanguage":"fr-FR"},{"@type":"ImageObject","@id":"https:\/\/www.nettali.com\/2022\/09\/12\/senegal-bouna-sarr-forfait-pour-le-mondial-2022\/#primaryimage","inLanguage":"fr-FR","url":"https:\/\/www.nettali.com\/wp-content\/uploads\/2022\/09\/FIwGSacXsAkmK3W.jpg","contentUrl":"https:\/\/www.nettali.com\/wp-content\/uploads\/2022\/09\/FIwGSacXsAkmK3W.jpg","width":2000,"height":1125},{"@type":"WebPage","@id":"https:\/\/www.nettali.com\/2022\/09\/12\/senegal-bouna-sarr-forfait-pour-le-mondial-2022\/#webpage","url":"https:\/\/www.nettali.com\/2022\/09\/12\/senegal-bouna-sarr-forfait-pour-le-mondial-2022\/","name":"S\u00c9N\u00c9GAL - Bouna Sarr forfait pour le Mondial 2022 | Nettali.com","isPartOf":{"@id":"https:\/\/www.nettali.com\/#website"},"primaryImageOfPage":{"@id":"https:\/\/www.nettali.com\/2022\/09\/12\/senegal-bouna-sarr-forfait-pour-le-mondial-2022\/#primaryimage"},"datePublished":"2022-09-12T19:32:14+00:00","dateModified":"2022-09-12T19:32:14+00:00","author":{"@id":"https:\/\/www.nettali.com\/#\/schema\/person\/bb147657c2986240405a608162b9bb23"},"breadcrumb":{"@id":"https:\/\/www.nettali.com\/2022\/09\/12\/senegal-bouna-sarr-forfait-pour-le-mondial-2022\/#breadcrumb"},"inLanguage":"fr-FR","potentialAction":[{"@type":"ReadAction","target":["https:\/\/www.nettali.com\/2022\/09\/12\/senegal-bouna-sarr-forfait-pour-le-mondial-2022\/"]}]},{"@type":"BreadcrumbList","@id":"https:\/\/www.nettali.com\/2022\/09\/12\/senegal-bouna-sarr-forfait-pour-le-mondial-2022\/#breadcrumb","itemListElement":[{"@type":"ListItem","position":1,"name":"Accueil","item":"https:\/\/www.nettali.com\/"},{"@type":"ListItem","position":2,"name":"S\u00c9N\u00c9GAL - Bouna Sarr forfait pour le Mondial 2022"}]},{"@type":"Person","@id":"https:\/\/www.nettali.com\/#\/schema\/person\/bb147657c2986240405a608162b9bb23","name":"Ibrahima","image":{"@type":"ImageObject","@id":"https:\/\/www.nettali.com\/#personlogo","inLanguage":"fr-FR","url":"https:\/\/secure.gravatar.com\/avatar\/26a8a81f09f0dd7624c9d5c36c9ba3a2?s=96&d=mm&r=g","contentUrl":"https:\/\/secure.gravatar.com\/avatar\/26a8a81f09f0dd7624c9d5c36c9ba3a2?s=96&d=mm&r=g","caption":"Ibrahima"},"sameAs":["https:\/\/www.nettali.com"]}]}},"_links":{"self":[{"href":"https:\/\/www.nettali.com\/rest\/wp\/v2\/posts\/93717"}],"collection":[{"href":"https:\/\/www.nettali.com\/rest\/wp\/v2\/posts"}],"about":[{"href":"https:\/\/www.nettali.com\/rest\/wp\/v2\/types\/post"}],"author":[{"embeddable":true,"href":"https:\/\/www.nettali.com\/rest\/wp\/v2\/users\/5"}],"replies":[{"embeddable":true,"href":"https:\/\/www.nettali.com\/rest\/wp\/v2\/comments?post=93717"}],"version-history":[{"count":2,"href":"https:\/\/www.nettali.com\/rest\/wp\/v2\/posts\/93717\/revisions"}],"predecessor-version":[{"id":93725,"href":"https:\/\/www.nettali.com\/rest\/wp\/v2\/posts\/93717\/revisions\/93725"}],"wp:featuredmedia":[{"embeddable":true,"href":"https:\/\/www.nettali.com\/rest\/wp\/v2\/media\/93718"}],"wp:attachment":[{"href":"https:\/\/www.nettali.com\/rest\/wp\/v2\/media?parent=93717"}],"wp:term":[{"taxonomy":"category","embeddable":true,"href":"https:\/\/www.nettali.com\/rest\/wp\/v2\/categories?post=93717"},{"taxonomy":"post_tag","embeddable":true,"href":"https:\/\/www.nettali.com\/rest\/wp\/v2\/tags?post=93717"}],"curies":[{"name":"wp","href":"https:\/\/api.w.org\/{rel}","templated":true}]}}