{"id":93708,"date":"2022-09-12T16:27:26","date_gmt":"2022-09-12T16:27:26","guid":{"rendered":"https:\/\/www.nettali.com\/?p=93708"},"modified":"2022-09-12T17:30:39","modified_gmt":"2022-09-12T17:30:39","slug":"assemblee-nationale-il-y-aura-3-groupes-parlementaires","status":"publish","type":"post","link":"https:\/\/www.nettali.com\/2022\/09\/12\/assemblee-nationale-il-y-aura-3-groupes-parlementaires\/","title":{"rendered":"ASSEMBLEE NATIONALE - 3 groupes parlementaires mis en place"},"content":{"rendered":"<p><strong>NETTALI.COM - D\u00e9sormais, il y aura 3 groupes parlementaires \u00e0 l'Assembl\u00e9e nationale. Les 3 pr\u00e9sidents de ces groupes ont \u00e9t\u00e9 choisis. L'annonce a \u00e9t\u00e9 faite par la d\u00e9put\u00e9e de la mouvance pr\u00e9sidentielle A\u00efda Sow Diawara, en pr\u00e9sidant l\u2019installation des nouveaux d\u00e9put\u00e9s, \u00e0 l\u2019ouverture de la premi\u00e8re s\u00e9ance de la 14e l\u00e9gislature.<\/strong><\/p>\n<p>Le groupe parlementaire de la coalition pr\u00e9sidentielle, \u00abBenno Bokk Yaakaar\u00bb, est dirig\u00e9 parEl Hadji Oumar Youm, ancien ministre, \u00e9lu sous la liste d\u00e9partementale de Mbour.<\/p>\n<p>Le groupe parlementaire \u00abYewwi Askan Wi\u00bb sera pr\u00e9sid\u00e9 par Birame Soul\u00e8ye Diop, membre de Pastef et maire de Thi\u00e8s-Nord.<\/p>\n<p>Et \u00abWallu S\u00e9n\u00e9gal\u00bb, avec ses 26 d\u00e9put\u00e9s, a pr\u00e9f\u00e9r\u00e9 avoir son propre groupe d\u00e9nomm\u00e9 \"Libert\u00e9 et D\u00e9mocratie\" et dirig\u00e9 par l\u2019ancien questeur, Mamadou Lamine Thiam.<\/p>\n<p>Tous les 3 pr\u00e9sidents de groupe parlementaire sont second\u00e9s par des vice-pr\u00e9sidents.<\/p>\n<div class='share-to-whatsapp-wrapper'><div class='share-on-whsp'>PARTAGER SUR : <\/div><a data-text='ASSEMBLEE NATIONALE - 3 groupes parlementaires mis en place' data-link='https:\/\/www.nettali.com\/2022\/09\/12\/assemblee-nationale-il-y-aura-3-groupes-parlementaires\/' class='whatsapp-button whatsapp-share'>WhatsApp<\/a><div class='clear '><\/div><\/div>","protected":false},"excerpt":{"rendered":"<p>NETTALI.COM - D\u00e9sormais, il y aura 3 groupes parlementaires \u00e0 l'Assembl\u00e9e nationale. Les 3 pr\u00e9sidents de ces groupes ont \u00e9t\u00e9 choisis. L'annonce a \u00e9t\u00e9 faite par la d\u00e9put\u00e9e de la mouvance pr\u00e9sidentielle A\u00efda Sow Diawara, en pr\u00e9sidant l\u2019installation des nouveaux d\u00e9put\u00e9s, \u00e0 l\u2019ouverture de la premi\u00e8re s\u00e9ance de la 14e l\u00e9gislature. Le groupe parlementaire de [&hellip;]<\/p>\n","protected":false},"author":4,"featured_media":93709,"comment_status":"open","ping_status":"open","sticky":false,"template":"","format":"standard","meta":{"_et_pb_use_builder":"","_et_pb_old_content":""},"categories":[2],"tags":[],"yoast_head":"<!-- This site is optimized with the Yoast SEO Premium plugin v17.8 (Yoast SEO v17.8) - https:\/\/yoast.com\/wordpress\/plugins\/seo\/ -->\n<title>ASSEMBLEE NATIONALE - 3 groupes parlementaires mis en place | Nettali.com<\/title>\n<meta name=\"robots\" content=\"index, follow, max-snippet:-1, max-image-preview:large, max-video-preview:-1\" \/>\n<link rel=\"canonical\" href=\"https:\/\/www.nettali.com\/2022\/09\/12\/assemblee-nationale-il-y-aura-3-groupes-parlementaires\/\" \/>\n<meta property=\"og:locale\" content=\"fr_FR\" \/>\n<meta property=\"og:type\" content=\"article\" \/>\n<meta property=\"og:title\" content=\"ASSEMBLEE NATIONALE - 3 groupes parlementaires mis en place\" \/>\n<meta property=\"og:description\" content=\"NETTALI.COM - D\u00e9sormais, il y aura 3 groupes parlementaires \u00e0 l&#039;Assembl\u00e9e nationale. Les 3 pr\u00e9sidents de ces groupes ont \u00e9t\u00e9 choisis. L&#039;annonce a \u00e9t\u00e9 faite par la d\u00e9put\u00e9e de la mouvance pr\u00e9sidentielle A\u00efda Sow Diawara, en pr\u00e9sidant l\u2019installation des nouveaux d\u00e9put\u00e9s, \u00e0 l\u2019ouverture de la premi\u00e8re s\u00e9ance de la 14e l\u00e9gislature. Le groupe parlementaire de [&hellip;]\" \/>\n<meta property=\"og:url\" content=\"https:\/\/www.nettali.com\/2022\/09\/12\/assemblee-nationale-il-y-aura-3-groupes-parlementaires\/\" \/>\n<meta property=\"og:site_name\" content=\"Nettali.com\" \/>\n<meta property=\"article:publisher\" content=\"https:\/\/www.facebook.com\/nettalicom\" \/>\n<meta property=\"article:published_time\" content=\"2022-09-12T16:27:26+00:00\" \/>\n<meta property=\"article:modified_time\" content=\"2022-09-12T17:30:39+00:00\" \/>\n<meta property=\"og:image\" content=\"https:\/\/www.nettali.com\/wp-content\/uploads\/2022\/09\/3-groupes-parlemantaires-e1663000031751.jpeg\" \/>\n\t<meta property=\"og:image:width\" content=\"1552\" \/>\n\t<meta property=\"og:image:height\" content=\"604\" \/>\n<meta name=\"twitter:card\" content=\"summary_large_image\" \/>\n<meta name=\"twitter:label1\" content=\"\u00c9crit par\" \/>\n\t<meta name=\"twitter:data1\" content=\"Daouda\" \/>\n\t<meta name=\"twitter:label2\" content=\"Dur\u00e9e de lecture estim\u00e9e\" \/>\n\t<meta name=\"twitter:data2\" content=\"1 minute\" \/>\n<script type=\"application\/ld+json\" class=\"yoast-schema-graph\">{\"@context\":\"https:\/\/schema.org\",\"@graph\":[{\"@type\":\"WebSite\",\"@id\":\"https:\/\/www.nettali.com\/#website\",\"url\":\"https:\/\/www.nettali.com\/\",\"name\":\"Nettali.com\",\"description\":\"Le rendez-vous critique du Net\",\"potentialAction\":[{\"@type\":\"SearchAction\",\"target\":{\"@type\":\"EntryPoint\",\"urlTemplate\":\"https:\/\/www.nettali.com\/?s={search_term_string}\"},\"query-input\":\"required name=search_term_string\"}],\"inLanguage\":\"fr-FR\"},{\"@type\":\"ImageObject\",\"@id\":\"https:\/\/www.nettali.com\/2022\/09\/12\/assemblee-nationale-il-y-aura-3-groupes-parlementaires\/#primaryimage\",\"inLanguage\":\"fr-FR\",\"url\":\"https:\/\/www.nettali.com\/wp-content\/uploads\/2022\/09\/3-groupes-parlemantaires-e1663000031751.jpeg\",\"contentUrl\":\"https:\/\/www.nettali.com\/wp-content\/uploads\/2022\/09\/3-groupes-parlemantaires-e1663000031751.jpeg\",\"width\":1552,\"height\":604},{\"@type\":\"WebPage\",\"@id\":\"https:\/\/www.nettali.com\/2022\/09\/12\/assemblee-nationale-il-y-aura-3-groupes-parlementaires\/#webpage\",\"url\":\"https:\/\/www.nettali.com\/2022\/09\/12\/assemblee-nationale-il-y-aura-3-groupes-parlementaires\/\",\"name\":\"ASSEMBLEE NATIONALE - 3 groupes parlementaires mis en place | Nettali.com\",\"isPartOf\":{\"@id\":\"https:\/\/www.nettali.com\/#website\"},\"primaryImageOfPage\":{\"@id\":\"https:\/\/www.nettali.com\/2022\/09\/12\/assemblee-nationale-il-y-aura-3-groupes-parlementaires\/#primaryimage\"},\"datePublished\":\"2022-09-12T16:27:26+00:00\",\"dateModified\":\"2022-09-12T17:30:39+00:00\",\"author\":{\"@id\":\"https:\/\/www.nettali.com\/#\/schema\/person\/3317e0bb3aa1da309fbf7b2780901bf4\"},\"breadcrumb\":{\"@id\":\"https:\/\/www.nettali.com\/2022\/09\/12\/assemblee-nationale-il-y-aura-3-groupes-parlementaires\/#breadcrumb\"},\"inLanguage\":\"fr-FR\",\"potentialAction\":[{\"@type\":\"ReadAction\",\"target\":[\"https:\/\/www.nettali.com\/2022\/09\/12\/assemblee-nationale-il-y-aura-3-groupes-parlementaires\/\"]}]},{\"@type\":\"BreadcrumbList\",\"@id\":\"https:\/\/www.nettali.com\/2022\/09\/12\/assemblee-nationale-il-y-aura-3-groupes-parlementaires\/#breadcrumb\",\"itemListElement\":[{\"@type\":\"ListItem\",\"position\":1,\"name\":\"Accueil\",\"item\":\"https:\/\/www.nettali.com\/\"},{\"@type\":\"ListItem\",\"position\":2,\"name\":\"ASSEMBLEE NATIONALE - 3 groupes parlementaires mis en place\"}]},{\"@type\":\"Person\",\"@id\":\"https:\/\/www.nettali.com\/#\/schema\/person\/3317e0bb3aa1da309fbf7b2780901bf4\",\"name\":\"Daouda\",\"image\":{\"@type\":\"ImageObject\",\"@id\":\"https:\/\/www.nettali.com\/#personlogo\",\"inLanguage\":\"fr-FR\",\"url\":\"https:\/\/secure.gravatar.com\/avatar\/8d143b5a49345098ddcfee1c49c2f47c?s=96&d=mm&r=g\",\"contentUrl\":\"https:\/\/secure.gravatar.com\/avatar\/8d143b5a49345098ddcfee1c49c2f47c?s=96&d=mm&r=g\",\"caption\":\"Daouda\"},\"sameAs\":[\"https:\/\/www.nettali.com\"]}]}<\/script>\n<!-- \/ Yoast SEO Premium plugin. -->","yoast_head_json":{"title":"ASSEMBLEE NATIONALE - 3 groupes parlementaires mis en place | Nettali.com","robots":{"index":"index","follow":"follow","max-snippet":"max-snippet:-1","max-image-preview":"max-image-preview:large","max-video-preview":"max-video-preview:-1"},"canonical":"https:\/\/www.nettali.com\/2022\/09\/12\/assemblee-nationale-il-y-aura-3-groupes-parlementaires\/","og_locale":"fr_FR","og_type":"article","og_title":"ASSEMBLEE NATIONALE - 3 groupes parlementaires mis en place","og_description":"NETTALI.COM - D\u00e9sormais, il y aura 3 groupes parlementaires \u00e0 l'Assembl\u00e9e nationale. Les 3 pr\u00e9sidents de ces groupes ont \u00e9t\u00e9 choisis. L'annonce a \u00e9t\u00e9 faite par la d\u00e9put\u00e9e de la mouvance pr\u00e9sidentielle A\u00efda Sow Diawara, en pr\u00e9sidant l\u2019installation des nouveaux d\u00e9put\u00e9s, \u00e0 l\u2019ouverture de la premi\u00e8re s\u00e9ance de la 14e l\u00e9gislature. Le groupe parlementaire de [&hellip;]","og_url":"https:\/\/www.nettali.com\/2022\/09\/12\/assemblee-nationale-il-y-aura-3-groupes-parlementaires\/","og_site_name":"Nettali.com","article_publisher":"https:\/\/www.facebook.com\/nettalicom","article_published_time":"2022-09-12T16:27:26+00:00","article_modified_time":"2022-09-12T17:30:39+00:00","og_image":[{"width":1552,"height":604,"url":"https:\/\/www.nettali.com\/wp-content\/uploads\/2022\/09\/3-groupes-parlemantaires-e1663000031751.jpeg","type":"image\/jpeg"}],"twitter_card":"summary_large_image","twitter_misc":{"\u00c9crit par":"Daouda","Dur\u00e9e de lecture estim\u00e9e":"1 minute"},"schema":{"@context":"https:\/\/schema.org","@graph":[{"@type":"WebSite","@id":"https:\/\/www.nettali.com\/#website","url":"https:\/\/www.nettali.com\/","name":"Nettali.com","description":"Le rendez-vous critique du Net","potentialAction":[{"@type":"SearchAction","target":{"@type":"EntryPoint","urlTemplate":"https:\/\/www.nettali.com\/?s={search_term_string}"},"query-input":"required name=search_term_string"}],"inLanguage":"fr-FR"},{"@type":"ImageObject","@id":"https:\/\/www.nettali.com\/2022\/09\/12\/assemblee-nationale-il-y-aura-3-groupes-parlementaires\/#primaryimage","inLanguage":"fr-FR","url":"https:\/\/www.nettali.com\/wp-content\/uploads\/2022\/09\/3-groupes-parlemantaires-e1663000031751.jpeg","contentUrl":"https:\/\/www.nettali.com\/wp-content\/uploads\/2022\/09\/3-groupes-parlemantaires-e1663000031751.jpeg","width":1552,"height":604},{"@type":"WebPage","@id":"https:\/\/www.nettali.com\/2022\/09\/12\/assemblee-nationale-il-y-aura-3-groupes-parlementaires\/#webpage","url":"https:\/\/www.nettali.com\/2022\/09\/12\/assemblee-nationale-il-y-aura-3-groupes-parlementaires\/","name":"ASSEMBLEE NATIONALE - 3 groupes parlementaires mis en place | Nettali.com","isPartOf":{"@id":"https:\/\/www.nettali.com\/#website"},"primaryImageOfPage":{"@id":"https:\/\/www.nettali.com\/2022\/09\/12\/assemblee-nationale-il-y-aura-3-groupes-parlementaires\/#primaryimage"},"datePublished":"2022-09-12T16:27:26+00:00","dateModified":"2022-09-12T17:30:39+00:00","author":{"@id":"https:\/\/www.nettali.com\/#\/schema\/person\/3317e0bb3aa1da309fbf7b2780901bf4"},"breadcrumb":{"@id":"https:\/\/www.nettali.com\/2022\/09\/12\/assemblee-nationale-il-y-aura-3-groupes-parlementaires\/#breadcrumb"},"inLanguage":"fr-FR","potentialAction":[{"@type":"ReadAction","target":["https:\/\/www.nettali.com\/2022\/09\/12\/assemblee-nationale-il-y-aura-3-groupes-parlementaires\/"]}]},{"@type":"BreadcrumbList","@id":"https:\/\/www.nettali.com\/2022\/09\/12\/assemblee-nationale-il-y-aura-3-groupes-parlementaires\/#breadcrumb","itemListElement":[{"@type":"ListItem","position":1,"name":"Accueil","item":"https:\/\/www.nettali.com\/"},{"@type":"ListItem","position":2,"name":"ASSEMBLEE NATIONALE - 3 groupes parlementaires mis en place"}]},{"@type":"Person","@id":"https:\/\/www.nettali.com\/#\/schema\/person\/3317e0bb3aa1da309fbf7b2780901bf4","name":"Daouda","image":{"@type":"ImageObject","@id":"https:\/\/www.nettali.com\/#personlogo","inLanguage":"fr-FR","url":"https:\/\/secure.gravatar.com\/avatar\/8d143b5a49345098ddcfee1c49c2f47c?s=96&d=mm&r=g","contentUrl":"https:\/\/secure.gravatar.com\/avatar\/8d143b5a49345098ddcfee1c49c2f47c?s=96&d=mm&r=g","caption":"Daouda"},"sameAs":["https:\/\/www.nettali.com"]}]}},"_links":{"self":[{"href":"https:\/\/www.nettali.com\/rest\/wp\/v2\/posts\/93708"}],"collection":[{"href":"https:\/\/www.nettali.com\/rest\/wp\/v2\/posts"}],"about":[{"href":"https:\/\/www.nettali.com\/rest\/wp\/v2\/types\/post"}],"author":[{"embeddable":true,"href":"https:\/\/www.nettali.com\/rest\/wp\/v2\/users\/4"}],"replies":[{"embeddable":true,"href":"https:\/\/www.nettali.com\/rest\/wp\/v2\/comments?post=93708"}],"version-history":[{"count":4,"href":"https:\/\/www.nettali.com\/rest\/wp\/v2\/posts\/93708\/revisions"}],"predecessor-version":[{"id":93715,"href":"https:\/\/www.nettali.com\/rest\/wp\/v2\/posts\/93708\/revisions\/93715"}],"wp:featuredmedia":[{"embeddable":true,"href":"https:\/\/www.nettali.com\/rest\/wp\/v2\/media\/93709"}],"wp:attachment":[{"href":"https:\/\/www.nettali.com\/rest\/wp\/v2\/media?parent=93708"}],"wp:term":[{"taxonomy":"category","embeddable":true,"href":"https:\/\/www.nettali.com\/rest\/wp\/v2\/categories?post=93708"},{"taxonomy":"post_tag","embeddable":true,"href":"https:\/\/www.nettali.com\/rest\/wp\/v2\/tags?post=93708"}],"curies":[{"name":"wp","href":"https:\/\/api.w.org\/{rel}","templated":true}]}}