{"id":93680,"date":"2022-09-12T10:48:05","date_gmt":"2022-09-12T10:48:05","guid":{"rendered":"https:\/\/www.nettali.com\/?p=93680"},"modified":"2022-09-12T10:48:05","modified_gmt":"2022-09-12T10:48:05","slug":"om-pape-gueye-donne-des-nouvelles-de-bamba-dieng","status":"publish","type":"post","link":"https:\/\/www.nettali.com\/2022\/09\/12\/om-pape-gueye-donne-des-nouvelles-de-bamba-dieng\/","title":{"rendered":"OM - Pape Gu\u00e8ye donne des nouvelles de Bamba Dieng"},"content":{"rendered":"<p><strong>NETTALI.COM - Cet \u00e9t\u00e9, Bamba Dieng a v\u00e9cu un \u00e9t\u00e9 pas comme les autres. Placardis\u00e9 d\u00e8s la pr\u00e9saison, l'international s\u00e9n\u00e9galais n'a pas r\u00e9ussi \u00e0 trouver un point de chute et n'a pas non plus fait une seule minute avec l'Olympique de Marseille. Mais son co\u00e9quipier en \u00e9quipe nationale, Pape Gu\u00e8ye ne s'inqui\u00e8te pas pour autant et esp\u00e8re que l'ancien joueur de Diambars va bient\u00f4t retrouver le groupe de performance.<\/strong><\/p>\n<p>La semaine derni\u00e8re, Bamba Dieng a r\u00e9int\u00e9gr\u00e9 le groupe pour l'entra\u00eenement, mais il n'a pas \u00e9t\u00e9 retenu pour la r\u00e9ception de Lille, samedi soir. Interrog\u00e9 en zone mixte apr\u00e8s la victoire contre le LOSC (2-1), son co\u00e9quipier Pape Gueye a donn\u00e9 des nouvelles du num\u00e9ro 12 marseillais.<\/p>\n<p>\"<em>Bamba, il va bien, il a v\u00e9cu un moment tr\u00e8s compliqu\u00e9, moi je suis tr\u00e8s proche de lui, mais il est solide et j\u2019esp\u00e8re qu\u2019il va retrouver cette \u00e9quipe car il est tr\u00e8s important pour le collectif et l\u2019OM<\/em>\", a laiss\u00e9 entendre le champion d'Afrique.<\/p>\n<p>Par ailleurs, Pape Gueye a aussi r\u00e9agi sur le bon d\u00e9but de saison de son club. Pas de d\u00e9faite apr\u00e8s 7 journ\u00e9es disput\u00e9es.<br \/>\n\"<em>On est \u00e0 Marseille, on sait que cela va tr\u00e8s vite. On reste concentr\u00e9 match apr\u00e8s match. Il y a une bonne ambiance dans le groupe. On essaie de donner le maximum. On travaille ce qui fait qu\u2019aujourd\u2019hui, on est bien<\/em>\",\u00a0a-t-il d\u00e9clar\u00e9.<\/p>\n<div class='share-to-whatsapp-wrapper'><div class='share-on-whsp'>PARTAGER SUR : <\/div><a data-text='OM - Pape Gu\u00e8ye donne des nouvelles de Bamba Dieng' data-link='https:\/\/www.nettali.com\/2022\/09\/12\/om-pape-gueye-donne-des-nouvelles-de-bamba-dieng\/' class='whatsapp-button whatsapp-share'>WhatsApp<\/a><div class='clear '><\/div><\/div>","protected":false},"excerpt":{"rendered":"<p>NETTALI.COM - Cet \u00e9t\u00e9, Bamba Dieng a v\u00e9cu un \u00e9t\u00e9 pas comme les autres. Placardis\u00e9 d\u00e8s la pr\u00e9saison, l'international s\u00e9n\u00e9galais n'a pas r\u00e9ussi \u00e0 trouver un point de chute et n'a pas non plus fait une seule minute avec l'Olympique de Marseille. Mais son co\u00e9quipier en \u00e9quipe nationale, Pape Gu\u00e8ye ne s'inqui\u00e8te pas pour autant [&hellip;]<\/p>\n","protected":false},"author":5,"featured_media":93681,"comment_status":"open","ping_status":"open","sticky":false,"template":"","format":"standard","meta":{"_et_pb_use_builder":"","_et_pb_old_content":""},"categories":[6],"tags":[],"yoast_head":"<!-- This site is optimized with the Yoast SEO Premium plugin v17.8 (Yoast SEO v17.8) - https:\/\/yoast.com\/wordpress\/plugins\/seo\/ -->\n<title>OM - Pape Gu\u00e8ye donne des nouvelles de Bamba Dieng | Nettali.com<\/title>\n<meta name=\"robots\" content=\"index, follow, max-snippet:-1, max-image-preview:large, max-video-preview:-1\" \/>\n<link rel=\"canonical\" href=\"https:\/\/www.nettali.com\/2022\/09\/12\/om-pape-gueye-donne-des-nouvelles-de-bamba-dieng\/\" \/>\n<meta property=\"og:locale\" content=\"fr_FR\" \/>\n<meta property=\"og:type\" content=\"article\" \/>\n<meta property=\"og:title\" content=\"OM - Pape Gu\u00e8ye donne des nouvelles de Bamba Dieng\" \/>\n<meta property=\"og:description\" content=\"NETTALI.COM - Cet \u00e9t\u00e9, Bamba Dieng a v\u00e9cu un \u00e9t\u00e9 pas comme les autres. Placardis\u00e9 d\u00e8s la pr\u00e9saison, l&#039;international s\u00e9n\u00e9galais n&#039;a pas r\u00e9ussi \u00e0 trouver un point de chute et n&#039;a pas non plus fait une seule minute avec l&#039;Olympique de Marseille. Mais son co\u00e9quipier en \u00e9quipe nationale, Pape Gu\u00e8ye ne s&#039;inqui\u00e8te pas pour autant [&hellip;]\" \/>\n<meta property=\"og:url\" content=\"https:\/\/www.nettali.com\/2022\/09\/12\/om-pape-gueye-donne-des-nouvelles-de-bamba-dieng\/\" \/>\n<meta property=\"og:site_name\" content=\"Nettali.com\" \/>\n<meta property=\"article:publisher\" content=\"https:\/\/www.facebook.com\/nettalicom\" \/>\n<meta property=\"article:published_time\" content=\"2022-09-12T10:48:05+00:00\" \/>\n<meta property=\"og:image\" content=\"https:\/\/www.nettali.com\/wp-content\/uploads\/2022\/09\/Pape-Gueye-sur-Bamba-Dieng-e1662901352516.jpg\" \/>\n\t<meta property=\"og:image:width\" content=\"850\" \/>\n\t<meta property=\"og:image:height\" content=\"480\" \/>\n<meta name=\"twitter:card\" content=\"summary_large_image\" \/>\n<meta name=\"twitter:label1\" content=\"\u00c9crit par\" \/>\n\t<meta name=\"twitter:data1\" content=\"Ibrahima\" \/>\n\t<meta name=\"twitter:label2\" content=\"Dur\u00e9e de lecture estim\u00e9e\" \/>\n\t<meta name=\"twitter:data2\" content=\"2 minutes\" \/>\n<script type=\"application\/ld+json\" class=\"yoast-schema-graph\">{\"@context\":\"https:\/\/schema.org\",\"@graph\":[{\"@type\":\"WebSite\",\"@id\":\"https:\/\/www.nettali.com\/#website\",\"url\":\"https:\/\/www.nettali.com\/\",\"name\":\"Nettali.com\",\"description\":\"Le rendez-vous critique du Net\",\"potentialAction\":[{\"@type\":\"SearchAction\",\"target\":{\"@type\":\"EntryPoint\",\"urlTemplate\":\"https:\/\/www.nettali.com\/?s={search_term_string}\"},\"query-input\":\"required name=search_term_string\"}],\"inLanguage\":\"fr-FR\"},{\"@type\":\"ImageObject\",\"@id\":\"https:\/\/www.nettali.com\/2022\/09\/12\/om-pape-gueye-donne-des-nouvelles-de-bamba-dieng\/#primaryimage\",\"inLanguage\":\"fr-FR\",\"url\":\"https:\/\/www.nettali.com\/wp-content\/uploads\/2022\/09\/Pape-Gueye-sur-Bamba-Dieng-e1662901352516.jpg\",\"contentUrl\":\"https:\/\/www.nettali.com\/wp-content\/uploads\/2022\/09\/Pape-Gueye-sur-Bamba-Dieng-e1662901352516.jpg\",\"width\":850,\"height\":480},{\"@type\":\"WebPage\",\"@id\":\"https:\/\/www.nettali.com\/2022\/09\/12\/om-pape-gueye-donne-des-nouvelles-de-bamba-dieng\/#webpage\",\"url\":\"https:\/\/www.nettali.com\/2022\/09\/12\/om-pape-gueye-donne-des-nouvelles-de-bamba-dieng\/\",\"name\":\"OM - Pape Gu\\u00e8ye donne des nouvelles de Bamba Dieng | Nettali.com\",\"isPartOf\":{\"@id\":\"https:\/\/www.nettali.com\/#website\"},\"primaryImageOfPage\":{\"@id\":\"https:\/\/www.nettali.com\/2022\/09\/12\/om-pape-gueye-donne-des-nouvelles-de-bamba-dieng\/#primaryimage\"},\"datePublished\":\"2022-09-12T10:48:05+00:00\",\"dateModified\":\"2022-09-12T10:48:05+00:00\",\"author\":{\"@id\":\"https:\/\/www.nettali.com\/#\/schema\/person\/bb147657c2986240405a608162b9bb23\"},\"breadcrumb\":{\"@id\":\"https:\/\/www.nettali.com\/2022\/09\/12\/om-pape-gueye-donne-des-nouvelles-de-bamba-dieng\/#breadcrumb\"},\"inLanguage\":\"fr-FR\",\"potentialAction\":[{\"@type\":\"ReadAction\",\"target\":[\"https:\/\/www.nettali.com\/2022\/09\/12\/om-pape-gueye-donne-des-nouvelles-de-bamba-dieng\/\"]}]},{\"@type\":\"BreadcrumbList\",\"@id\":\"https:\/\/www.nettali.com\/2022\/09\/12\/om-pape-gueye-donne-des-nouvelles-de-bamba-dieng\/#breadcrumb\",\"itemListElement\":[{\"@type\":\"ListItem\",\"position\":1,\"name\":\"Accueil\",\"item\":\"https:\/\/www.nettali.com\/\"},{\"@type\":\"ListItem\",\"position\":2,\"name\":\"OM - Pape Gu\\u00e8ye donne des nouvelles de Bamba Dieng\"}]},{\"@type\":\"Person\",\"@id\":\"https:\/\/www.nettali.com\/#\/schema\/person\/bb147657c2986240405a608162b9bb23\",\"name\":\"Ibrahima\",\"image\":{\"@type\":\"ImageObject\",\"@id\":\"https:\/\/www.nettali.com\/#personlogo\",\"inLanguage\":\"fr-FR\",\"url\":\"https:\/\/secure.gravatar.com\/avatar\/26a8a81f09f0dd7624c9d5c36c9ba3a2?s=96&d=mm&r=g\",\"contentUrl\":\"https:\/\/secure.gravatar.com\/avatar\/26a8a81f09f0dd7624c9d5c36c9ba3a2?s=96&d=mm&r=g\",\"caption\":\"Ibrahima\"},\"sameAs\":[\"https:\/\/www.nettali.com\"]}]}<\/script>\n<!-- \/ Yoast SEO Premium plugin. -->","yoast_head_json":{"title":"OM - Pape Gu\u00e8ye donne des nouvelles de Bamba Dieng | Nettali.com","robots":{"index":"index","follow":"follow","max-snippet":"max-snippet:-1","max-image-preview":"max-image-preview:large","max-video-preview":"max-video-preview:-1"},"canonical":"https:\/\/www.nettali.com\/2022\/09\/12\/om-pape-gueye-donne-des-nouvelles-de-bamba-dieng\/","og_locale":"fr_FR","og_type":"article","og_title":"OM - Pape Gu\u00e8ye donne des nouvelles de Bamba Dieng","og_description":"NETTALI.COM - Cet \u00e9t\u00e9, Bamba Dieng a v\u00e9cu un \u00e9t\u00e9 pas comme les autres. Placardis\u00e9 d\u00e8s la pr\u00e9saison, l'international s\u00e9n\u00e9galais n'a pas r\u00e9ussi \u00e0 trouver un point de chute et n'a pas non plus fait une seule minute avec l'Olympique de Marseille. Mais son co\u00e9quipier en \u00e9quipe nationale, Pape Gu\u00e8ye ne s'inqui\u00e8te pas pour autant [&hellip;]","og_url":"https:\/\/www.nettali.com\/2022\/09\/12\/om-pape-gueye-donne-des-nouvelles-de-bamba-dieng\/","og_site_name":"Nettali.com","article_publisher":"https:\/\/www.facebook.com\/nettalicom","article_published_time":"2022-09-12T10:48:05+00:00","og_image":[{"width":850,"height":480,"url":"https:\/\/www.nettali.com\/wp-content\/uploads\/2022\/09\/Pape-Gueye-sur-Bamba-Dieng-e1662901352516.jpg","type":"image\/jpeg"}],"twitter_card":"summary_large_image","twitter_misc":{"\u00c9crit par":"Ibrahima","Dur\u00e9e de lecture estim\u00e9e":"2 minutes"},"schema":{"@context":"https:\/\/schema.org","@graph":[{"@type":"WebSite","@id":"https:\/\/www.nettali.com\/#website","url":"https:\/\/www.nettali.com\/","name":"Nettali.com","description":"Le rendez-vous critique du Net","potentialAction":[{"@type":"SearchAction","target":{"@type":"EntryPoint","urlTemplate":"https:\/\/www.nettali.com\/?s={search_term_string}"},"query-input":"required name=search_term_string"}],"inLanguage":"fr-FR"},{"@type":"ImageObject","@id":"https:\/\/www.nettali.com\/2022\/09\/12\/om-pape-gueye-donne-des-nouvelles-de-bamba-dieng\/#primaryimage","inLanguage":"fr-FR","url":"https:\/\/www.nettali.com\/wp-content\/uploads\/2022\/09\/Pape-Gueye-sur-Bamba-Dieng-e1662901352516.jpg","contentUrl":"https:\/\/www.nettali.com\/wp-content\/uploads\/2022\/09\/Pape-Gueye-sur-Bamba-Dieng-e1662901352516.jpg","width":850,"height":480},{"@type":"WebPage","@id":"https:\/\/www.nettali.com\/2022\/09\/12\/om-pape-gueye-donne-des-nouvelles-de-bamba-dieng\/#webpage","url":"https:\/\/www.nettali.com\/2022\/09\/12\/om-pape-gueye-donne-des-nouvelles-de-bamba-dieng\/","name":"OM - Pape Gu\u00e8ye donne des nouvelles de Bamba Dieng | Nettali.com","isPartOf":{"@id":"https:\/\/www.nettali.com\/#website"},"primaryImageOfPage":{"@id":"https:\/\/www.nettali.com\/2022\/09\/12\/om-pape-gueye-donne-des-nouvelles-de-bamba-dieng\/#primaryimage"},"datePublished":"2022-09-12T10:48:05+00:00","dateModified":"2022-09-12T10:48:05+00:00","author":{"@id":"https:\/\/www.nettali.com\/#\/schema\/person\/bb147657c2986240405a608162b9bb23"},"breadcrumb":{"@id":"https:\/\/www.nettali.com\/2022\/09\/12\/om-pape-gueye-donne-des-nouvelles-de-bamba-dieng\/#breadcrumb"},"inLanguage":"fr-FR","potentialAction":[{"@type":"ReadAction","target":["https:\/\/www.nettali.com\/2022\/09\/12\/om-pape-gueye-donne-des-nouvelles-de-bamba-dieng\/"]}]},{"@type":"BreadcrumbList","@id":"https:\/\/www.nettali.com\/2022\/09\/12\/om-pape-gueye-donne-des-nouvelles-de-bamba-dieng\/#breadcrumb","itemListElement":[{"@type":"ListItem","position":1,"name":"Accueil","item":"https:\/\/www.nettali.com\/"},{"@type":"ListItem","position":2,"name":"OM - Pape Gu\u00e8ye donne des nouvelles de Bamba Dieng"}]},{"@type":"Person","@id":"https:\/\/www.nettali.com\/#\/schema\/person\/bb147657c2986240405a608162b9bb23","name":"Ibrahima","image":{"@type":"ImageObject","@id":"https:\/\/www.nettali.com\/#personlogo","inLanguage":"fr-FR","url":"https:\/\/secure.gravatar.com\/avatar\/26a8a81f09f0dd7624c9d5c36c9ba3a2?s=96&d=mm&r=g","contentUrl":"https:\/\/secure.gravatar.com\/avatar\/26a8a81f09f0dd7624c9d5c36c9ba3a2?s=96&d=mm&r=g","caption":"Ibrahima"},"sameAs":["https:\/\/www.nettali.com"]}]}},"_links":{"self":[{"href":"https:\/\/www.nettali.com\/rest\/wp\/v2\/posts\/93680"}],"collection":[{"href":"https:\/\/www.nettali.com\/rest\/wp\/v2\/posts"}],"about":[{"href":"https:\/\/www.nettali.com\/rest\/wp\/v2\/types\/post"}],"author":[{"embeddable":true,"href":"https:\/\/www.nettali.com\/rest\/wp\/v2\/users\/5"}],"replies":[{"embeddable":true,"href":"https:\/\/www.nettali.com\/rest\/wp\/v2\/comments?post=93680"}],"version-history":[{"count":1,"href":"https:\/\/www.nettali.com\/rest\/wp\/v2\/posts\/93680\/revisions"}],"predecessor-version":[{"id":93682,"href":"https:\/\/www.nettali.com\/rest\/wp\/v2\/posts\/93680\/revisions\/93682"}],"wp:featuredmedia":[{"embeddable":true,"href":"https:\/\/www.nettali.com\/rest\/wp\/v2\/media\/93681"}],"wp:attachment":[{"href":"https:\/\/www.nettali.com\/rest\/wp\/v2\/media?parent=93680"}],"wp:term":[{"taxonomy":"category","embeddable":true,"href":"https:\/\/www.nettali.com\/rest\/wp\/v2\/categories?post=93680"},{"taxonomy":"post_tag","embeddable":true,"href":"https:\/\/www.nettali.com\/rest\/wp\/v2\/tags?post=93680"}],"curies":[{"name":"wp","href":"https:\/\/api.w.org\/{rel}","templated":true}]}}