{"id":93676,"date":"2022-09-12T10:19:11","date_gmt":"2022-09-12T10:19:11","guid":{"rendered":"https:\/\/www.nettali.com\/?p=93676"},"modified":"2022-09-13T22:21:44","modified_gmt":"2022-09-13T22:21:44","slug":"installation-des-deputes-en-direct-de-lassemblee-nationale","status":"publish","type":"post","link":"https:\/\/www.nettali.com\/2022\/09\/12\/installation-des-deputes-en-direct-de-lassemblee-nationale\/","title":{"rendered":"NETTALI TV - INSTALLATION DES DEPUTES - En direct de l'Assembl\u00e9e nationale"},"content":{"rendered":"<p><strong>NETTALI.COM- Les d\u00e9put\u00e9s seront install\u00e9s ce lundi \u00e0 l'Assembl\u00e9e nationale. Les membres de la coalition pr\u00e9sidentielle qui \u00e9taient en conclave \u00e0 Saly sont venus en masse et comptent appliquer les directives du pr\u00e9sident Macky Sall. La s\u00e9ance va d\u00e9buter incessamment.Vous pouvez suivre le live ici<\/strong> :<\/p>\n<p><iframe loading=\"lazy\" style=\"border: none; overflow: hidden;\" src=\"https:\/\/www.facebook.com\/plugins\/video.php?height=476&amp;href=https%3A%2F%2Fweb.facebook.com%2FGroupe.info.republicain%2Fvideos%2F426401996269951%2F&amp;show_text=false&amp;width=267&amp;t=0\" width=\"267\" height=\"476\" frameborder=\"0\" scrolling=\"no\" allowfullscreen=\"allowfullscreen\"><\/iframe><\/p>\n<div class='share-to-whatsapp-wrapper'><div class='share-on-whsp'>PARTAGER SUR : <\/div><a data-text='NETTALI TV - INSTALLATION DES DEPUTES - En direct de l'Assembl\u00e9e nationale' data-link='https:\/\/www.nettali.com\/2022\/09\/12\/installation-des-deputes-en-direct-de-lassemblee-nationale\/' class='whatsapp-button whatsapp-share'>WhatsApp<\/a><div class='clear '><\/div><\/div>","protected":false},"excerpt":{"rendered":"<p>NETTALI.COM- Les d\u00e9put\u00e9s seront install\u00e9s ce lundi \u00e0 l'Assembl\u00e9e nationale. Les membres de la coalition pr\u00e9sidentielle qui \u00e9taient en conclave \u00e0 Saly sont venus en masse et comptent appliquer les directives du pr\u00e9sident Macky Sall. La s\u00e9ance va d\u00e9buter incessamment.Vous pouvez suivre le live ici : PARTAGER SUR :<\/p>\n","protected":false},"author":4,"featured_media":93677,"comment_status":"open","ping_status":"open","sticky":false,"template":"","format":"standard","meta":{"_et_pb_use_builder":"","_et_pb_old_content":""},"categories":[34941,2],"tags":[],"yoast_head":"<!-- This site is optimized with the Yoast SEO Premium plugin v17.8 (Yoast SEO v17.8) - https:\/\/yoast.com\/wordpress\/plugins\/seo\/ -->\n<title>NETTALI TV - INSTALLATION DES DEPUTES - En direct de l&#039;Assembl\u00e9e nationale | Nettali.com<\/title>\n<meta name=\"robots\" content=\"index, follow, max-snippet:-1, max-image-preview:large, max-video-preview:-1\" \/>\n<link rel=\"canonical\" href=\"https:\/\/www.nettali.com\/2022\/09\/12\/installation-des-deputes-en-direct-de-lassemblee-nationale\/\" \/>\n<meta property=\"og:locale\" content=\"fr_FR\" \/>\n<meta property=\"og:type\" content=\"article\" \/>\n<meta property=\"og:title\" content=\"NETTALI TV - INSTALLATION DES DEPUTES - En direct de l&#039;Assembl\u00e9e nationale\" \/>\n<meta property=\"og:description\" content=\"NETTALI.COM- Les d\u00e9put\u00e9s seront install\u00e9s ce lundi \u00e0 l&#039;Assembl\u00e9e nationale. Les membres de la coalition pr\u00e9sidentielle qui \u00e9taient en conclave \u00e0 Saly sont venus en masse et comptent appliquer les directives du pr\u00e9sident Macky Sall. La s\u00e9ance va d\u00e9buter incessamment.Vous pouvez suivre le live ici : PARTAGER SUR :\" \/>\n<meta property=\"og:url\" content=\"https:\/\/www.nettali.com\/2022\/09\/12\/installation-des-deputes-en-direct-de-lassemblee-nationale\/\" \/>\n<meta property=\"og:site_name\" content=\"Nettali.com\" \/>\n<meta property=\"article:publisher\" content=\"https:\/\/www.facebook.com\/nettalicom\" \/>\n<meta property=\"article:published_time\" content=\"2022-09-12T10:19:11+00:00\" \/>\n<meta property=\"article:modified_time\" content=\"2022-09-13T22:21:44+00:00\" \/>\n<meta property=\"og:image\" content=\"https:\/\/www.nettali.com\/wp-content\/uploads\/2022\/09\/Assemblee-nationale-senegal.jpeg\" \/>\n\t<meta property=\"og:image:width\" content=\"900\" \/>\n\t<meta property=\"og:image:height\" content=\"630\" \/>\n<meta name=\"twitter:card\" content=\"summary_large_image\" \/>\n<meta name=\"twitter:label1\" content=\"\u00c9crit par\" \/>\n\t<meta name=\"twitter:data1\" content=\"Daouda\" \/>\n\t<meta name=\"twitter:label2\" content=\"Dur\u00e9e de lecture estim\u00e9e\" \/>\n\t<meta name=\"twitter:data2\" content=\"1 minute\" \/>\n<script type=\"application\/ld+json\" class=\"yoast-schema-graph\">{\"@context\":\"https:\/\/schema.org\",\"@graph\":[{\"@type\":\"WebSite\",\"@id\":\"https:\/\/www.nettali.com\/#website\",\"url\":\"https:\/\/www.nettali.com\/\",\"name\":\"Nettali.com\",\"description\":\"Le rendez-vous critique du Net\",\"potentialAction\":[{\"@type\":\"SearchAction\",\"target\":{\"@type\":\"EntryPoint\",\"urlTemplate\":\"https:\/\/www.nettali.com\/?s={search_term_string}\"},\"query-input\":\"required name=search_term_string\"}],\"inLanguage\":\"fr-FR\"},{\"@type\":\"ImageObject\",\"@id\":\"https:\/\/www.nettali.com\/2022\/09\/12\/installation-des-deputes-en-direct-de-lassemblee-nationale\/#primaryimage\",\"inLanguage\":\"fr-FR\",\"url\":\"https:\/\/www.nettali.com\/wp-content\/uploads\/2022\/09\/Assemblee-nationale-senegal.jpeg\",\"contentUrl\":\"https:\/\/www.nettali.com\/wp-content\/uploads\/2022\/09\/Assemblee-nationale-senegal.jpeg\",\"width\":900,\"height\":630},{\"@type\":\"WebPage\",\"@id\":\"https:\/\/www.nettali.com\/2022\/09\/12\/installation-des-deputes-en-direct-de-lassemblee-nationale\/#webpage\",\"url\":\"https:\/\/www.nettali.com\/2022\/09\/12\/installation-des-deputes-en-direct-de-lassemblee-nationale\/\",\"name\":\"NETTALI TV - INSTALLATION DES DEPUTES - En direct de l'Assembl\\u00e9e nationale | Nettali.com\",\"isPartOf\":{\"@id\":\"https:\/\/www.nettali.com\/#website\"},\"primaryImageOfPage\":{\"@id\":\"https:\/\/www.nettali.com\/2022\/09\/12\/installation-des-deputes-en-direct-de-lassemblee-nationale\/#primaryimage\"},\"datePublished\":\"2022-09-12T10:19:11+00:00\",\"dateModified\":\"2022-09-13T22:21:44+00:00\",\"author\":{\"@id\":\"https:\/\/www.nettali.com\/#\/schema\/person\/3317e0bb3aa1da309fbf7b2780901bf4\"},\"breadcrumb\":{\"@id\":\"https:\/\/www.nettali.com\/2022\/09\/12\/installation-des-deputes-en-direct-de-lassemblee-nationale\/#breadcrumb\"},\"inLanguage\":\"fr-FR\",\"potentialAction\":[{\"@type\":\"ReadAction\",\"target\":[\"https:\/\/www.nettali.com\/2022\/09\/12\/installation-des-deputes-en-direct-de-lassemblee-nationale\/\"]}]},{\"@type\":\"BreadcrumbList\",\"@id\":\"https:\/\/www.nettali.com\/2022\/09\/12\/installation-des-deputes-en-direct-de-lassemblee-nationale\/#breadcrumb\",\"itemListElement\":[{\"@type\":\"ListItem\",\"position\":1,\"name\":\"Accueil\",\"item\":\"https:\/\/www.nettali.com\/\"},{\"@type\":\"ListItem\",\"position\":2,\"name\":\"NETTALI TV - INSTALLATION DES DEPUTES - En direct de l'Assembl\\u00e9e nationale\"}]},{\"@type\":\"Person\",\"@id\":\"https:\/\/www.nettali.com\/#\/schema\/person\/3317e0bb3aa1da309fbf7b2780901bf4\",\"name\":\"Daouda\",\"image\":{\"@type\":\"ImageObject\",\"@id\":\"https:\/\/www.nettali.com\/#personlogo\",\"inLanguage\":\"fr-FR\",\"url\":\"https:\/\/secure.gravatar.com\/avatar\/8d143b5a49345098ddcfee1c49c2f47c?s=96&d=mm&r=g\",\"contentUrl\":\"https:\/\/secure.gravatar.com\/avatar\/8d143b5a49345098ddcfee1c49c2f47c?s=96&d=mm&r=g\",\"caption\":\"Daouda\"},\"sameAs\":[\"https:\/\/www.nettali.com\"]}]}<\/script>\n<!-- \/ Yoast SEO Premium plugin. -->","yoast_head_json":{"title":"NETTALI TV - INSTALLATION DES DEPUTES - En direct de l'Assembl\u00e9e nationale | Nettali.com","robots":{"index":"index","follow":"follow","max-snippet":"max-snippet:-1","max-image-preview":"max-image-preview:large","max-video-preview":"max-video-preview:-1"},"canonical":"https:\/\/www.nettali.com\/2022\/09\/12\/installation-des-deputes-en-direct-de-lassemblee-nationale\/","og_locale":"fr_FR","og_type":"article","og_title":"NETTALI TV - INSTALLATION DES DEPUTES - En direct de l'Assembl\u00e9e nationale","og_description":"NETTALI.COM- Les d\u00e9put\u00e9s seront install\u00e9s ce lundi \u00e0 l'Assembl\u00e9e nationale. Les membres de la coalition pr\u00e9sidentielle qui \u00e9taient en conclave \u00e0 Saly sont venus en masse et comptent appliquer les directives du pr\u00e9sident Macky Sall. La s\u00e9ance va d\u00e9buter incessamment.Vous pouvez suivre le live ici : PARTAGER SUR :","og_url":"https:\/\/www.nettali.com\/2022\/09\/12\/installation-des-deputes-en-direct-de-lassemblee-nationale\/","og_site_name":"Nettali.com","article_publisher":"https:\/\/www.facebook.com\/nettalicom","article_published_time":"2022-09-12T10:19:11+00:00","article_modified_time":"2022-09-13T22:21:44+00:00","og_image":[{"width":900,"height":630,"url":"https:\/\/www.nettali.com\/wp-content\/uploads\/2022\/09\/Assemblee-nationale-senegal.jpeg","type":"image\/jpeg"}],"twitter_card":"summary_large_image","twitter_misc":{"\u00c9crit par":"Daouda","Dur\u00e9e de lecture estim\u00e9e":"1 minute"},"schema":{"@context":"https:\/\/schema.org","@graph":[{"@type":"WebSite","@id":"https:\/\/www.nettali.com\/#website","url":"https:\/\/www.nettali.com\/","name":"Nettali.com","description":"Le rendez-vous critique du Net","potentialAction":[{"@type":"SearchAction","target":{"@type":"EntryPoint","urlTemplate":"https:\/\/www.nettali.com\/?s={search_term_string}"},"query-input":"required name=search_term_string"}],"inLanguage":"fr-FR"},{"@type":"ImageObject","@id":"https:\/\/www.nettali.com\/2022\/09\/12\/installation-des-deputes-en-direct-de-lassemblee-nationale\/#primaryimage","inLanguage":"fr-FR","url":"https:\/\/www.nettali.com\/wp-content\/uploads\/2022\/09\/Assemblee-nationale-senegal.jpeg","contentUrl":"https:\/\/www.nettali.com\/wp-content\/uploads\/2022\/09\/Assemblee-nationale-senegal.jpeg","width":900,"height":630},{"@type":"WebPage","@id":"https:\/\/www.nettali.com\/2022\/09\/12\/installation-des-deputes-en-direct-de-lassemblee-nationale\/#webpage","url":"https:\/\/www.nettali.com\/2022\/09\/12\/installation-des-deputes-en-direct-de-lassemblee-nationale\/","name":"NETTALI TV - INSTALLATION DES DEPUTES - En direct de l'Assembl\u00e9e nationale | Nettali.com","isPartOf":{"@id":"https:\/\/www.nettali.com\/#website"},"primaryImageOfPage":{"@id":"https:\/\/www.nettali.com\/2022\/09\/12\/installation-des-deputes-en-direct-de-lassemblee-nationale\/#primaryimage"},"datePublished":"2022-09-12T10:19:11+00:00","dateModified":"2022-09-13T22:21:44+00:00","author":{"@id":"https:\/\/www.nettali.com\/#\/schema\/person\/3317e0bb3aa1da309fbf7b2780901bf4"},"breadcrumb":{"@id":"https:\/\/www.nettali.com\/2022\/09\/12\/installation-des-deputes-en-direct-de-lassemblee-nationale\/#breadcrumb"},"inLanguage":"fr-FR","potentialAction":[{"@type":"ReadAction","target":["https:\/\/www.nettali.com\/2022\/09\/12\/installation-des-deputes-en-direct-de-lassemblee-nationale\/"]}]},{"@type":"BreadcrumbList","@id":"https:\/\/www.nettali.com\/2022\/09\/12\/installation-des-deputes-en-direct-de-lassemblee-nationale\/#breadcrumb","itemListElement":[{"@type":"ListItem","position":1,"name":"Accueil","item":"https:\/\/www.nettali.com\/"},{"@type":"ListItem","position":2,"name":"NETTALI TV - INSTALLATION DES DEPUTES - En direct de l'Assembl\u00e9e nationale"}]},{"@type":"Person","@id":"https:\/\/www.nettali.com\/#\/schema\/person\/3317e0bb3aa1da309fbf7b2780901bf4","name":"Daouda","image":{"@type":"ImageObject","@id":"https:\/\/www.nettali.com\/#personlogo","inLanguage":"fr-FR","url":"https:\/\/secure.gravatar.com\/avatar\/8d143b5a49345098ddcfee1c49c2f47c?s=96&d=mm&r=g","contentUrl":"https:\/\/secure.gravatar.com\/avatar\/8d143b5a49345098ddcfee1c49c2f47c?s=96&d=mm&r=g","caption":"Daouda"},"sameAs":["https:\/\/www.nettali.com"]}]}},"_links":{"self":[{"href":"https:\/\/www.nettali.com\/rest\/wp\/v2\/posts\/93676"}],"collection":[{"href":"https:\/\/www.nettali.com\/rest\/wp\/v2\/posts"}],"about":[{"href":"https:\/\/www.nettali.com\/rest\/wp\/v2\/types\/post"}],"author":[{"embeddable":true,"href":"https:\/\/www.nettali.com\/rest\/wp\/v2\/users\/4"}],"replies":[{"embeddable":true,"href":"https:\/\/www.nettali.com\/rest\/wp\/v2\/comments?post=93676"}],"version-history":[{"count":6,"href":"https:\/\/www.nettali.com\/rest\/wp\/v2\/posts\/93676\/revisions"}],"predecessor-version":[{"id":93817,"href":"https:\/\/www.nettali.com\/rest\/wp\/v2\/posts\/93676\/revisions\/93817"}],"wp:featuredmedia":[{"embeddable":true,"href":"https:\/\/www.nettali.com\/rest\/wp\/v2\/media\/93677"}],"wp:attachment":[{"href":"https:\/\/www.nettali.com\/rest\/wp\/v2\/media?parent=93676"}],"wp:term":[{"taxonomy":"category","embeddable":true,"href":"https:\/\/www.nettali.com\/rest\/wp\/v2\/categories?post=93676"},{"taxonomy":"post_tag","embeddable":true,"href":"https:\/\/www.nettali.com\/rest\/wp\/v2\/tags?post=93676"}],"curies":[{"name":"wp","href":"https:\/\/api.w.org\/{rel}","templated":true}]}}