{"id":93641,"date":"2022-09-11T19:28:17","date_gmt":"2022-09-11T19:28:17","guid":{"rendered":"https:\/\/www.nettali.com\/?p=93641"},"modified":"2022-09-11T19:30:28","modified_gmt":"2022-09-11T19:30:28","slug":"leur-vol-direct-dakar-lyon-interrompu-ils-poursuivent-le-trajet-dans-un-bus-qui-prend-feu","status":"publish","type":"post","link":"https:\/\/www.nettali.com\/2022\/09\/11\/leur-vol-direct-dakar-lyon-interrompu-ils-poursuivent-le-trajet-dans-un-bus-qui-prend-feu\/","title":{"rendered":"Le vol direct Dakar-Lyon d'Air S\u00e9n\u00e9gal interrompu : Les passagers poursuivent le trajet dans un bus\u2026 qui prend feu"},"content":{"rendered":"<p><strong><span style=\"font-size: 16px;\">NETTALI.COM - Ce dimanche 11 septembre, un vol cens\u00e9 \u00eatre direct entre Dakar et Lyon a d\u00fb s'arr\u00eater \u00e0 Marseille. La quarantaine de voyageurs a d\u00fb poursuivre leur trajet dans un bus qui a pris feu sur l\u2019A7 \u00e0 proximit\u00e9 de Valence. Oserait-on parler de trajet maudit ?<\/span><\/strong><\/p>\n<div class=\"chapo\">\n<div class=\"textComponent element1\">\n<p>La compagnie Air S\u00e9n\u00e9gal a communiqu\u00e9 sur son site internet concernant cet incident.<\/p>\n<div class=\"et_pb_column et_pb_column_4_4 et_pb_column_0  et_pb_css_mix_blend_mode_passthrough et-last-child\">\n<div class=\"et_pb_module et_pb_text et_pb_text_0  et_pb_text_align_left et_pb_bg_layout_light\">\n<div class=\"et_pb_text_inner\">\n<p><i><span data-ogsb=\"white\">\"En raison d\u2019une contrainte op\u00e9rationnelle, les vols Marseille-Lyon et Lyon-Dakar HC427 n\u2019ont pu \u00eatre effectu\u00e9s selon le programme habituel.<span class=\"x_Apple-converted-space\"> \u00a0<\/span><\/span><\/i><i><span data-ogsb=\"white\">Conform\u00e9ment \u00e0 sa politique de prise en charge des irr\u00e9gularit\u00e9s d\u2019exploitations, les clients impact\u00e9s ont \u00e9t\u00e9 transf\u00e9r\u00e9s \u00e0 Lyon, pris en charge et h\u00e9berg\u00e9s. <\/span><\/i><i><span data-ogsb=\"white\">La compagnie pr\u00e9voit un r\u00e9acheminement sur Dakar, conform\u00e9ment \u00e0 la l\u00e9gislation en vigueur, sous 24H00. <\/span><\/i><i><span data-ogsb=\"white\">Air S\u00e9n\u00e9gal pr\u00e9sente ses vives excuses et invite ses clients \u00e0 prendre contact avec son service client 7j\/7 au<span class=\"x_Apple-converted-space\">\u00a0<\/span>+221 301 15 15 15<span class=\"x_Apple-converted-space\">\u00a0<\/span>ou au<span class=\"x_Apple-converted-space\">\u00a0<\/span>+33 1 88 61 88 61<span class=\"x_Apple-converted-space\">\u00a0<\/span>pour toute information compl\u00e9mentaire\".<\/span><\/i><\/p>\n<\/div>\n<\/div>\n<\/div>\n<\/div>\n<div class=\"textComponent element2\">\n<p>Dimanche 11 septembre, vers 15 heures, un car de tourisme a pris feu sur la bande d\u2019arr\u00eat d\u2019urgence de l\u2019autoroute A7, \u00e0 Valence, dans le sens Sud\/Nord,\u00a0relate le Dauphin\u00e9 Lib\u00e9r\u00e9. Le sinistre a g\u00e9n\u00e9r\u00e9 d\u2019importantes fum\u00e9es, visibles et ressenties dans le centre-ville de Valence.<\/p>\n<p>\u00c0 l\u2019int\u00e9rieur du bus, des passagers qui, \u00e0 l\u2019origine, avaient r\u00e9serv\u00e9 un vol direct entre Dakar et Lyon op\u00e9r\u00e9 par la compagnie Air S\u00e9n\u00e9gal. En raison d'une \u00ab contrainte op\u00e9rationnelle \u00bb, l\u2019avion a d\u00fb atterrir \u00e0 Marseille, o\u00f9 les usagers ont \u00e9t\u00e9 invit\u00e9s \u00e0 poursuivre le trajet dans un car de remplacement.<\/p>\n<\/div>\n<div class=\"textComponent element4\">\n<h2>Un pneu \u00e9clat\u00e9 cause un incendie<\/h2>\n<blockquote class=\"twitter-tweet\">\n<p lang=\"fr\" dir=\"ltr\">Un vol cens\u00e9 \u00eatre direct Dakar - Lyon qui finalement atterrit \u00e0 Marseille.<a href=\"https:\/\/twitter.com\/FlyAirSenegal?ref_src=twsrc%5Etfw\">@FlyAirSenegal<\/a> met les passagers dans un bus de remplacement Marseille - Lyon. Le bus vient de prendre feu sur l&#39;autoroute et 0 prise en charge pour le moment. L&#39;amie qui m&#39;a envoy\u00e9 \u00e7a est avec 2 enfants <a href=\"https:\/\/t.co\/0yMn8BUy53\">pic.twitter.com\/0yMn8BUy53<\/a><\/p>\n<p>&mdash; MoussM (@c_moustaph) <a href=\"https:\/\/twitter.com\/c_moustaph\/status\/1568985899744075776?ref_src=twsrc%5Etfw\">September 11, 2022<\/a><\/p><\/blockquote>\n<p> <script async src=\"https:\/\/platform.twitter.com\/widgets.js\" charset=\"utf-8\"><\/script><\/p>\n<p>Mais durant le trajet, un pneu a \u00e9clat\u00e9, causant un incendie. Les 41 passagers du car, \u00e0 destination de Lyon, ont \u00e9t\u00e9 mis en s\u00e9curit\u00e9 derri\u00e8re la glissi\u00e8re de s\u00e9curit\u00e9 dans l\u2019attente de l\u2019arriv\u00e9e des sapeurs-pompiers et des gendarmes. Malgr\u00e9 cette d\u00e9veine manifeste, aucun bless\u00e9, heureusement, n\u2019est \u00e0 d\u00e9plorer.<\/p>\n<\/div>\n<div class=\"textComponent element6\">\n<p>Par s\u00e9curit\u00e9, l\u2019autoroute A7 est coup\u00e9e \u00e0 la circulation en direction de Lyon le temps que les voyageurs du car embarquent dans un v\u00e9hicule affr\u00e9t\u00e9 par l\u2019assistance. Cet \u00e9v\u00e9nement a entra\u00een\u00e9 des perturbations importantes sur l\u2019autoroute A7 en direction de Lyon. Gageons que cette m\u00e9saventure ne fera pas bonne publicit\u00e9 pour la compagnie Air S\u00e9n\u00e9gal, qui a l\u2019habitude de faire parler d\u2019elle. Le 30 ao\u00fbt, par exemple, un avion de la compagnie qui effectuait la liaison Dakar-Barcelone-Dakar, a heurt\u00e9 un camion sur le tarmac de l\u2019a\u00e9roport de Barcelone. L\u00e0 encore, sans faire de bless\u00e9s.<\/p>\n<\/div>\n<\/div>\n<div class='share-to-whatsapp-wrapper'><div class='share-on-whsp'>PARTAGER SUR : <\/div><a data-text='Le vol direct Dakar-Lyon d'Air S\u00e9n\u00e9gal interrompu : Les passagers poursuivent le trajet dans un bus\u2026 qui prend feu' data-link='https:\/\/www.nettali.com\/2022\/09\/11\/leur-vol-direct-dakar-lyon-interrompu-ils-poursuivent-le-trajet-dans-un-bus-qui-prend-feu\/' class='whatsapp-button whatsapp-share'>WhatsApp<\/a><div class='clear '><\/div><\/div>","protected":false},"excerpt":{"rendered":"<p>NETTALI.COM - Ce dimanche 11 septembre, un vol cens\u00e9 \u00eatre direct entre Dakar et Lyon a d\u00fb s'arr\u00eater \u00e0 Marseille. La quarantaine de voyageurs a d\u00fb poursuivre leur trajet dans un bus qui a pris feu sur l\u2019A7 \u00e0 proximit\u00e9 de Valence. Oserait-on parler de trajet maudit ? La compagnie Air S\u00e9n\u00e9gal a communiqu\u00e9 sur [&hellip;]<\/p>\n","protected":false},"author":4,"featured_media":93642,"comment_status":"open","ping_status":"open","sticky":false,"template":"","format":"standard","meta":{"_et_pb_use_builder":"","_et_pb_old_content":""},"categories":[8],"tags":[],"yoast_head":"<!-- This site is optimized with the Yoast SEO Premium plugin v17.8 (Yoast SEO v17.8) - https:\/\/yoast.com\/wordpress\/plugins\/seo\/ -->\n<title>Le vol direct Dakar-Lyon d&#039;Air S\u00e9n\u00e9gal interrompu : Les passagers poursuivent le trajet dans un bus\u2026 qui prend feu | Nettali.com<\/title>\n<meta name=\"robots\" content=\"index, follow, max-snippet:-1, max-image-preview:large, max-video-preview:-1\" \/>\n<link rel=\"canonical\" href=\"https:\/\/www.nettali.com\/2022\/09\/11\/leur-vol-direct-dakar-lyon-interrompu-ils-poursuivent-le-trajet-dans-un-bus-qui-prend-feu\/\" \/>\n<meta property=\"og:locale\" content=\"fr_FR\" \/>\n<meta property=\"og:type\" content=\"article\" \/>\n<meta property=\"og:title\" content=\"Le vol direct Dakar-Lyon d&#039;Air S\u00e9n\u00e9gal interrompu : Les passagers poursuivent le trajet dans un bus\u2026 qui prend feu\" \/>\n<meta property=\"og:description\" content=\"NETTALI.COM - Ce dimanche 11 septembre, un vol cens\u00e9 \u00eatre direct entre Dakar et Lyon a d\u00fb s&#039;arr\u00eater \u00e0 Marseille. La quarantaine de voyageurs a d\u00fb poursuivre leur trajet dans un bus qui a pris feu sur l\u2019A7 \u00e0 proximit\u00e9 de Valence. Oserait-on parler de trajet maudit ? La compagnie Air S\u00e9n\u00e9gal a communiqu\u00e9 sur [&hellip;]\" \/>\n<meta property=\"og:url\" content=\"https:\/\/www.nettali.com\/2022\/09\/11\/leur-vol-direct-dakar-lyon-interrompu-ils-poursuivent-le-trajet-dans-un-bus-qui-prend-feu\/\" \/>\n<meta property=\"og:site_name\" content=\"Nettali.com\" \/>\n<meta property=\"article:publisher\" content=\"https:\/\/www.facebook.com\/nettalicom\" \/>\n<meta property=\"article:published_time\" content=\"2022-09-11T19:28:17+00:00\" \/>\n<meta property=\"article:modified_time\" content=\"2022-09-11T19:30:28+00:00\" \/>\n<meta property=\"og:image\" content=\"https:\/\/www.nettali.com\/wp-content\/uploads\/2022\/09\/title-1662914074.jpeg\" \/>\n\t<meta property=\"og:image:width\" content=\"1000\" \/>\n\t<meta property=\"og:image:height\" content=\"500\" \/>\n<meta name=\"twitter:card\" content=\"summary_large_image\" \/>\n<meta name=\"twitter:label1\" content=\"\u00c9crit par\" \/>\n\t<meta name=\"twitter:data1\" content=\"Daouda\" \/>\n\t<meta name=\"twitter:label2\" content=\"Dur\u00e9e de lecture estim\u00e9e\" \/>\n\t<meta name=\"twitter:data2\" content=\"3 minutes\" \/>\n<script type=\"application\/ld+json\" class=\"yoast-schema-graph\">{\"@context\":\"https:\/\/schema.org\",\"@graph\":[{\"@type\":\"WebSite\",\"@id\":\"https:\/\/www.nettali.com\/#website\",\"url\":\"https:\/\/www.nettali.com\/\",\"name\":\"Nettali.com\",\"description\":\"Le rendez-vous critique du Net\",\"potentialAction\":[{\"@type\":\"SearchAction\",\"target\":{\"@type\":\"EntryPoint\",\"urlTemplate\":\"https:\/\/www.nettali.com\/?s={search_term_string}\"},\"query-input\":\"required name=search_term_string\"}],\"inLanguage\":\"fr-FR\"},{\"@type\":\"ImageObject\",\"@id\":\"https:\/\/www.nettali.com\/2022\/09\/11\/leur-vol-direct-dakar-lyon-interrompu-ils-poursuivent-le-trajet-dans-un-bus-qui-prend-feu\/#primaryimage\",\"inLanguage\":\"fr-FR\",\"url\":\"https:\/\/www.nettali.com\/wp-content\/uploads\/2022\/09\/title-1662914074.jpeg\",\"contentUrl\":\"https:\/\/www.nettali.com\/wp-content\/uploads\/2022\/09\/title-1662914074.jpeg\",\"width\":1000,\"height\":500},{\"@type\":\"WebPage\",\"@id\":\"https:\/\/www.nettali.com\/2022\/09\/11\/leur-vol-direct-dakar-lyon-interrompu-ils-poursuivent-le-trajet-dans-un-bus-qui-prend-feu\/#webpage\",\"url\":\"https:\/\/www.nettali.com\/2022\/09\/11\/leur-vol-direct-dakar-lyon-interrompu-ils-poursuivent-le-trajet-dans-un-bus-qui-prend-feu\/\",\"name\":\"Le vol direct Dakar-Lyon d'Air S\\u00e9n\\u00e9gal interrompu : Les passagers poursuivent le trajet dans un bus\\u2026 qui prend feu | Nettali.com\",\"isPartOf\":{\"@id\":\"https:\/\/www.nettali.com\/#website\"},\"primaryImageOfPage\":{\"@id\":\"https:\/\/www.nettali.com\/2022\/09\/11\/leur-vol-direct-dakar-lyon-interrompu-ils-poursuivent-le-trajet-dans-un-bus-qui-prend-feu\/#primaryimage\"},\"datePublished\":\"2022-09-11T19:28:17+00:00\",\"dateModified\":\"2022-09-11T19:30:28+00:00\",\"author\":{\"@id\":\"https:\/\/www.nettali.com\/#\/schema\/person\/3317e0bb3aa1da309fbf7b2780901bf4\"},\"breadcrumb\":{\"@id\":\"https:\/\/www.nettali.com\/2022\/09\/11\/leur-vol-direct-dakar-lyon-interrompu-ils-poursuivent-le-trajet-dans-un-bus-qui-prend-feu\/#breadcrumb\"},\"inLanguage\":\"fr-FR\",\"potentialAction\":[{\"@type\":\"ReadAction\",\"target\":[\"https:\/\/www.nettali.com\/2022\/09\/11\/leur-vol-direct-dakar-lyon-interrompu-ils-poursuivent-le-trajet-dans-un-bus-qui-prend-feu\/\"]}]},{\"@type\":\"BreadcrumbList\",\"@id\":\"https:\/\/www.nettali.com\/2022\/09\/11\/leur-vol-direct-dakar-lyon-interrompu-ils-poursuivent-le-trajet-dans-un-bus-qui-prend-feu\/#breadcrumb\",\"itemListElement\":[{\"@type\":\"ListItem\",\"position\":1,\"name\":\"Accueil\",\"item\":\"https:\/\/www.nettali.com\/\"},{\"@type\":\"ListItem\",\"position\":2,\"name\":\"Le vol direct Dakar-Lyon d'Air S\\u00e9n\\u00e9gal interrompu : Les passagers poursuivent le trajet dans un bus\\u2026 qui prend feu\"}]},{\"@type\":\"Person\",\"@id\":\"https:\/\/www.nettali.com\/#\/schema\/person\/3317e0bb3aa1da309fbf7b2780901bf4\",\"name\":\"Daouda\",\"image\":{\"@type\":\"ImageObject\",\"@id\":\"https:\/\/www.nettali.com\/#personlogo\",\"inLanguage\":\"fr-FR\",\"url\":\"https:\/\/secure.gravatar.com\/avatar\/8d143b5a49345098ddcfee1c49c2f47c?s=96&d=mm&r=g\",\"contentUrl\":\"https:\/\/secure.gravatar.com\/avatar\/8d143b5a49345098ddcfee1c49c2f47c?s=96&d=mm&r=g\",\"caption\":\"Daouda\"},\"sameAs\":[\"https:\/\/www.nettali.com\"]}]}<\/script>\n<!-- \/ Yoast SEO Premium plugin. -->","yoast_head_json":{"title":"Le vol direct Dakar-Lyon d'Air S\u00e9n\u00e9gal interrompu : Les passagers poursuivent le trajet dans un bus\u2026 qui prend feu | Nettali.com","robots":{"index":"index","follow":"follow","max-snippet":"max-snippet:-1","max-image-preview":"max-image-preview:large","max-video-preview":"max-video-preview:-1"},"canonical":"https:\/\/www.nettali.com\/2022\/09\/11\/leur-vol-direct-dakar-lyon-interrompu-ils-poursuivent-le-trajet-dans-un-bus-qui-prend-feu\/","og_locale":"fr_FR","og_type":"article","og_title":"Le vol direct Dakar-Lyon d'Air S\u00e9n\u00e9gal interrompu : Les passagers poursuivent le trajet dans un bus\u2026 qui prend feu","og_description":"NETTALI.COM - Ce dimanche 11 septembre, un vol cens\u00e9 \u00eatre direct entre Dakar et Lyon a d\u00fb s'arr\u00eater \u00e0 Marseille. La quarantaine de voyageurs a d\u00fb poursuivre leur trajet dans un bus qui a pris feu sur l\u2019A7 \u00e0 proximit\u00e9 de Valence. Oserait-on parler de trajet maudit ? La compagnie Air S\u00e9n\u00e9gal a communiqu\u00e9 sur [&hellip;]","og_url":"https:\/\/www.nettali.com\/2022\/09\/11\/leur-vol-direct-dakar-lyon-interrompu-ils-poursuivent-le-trajet-dans-un-bus-qui-prend-feu\/","og_site_name":"Nettali.com","article_publisher":"https:\/\/www.facebook.com\/nettalicom","article_published_time":"2022-09-11T19:28:17+00:00","article_modified_time":"2022-09-11T19:30:28+00:00","og_image":[{"width":1000,"height":500,"url":"https:\/\/www.nettali.com\/wp-content\/uploads\/2022\/09\/title-1662914074.jpeg","type":"image\/jpeg"}],"twitter_card":"summary_large_image","twitter_misc":{"\u00c9crit par":"Daouda","Dur\u00e9e de lecture estim\u00e9e":"3 minutes"},"schema":{"@context":"https:\/\/schema.org","@graph":[{"@type":"WebSite","@id":"https:\/\/www.nettali.com\/#website","url":"https:\/\/www.nettali.com\/","name":"Nettali.com","description":"Le rendez-vous critique du Net","potentialAction":[{"@type":"SearchAction","target":{"@type":"EntryPoint","urlTemplate":"https:\/\/www.nettali.com\/?s={search_term_string}"},"query-input":"required name=search_term_string"}],"inLanguage":"fr-FR"},{"@type":"ImageObject","@id":"https:\/\/www.nettali.com\/2022\/09\/11\/leur-vol-direct-dakar-lyon-interrompu-ils-poursuivent-le-trajet-dans-un-bus-qui-prend-feu\/#primaryimage","inLanguage":"fr-FR","url":"https:\/\/www.nettali.com\/wp-content\/uploads\/2022\/09\/title-1662914074.jpeg","contentUrl":"https:\/\/www.nettali.com\/wp-content\/uploads\/2022\/09\/title-1662914074.jpeg","width":1000,"height":500},{"@type":"WebPage","@id":"https:\/\/www.nettali.com\/2022\/09\/11\/leur-vol-direct-dakar-lyon-interrompu-ils-poursuivent-le-trajet-dans-un-bus-qui-prend-feu\/#webpage","url":"https:\/\/www.nettali.com\/2022\/09\/11\/leur-vol-direct-dakar-lyon-interrompu-ils-poursuivent-le-trajet-dans-un-bus-qui-prend-feu\/","name":"Le vol direct Dakar-Lyon d'Air S\u00e9n\u00e9gal interrompu : Les passagers poursuivent le trajet dans un bus\u2026 qui prend feu | Nettali.com","isPartOf":{"@id":"https:\/\/www.nettali.com\/#website"},"primaryImageOfPage":{"@id":"https:\/\/www.nettali.com\/2022\/09\/11\/leur-vol-direct-dakar-lyon-interrompu-ils-poursuivent-le-trajet-dans-un-bus-qui-prend-feu\/#primaryimage"},"datePublished":"2022-09-11T19:28:17+00:00","dateModified":"2022-09-11T19:30:28+00:00","author":{"@id":"https:\/\/www.nettali.com\/#\/schema\/person\/3317e0bb3aa1da309fbf7b2780901bf4"},"breadcrumb":{"@id":"https:\/\/www.nettali.com\/2022\/09\/11\/leur-vol-direct-dakar-lyon-interrompu-ils-poursuivent-le-trajet-dans-un-bus-qui-prend-feu\/#breadcrumb"},"inLanguage":"fr-FR","potentialAction":[{"@type":"ReadAction","target":["https:\/\/www.nettali.com\/2022\/09\/11\/leur-vol-direct-dakar-lyon-interrompu-ils-poursuivent-le-trajet-dans-un-bus-qui-prend-feu\/"]}]},{"@type":"BreadcrumbList","@id":"https:\/\/www.nettali.com\/2022\/09\/11\/leur-vol-direct-dakar-lyon-interrompu-ils-poursuivent-le-trajet-dans-un-bus-qui-prend-feu\/#breadcrumb","itemListElement":[{"@type":"ListItem","position":1,"name":"Accueil","item":"https:\/\/www.nettali.com\/"},{"@type":"ListItem","position":2,"name":"Le vol direct Dakar-Lyon d'Air S\u00e9n\u00e9gal interrompu : Les passagers poursuivent le trajet dans un bus\u2026 qui prend feu"}]},{"@type":"Person","@id":"https:\/\/www.nettali.com\/#\/schema\/person\/3317e0bb3aa1da309fbf7b2780901bf4","name":"Daouda","image":{"@type":"ImageObject","@id":"https:\/\/www.nettali.com\/#personlogo","inLanguage":"fr-FR","url":"https:\/\/secure.gravatar.com\/avatar\/8d143b5a49345098ddcfee1c49c2f47c?s=96&d=mm&r=g","contentUrl":"https:\/\/secure.gravatar.com\/avatar\/8d143b5a49345098ddcfee1c49c2f47c?s=96&d=mm&r=g","caption":"Daouda"},"sameAs":["https:\/\/www.nettali.com"]}]}},"_links":{"self":[{"href":"https:\/\/www.nettali.com\/rest\/wp\/v2\/posts\/93641"}],"collection":[{"href":"https:\/\/www.nettali.com\/rest\/wp\/v2\/posts"}],"about":[{"href":"https:\/\/www.nettali.com\/rest\/wp\/v2\/types\/post"}],"author":[{"embeddable":true,"href":"https:\/\/www.nettali.com\/rest\/wp\/v2\/users\/4"}],"replies":[{"embeddable":true,"href":"https:\/\/www.nettali.com\/rest\/wp\/v2\/comments?post=93641"}],"version-history":[{"count":2,"href":"https:\/\/www.nettali.com\/rest\/wp\/v2\/posts\/93641\/revisions"}],"predecessor-version":[{"id":93644,"href":"https:\/\/www.nettali.com\/rest\/wp\/v2\/posts\/93641\/revisions\/93644"}],"wp:featuredmedia":[{"embeddable":true,"href":"https:\/\/www.nettali.com\/rest\/wp\/v2\/media\/93642"}],"wp:attachment":[{"href":"https:\/\/www.nettali.com\/rest\/wp\/v2\/media?parent=93641"}],"wp:term":[{"taxonomy":"category","embeddable":true,"href":"https:\/\/www.nettali.com\/rest\/wp\/v2\/categories?post=93641"},{"taxonomy":"post_tag","embeddable":true,"href":"https:\/\/www.nettali.com\/rest\/wp\/v2\/tags?post=93641"}],"curies":[{"name":"wp","href":"https:\/\/api.w.org\/{rel}","templated":true}]}}