{"id":93627,"date":"2022-09-11T18:25:41","date_gmt":"2022-09-11T18:25:41","guid":{"rendered":"https:\/\/www.nettali.com\/?p=93627"},"modified":"2022-09-12T07:57:04","modified_gmt":"2022-09-12T07:57:04","slug":"barthelemy-dias-je-suis-le-candidat-de-yewwi-askan-wi","status":"publish","type":"post","link":"https:\/\/www.nettali.com\/2022\/09\/11\/barthelemy-dias-je-suis-le-candidat-de-yewwi-askan-wi\/","title":{"rendered":"BARTHELEMY DIAS - \"Je suis le candidat de Yewwi askan wi\""},"content":{"rendered":"<p><strong>NETTALI.COM - C'est d\u00e9sormais officiel. Barth\u00e9lemy Dias est candidat au poste de pr\u00e9sident de l<\/strong><strong>'Assembl\u00e9e nationale dont l'\u00e9lection est pr\u00e9vue ce lundi. Le maire de Dakar pr\u00e9cise qu'il est le candidat choisi par la conf\u00e9rence des leaders de Yewwi askan wi.\u00a0<\/strong><\/p>\n<p>Barth\u00e9lemy Dias est le candidat de Yewwi askan wi \u00e0 la pr\u00e9sidence de l'Assembl\u00e9e nationale. L'int\u00e9resse l'a, lui-m\u00eame, annonc\u00e9 ce dimanche lors d'une d\u00e9claration de presse. Le d\u00e9put\u00e9-maire de Dakar se pr\u00e9sente comme le candidat choisi par la conf\u00e9rence des leaders de la coalition Yewwi askan wi.<\/p>\n<p>\"<em>Les r\u00e9sultats des \u00e9lections l\u00e9gislatives du 31 juillet 2022 ont r\u00e9v\u00e9l\u00e9 une \u00e9vidence. La coalition pr\u00e9sidentielle est minoritaire. Pour la premi\u00e8re fois dans l'histoire politique de notre pays, le pr\u00e9sident de la R\u00e9publique n'obtient pas la majorit\u00e9 absolue \u00e0 l'Assembl\u00e9e nationale du S\u00e9n\u00e9gal. Malgr\u00e9 les contorsions du minist\u00e8re de l'Int\u00e9rieur et de la Direction g\u00e9n\u00e9rale des \u00e9lections (Dge), malgr\u00e9 les arguties juridiques du Conseil constitutionnel, malgr\u00e9 les manoeuvres politiques de Benno Bokk Yaakaar qui ont entach\u00e9 le scrutin, l'opposition a gagn\u00e9 les \u00e9lections l\u00e9gislatives du 31 juillet. C'est un fait incontestable et les incantations des tenants du pouvoir ne pourront rien y changer<\/em>\", a commenc\u00e9 par dire Barth\u00e9lemy Dias.<\/p>\n<p>Il ajoute : \"<em>Ces r\u00e9sultats sans pr\u00e9c\u00e9dent montrent que le peuple s\u00e9n\u00e9galais\u00a0 a d\u00e9finitivement tourn\u00e9 le dos \u00e0 Macky Sall et a rejet\u00e9 les politiques funestes que son r\u00e9gime nous inflige depuis plus de dix ans. Cette victoire, nous la devons \u00e0 la maturit\u00e9 du peuple s\u00e9n\u00e9galais qui a clairement exprim\u00e9 sa position, surtout sa volont\u00e9 de changement. Nous la devons \u00e9galement \u00e0 l'unit\u00e9 de l'opposition qui a permis de mettre en place une strat\u00e9gie d'alliance in\u00e9dite mat\u00e9rialis\u00e9e par l'inter-coalition Yewwi-Wallu.\"<\/em> Selon le maire de Dakar, l'inter-coalition a permis de mobiliser et de rassembler les \u00e9lecteurs. Ce qui lui fait dire que \"<em>l'opposition a relev\u00e9 avec succ\u00e8s le d\u00e9fi de l'unit\u00e9, un des objectifs de l'inter-coalition<\/em>\".<\/p>\n<p>Toutefois, estime Barth\u00e9lemy Dias, \"<em>cette victoire ne ferait pas sens si nous n'arrivons pas \u00e0 op\u00e9rer, \u00e0 partir de l'Assembl\u00e9e nationale, les ruptures radicales et r\u00e9aliser les transformations fondamentales que notre pays ne peut diff\u00e9rer sans risque de se perdre<\/em>\". \"<em>J'ai conscience que nous sommes interpell\u00e9s sur notre capacit\u00e9 \u00e0 tenir nos engagements<\/em>\", dit-il. Avant de poursuivre : \"<em>C'est\u00a0\u00a0en mesurant avec gravit\u00e9 les d\u00e9fis qui nous attendent, mais aussi avec responsabilit\u00e9 et humilit\u00e9 que je vous annonce ma candidature \u00e0 la pr\u00e9sidence de l'Assembl\u00e9e nationale<\/em>.\" Non sans pr\u00e9ciser : \"<em>Ma candidature est port\u00e9e par toute la coalition Yewwi askan wi. Je voudrais remercier tous les leaders de notre coalition d'avoir port\u00e9 leur choix sur ma personne.<\/em>\"<\/p>\n<p>D'apr\u00e8s Barth\u00e9lemy Dias, l'objectif est d'avoir une Assembl\u00e9e qui \"<em>redonne le pouvoir au peuple et rend compte au peuple<\/em>\". \"<em>Une Assembl\u00e9e qui \u0153uvre pour l'\u00e9quilibre et la s\u00e9paration des pouvoirs, pour la d\u00e9mocratie, la d\u00e9centralisation et la transparence dans les gestions des ressources publiques. Mais aussi une Assembl\u00e9e o\u00f9 on d\u00e9bat sur les institutions et o\u00f9 on lutte contre les injustices, l'instrumentalisation de la justice, les inondations et les drames qui en d\u00e9coulent<\/em>\", souligne celui qui dit r\u00eaver d'une Assembl\u00e9e o\u00f9 on fait tout stopper \"<em>le d\u00e9clin de notre R\u00e9publique<\/em>\".<\/p>\n<p>Il faut pr\u00e9ciser qu'avant Barth\u00e9lemy Dias, Ahmed A\u00efdara, \u00e9galement membre de Yewwi askan wi, a d\u00e9clar\u00e9 sa candidature \u00e0 la pr\u00e9sidence de l'Assembl\u00e9e nationale dont l'\u00e9lection est pr\u00e9vue ce lundi 12 septembre.<\/p>\n<div class='share-to-whatsapp-wrapper'><div class='share-on-whsp'>PARTAGER SUR : <\/div><a data-text='BARTHELEMY DIAS - \"Je suis le candidat de Yewwi askan wi\"' data-link='https:\/\/www.nettali.com\/2022\/09\/11\/barthelemy-dias-je-suis-le-candidat-de-yewwi-askan-wi\/' class='whatsapp-button whatsapp-share'>WhatsApp<\/a><div class='clear '><\/div><\/div>","protected":false},"excerpt":{"rendered":"<p>NETTALI.COM - C'est d\u00e9sormais officiel. Barth\u00e9lemy Dias est candidat au poste de pr\u00e9sident de l'Assembl\u00e9e nationale dont l'\u00e9lection est pr\u00e9vue ce lundi. Le maire de Dakar pr\u00e9cise qu'il est le candidat choisi par la conf\u00e9rence des leaders de Yewwi askan wi.\u00a0 Barth\u00e9lemy Dias est le candidat de Yewwi askan wi \u00e0 la pr\u00e9sidence de l'Assembl\u00e9e [&hellip;]<\/p>\n","protected":false},"author":3,"featured_media":93650,"comment_status":"open","ping_status":"open","sticky":false,"template":"","format":"standard","meta":{"_et_pb_use_builder":"","_et_pb_old_content":""},"categories":[2],"tags":[],"yoast_head":"<!-- This site is optimized with the Yoast SEO Premium plugin v17.8 (Yoast SEO v17.8) - https:\/\/yoast.com\/wordpress\/plugins\/seo\/ -->\n<title>BARTHELEMY DIAS - &quot;Je suis le candidat de Yewwi askan wi&quot; | Nettali.com<\/title>\n<meta name=\"robots\" content=\"index, follow, max-snippet:-1, max-image-preview:large, max-video-preview:-1\" \/>\n<link rel=\"canonical\" href=\"https:\/\/www.nettali.com\/2022\/09\/11\/barthelemy-dias-je-suis-le-candidat-de-yewwi-askan-wi\/\" \/>\n<meta property=\"og:locale\" content=\"fr_FR\" \/>\n<meta property=\"og:type\" content=\"article\" \/>\n<meta property=\"og:title\" content=\"BARTHELEMY DIAS - &quot;Je suis le candidat de Yewwi askan wi&quot;\" \/>\n<meta property=\"og:description\" content=\"NETTALI.COM - C&#039;est d\u00e9sormais officiel. Barth\u00e9lemy Dias est candidat au poste de pr\u00e9sident de l&#039;Assembl\u00e9e nationale dont l&#039;\u00e9lection est pr\u00e9vue ce lundi. Le maire de Dakar pr\u00e9cise qu&#039;il est le candidat choisi par la conf\u00e9rence des leaders de Yewwi askan wi.\u00a0 Barth\u00e9lemy Dias est le candidat de Yewwi askan wi \u00e0 la pr\u00e9sidence de l&#039;Assembl\u00e9e [&hellip;]\" \/>\n<meta property=\"og:url\" content=\"https:\/\/www.nettali.com\/2022\/09\/11\/barthelemy-dias-je-suis-le-candidat-de-yewwi-askan-wi\/\" \/>\n<meta property=\"og:site_name\" content=\"Nettali.com\" \/>\n<meta property=\"article:publisher\" content=\"https:\/\/www.facebook.com\/nettalicom\" \/>\n<meta property=\"article:published_time\" content=\"2022-09-11T18:25:41+00:00\" \/>\n<meta property=\"article:modified_time\" content=\"2022-09-12T07:57:04+00:00\" \/>\n<meta property=\"og:image\" content=\"https:\/\/www.nettali.com\/wp-content\/uploads\/2022\/09\/FB_IMG_1662927605871.jpg\" \/>\n\t<meta property=\"og:image:width\" content=\"720\" \/>\n\t<meta property=\"og:image:height\" content=\"480\" \/>\n<meta name=\"twitter:card\" content=\"summary_large_image\" \/>\n<meta name=\"twitter:label1\" content=\"\u00c9crit par\" \/>\n\t<meta name=\"twitter:data1\" content=\"Moustapha\" \/>\n\t<meta name=\"twitter:label2\" content=\"Dur\u00e9e de lecture estim\u00e9e\" \/>\n\t<meta name=\"twitter:data2\" content=\"3 minutes\" \/>\n<script type=\"application\/ld+json\" class=\"yoast-schema-graph\">{\"@context\":\"https:\/\/schema.org\",\"@graph\":[{\"@type\":\"WebSite\",\"@id\":\"https:\/\/www.nettali.com\/#website\",\"url\":\"https:\/\/www.nettali.com\/\",\"name\":\"Nettali.com\",\"description\":\"Le rendez-vous critique du Net\",\"potentialAction\":[{\"@type\":\"SearchAction\",\"target\":{\"@type\":\"EntryPoint\",\"urlTemplate\":\"https:\/\/www.nettali.com\/?s={search_term_string}\"},\"query-input\":\"required name=search_term_string\"}],\"inLanguage\":\"fr-FR\"},{\"@type\":\"ImageObject\",\"@id\":\"https:\/\/www.nettali.com\/2022\/09\/11\/barthelemy-dias-je-suis-le-candidat-de-yewwi-askan-wi\/#primaryimage\",\"inLanguage\":\"fr-FR\",\"url\":\"https:\/\/www.nettali.com\/wp-content\/uploads\/2022\/09\/FB_IMG_1662927605871.jpg\",\"contentUrl\":\"https:\/\/www.nettali.com\/wp-content\/uploads\/2022\/09\/FB_IMG_1662927605871.jpg\",\"width\":720,\"height\":480},{\"@type\":\"WebPage\",\"@id\":\"https:\/\/www.nettali.com\/2022\/09\/11\/barthelemy-dias-je-suis-le-candidat-de-yewwi-askan-wi\/#webpage\",\"url\":\"https:\/\/www.nettali.com\/2022\/09\/11\/barthelemy-dias-je-suis-le-candidat-de-yewwi-askan-wi\/\",\"name\":\"BARTHELEMY DIAS - \\\"Je suis le candidat de Yewwi askan wi\\\" | Nettali.com\",\"isPartOf\":{\"@id\":\"https:\/\/www.nettali.com\/#website\"},\"primaryImageOfPage\":{\"@id\":\"https:\/\/www.nettali.com\/2022\/09\/11\/barthelemy-dias-je-suis-le-candidat-de-yewwi-askan-wi\/#primaryimage\"},\"datePublished\":\"2022-09-11T18:25:41+00:00\",\"dateModified\":\"2022-09-12T07:57:04+00:00\",\"author\":{\"@id\":\"https:\/\/www.nettali.com\/#\/schema\/person\/7962a12a6e0267f88f0ffa544c36469a\"},\"breadcrumb\":{\"@id\":\"https:\/\/www.nettali.com\/2022\/09\/11\/barthelemy-dias-je-suis-le-candidat-de-yewwi-askan-wi\/#breadcrumb\"},\"inLanguage\":\"fr-FR\",\"potentialAction\":[{\"@type\":\"ReadAction\",\"target\":[\"https:\/\/www.nettali.com\/2022\/09\/11\/barthelemy-dias-je-suis-le-candidat-de-yewwi-askan-wi\/\"]}]},{\"@type\":\"BreadcrumbList\",\"@id\":\"https:\/\/www.nettali.com\/2022\/09\/11\/barthelemy-dias-je-suis-le-candidat-de-yewwi-askan-wi\/#breadcrumb\",\"itemListElement\":[{\"@type\":\"ListItem\",\"position\":1,\"name\":\"Accueil\",\"item\":\"https:\/\/www.nettali.com\/\"},{\"@type\":\"ListItem\",\"position\":2,\"name\":\"BARTHELEMY DIAS - \\\"Je suis le candidat de Yewwi askan wi\\\"\"}]},{\"@type\":\"Person\",\"@id\":\"https:\/\/www.nettali.com\/#\/schema\/person\/7962a12a6e0267f88f0ffa544c36469a\",\"name\":\"Moustapha\",\"image\":{\"@type\":\"ImageObject\",\"@id\":\"https:\/\/www.nettali.com\/#personlogo\",\"inLanguage\":\"fr-FR\",\"url\":\"https:\/\/secure.gravatar.com\/avatar\/10fdf6a071cccdcf374e3dbe45159590?s=96&d=mm&r=g\",\"contentUrl\":\"https:\/\/secure.gravatar.com\/avatar\/10fdf6a071cccdcf374e3dbe45159590?s=96&d=mm&r=g\",\"caption\":\"Moustapha\"},\"sameAs\":[\"https:\/\/www.nettali.com\"]}]}<\/script>\n<!-- \/ Yoast SEO Premium plugin. -->","yoast_head_json":{"title":"BARTHELEMY DIAS - \"Je suis le candidat de Yewwi askan wi\" | Nettali.com","robots":{"index":"index","follow":"follow","max-snippet":"max-snippet:-1","max-image-preview":"max-image-preview:large","max-video-preview":"max-video-preview:-1"},"canonical":"https:\/\/www.nettali.com\/2022\/09\/11\/barthelemy-dias-je-suis-le-candidat-de-yewwi-askan-wi\/","og_locale":"fr_FR","og_type":"article","og_title":"BARTHELEMY DIAS - \"Je suis le candidat de Yewwi askan wi\"","og_description":"NETTALI.COM - C'est d\u00e9sormais officiel. Barth\u00e9lemy Dias est candidat au poste de pr\u00e9sident de l'Assembl\u00e9e nationale dont l'\u00e9lection est pr\u00e9vue ce lundi. Le maire de Dakar pr\u00e9cise qu'il est le candidat choisi par la conf\u00e9rence des leaders de Yewwi askan wi.\u00a0 Barth\u00e9lemy Dias est le candidat de Yewwi askan wi \u00e0 la pr\u00e9sidence de l'Assembl\u00e9e [&hellip;]","og_url":"https:\/\/www.nettali.com\/2022\/09\/11\/barthelemy-dias-je-suis-le-candidat-de-yewwi-askan-wi\/","og_site_name":"Nettali.com","article_publisher":"https:\/\/www.facebook.com\/nettalicom","article_published_time":"2022-09-11T18:25:41+00:00","article_modified_time":"2022-09-12T07:57:04+00:00","og_image":[{"width":720,"height":480,"url":"https:\/\/www.nettali.com\/wp-content\/uploads\/2022\/09\/FB_IMG_1662927605871.jpg","type":"image\/jpeg"}],"twitter_card":"summary_large_image","twitter_misc":{"\u00c9crit par":"Moustapha","Dur\u00e9e de lecture estim\u00e9e":"3 minutes"},"schema":{"@context":"https:\/\/schema.org","@graph":[{"@type":"WebSite","@id":"https:\/\/www.nettali.com\/#website","url":"https:\/\/www.nettali.com\/","name":"Nettali.com","description":"Le rendez-vous critique du Net","potentialAction":[{"@type":"SearchAction","target":{"@type":"EntryPoint","urlTemplate":"https:\/\/www.nettali.com\/?s={search_term_string}"},"query-input":"required name=search_term_string"}],"inLanguage":"fr-FR"},{"@type":"ImageObject","@id":"https:\/\/www.nettali.com\/2022\/09\/11\/barthelemy-dias-je-suis-le-candidat-de-yewwi-askan-wi\/#primaryimage","inLanguage":"fr-FR","url":"https:\/\/www.nettali.com\/wp-content\/uploads\/2022\/09\/FB_IMG_1662927605871.jpg","contentUrl":"https:\/\/www.nettali.com\/wp-content\/uploads\/2022\/09\/FB_IMG_1662927605871.jpg","width":720,"height":480},{"@type":"WebPage","@id":"https:\/\/www.nettali.com\/2022\/09\/11\/barthelemy-dias-je-suis-le-candidat-de-yewwi-askan-wi\/#webpage","url":"https:\/\/www.nettali.com\/2022\/09\/11\/barthelemy-dias-je-suis-le-candidat-de-yewwi-askan-wi\/","name":"BARTHELEMY DIAS - \"Je suis le candidat de Yewwi askan wi\" | Nettali.com","isPartOf":{"@id":"https:\/\/www.nettali.com\/#website"},"primaryImageOfPage":{"@id":"https:\/\/www.nettali.com\/2022\/09\/11\/barthelemy-dias-je-suis-le-candidat-de-yewwi-askan-wi\/#primaryimage"},"datePublished":"2022-09-11T18:25:41+00:00","dateModified":"2022-09-12T07:57:04+00:00","author":{"@id":"https:\/\/www.nettali.com\/#\/schema\/person\/7962a12a6e0267f88f0ffa544c36469a"},"breadcrumb":{"@id":"https:\/\/www.nettali.com\/2022\/09\/11\/barthelemy-dias-je-suis-le-candidat-de-yewwi-askan-wi\/#breadcrumb"},"inLanguage":"fr-FR","potentialAction":[{"@type":"ReadAction","target":["https:\/\/www.nettali.com\/2022\/09\/11\/barthelemy-dias-je-suis-le-candidat-de-yewwi-askan-wi\/"]}]},{"@type":"BreadcrumbList","@id":"https:\/\/www.nettali.com\/2022\/09\/11\/barthelemy-dias-je-suis-le-candidat-de-yewwi-askan-wi\/#breadcrumb","itemListElement":[{"@type":"ListItem","position":1,"name":"Accueil","item":"https:\/\/www.nettali.com\/"},{"@type":"ListItem","position":2,"name":"BARTHELEMY DIAS - \"Je suis le candidat de Yewwi askan wi\""}]},{"@type":"Person","@id":"https:\/\/www.nettali.com\/#\/schema\/person\/7962a12a6e0267f88f0ffa544c36469a","name":"Moustapha","image":{"@type":"ImageObject","@id":"https:\/\/www.nettali.com\/#personlogo","inLanguage":"fr-FR","url":"https:\/\/secure.gravatar.com\/avatar\/10fdf6a071cccdcf374e3dbe45159590?s=96&d=mm&r=g","contentUrl":"https:\/\/secure.gravatar.com\/avatar\/10fdf6a071cccdcf374e3dbe45159590?s=96&d=mm&r=g","caption":"Moustapha"},"sameAs":["https:\/\/www.nettali.com"]}]}},"_links":{"self":[{"href":"https:\/\/www.nettali.com\/rest\/wp\/v2\/posts\/93627"}],"collection":[{"href":"https:\/\/www.nettali.com\/rest\/wp\/v2\/posts"}],"about":[{"href":"https:\/\/www.nettali.com\/rest\/wp\/v2\/types\/post"}],"author":[{"embeddable":true,"href":"https:\/\/www.nettali.com\/rest\/wp\/v2\/users\/3"}],"replies":[{"embeddable":true,"href":"https:\/\/www.nettali.com\/rest\/wp\/v2\/comments?post=93627"}],"version-history":[{"count":6,"href":"https:\/\/www.nettali.com\/rest\/wp\/v2\/posts\/93627\/revisions"}],"predecessor-version":[{"id":93646,"href":"https:\/\/www.nettali.com\/rest\/wp\/v2\/posts\/93627\/revisions\/93646"}],"wp:featuredmedia":[{"embeddable":true,"href":"https:\/\/www.nettali.com\/rest\/wp\/v2\/media\/93650"}],"wp:attachment":[{"href":"https:\/\/www.nettali.com\/rest\/wp\/v2\/media?parent=93627"}],"wp:term":[{"taxonomy":"category","embeddable":true,"href":"https:\/\/www.nettali.com\/rest\/wp\/v2\/categories?post=93627"},{"taxonomy":"post_tag","embeddable":true,"href":"https:\/\/www.nettali.com\/rest\/wp\/v2\/tags?post=93627"}],"curies":[{"name":"wp","href":"https:\/\/api.w.org\/{rel}","templated":true}]}}