{"id":93609,"date":"2022-09-10T22:51:48","date_gmt":"2022-09-10T22:51:48","guid":{"rendered":"https:\/\/www.nettali.com\/?p=93609"},"modified":"2022-09-12T10:51:22","modified_gmt":"2022-09-12T10:51:22","slug":"macky-sall-a-touba-quand-je-serai-plus-la","status":"publish","type":"post","link":"https:\/\/www.nettali.com\/2022\/09\/10\/macky-sall-a-touba-quand-je-serai-plus-la\/","title":{"rendered":"MACKY SALL A TOUBA - \"Quand je serai plus l\u00e0...\""},"content":{"rendered":"<p><strong>NETTALI.COM - Sans doute pour la premi\u00e8re fois depuis tr\u00e8s longtemps, Macky Sall \u00e9voque sa succession. A Touba, il a confi\u00e9 au Khalife g\u00e9n\u00e9ral des mourides ce qu'il veut que les S\u00e9n\u00e9galais retiennent de lui.<\/strong><\/p>\n<p>C'est connu. Macky Sall n'aime parler de l'apr\u00e8s pouvoir. Un sujet qu'il \u00e9vite soigneusement d'\u00e9voquer. Volontairement ou pas, le chef de l\u2019Etat a dit au khalife g\u00e9n\u00e9ral des mourides ce qu'il voudrait que les S\u00e9n\u00e9galais retiennent de lui s'il quitte le pouvoir. Le chef l'a dit alors qu'il vantait son bilan \u00e0 la t\u00eate du pays.<\/p>\n<p><em>\"Le<\/em>\u00a0<em>travail ne s\u2019accompagne pas de bavardage. Et quand quelqu\u2019un travaille, on doit l\u2019encourager pour qu\u2019il travaille davantage<\/em>\", a dit Macky Sall. \"Mais, dit-il, le S\u00e9n\u00e9gal est ainsi fait.\" \"<em>Et le travail que je fais ici au S\u00e9n\u00e9gal et \u00e0 Touba, je ne l\u00e8verai pas le pied. Aucune personne ne me d\u00e9viera de ce chemin.<\/em>\". <em>\"Car,<\/em> dit-il,<em>\u00a0je veux que, quand je ne serai plus l\u00e0,\u00a0 que les gens sachent d\u2019o\u00f9 j\u2019ai pris le pays et jusqu\u2019o\u00f9 je l\u2019ai propuls\u00e9. Le reste, quelqu\u2019un d\u2019autre <\/em>(son successeur, <strong>ndlr)<\/strong><em> prendra le relais.<\/em>\"<\/p>\n<p>Toutefois, Macky Sall s'est gard\u00e9 de dire quand interviendra \"l'apr\u00e8s pouvoir\" pour lui. Toujours est-il que de nombreux S\u00e9n\u00e9galais lui pr\u00eatent la volont\u00e9 de briguer un troisi\u00e8me mandat en 2024. Pourtant, lui et ses partisans ont toujours jur\u00e9 que le mandat qu'il exerce depuis 2019 \u00e9tait le second et le dernier pour lui.<\/p>\n<div class='share-to-whatsapp-wrapper'><div class='share-on-whsp'>PARTAGER SUR : <\/div><a data-text='MACKY SALL A TOUBA - \"Quand je serai plus l\u00e0...\"' data-link='https:\/\/www.nettali.com\/2022\/09\/10\/macky-sall-a-touba-quand-je-serai-plus-la\/' class='whatsapp-button whatsapp-share'>WhatsApp<\/a><div class='clear '><\/div><\/div>","protected":false},"excerpt":{"rendered":"<p>NETTALI.COM - Sans doute pour la premi\u00e8re fois depuis tr\u00e8s longtemps, Macky Sall \u00e9voque sa succession. A Touba, il a confi\u00e9 au Khalife g\u00e9n\u00e9ral des mourides ce qu'il veut que les S\u00e9n\u00e9galais retiennent de lui. C'est connu. Macky Sall n'aime parler de l'apr\u00e8s pouvoir. Un sujet qu'il \u00e9vite soigneusement d'\u00e9voquer. Volontairement ou pas, le chef [&hellip;]<\/p>\n","protected":false},"author":3,"featured_media":93599,"comment_status":"open","ping_status":"open","sticky":false,"template":"","format":"standard","meta":{"_et_pb_use_builder":"","_et_pb_old_content":""},"categories":[2],"tags":[],"yoast_head":"<!-- This site is optimized with the Yoast SEO Premium plugin v17.8 (Yoast SEO v17.8) - https:\/\/yoast.com\/wordpress\/plugins\/seo\/ -->\n<title>MACKY SALL A TOUBA - &quot;Quand je serai plus l\u00e0...&quot; | Nettali.com<\/title>\n<meta name=\"robots\" content=\"index, follow, max-snippet:-1, max-image-preview:large, max-video-preview:-1\" \/>\n<link rel=\"canonical\" href=\"https:\/\/www.nettali.com\/2022\/09\/10\/macky-sall-a-touba-quand-je-serai-plus-la\/\" \/>\n<meta property=\"og:locale\" content=\"fr_FR\" \/>\n<meta property=\"og:type\" content=\"article\" \/>\n<meta property=\"og:title\" content=\"MACKY SALL A TOUBA - &quot;Quand je serai plus l\u00e0...&quot;\" \/>\n<meta property=\"og:description\" content=\"NETTALI.COM - Sans doute pour la premi\u00e8re fois depuis tr\u00e8s longtemps, Macky Sall \u00e9voque sa succession. A Touba, il a confi\u00e9 au Khalife g\u00e9n\u00e9ral des mourides ce qu&#039;il veut que les S\u00e9n\u00e9galais retiennent de lui. C&#039;est connu. Macky Sall n&#039;aime parler de l&#039;apr\u00e8s pouvoir. Un sujet qu&#039;il \u00e9vite soigneusement d&#039;\u00e9voquer. Volontairement ou pas, le chef [&hellip;]\" \/>\n<meta property=\"og:url\" content=\"https:\/\/www.nettali.com\/2022\/09\/10\/macky-sall-a-touba-quand-je-serai-plus-la\/\" \/>\n<meta property=\"og:site_name\" content=\"Nettali.com\" \/>\n<meta property=\"article:publisher\" content=\"https:\/\/www.facebook.com\/nettalicom\" \/>\n<meta property=\"article:published_time\" content=\"2022-09-10T22:51:48+00:00\" \/>\n<meta property=\"article:modified_time\" content=\"2022-09-12T10:51:22+00:00\" \/>\n<meta property=\"og:image\" content=\"https:\/\/www.nettali.com\/wp-content\/uploads\/2022\/09\/Macky-Touba1.jpeg\" \/>\n\t<meta property=\"og:image:width\" content=\"1185\" \/>\n\t<meta property=\"og:image:height\" content=\"960\" \/>\n<meta name=\"twitter:card\" content=\"summary_large_image\" \/>\n<meta name=\"twitter:label1\" content=\"\u00c9crit par\" \/>\n\t<meta name=\"twitter:data1\" content=\"Moustapha\" \/>\n\t<meta name=\"twitter:label2\" content=\"Dur\u00e9e de lecture estim\u00e9e\" \/>\n\t<meta name=\"twitter:data2\" content=\"2 minutes\" \/>\n<script type=\"application\/ld+json\" class=\"yoast-schema-graph\">{\"@context\":\"https:\/\/schema.org\",\"@graph\":[{\"@type\":\"WebSite\",\"@id\":\"https:\/\/www.nettali.com\/#website\",\"url\":\"https:\/\/www.nettali.com\/\",\"name\":\"Nettali.com\",\"description\":\"Le rendez-vous critique du Net\",\"potentialAction\":[{\"@type\":\"SearchAction\",\"target\":{\"@type\":\"EntryPoint\",\"urlTemplate\":\"https:\/\/www.nettali.com\/?s={search_term_string}\"},\"query-input\":\"required name=search_term_string\"}],\"inLanguage\":\"fr-FR\"},{\"@type\":\"ImageObject\",\"@id\":\"https:\/\/www.nettali.com\/2022\/09\/10\/macky-sall-a-touba-quand-je-serai-plus-la\/#primaryimage\",\"inLanguage\":\"fr-FR\",\"url\":\"https:\/\/www.nettali.com\/wp-content\/uploads\/2022\/09\/Macky-Touba1.jpeg\",\"contentUrl\":\"https:\/\/www.nettali.com\/wp-content\/uploads\/2022\/09\/Macky-Touba1.jpeg\",\"width\":1185,\"height\":960},{\"@type\":\"WebPage\",\"@id\":\"https:\/\/www.nettali.com\/2022\/09\/10\/macky-sall-a-touba-quand-je-serai-plus-la\/#webpage\",\"url\":\"https:\/\/www.nettali.com\/2022\/09\/10\/macky-sall-a-touba-quand-je-serai-plus-la\/\",\"name\":\"MACKY SALL A TOUBA - \\\"Quand je serai plus l\\u00e0...\\\" | Nettali.com\",\"isPartOf\":{\"@id\":\"https:\/\/www.nettali.com\/#website\"},\"primaryImageOfPage\":{\"@id\":\"https:\/\/www.nettali.com\/2022\/09\/10\/macky-sall-a-touba-quand-je-serai-plus-la\/#primaryimage\"},\"datePublished\":\"2022-09-10T22:51:48+00:00\",\"dateModified\":\"2022-09-12T10:51:22+00:00\",\"author\":{\"@id\":\"https:\/\/www.nettali.com\/#\/schema\/person\/7962a12a6e0267f88f0ffa544c36469a\"},\"breadcrumb\":{\"@id\":\"https:\/\/www.nettali.com\/2022\/09\/10\/macky-sall-a-touba-quand-je-serai-plus-la\/#breadcrumb\"},\"inLanguage\":\"fr-FR\",\"potentialAction\":[{\"@type\":\"ReadAction\",\"target\":[\"https:\/\/www.nettali.com\/2022\/09\/10\/macky-sall-a-touba-quand-je-serai-plus-la\/\"]}]},{\"@type\":\"BreadcrumbList\",\"@id\":\"https:\/\/www.nettali.com\/2022\/09\/10\/macky-sall-a-touba-quand-je-serai-plus-la\/#breadcrumb\",\"itemListElement\":[{\"@type\":\"ListItem\",\"position\":1,\"name\":\"Accueil\",\"item\":\"https:\/\/www.nettali.com\/\"},{\"@type\":\"ListItem\",\"position\":2,\"name\":\"MACKY SALL A TOUBA - \\\"Quand je serai plus l\\u00e0...\\\"\"}]},{\"@type\":\"Person\",\"@id\":\"https:\/\/www.nettali.com\/#\/schema\/person\/7962a12a6e0267f88f0ffa544c36469a\",\"name\":\"Moustapha\",\"image\":{\"@type\":\"ImageObject\",\"@id\":\"https:\/\/www.nettali.com\/#personlogo\",\"inLanguage\":\"fr-FR\",\"url\":\"https:\/\/secure.gravatar.com\/avatar\/10fdf6a071cccdcf374e3dbe45159590?s=96&d=mm&r=g\",\"contentUrl\":\"https:\/\/secure.gravatar.com\/avatar\/10fdf6a071cccdcf374e3dbe45159590?s=96&d=mm&r=g\",\"caption\":\"Moustapha\"},\"sameAs\":[\"https:\/\/www.nettali.com\"]}]}<\/script>\n<!-- \/ Yoast SEO Premium plugin. -->","yoast_head_json":{"title":"MACKY SALL A TOUBA - \"Quand je serai plus l\u00e0...\" | Nettali.com","robots":{"index":"index","follow":"follow","max-snippet":"max-snippet:-1","max-image-preview":"max-image-preview:large","max-video-preview":"max-video-preview:-1"},"canonical":"https:\/\/www.nettali.com\/2022\/09\/10\/macky-sall-a-touba-quand-je-serai-plus-la\/","og_locale":"fr_FR","og_type":"article","og_title":"MACKY SALL A TOUBA - \"Quand je serai plus l\u00e0...\"","og_description":"NETTALI.COM - Sans doute pour la premi\u00e8re fois depuis tr\u00e8s longtemps, Macky Sall \u00e9voque sa succession. A Touba, il a confi\u00e9 au Khalife g\u00e9n\u00e9ral des mourides ce qu'il veut que les S\u00e9n\u00e9galais retiennent de lui. C'est connu. Macky Sall n'aime parler de l'apr\u00e8s pouvoir. Un sujet qu'il \u00e9vite soigneusement d'\u00e9voquer. Volontairement ou pas, le chef [&hellip;]","og_url":"https:\/\/www.nettali.com\/2022\/09\/10\/macky-sall-a-touba-quand-je-serai-plus-la\/","og_site_name":"Nettali.com","article_publisher":"https:\/\/www.facebook.com\/nettalicom","article_published_time":"2022-09-10T22:51:48+00:00","article_modified_time":"2022-09-12T10:51:22+00:00","og_image":[{"width":1185,"height":960,"url":"https:\/\/www.nettali.com\/wp-content\/uploads\/2022\/09\/Macky-Touba1.jpeg","type":"image\/jpeg"}],"twitter_card":"summary_large_image","twitter_misc":{"\u00c9crit par":"Moustapha","Dur\u00e9e de lecture estim\u00e9e":"2 minutes"},"schema":{"@context":"https:\/\/schema.org","@graph":[{"@type":"WebSite","@id":"https:\/\/www.nettali.com\/#website","url":"https:\/\/www.nettali.com\/","name":"Nettali.com","description":"Le rendez-vous critique du Net","potentialAction":[{"@type":"SearchAction","target":{"@type":"EntryPoint","urlTemplate":"https:\/\/www.nettali.com\/?s={search_term_string}"},"query-input":"required name=search_term_string"}],"inLanguage":"fr-FR"},{"@type":"ImageObject","@id":"https:\/\/www.nettali.com\/2022\/09\/10\/macky-sall-a-touba-quand-je-serai-plus-la\/#primaryimage","inLanguage":"fr-FR","url":"https:\/\/www.nettali.com\/wp-content\/uploads\/2022\/09\/Macky-Touba1.jpeg","contentUrl":"https:\/\/www.nettali.com\/wp-content\/uploads\/2022\/09\/Macky-Touba1.jpeg","width":1185,"height":960},{"@type":"WebPage","@id":"https:\/\/www.nettali.com\/2022\/09\/10\/macky-sall-a-touba-quand-je-serai-plus-la\/#webpage","url":"https:\/\/www.nettali.com\/2022\/09\/10\/macky-sall-a-touba-quand-je-serai-plus-la\/","name":"MACKY SALL A TOUBA - \"Quand je serai plus l\u00e0...\" | Nettali.com","isPartOf":{"@id":"https:\/\/www.nettali.com\/#website"},"primaryImageOfPage":{"@id":"https:\/\/www.nettali.com\/2022\/09\/10\/macky-sall-a-touba-quand-je-serai-plus-la\/#primaryimage"},"datePublished":"2022-09-10T22:51:48+00:00","dateModified":"2022-09-12T10:51:22+00:00","author":{"@id":"https:\/\/www.nettali.com\/#\/schema\/person\/7962a12a6e0267f88f0ffa544c36469a"},"breadcrumb":{"@id":"https:\/\/www.nettali.com\/2022\/09\/10\/macky-sall-a-touba-quand-je-serai-plus-la\/#breadcrumb"},"inLanguage":"fr-FR","potentialAction":[{"@type":"ReadAction","target":["https:\/\/www.nettali.com\/2022\/09\/10\/macky-sall-a-touba-quand-je-serai-plus-la\/"]}]},{"@type":"BreadcrumbList","@id":"https:\/\/www.nettali.com\/2022\/09\/10\/macky-sall-a-touba-quand-je-serai-plus-la\/#breadcrumb","itemListElement":[{"@type":"ListItem","position":1,"name":"Accueil","item":"https:\/\/www.nettali.com\/"},{"@type":"ListItem","position":2,"name":"MACKY SALL A TOUBA - \"Quand je serai plus l\u00e0...\""}]},{"@type":"Person","@id":"https:\/\/www.nettali.com\/#\/schema\/person\/7962a12a6e0267f88f0ffa544c36469a","name":"Moustapha","image":{"@type":"ImageObject","@id":"https:\/\/www.nettali.com\/#personlogo","inLanguage":"fr-FR","url":"https:\/\/secure.gravatar.com\/avatar\/10fdf6a071cccdcf374e3dbe45159590?s=96&d=mm&r=g","contentUrl":"https:\/\/secure.gravatar.com\/avatar\/10fdf6a071cccdcf374e3dbe45159590?s=96&d=mm&r=g","caption":"Moustapha"},"sameAs":["https:\/\/www.nettali.com"]}]}},"_links":{"self":[{"href":"https:\/\/www.nettali.com\/rest\/wp\/v2\/posts\/93609"}],"collection":[{"href":"https:\/\/www.nettali.com\/rest\/wp\/v2\/posts"}],"about":[{"href":"https:\/\/www.nettali.com\/rest\/wp\/v2\/types\/post"}],"author":[{"embeddable":true,"href":"https:\/\/www.nettali.com\/rest\/wp\/v2\/users\/3"}],"replies":[{"embeddable":true,"href":"https:\/\/www.nettali.com\/rest\/wp\/v2\/comments?post=93609"}],"version-history":[{"count":1,"href":"https:\/\/www.nettali.com\/rest\/wp\/v2\/posts\/93609\/revisions"}],"predecessor-version":[{"id":93610,"href":"https:\/\/www.nettali.com\/rest\/wp\/v2\/posts\/93609\/revisions\/93610"}],"wp:featuredmedia":[{"embeddable":true,"href":"https:\/\/www.nettali.com\/rest\/wp\/v2\/media\/93599"}],"wp:attachment":[{"href":"https:\/\/www.nettali.com\/rest\/wp\/v2\/media?parent=93609"}],"wp:term":[{"taxonomy":"category","embeddable":true,"href":"https:\/\/www.nettali.com\/rest\/wp\/v2\/categories?post=93609"},{"taxonomy":"post_tag","embeddable":true,"href":"https:\/\/www.nettali.com\/rest\/wp\/v2\/tags?post=93609"}],"curies":[{"name":"wp","href":"https:\/\/api.w.org\/{rel}","templated":true}]}}