{"id":93592,"date":"2022-09-10T19:54:39","date_gmt":"2022-09-10T19:54:39","guid":{"rendered":"https:\/\/www.nettali.com\/?p=93592"},"modified":"2022-09-11T18:34:26","modified_gmt":"2022-09-11T18:34:26","slug":"presidence-de-lassemblee-nationale-ahmed-aidara-maintient-sa-candidature","status":"publish","type":"post","link":"https:\/\/www.nettali.com\/2022\/09\/10\/presidence-de-lassemblee-nationale-ahmed-aidara-maintient-sa-candidature\/","title":{"rendered":"PRESIDENCE DE L'ASSEMBLEE NATIONALE  - Ahmed A\u00efdara maintient sa candidature..."},"content":{"rendered":"<p><strong>NETTALI.COM\u00a0 - Choisir son candidat \u00e0 la pr\u00e9sidence de l'Assembl\u00e9e nationale ne sera pas une mince affaire pour Yewwi Askan Wi. Ahmed A\u00efdara maintient sa candidature en attendant Barth\u00e9lemy Diagne qui se prononce ce dimanche.<\/strong><\/p>\n<p>D\u00e9put\u00e9 et maire de la ville de Gu\u00e9diawaye, le journaliste Ahmed A\u00efdara en veut plus. Contre toute attente, il avait exprim\u00e9 sa volont\u00e9 d'\u00eatre le candidat de Yewwi askan wi \u00e0 la pr\u00e9sidence de l'Assembl\u00e9e nationale. Candidature qu'il a d\u00e9cid\u00e9 de maintenir en d\u00e9pit de plusieurs tractations au sein de Yewwi mais aussi de l'inter-coalition Yewwi-Wallu.<\/p>\n<p>\"<em>Je rends gr\u00e2ce \u00e0 Dieu et r\u00e9affirme ma d\u00e9termination \u00e0 \u0153uvrer pour la concr\u00e9tisation de notre contrat de mandataire pour une Assembl\u00e9e nationale de rupture r\u00e9solument engag\u00e9e pour la d\u00e9fense des int\u00e9r\u00eats exclusifs du peuple s\u00e9n\u00e9galais<\/em>\", a \u00e9crit, ce dimanche dans un communiqu\u00e9, le maire de Gu\u00e9diawaye. Avant d'ajouter : \"<em>Apr\u00e8s en avoir inform\u00e9 la conf\u00e9rence des leaders de la coalition Yewwi askan wi le mardi 30 ao\u00fbt 2022, j'ai pris la d\u00e9cision de me porter solennellement candidat \u00e0 la pr\u00e9sidence de notre auguste Assembl\u00e9e nationale ce lundi 12 sept 2022<\/em>.\" Autrement dit, avec ou sans Yewwi, Ahmed A\u00efdara sera candidat \u00e0 la pr\u00e9sidence de l'Assembl\u00e9e nationale.<\/p>\n<p><strong>... Barth\u00e9lemy Dias se prononce ce dimanche\u00a0<\/strong><\/p>\n<p>Cette \"officialisation\" de la candidature d'Ahmed A\u00efdara risque d'\u00eatre une patate chaude entre les mains des leaders de Yewwi askan wi. La coalition risque de pr\u00e9senter lundi \u00e0 l'Assembl\u00e9e nationale en rangs dispers\u00e9s. Toute le contraire du c\u00f4t\u00e9 de Benno Bokk Yaakaar qui fait tout pour parler d'une seule voix.<\/p>\n<p>De sources proches de Yewwi askan wi, le maire de Dakar pourrait, lui aussi, annoncer sa candidature. En tout cas, tout indique que Barth\u00e9lemy Dias n'entend pas jouer les seconds r\u00f4les \u00e0 l'Assembl\u00e9e nationale. Il a d'ailleurs convoqu\u00e9 la presse ce dimanche pour \"<em>une importante d\u00e9claration<\/em>\". Selon son service de communication, la d\u00e9claration entre dans le cadre de la rentr\u00e9e parlementaire. Barth\u00e9lemy Dias annoncera-t-il sa candidature \u00e0 la pr\u00e9sidence de l'Assembl\u00e9e nationale ? Wait and see. Toujours qu'avec la candidature de Lamine Thiam de Wallu et celles d'Ahmed A\u00efdara et probablement de Barth\u00e9lemy Dias, l'opposition n'a quasi aucune chance de conqu\u00e9rir le perchoir de l\u2019Assembl\u00e9e nationale.<\/p>\n<div class='share-to-whatsapp-wrapper'><div class='share-on-whsp'>PARTAGER SUR : <\/div><a data-text='PRESIDENCE DE L'ASSEMBLEE NATIONALE  - Ahmed A\u00efdara maintient sa candidature...' data-link='https:\/\/www.nettali.com\/2022\/09\/10\/presidence-de-lassemblee-nationale-ahmed-aidara-maintient-sa-candidature\/' class='whatsapp-button whatsapp-share'>WhatsApp<\/a><div class='clear '><\/div><\/div>","protected":false},"excerpt":{"rendered":"<p>NETTALI.COM\u00a0 - Choisir son candidat \u00e0 la pr\u00e9sidence de l'Assembl\u00e9e nationale ne sera pas une mince affaire pour Yewwi Askan Wi. Ahmed A\u00efdara maintient sa candidature en attendant Barth\u00e9lemy Diagne qui se prononce ce dimanche. D\u00e9put\u00e9 et maire de la ville de Gu\u00e9diawaye, le journaliste Ahmed A\u00efdara en veut plus. Contre toute attente, il avait [&hellip;]<\/p>\n","protected":false},"author":3,"featured_media":93594,"comment_status":"open","ping_status":"open","sticky":false,"template":"","format":"standard","meta":{"_et_pb_use_builder":"","_et_pb_old_content":""},"categories":[2],"tags":[],"yoast_head":"<!-- This site is optimized with the Yoast SEO Premium plugin v17.8 (Yoast SEO v17.8) - https:\/\/yoast.com\/wordpress\/plugins\/seo\/ -->\n<title>PRESIDENCE DE L&#039;ASSEMBLEE NATIONALE - Ahmed A\u00efdara maintient sa candidature... | Nettali.com<\/title>\n<meta name=\"robots\" content=\"index, follow, max-snippet:-1, max-image-preview:large, max-video-preview:-1\" \/>\n<link rel=\"canonical\" href=\"https:\/\/www.nettali.com\/2022\/09\/10\/presidence-de-lassemblee-nationale-ahmed-aidara-maintient-sa-candidature\/\" \/>\n<meta property=\"og:locale\" content=\"fr_FR\" \/>\n<meta property=\"og:type\" content=\"article\" \/>\n<meta property=\"og:title\" content=\"PRESIDENCE DE L&#039;ASSEMBLEE NATIONALE - Ahmed A\u00efdara maintient sa candidature...\" \/>\n<meta property=\"og:description\" content=\"NETTALI.COM\u00a0 - Choisir son candidat \u00e0 la pr\u00e9sidence de l&#039;Assembl\u00e9e nationale ne sera pas une mince affaire pour Yewwi Askan Wi. Ahmed A\u00efdara maintient sa candidature en attendant Barth\u00e9lemy Diagne qui se prononce ce dimanche. D\u00e9put\u00e9 et maire de la ville de Gu\u00e9diawaye, le journaliste Ahmed A\u00efdara en veut plus. Contre toute attente, il avait [&hellip;]\" \/>\n<meta property=\"og:url\" content=\"https:\/\/www.nettali.com\/2022\/09\/10\/presidence-de-lassemblee-nationale-ahmed-aidara-maintient-sa-candidature\/\" \/>\n<meta property=\"og:site_name\" content=\"Nettali.com\" \/>\n<meta property=\"article:publisher\" content=\"https:\/\/www.facebook.com\/nettalicom\" \/>\n<meta property=\"article:published_time\" content=\"2022-09-10T19:54:39+00:00\" \/>\n<meta property=\"article:modified_time\" content=\"2022-09-11T18:34:26+00:00\" \/>\n<meta property=\"og:image\" content=\"https:\/\/www.nettali.com\/wp-content\/uploads\/2022\/09\/Ahmed-Aidara.png\" \/>\n\t<meta property=\"og:image:width\" content=\"1280\" \/>\n\t<meta property=\"og:image:height\" content=\"960\" \/>\n<meta name=\"twitter:card\" content=\"summary_large_image\" \/>\n<meta name=\"twitter:label1\" content=\"\u00c9crit par\" \/>\n\t<meta name=\"twitter:data1\" content=\"Moustapha\" \/>\n\t<meta name=\"twitter:label2\" content=\"Dur\u00e9e de lecture estim\u00e9e\" \/>\n\t<meta name=\"twitter:data2\" content=\"2 minutes\" \/>\n<script type=\"application\/ld+json\" class=\"yoast-schema-graph\">{\"@context\":\"https:\/\/schema.org\",\"@graph\":[{\"@type\":\"WebSite\",\"@id\":\"https:\/\/www.nettali.com\/#website\",\"url\":\"https:\/\/www.nettali.com\/\",\"name\":\"Nettali.com\",\"description\":\"Le rendez-vous critique du Net\",\"potentialAction\":[{\"@type\":\"SearchAction\",\"target\":{\"@type\":\"EntryPoint\",\"urlTemplate\":\"https:\/\/www.nettali.com\/?s={search_term_string}\"},\"query-input\":\"required name=search_term_string\"}],\"inLanguage\":\"fr-FR\"},{\"@type\":\"ImageObject\",\"@id\":\"https:\/\/www.nettali.com\/2022\/09\/10\/presidence-de-lassemblee-nationale-ahmed-aidara-maintient-sa-candidature\/#primaryimage\",\"inLanguage\":\"fr-FR\",\"url\":\"https:\/\/www.nettali.com\/wp-content\/uploads\/2022\/09\/Ahmed-Aidara.png\",\"contentUrl\":\"https:\/\/www.nettali.com\/wp-content\/uploads\/2022\/09\/Ahmed-Aidara.png\",\"width\":1280,\"height\":960},{\"@type\":\"WebPage\",\"@id\":\"https:\/\/www.nettali.com\/2022\/09\/10\/presidence-de-lassemblee-nationale-ahmed-aidara-maintient-sa-candidature\/#webpage\",\"url\":\"https:\/\/www.nettali.com\/2022\/09\/10\/presidence-de-lassemblee-nationale-ahmed-aidara-maintient-sa-candidature\/\",\"name\":\"PRESIDENCE DE L'ASSEMBLEE NATIONALE - Ahmed A\\u00efdara maintient sa candidature... | Nettali.com\",\"isPartOf\":{\"@id\":\"https:\/\/www.nettali.com\/#website\"},\"primaryImageOfPage\":{\"@id\":\"https:\/\/www.nettali.com\/2022\/09\/10\/presidence-de-lassemblee-nationale-ahmed-aidara-maintient-sa-candidature\/#primaryimage\"},\"datePublished\":\"2022-09-10T19:54:39+00:00\",\"dateModified\":\"2022-09-11T18:34:26+00:00\",\"author\":{\"@id\":\"https:\/\/www.nettali.com\/#\/schema\/person\/7962a12a6e0267f88f0ffa544c36469a\"},\"breadcrumb\":{\"@id\":\"https:\/\/www.nettali.com\/2022\/09\/10\/presidence-de-lassemblee-nationale-ahmed-aidara-maintient-sa-candidature\/#breadcrumb\"},\"inLanguage\":\"fr-FR\",\"potentialAction\":[{\"@type\":\"ReadAction\",\"target\":[\"https:\/\/www.nettali.com\/2022\/09\/10\/presidence-de-lassemblee-nationale-ahmed-aidara-maintient-sa-candidature\/\"]}]},{\"@type\":\"BreadcrumbList\",\"@id\":\"https:\/\/www.nettali.com\/2022\/09\/10\/presidence-de-lassemblee-nationale-ahmed-aidara-maintient-sa-candidature\/#breadcrumb\",\"itemListElement\":[{\"@type\":\"ListItem\",\"position\":1,\"name\":\"Accueil\",\"item\":\"https:\/\/www.nettali.com\/\"},{\"@type\":\"ListItem\",\"position\":2,\"name\":\"PRESIDENCE DE L'ASSEMBLEE NATIONALE - Ahmed A\\u00efdara maintient sa candidature...\"}]},{\"@type\":\"Person\",\"@id\":\"https:\/\/www.nettali.com\/#\/schema\/person\/7962a12a6e0267f88f0ffa544c36469a\",\"name\":\"Moustapha\",\"image\":{\"@type\":\"ImageObject\",\"@id\":\"https:\/\/www.nettali.com\/#personlogo\",\"inLanguage\":\"fr-FR\",\"url\":\"https:\/\/secure.gravatar.com\/avatar\/10fdf6a071cccdcf374e3dbe45159590?s=96&d=mm&r=g\",\"contentUrl\":\"https:\/\/secure.gravatar.com\/avatar\/10fdf6a071cccdcf374e3dbe45159590?s=96&d=mm&r=g\",\"caption\":\"Moustapha\"},\"sameAs\":[\"https:\/\/www.nettali.com\"]}]}<\/script>\n<!-- \/ Yoast SEO Premium plugin. -->","yoast_head_json":{"title":"PRESIDENCE DE L'ASSEMBLEE NATIONALE - Ahmed A\u00efdara maintient sa candidature... | Nettali.com","robots":{"index":"index","follow":"follow","max-snippet":"max-snippet:-1","max-image-preview":"max-image-preview:large","max-video-preview":"max-video-preview:-1"},"canonical":"https:\/\/www.nettali.com\/2022\/09\/10\/presidence-de-lassemblee-nationale-ahmed-aidara-maintient-sa-candidature\/","og_locale":"fr_FR","og_type":"article","og_title":"PRESIDENCE DE L'ASSEMBLEE NATIONALE - Ahmed A\u00efdara maintient sa candidature...","og_description":"NETTALI.COM\u00a0 - Choisir son candidat \u00e0 la pr\u00e9sidence de l'Assembl\u00e9e nationale ne sera pas une mince affaire pour Yewwi Askan Wi. Ahmed A\u00efdara maintient sa candidature en attendant Barth\u00e9lemy Diagne qui se prononce ce dimanche. D\u00e9put\u00e9 et maire de la ville de Gu\u00e9diawaye, le journaliste Ahmed A\u00efdara en veut plus. Contre toute attente, il avait [&hellip;]","og_url":"https:\/\/www.nettali.com\/2022\/09\/10\/presidence-de-lassemblee-nationale-ahmed-aidara-maintient-sa-candidature\/","og_site_name":"Nettali.com","article_publisher":"https:\/\/www.facebook.com\/nettalicom","article_published_time":"2022-09-10T19:54:39+00:00","article_modified_time":"2022-09-11T18:34:26+00:00","og_image":[{"width":1280,"height":960,"url":"https:\/\/www.nettali.com\/wp-content\/uploads\/2022\/09\/Ahmed-Aidara.png","type":"image\/png"}],"twitter_card":"summary_large_image","twitter_misc":{"\u00c9crit par":"Moustapha","Dur\u00e9e de lecture estim\u00e9e":"2 minutes"},"schema":{"@context":"https:\/\/schema.org","@graph":[{"@type":"WebSite","@id":"https:\/\/www.nettali.com\/#website","url":"https:\/\/www.nettali.com\/","name":"Nettali.com","description":"Le rendez-vous critique du Net","potentialAction":[{"@type":"SearchAction","target":{"@type":"EntryPoint","urlTemplate":"https:\/\/www.nettali.com\/?s={search_term_string}"},"query-input":"required name=search_term_string"}],"inLanguage":"fr-FR"},{"@type":"ImageObject","@id":"https:\/\/www.nettali.com\/2022\/09\/10\/presidence-de-lassemblee-nationale-ahmed-aidara-maintient-sa-candidature\/#primaryimage","inLanguage":"fr-FR","url":"https:\/\/www.nettali.com\/wp-content\/uploads\/2022\/09\/Ahmed-Aidara.png","contentUrl":"https:\/\/www.nettali.com\/wp-content\/uploads\/2022\/09\/Ahmed-Aidara.png","width":1280,"height":960},{"@type":"WebPage","@id":"https:\/\/www.nettali.com\/2022\/09\/10\/presidence-de-lassemblee-nationale-ahmed-aidara-maintient-sa-candidature\/#webpage","url":"https:\/\/www.nettali.com\/2022\/09\/10\/presidence-de-lassemblee-nationale-ahmed-aidara-maintient-sa-candidature\/","name":"PRESIDENCE DE L'ASSEMBLEE NATIONALE - Ahmed A\u00efdara maintient sa candidature... | Nettali.com","isPartOf":{"@id":"https:\/\/www.nettali.com\/#website"},"primaryImageOfPage":{"@id":"https:\/\/www.nettali.com\/2022\/09\/10\/presidence-de-lassemblee-nationale-ahmed-aidara-maintient-sa-candidature\/#primaryimage"},"datePublished":"2022-09-10T19:54:39+00:00","dateModified":"2022-09-11T18:34:26+00:00","author":{"@id":"https:\/\/www.nettali.com\/#\/schema\/person\/7962a12a6e0267f88f0ffa544c36469a"},"breadcrumb":{"@id":"https:\/\/www.nettali.com\/2022\/09\/10\/presidence-de-lassemblee-nationale-ahmed-aidara-maintient-sa-candidature\/#breadcrumb"},"inLanguage":"fr-FR","potentialAction":[{"@type":"ReadAction","target":["https:\/\/www.nettali.com\/2022\/09\/10\/presidence-de-lassemblee-nationale-ahmed-aidara-maintient-sa-candidature\/"]}]},{"@type":"BreadcrumbList","@id":"https:\/\/www.nettali.com\/2022\/09\/10\/presidence-de-lassemblee-nationale-ahmed-aidara-maintient-sa-candidature\/#breadcrumb","itemListElement":[{"@type":"ListItem","position":1,"name":"Accueil","item":"https:\/\/www.nettali.com\/"},{"@type":"ListItem","position":2,"name":"PRESIDENCE DE L'ASSEMBLEE NATIONALE - Ahmed A\u00efdara maintient sa candidature..."}]},{"@type":"Person","@id":"https:\/\/www.nettali.com\/#\/schema\/person\/7962a12a6e0267f88f0ffa544c36469a","name":"Moustapha","image":{"@type":"ImageObject","@id":"https:\/\/www.nettali.com\/#personlogo","inLanguage":"fr-FR","url":"https:\/\/secure.gravatar.com\/avatar\/10fdf6a071cccdcf374e3dbe45159590?s=96&d=mm&r=g","contentUrl":"https:\/\/secure.gravatar.com\/avatar\/10fdf6a071cccdcf374e3dbe45159590?s=96&d=mm&r=g","caption":"Moustapha"},"sameAs":["https:\/\/www.nettali.com"]}]}},"_links":{"self":[{"href":"https:\/\/www.nettali.com\/rest\/wp\/v2\/posts\/93592"}],"collection":[{"href":"https:\/\/www.nettali.com\/rest\/wp\/v2\/posts"}],"about":[{"href":"https:\/\/www.nettali.com\/rest\/wp\/v2\/types\/post"}],"author":[{"embeddable":true,"href":"https:\/\/www.nettali.com\/rest\/wp\/v2\/users\/3"}],"replies":[{"embeddable":true,"href":"https:\/\/www.nettali.com\/rest\/wp\/v2\/comments?post=93592"}],"version-history":[{"count":2,"href":"https:\/\/www.nettali.com\/rest\/wp\/v2\/posts\/93592\/revisions"}],"predecessor-version":[{"id":93595,"href":"https:\/\/www.nettali.com\/rest\/wp\/v2\/posts\/93592\/revisions\/93595"}],"wp:featuredmedia":[{"embeddable":true,"href":"https:\/\/www.nettali.com\/rest\/wp\/v2\/media\/93594"}],"wp:attachment":[{"href":"https:\/\/www.nettali.com\/rest\/wp\/v2\/media?parent=93592"}],"wp:term":[{"taxonomy":"category","embeddable":true,"href":"https:\/\/www.nettali.com\/rest\/wp\/v2\/categories?post=93592"},{"taxonomy":"post_tag","embeddable":true,"href":"https:\/\/www.nettali.com\/rest\/wp\/v2\/tags?post=93592"}],"curies":[{"name":"wp","href":"https:\/\/api.w.org\/{rel}","templated":true}]}}