{"id":93580,"date":"2022-09-10T15:59:20","date_gmt":"2022-09-10T15:59:20","guid":{"rendered":"https:\/\/www.nettali.com\/?p=93580"},"modified":"2022-09-10T16:05:40","modified_gmt":"2022-09-10T16:05:40","slug":"situation-de-lecole-dans-le-monde-entre-2021-et-2022-lonu-denombre-plus-de-9-000-etudiants-et-educateurs-tues-enleves-arretes-arbitrairement-ou-blesses","status":"publish","type":"post","link":"https:\/\/www.nettali.com\/2022\/09\/10\/situation-de-lecole-dans-le-monde-entre-2021-et-2022-lonu-denombre-plus-de-9-000-etudiants-et-educateurs-tues-enleves-arretes-arbitrairement-ou-blesses\/","title":{"rendered":"SITUATION DE L\u2019ECOLE DANS LE MONDE ENTRE 2021 ET 2022- Les chiffres de l\u2019Onu"},"content":{"rendered":"<p><strong>NETTALI.COM- Ce 9 septembre est c\u00e9l\u00e9br\u00e9e la journ\u00e9e internationale pour la protection de l\u2019\u00e9ducation contre les attaques. Dans son message, le secr\u00e9taire g\u00e9n\u00e9ral des Nations unies a dress\u00e9 un tableau sombre. \u00a0<\/strong><\/p>\n<p>\u00ab\u00a0<em>L\u2019\u00e9ducation est un droit humain fondamental et tient un r\u00f4le d\u00e9cisif dans la r\u00e9alisation de la paix et du d\u00e9veloppement durable<\/em>\u00a0\u00bb, a rappel\u00e9 le secr\u00e9taire g\u00e9n\u00e9ral des Nations unies, \u00e0 l\u2019occasion de la journ\u00e9e internationale pour la protection de l\u2019\u00e9ducation contre les attaques. Malheureusement, se d\u00e9sole Antonio Guterres, \u00ab\u00a0<em>ce droit continue d\u2019\u00eatre attaqu\u00e9, en particulier dans les zones touch\u00e9es par des conflits<\/em>.\u00a0\u00bb<\/p>\n<p>Chiffres \u00e0 l\u2019appui, il renseigne qu\u2019en 2020 et 2021, la\u00a0Coalition mondiale pour la protection de l\u2019\u00e9ducation contre les attaques\u00a0a d\u00e9nombr\u00e9 plus de 5 000 cas dans lesquels des \u00e9coles et des universit\u00e9s avaient \u00e9t\u00e9 la cible d\u2019attaques ou utilis\u00e9es \u00e0 des fins militaires. \u00ab<em>\u00a0Plus de 9 000 \u00e9tudiants et \u00e9ducateurs ont \u00e9t\u00e9 tu\u00e9s, enlev\u00e9s, arr\u00eat\u00e9s arbitrairement ou bless\u00e9s. Il s\u2019agissait pour la majorit\u00e9 de femmes et de filles<\/em>\u00a0\u00bb, ajoute le secr\u00e9taire g\u00e9n\u00e9ral de l\u2019Onu. Selon qui, \u00ab <em>ces attaques emp\u00eachent des millions d\u2019apprenants vuln\u00e9rables d\u2019acc\u00e9der \u00e0 l\u2019\u00e9ducation et exacerbent les risques de violences sexuelles et de recrutement d\u2019enfants par des groupes arm\u00e9s.<\/em>\u00a0\u00bb Pour lui, \u00ab\u00a0<em>il faut que cela cesse imm\u00e9diatement car, les salles de classe doivent rester des lieux de paix et d\u2019apprentissage<\/em>.\u00a0\u00bb<\/p>\n<p>Par ailleurs, M. Guterres s\u2019est f\u00e9licit\u00e9 des mesures prises par de nombreux pays pour prot\u00e9ger les \u00e9tablissements d\u2019enseignement. \u00ab\u00a0<em>Celles et ceux qui en ont besoin, et je demande instamment \u00e0 tous les \u00c9tats Membres d\u2019approuver et de mettre en \u0153uvre la D\u00e9claration sur la s\u00e9curit\u00e9 dans les \u00e9coles<\/em>\u00a0\u00bb, a lanc\u00e9 le Secr\u00e9taire g\u00e9n\u00e9ral.<\/p>\n<p>Tout en soulignant que \u00ab<em>\u00a0les obligations d\u00e9coulant du droit international et du droit international humanitaire doivent \u00eatre respect\u00e9es\u00a0\u00bb<\/em>, il mart\u00e8le qu\u2019\u00a0<em>\u00ab\u00a0il faut continuer \u00e0 recenser les attaques, enqu\u00eater sur toutes celles qui sont commises et amener leurs auteurs \u00e0 en r\u00e9pondre<\/em>. \u00bb<\/p>\n<div class='share-to-whatsapp-wrapper'><div class='share-on-whsp'>PARTAGER SUR : <\/div><a data-text='SITUATION DE L\u2019ECOLE DANS LE MONDE ENTRE 2021 ET 2022- Les chiffres de l\u2019Onu' data-link='https:\/\/www.nettali.com\/2022\/09\/10\/situation-de-lecole-dans-le-monde-entre-2021-et-2022-lonu-denombre-plus-de-9-000-etudiants-et-educateurs-tues-enleves-arretes-arbitrairement-ou-blesses\/' class='whatsapp-button whatsapp-share'>WhatsApp<\/a><div class='clear '><\/div><\/div>","protected":false},"excerpt":{"rendered":"<p>NETTALI.COM- Ce 9 septembre est c\u00e9l\u00e9br\u00e9e la journ\u00e9e internationale pour la protection de l\u2019\u00e9ducation contre les attaques. Dans son message, le secr\u00e9taire g\u00e9n\u00e9ral des Nations unies a dress\u00e9 un tableau sombre. \u00a0 \u00ab\u00a0L\u2019\u00e9ducation est un droit humain fondamental et tient un r\u00f4le d\u00e9cisif dans la r\u00e9alisation de la paix et du d\u00e9veloppement durable\u00a0\u00bb, a rappel\u00e9 [&hellip;]<\/p>\n","protected":false},"author":6,"featured_media":39273,"comment_status":"open","ping_status":"open","sticky":false,"template":"","format":"standard","meta":{"_et_pb_use_builder":"","_et_pb_old_content":""},"categories":[3],"tags":[],"yoast_head":"<!-- This site is optimized with the Yoast SEO Premium plugin v17.8 (Yoast SEO v17.8) - https:\/\/yoast.com\/wordpress\/plugins\/seo\/ -->\n<title>SITUATION DE L\u2019ECOLE DANS LE MONDE ENTRE 2021 ET 2022- Les chiffres de l\u2019Onu | Nettali.com<\/title>\n<meta name=\"robots\" content=\"index, follow, max-snippet:-1, max-image-preview:large, max-video-preview:-1\" \/>\n<link rel=\"canonical\" href=\"https:\/\/www.nettali.com\/2022\/09\/10\/situation-de-lecole-dans-le-monde-entre-2021-et-2022-lonu-denombre-plus-de-9-000-etudiants-et-educateurs-tues-enleves-arretes-arbitrairement-ou-blesses\/\" \/>\n<meta property=\"og:locale\" content=\"fr_FR\" \/>\n<meta property=\"og:type\" content=\"article\" \/>\n<meta property=\"og:title\" content=\"SITUATION DE L\u2019ECOLE DANS LE MONDE ENTRE 2021 ET 2022- Les chiffres de l\u2019Onu\" \/>\n<meta property=\"og:description\" content=\"NETTALI.COM- Ce 9 septembre est c\u00e9l\u00e9br\u00e9e la journ\u00e9e internationale pour la protection de l\u2019\u00e9ducation contre les attaques. Dans son message, le secr\u00e9taire g\u00e9n\u00e9ral des Nations unies a dress\u00e9 un tableau sombre. \u00a0 \u00ab\u00a0L\u2019\u00e9ducation est un droit humain fondamental et tient un r\u00f4le d\u00e9cisif dans la r\u00e9alisation de la paix et du d\u00e9veloppement durable\u00a0\u00bb, a rappel\u00e9 [&hellip;]\" \/>\n<meta property=\"og:url\" content=\"https:\/\/www.nettali.com\/2022\/09\/10\/situation-de-lecole-dans-le-monde-entre-2021-et-2022-lonu-denombre-plus-de-9-000-etudiants-et-educateurs-tues-enleves-arretes-arbitrairement-ou-blesses\/\" \/>\n<meta property=\"og:site_name\" content=\"Nettali.com\" \/>\n<meta property=\"article:publisher\" content=\"https:\/\/www.facebook.com\/nettalicom\" \/>\n<meta property=\"article:published_time\" content=\"2022-09-10T15:59:20+00:00\" \/>\n<meta property=\"article:modified_time\" content=\"2022-09-10T16:05:40+00:00\" \/>\n<meta property=\"og:image\" content=\"https:\/\/www.nettali.com\/wp-content\/uploads\/2020\/06\/l-ecole-de-mbouleme-au-senegal-avec-des-salles-de-classe-encore-en-paille-et-la-premiere-a-etre-realisee-en-dur-en-2019-1578674888.jpg\" \/>\n\t<meta property=\"og:image:width\" content=\"1000\" \/>\n\t<meta property=\"og:image:height\" content=\"766\" \/>\n<meta name=\"twitter:card\" content=\"summary_large_image\" \/>\n<meta name=\"twitter:label1\" content=\"\u00c9crit par\" \/>\n\t<meta name=\"twitter:data1\" content=\"Fatou\" \/>\n\t<meta name=\"twitter:label2\" content=\"Dur\u00e9e de lecture estim\u00e9e\" \/>\n\t<meta name=\"twitter:data2\" content=\"2 minutes\" \/>\n<script type=\"application\/ld+json\" class=\"yoast-schema-graph\">{\"@context\":\"https:\/\/schema.org\",\"@graph\":[{\"@type\":\"WebSite\",\"@id\":\"https:\/\/www.nettali.com\/#website\",\"url\":\"https:\/\/www.nettali.com\/\",\"name\":\"Nettali.com\",\"description\":\"Le rendez-vous critique du Net\",\"potentialAction\":[{\"@type\":\"SearchAction\",\"target\":{\"@type\":\"EntryPoint\",\"urlTemplate\":\"https:\/\/www.nettali.com\/?s={search_term_string}\"},\"query-input\":\"required name=search_term_string\"}],\"inLanguage\":\"fr-FR\"},{\"@type\":\"ImageObject\",\"@id\":\"https:\/\/www.nettali.com\/2022\/09\/10\/situation-de-lecole-dans-le-monde-entre-2021-et-2022-lonu-denombre-plus-de-9-000-etudiants-et-educateurs-tues-enleves-arretes-arbitrairement-ou-blesses\/#primaryimage\",\"inLanguage\":\"fr-FR\",\"url\":\"https:\/\/www.nettali.com\/wp-content\/uploads\/2020\/06\/l-ecole-de-mbouleme-au-senegal-avec-des-salles-de-classe-encore-en-paille-et-la-premiere-a-etre-realisee-en-dur-en-2019-1578674888.jpg\",\"contentUrl\":\"https:\/\/www.nettali.com\/wp-content\/uploads\/2020\/06\/l-ecole-de-mbouleme-au-senegal-avec-des-salles-de-classe-encore-en-paille-et-la-premiere-a-etre-realisee-en-dur-en-2019-1578674888.jpg\",\"width\":1000,\"height\":766},{\"@type\":\"WebPage\",\"@id\":\"https:\/\/www.nettali.com\/2022\/09\/10\/situation-de-lecole-dans-le-monde-entre-2021-et-2022-lonu-denombre-plus-de-9-000-etudiants-et-educateurs-tues-enleves-arretes-arbitrairement-ou-blesses\/#webpage\",\"url\":\"https:\/\/www.nettali.com\/2022\/09\/10\/situation-de-lecole-dans-le-monde-entre-2021-et-2022-lonu-denombre-plus-de-9-000-etudiants-et-educateurs-tues-enleves-arretes-arbitrairement-ou-blesses\/\",\"name\":\"SITUATION DE L\\u2019ECOLE DANS LE MONDE ENTRE 2021 ET 2022- Les chiffres de l\\u2019Onu | Nettali.com\",\"isPartOf\":{\"@id\":\"https:\/\/www.nettali.com\/#website\"},\"primaryImageOfPage\":{\"@id\":\"https:\/\/www.nettali.com\/2022\/09\/10\/situation-de-lecole-dans-le-monde-entre-2021-et-2022-lonu-denombre-plus-de-9-000-etudiants-et-educateurs-tues-enleves-arretes-arbitrairement-ou-blesses\/#primaryimage\"},\"datePublished\":\"2022-09-10T15:59:20+00:00\",\"dateModified\":\"2022-09-10T16:05:40+00:00\",\"author\":{\"@id\":\"https:\/\/www.nettali.com\/#\/schema\/person\/418274a86bdf87caff7a3ef476bd0bbf\"},\"breadcrumb\":{\"@id\":\"https:\/\/www.nettali.com\/2022\/09\/10\/situation-de-lecole-dans-le-monde-entre-2021-et-2022-lonu-denombre-plus-de-9-000-etudiants-et-educateurs-tues-enleves-arretes-arbitrairement-ou-blesses\/#breadcrumb\"},\"inLanguage\":\"fr-FR\",\"potentialAction\":[{\"@type\":\"ReadAction\",\"target\":[\"https:\/\/www.nettali.com\/2022\/09\/10\/situation-de-lecole-dans-le-monde-entre-2021-et-2022-lonu-denombre-plus-de-9-000-etudiants-et-educateurs-tues-enleves-arretes-arbitrairement-ou-blesses\/\"]}]},{\"@type\":\"BreadcrumbList\",\"@id\":\"https:\/\/www.nettali.com\/2022\/09\/10\/situation-de-lecole-dans-le-monde-entre-2021-et-2022-lonu-denombre-plus-de-9-000-etudiants-et-educateurs-tues-enleves-arretes-arbitrairement-ou-blesses\/#breadcrumb\",\"itemListElement\":[{\"@type\":\"ListItem\",\"position\":1,\"name\":\"Accueil\",\"item\":\"https:\/\/www.nettali.com\/\"},{\"@type\":\"ListItem\",\"position\":2,\"name\":\"SITUATION DE L\\u2019ECOLE DANS LE MONDE ENTRE 2021 ET 2022- Les chiffres de l\\u2019Onu\"}]},{\"@type\":\"Person\",\"@id\":\"https:\/\/www.nettali.com\/#\/schema\/person\/418274a86bdf87caff7a3ef476bd0bbf\",\"name\":\"Fatou\",\"image\":{\"@type\":\"ImageObject\",\"@id\":\"https:\/\/www.nettali.com\/#personlogo\",\"inLanguage\":\"fr-FR\",\"url\":\"https:\/\/secure.gravatar.com\/avatar\/5a9442a2bee7b4dcf167cab035858e9a?s=96&d=mm&r=g\",\"contentUrl\":\"https:\/\/secure.gravatar.com\/avatar\/5a9442a2bee7b4dcf167cab035858e9a?s=96&d=mm&r=g\",\"caption\":\"Fatou\"},\"sameAs\":[\"https:\/\/www.nettali.com\"]}]}<\/script>\n<!-- \/ Yoast SEO Premium plugin. -->","yoast_head_json":{"title":"SITUATION DE L\u2019ECOLE DANS LE MONDE ENTRE 2021 ET 2022- Les chiffres de l\u2019Onu | Nettali.com","robots":{"index":"index","follow":"follow","max-snippet":"max-snippet:-1","max-image-preview":"max-image-preview:large","max-video-preview":"max-video-preview:-1"},"canonical":"https:\/\/www.nettali.com\/2022\/09\/10\/situation-de-lecole-dans-le-monde-entre-2021-et-2022-lonu-denombre-plus-de-9-000-etudiants-et-educateurs-tues-enleves-arretes-arbitrairement-ou-blesses\/","og_locale":"fr_FR","og_type":"article","og_title":"SITUATION DE L\u2019ECOLE DANS LE MONDE ENTRE 2021 ET 2022- Les chiffres de l\u2019Onu","og_description":"NETTALI.COM- Ce 9 septembre est c\u00e9l\u00e9br\u00e9e la journ\u00e9e internationale pour la protection de l\u2019\u00e9ducation contre les attaques. Dans son message, le secr\u00e9taire g\u00e9n\u00e9ral des Nations unies a dress\u00e9 un tableau sombre. \u00a0 \u00ab\u00a0L\u2019\u00e9ducation est un droit humain fondamental et tient un r\u00f4le d\u00e9cisif dans la r\u00e9alisation de la paix et du d\u00e9veloppement durable\u00a0\u00bb, a rappel\u00e9 [&hellip;]","og_url":"https:\/\/www.nettali.com\/2022\/09\/10\/situation-de-lecole-dans-le-monde-entre-2021-et-2022-lonu-denombre-plus-de-9-000-etudiants-et-educateurs-tues-enleves-arretes-arbitrairement-ou-blesses\/","og_site_name":"Nettali.com","article_publisher":"https:\/\/www.facebook.com\/nettalicom","article_published_time":"2022-09-10T15:59:20+00:00","article_modified_time":"2022-09-10T16:05:40+00:00","og_image":[{"width":1000,"height":766,"url":"https:\/\/www.nettali.com\/wp-content\/uploads\/2020\/06\/l-ecole-de-mbouleme-au-senegal-avec-des-salles-de-classe-encore-en-paille-et-la-premiere-a-etre-realisee-en-dur-en-2019-1578674888.jpg","type":"image\/jpeg"}],"twitter_card":"summary_large_image","twitter_misc":{"\u00c9crit par":"Fatou","Dur\u00e9e de lecture estim\u00e9e":"2 minutes"},"schema":{"@context":"https:\/\/schema.org","@graph":[{"@type":"WebSite","@id":"https:\/\/www.nettali.com\/#website","url":"https:\/\/www.nettali.com\/","name":"Nettali.com","description":"Le rendez-vous critique du Net","potentialAction":[{"@type":"SearchAction","target":{"@type":"EntryPoint","urlTemplate":"https:\/\/www.nettali.com\/?s={search_term_string}"},"query-input":"required name=search_term_string"}],"inLanguage":"fr-FR"},{"@type":"ImageObject","@id":"https:\/\/www.nettali.com\/2022\/09\/10\/situation-de-lecole-dans-le-monde-entre-2021-et-2022-lonu-denombre-plus-de-9-000-etudiants-et-educateurs-tues-enleves-arretes-arbitrairement-ou-blesses\/#primaryimage","inLanguage":"fr-FR","url":"https:\/\/www.nettali.com\/wp-content\/uploads\/2020\/06\/l-ecole-de-mbouleme-au-senegal-avec-des-salles-de-classe-encore-en-paille-et-la-premiere-a-etre-realisee-en-dur-en-2019-1578674888.jpg","contentUrl":"https:\/\/www.nettali.com\/wp-content\/uploads\/2020\/06\/l-ecole-de-mbouleme-au-senegal-avec-des-salles-de-classe-encore-en-paille-et-la-premiere-a-etre-realisee-en-dur-en-2019-1578674888.jpg","width":1000,"height":766},{"@type":"WebPage","@id":"https:\/\/www.nettali.com\/2022\/09\/10\/situation-de-lecole-dans-le-monde-entre-2021-et-2022-lonu-denombre-plus-de-9-000-etudiants-et-educateurs-tues-enleves-arretes-arbitrairement-ou-blesses\/#webpage","url":"https:\/\/www.nettali.com\/2022\/09\/10\/situation-de-lecole-dans-le-monde-entre-2021-et-2022-lonu-denombre-plus-de-9-000-etudiants-et-educateurs-tues-enleves-arretes-arbitrairement-ou-blesses\/","name":"SITUATION DE L\u2019ECOLE DANS LE MONDE ENTRE 2021 ET 2022- Les chiffres de l\u2019Onu | Nettali.com","isPartOf":{"@id":"https:\/\/www.nettali.com\/#website"},"primaryImageOfPage":{"@id":"https:\/\/www.nettali.com\/2022\/09\/10\/situation-de-lecole-dans-le-monde-entre-2021-et-2022-lonu-denombre-plus-de-9-000-etudiants-et-educateurs-tues-enleves-arretes-arbitrairement-ou-blesses\/#primaryimage"},"datePublished":"2022-09-10T15:59:20+00:00","dateModified":"2022-09-10T16:05:40+00:00","author":{"@id":"https:\/\/www.nettali.com\/#\/schema\/person\/418274a86bdf87caff7a3ef476bd0bbf"},"breadcrumb":{"@id":"https:\/\/www.nettali.com\/2022\/09\/10\/situation-de-lecole-dans-le-monde-entre-2021-et-2022-lonu-denombre-plus-de-9-000-etudiants-et-educateurs-tues-enleves-arretes-arbitrairement-ou-blesses\/#breadcrumb"},"inLanguage":"fr-FR","potentialAction":[{"@type":"ReadAction","target":["https:\/\/www.nettali.com\/2022\/09\/10\/situation-de-lecole-dans-le-monde-entre-2021-et-2022-lonu-denombre-plus-de-9-000-etudiants-et-educateurs-tues-enleves-arretes-arbitrairement-ou-blesses\/"]}]},{"@type":"BreadcrumbList","@id":"https:\/\/www.nettali.com\/2022\/09\/10\/situation-de-lecole-dans-le-monde-entre-2021-et-2022-lonu-denombre-plus-de-9-000-etudiants-et-educateurs-tues-enleves-arretes-arbitrairement-ou-blesses\/#breadcrumb","itemListElement":[{"@type":"ListItem","position":1,"name":"Accueil","item":"https:\/\/www.nettali.com\/"},{"@type":"ListItem","position":2,"name":"SITUATION DE L\u2019ECOLE DANS LE MONDE ENTRE 2021 ET 2022- Les chiffres de l\u2019Onu"}]},{"@type":"Person","@id":"https:\/\/www.nettali.com\/#\/schema\/person\/418274a86bdf87caff7a3ef476bd0bbf","name":"Fatou","image":{"@type":"ImageObject","@id":"https:\/\/www.nettali.com\/#personlogo","inLanguage":"fr-FR","url":"https:\/\/secure.gravatar.com\/avatar\/5a9442a2bee7b4dcf167cab035858e9a?s=96&d=mm&r=g","contentUrl":"https:\/\/secure.gravatar.com\/avatar\/5a9442a2bee7b4dcf167cab035858e9a?s=96&d=mm&r=g","caption":"Fatou"},"sameAs":["https:\/\/www.nettali.com"]}]}},"_links":{"self":[{"href":"https:\/\/www.nettali.com\/rest\/wp\/v2\/posts\/93580"}],"collection":[{"href":"https:\/\/www.nettali.com\/rest\/wp\/v2\/posts"}],"about":[{"href":"https:\/\/www.nettali.com\/rest\/wp\/v2\/types\/post"}],"author":[{"embeddable":true,"href":"https:\/\/www.nettali.com\/rest\/wp\/v2\/users\/6"}],"replies":[{"embeddable":true,"href":"https:\/\/www.nettali.com\/rest\/wp\/v2\/comments?post=93580"}],"version-history":[{"count":2,"href":"https:\/\/www.nettali.com\/rest\/wp\/v2\/posts\/93580\/revisions"}],"predecessor-version":[{"id":93591,"href":"https:\/\/www.nettali.com\/rest\/wp\/v2\/posts\/93580\/revisions\/93591"}],"wp:featuredmedia":[{"embeddable":true,"href":"https:\/\/www.nettali.com\/rest\/wp\/v2\/media\/39273"}],"wp:attachment":[{"href":"https:\/\/www.nettali.com\/rest\/wp\/v2\/media?parent=93580"}],"wp:term":[{"taxonomy":"category","embeddable":true,"href":"https:\/\/www.nettali.com\/rest\/wp\/v2\/categories?post=93580"},{"taxonomy":"post_tag","embeddable":true,"href":"https:\/\/www.nettali.com\/rest\/wp\/v2\/tags?post=93580"}],"curies":[{"name":"wp","href":"https:\/\/api.w.org\/{rel}","templated":true}]}}