{"id":93477,"date":"2022-09-09T08:33:45","date_gmt":"2022-09-09T08:33:45","guid":{"rendered":"https:\/\/www.nettali.com\/?p=93477"},"modified":"2022-09-09T08:33:45","modified_gmt":"2022-09-09T08:33:45","slug":"cooperation-bilaterale-le-senegal-et-la-pologne-veulent-dynamiser-leurs-echanges","status":"publish","type":"post","link":"https:\/\/www.nettali.com\/2022\/09\/09\/cooperation-bilaterale-le-senegal-et-la-pologne-veulent-dynamiser-leurs-echanges\/","title":{"rendered":"COOPERATION BILAT\u00c9RALE - Le S\u00e9n\u00e9gal et la Pologne veulent dynamiser leurs \u00e9changes"},"content":{"rendered":"<p><strong>NETTALI.COM - Le S\u00e9n\u00e9gal et la Pologne s\u2019engagent \u00e0 consolider et \u00e0 \u00e9largir leur coop\u00e9ration bilat\u00e9rale dans plusieurs secteurs.<\/strong><\/p>\n<p>En visite au S\u00e9n\u00e9gal, le Pr\u00e9sident de la R\u00e9publique de la Pologne a anim\u00e9, ce jeudi 8 septembre, une conf\u00e9rence de presse conjointe avec le Chef de l\u2019\u00c9tat s\u00e9n\u00e9galais, le Pr\u00e9sident de la R\u00e9publique Macky Sall. Les deux chefs d\u2019Etat, face \u00e0 la presse, ont exprim\u00e9 leur \u00ab<em> forte volont\u00e9 de consolider et d'\u00e9largir la coop\u00e9ration bilat\u00e9rale entre nos deux pays dans les secteurs cl\u00e9s de l\u2019agriculture, de l\u2019assainissement, et la formation maritime o\u00f9 la Pologne dispose d\u2019une expertise av\u00e9r\u00e9e<\/em> \u00bb.<\/p>\n<p>Selon Macky Sall, le S\u00e9n\u00e9gal et la Pologne entretiennent d\u2019excellentes relations cordiales qui se sont renforc\u00e9es avec les ouvertures r\u00e9ciproques d\u2019ambassades du S\u00e9n\u00e9gal \u00e0 Varsovie en 2015 et de la Pologne \u00e0 Dakar en 2016. Saluant la tradition scientifique de la Pologne, Macky Sall a soutenu que les scientifiques de ce pays font avancer la science et le progr\u00e8s de l\u2019humanit\u00e9. \u00ab <em>Nous avons beaucoup \u00e0 apprendre de la Pologne<\/em> \u00bb, a soutenu le pr\u00e9sident de la R\u00e9publique du S\u00e9n\u00e9gal. Avant d\u2019ajouter \u00ab <em>nos gouvernements vont examiner ensemble tous ces volets et voir comment allouer la ligne de cr\u00e9dit de 100 millions de dollars que la Pologne a mise \u00e0 la disposition du S\u00e9n\u00e9gal en guise de pr\u00eat<\/em> \u00bb a expliqu\u00e9 le chef de l\u2019\u00c9tat s\u00e9n\u00e9galais, ajoutant que les deux \u00c9tats veulent aussi collaborer dans le domaine des hydrocarbures Ce, dans la perspective d\u2019exploitation des ressources prochaines de gaz et de p\u00e9trole au S\u00e9n\u00e9gal \u00e0 compter de 2023. \u00ab<em> Nous souhaitons renforcer, par ailleurs, les \u00e9changes \u00e9conomiques par l\u2019investissement en impliquant davantage nos secteurs priv\u00e9s respectifs. J\u2019ai assur\u00e9 au Pr\u00e9sident Duda que le S\u00e9n\u00e9gal reste un pays ouvert \u00e0 tous les partenariats et que les entreprises polonaises sont les bienvenues dans le pays dans des domaines comme la construction, les infrastructures h\u00f4teli\u00e8res, les agropoles, l\u2019industrie de fa\u00e7on g\u00e9n\u00e9rale<\/em> \u00bb a soulign\u00e9 Macky Sall.<\/p>\n<p>Prenant la parole, son homologue Polonais, Andrzej Dudaba fait savoir que ce partenariat est li\u00e9 \u00e0 une dynamique de d\u00e9veloppement \u00e9conomique. A l\u2019en croire, les deux pays ont sign\u00e9 deux protocoles d\u2019entente dans le domaine de l\u2019\u00e9ducation et dans le domaine de la construction navale, dans la fili\u00e8re de l\u2019eau et de l\u2019assainissement pour lutter contre des inondations et pour pr\u00e9venir contre les inondations. \u00ab <em>Nous avons parl\u00e9 de l\u2019exploitation du p\u00e9trole et du gaz et des possibilit\u00e9s de coop\u00e9ration au niveau d\u2019investissement, de coop\u00e9ration universitaire et de livraison de gaz en Pologne<\/em> \u00bb, souligne le pr\u00e9sident polonais qui n\u2019a pas manqu\u00e9 de d\u00e9noncer l\u2019invasion Russe en Ukraine.<\/p>\n<div class='share-to-whatsapp-wrapper'><div class='share-on-whsp'>PARTAGER SUR : <\/div><a data-text='COOPERATION BILAT\u00c9RALE - Le S\u00e9n\u00e9gal et la Pologne veulent dynamiser leurs \u00e9changes' data-link='https:\/\/www.nettali.com\/2022\/09\/09\/cooperation-bilaterale-le-senegal-et-la-pologne-veulent-dynamiser-leurs-echanges\/' class='whatsapp-button whatsapp-share'>WhatsApp<\/a><div class='clear '><\/div><\/div>","protected":false},"excerpt":{"rendered":"<p>NETTALI.COM - Le S\u00e9n\u00e9gal et la Pologne s\u2019engagent \u00e0 consolider et \u00e0 \u00e9largir leur coop\u00e9ration bilat\u00e9rale dans plusieurs secteurs. En visite au S\u00e9n\u00e9gal, le Pr\u00e9sident de la R\u00e9publique de la Pologne a anim\u00e9, ce jeudi 8 septembre, une conf\u00e9rence de presse conjointe avec le Chef de l\u2019\u00c9tat s\u00e9n\u00e9galais, le Pr\u00e9sident de la R\u00e9publique Macky Sall. [&hellip;]<\/p>\n","protected":false},"author":6,"featured_media":93478,"comment_status":"open","ping_status":"open","sticky":false,"template":"","format":"standard","meta":{"_et_pb_use_builder":"","_et_pb_old_content":""},"categories":[2],"tags":[],"yoast_head":"<!-- This site is optimized with the Yoast SEO Premium plugin v17.8 (Yoast SEO v17.8) - https:\/\/yoast.com\/wordpress\/plugins\/seo\/ -->\n<title>COOPERATION BILAT\u00c9RALE - Le S\u00e9n\u00e9gal et la Pologne veulent dynamiser leurs \u00e9changes | Nettali.com<\/title>\n<meta name=\"robots\" content=\"index, follow, max-snippet:-1, max-image-preview:large, max-video-preview:-1\" \/>\n<link rel=\"canonical\" href=\"https:\/\/www.nettali.com\/2022\/09\/09\/cooperation-bilaterale-le-senegal-et-la-pologne-veulent-dynamiser-leurs-echanges\/\" \/>\n<meta property=\"og:locale\" content=\"fr_FR\" \/>\n<meta property=\"og:type\" content=\"article\" \/>\n<meta property=\"og:title\" content=\"COOPERATION BILAT\u00c9RALE - Le S\u00e9n\u00e9gal et la Pologne veulent dynamiser leurs \u00e9changes\" \/>\n<meta property=\"og:description\" content=\"NETTALI.COM - Le S\u00e9n\u00e9gal et la Pologne s\u2019engagent \u00e0 consolider et \u00e0 \u00e9largir leur coop\u00e9ration bilat\u00e9rale dans plusieurs secteurs. En visite au S\u00e9n\u00e9gal, le Pr\u00e9sident de la R\u00e9publique de la Pologne a anim\u00e9, ce jeudi 8 septembre, une conf\u00e9rence de presse conjointe avec le Chef de l\u2019\u00c9tat s\u00e9n\u00e9galais, le Pr\u00e9sident de la R\u00e9publique Macky Sall. [&hellip;]\" \/>\n<meta property=\"og:url\" content=\"https:\/\/www.nettali.com\/2022\/09\/09\/cooperation-bilaterale-le-senegal-et-la-pologne-veulent-dynamiser-leurs-echanges\/\" \/>\n<meta property=\"og:site_name\" content=\"Nettali.com\" \/>\n<meta property=\"article:publisher\" content=\"https:\/\/www.facebook.com\/nettalicom\" \/>\n<meta property=\"article:published_time\" content=\"2022-09-09T08:33:45+00:00\" \/>\n<meta property=\"og:image\" content=\"https:\/\/www.nettali.com\/wp-content\/uploads\/2022\/09\/67231583-47592272.jpg\" \/>\n\t<meta property=\"og:image:width\" content=\"1280\" \/>\n\t<meta property=\"og:image:height\" content=\"931\" \/>\n<meta name=\"twitter:card\" content=\"summary_large_image\" \/>\n<meta name=\"twitter:label1\" content=\"\u00c9crit par\" \/>\n\t<meta name=\"twitter:data1\" content=\"Fatou\" \/>\n\t<meta name=\"twitter:label2\" content=\"Dur\u00e9e de lecture estim\u00e9e\" \/>\n\t<meta name=\"twitter:data2\" content=\"3 minutes\" \/>\n<script type=\"application\/ld+json\" class=\"yoast-schema-graph\">{\"@context\":\"https:\/\/schema.org\",\"@graph\":[{\"@type\":\"WebSite\",\"@id\":\"https:\/\/www.nettali.com\/#website\",\"url\":\"https:\/\/www.nettali.com\/\",\"name\":\"Nettali.com\",\"description\":\"Le rendez-vous critique du Net\",\"potentialAction\":[{\"@type\":\"SearchAction\",\"target\":{\"@type\":\"EntryPoint\",\"urlTemplate\":\"https:\/\/www.nettali.com\/?s={search_term_string}\"},\"query-input\":\"required name=search_term_string\"}],\"inLanguage\":\"fr-FR\"},{\"@type\":\"ImageObject\",\"@id\":\"https:\/\/www.nettali.com\/2022\/09\/09\/cooperation-bilaterale-le-senegal-et-la-pologne-veulent-dynamiser-leurs-echanges\/#primaryimage\",\"inLanguage\":\"fr-FR\",\"url\":\"https:\/\/www.nettali.com\/wp-content\/uploads\/2022\/09\/67231583-47592272.jpg\",\"contentUrl\":\"https:\/\/www.nettali.com\/wp-content\/uploads\/2022\/09\/67231583-47592272.jpg\",\"width\":1280,\"height\":931},{\"@type\":\"WebPage\",\"@id\":\"https:\/\/www.nettali.com\/2022\/09\/09\/cooperation-bilaterale-le-senegal-et-la-pologne-veulent-dynamiser-leurs-echanges\/#webpage\",\"url\":\"https:\/\/www.nettali.com\/2022\/09\/09\/cooperation-bilaterale-le-senegal-et-la-pologne-veulent-dynamiser-leurs-echanges\/\",\"name\":\"COOPERATION BILAT\\u00c9RALE - Le S\\u00e9n\\u00e9gal et la Pologne veulent dynamiser leurs \\u00e9changes | Nettali.com\",\"isPartOf\":{\"@id\":\"https:\/\/www.nettali.com\/#website\"},\"primaryImageOfPage\":{\"@id\":\"https:\/\/www.nettali.com\/2022\/09\/09\/cooperation-bilaterale-le-senegal-et-la-pologne-veulent-dynamiser-leurs-echanges\/#primaryimage\"},\"datePublished\":\"2022-09-09T08:33:45+00:00\",\"dateModified\":\"2022-09-09T08:33:45+00:00\",\"author\":{\"@id\":\"https:\/\/www.nettali.com\/#\/schema\/person\/418274a86bdf87caff7a3ef476bd0bbf\"},\"breadcrumb\":{\"@id\":\"https:\/\/www.nettali.com\/2022\/09\/09\/cooperation-bilaterale-le-senegal-et-la-pologne-veulent-dynamiser-leurs-echanges\/#breadcrumb\"},\"inLanguage\":\"fr-FR\",\"potentialAction\":[{\"@type\":\"ReadAction\",\"target\":[\"https:\/\/www.nettali.com\/2022\/09\/09\/cooperation-bilaterale-le-senegal-et-la-pologne-veulent-dynamiser-leurs-echanges\/\"]}]},{\"@type\":\"BreadcrumbList\",\"@id\":\"https:\/\/www.nettali.com\/2022\/09\/09\/cooperation-bilaterale-le-senegal-et-la-pologne-veulent-dynamiser-leurs-echanges\/#breadcrumb\",\"itemListElement\":[{\"@type\":\"ListItem\",\"position\":1,\"name\":\"Accueil\",\"item\":\"https:\/\/www.nettali.com\/\"},{\"@type\":\"ListItem\",\"position\":2,\"name\":\"COOPERATION BILAT\\u00c9RALE - Le S\\u00e9n\\u00e9gal et la Pologne veulent dynamiser leurs \\u00e9changes\"}]},{\"@type\":\"Person\",\"@id\":\"https:\/\/www.nettali.com\/#\/schema\/person\/418274a86bdf87caff7a3ef476bd0bbf\",\"name\":\"Fatou\",\"image\":{\"@type\":\"ImageObject\",\"@id\":\"https:\/\/www.nettali.com\/#personlogo\",\"inLanguage\":\"fr-FR\",\"url\":\"https:\/\/secure.gravatar.com\/avatar\/5a9442a2bee7b4dcf167cab035858e9a?s=96&d=mm&r=g\",\"contentUrl\":\"https:\/\/secure.gravatar.com\/avatar\/5a9442a2bee7b4dcf167cab035858e9a?s=96&d=mm&r=g\",\"caption\":\"Fatou\"},\"sameAs\":[\"https:\/\/www.nettali.com\"]}]}<\/script>\n<!-- \/ Yoast SEO Premium plugin. -->","yoast_head_json":{"title":"COOPERATION BILAT\u00c9RALE - Le S\u00e9n\u00e9gal et la Pologne veulent dynamiser leurs \u00e9changes | Nettali.com","robots":{"index":"index","follow":"follow","max-snippet":"max-snippet:-1","max-image-preview":"max-image-preview:large","max-video-preview":"max-video-preview:-1"},"canonical":"https:\/\/www.nettali.com\/2022\/09\/09\/cooperation-bilaterale-le-senegal-et-la-pologne-veulent-dynamiser-leurs-echanges\/","og_locale":"fr_FR","og_type":"article","og_title":"COOPERATION BILAT\u00c9RALE - Le S\u00e9n\u00e9gal et la Pologne veulent dynamiser leurs \u00e9changes","og_description":"NETTALI.COM - Le S\u00e9n\u00e9gal et la Pologne s\u2019engagent \u00e0 consolider et \u00e0 \u00e9largir leur coop\u00e9ration bilat\u00e9rale dans plusieurs secteurs. En visite au S\u00e9n\u00e9gal, le Pr\u00e9sident de la R\u00e9publique de la Pologne a anim\u00e9, ce jeudi 8 septembre, une conf\u00e9rence de presse conjointe avec le Chef de l\u2019\u00c9tat s\u00e9n\u00e9galais, le Pr\u00e9sident de la R\u00e9publique Macky Sall. [&hellip;]","og_url":"https:\/\/www.nettali.com\/2022\/09\/09\/cooperation-bilaterale-le-senegal-et-la-pologne-veulent-dynamiser-leurs-echanges\/","og_site_name":"Nettali.com","article_publisher":"https:\/\/www.facebook.com\/nettalicom","article_published_time":"2022-09-09T08:33:45+00:00","og_image":[{"width":1280,"height":931,"url":"https:\/\/www.nettali.com\/wp-content\/uploads\/2022\/09\/67231583-47592272.jpg","type":"image\/jpeg"}],"twitter_card":"summary_large_image","twitter_misc":{"\u00c9crit par":"Fatou","Dur\u00e9e de lecture estim\u00e9e":"3 minutes"},"schema":{"@context":"https:\/\/schema.org","@graph":[{"@type":"WebSite","@id":"https:\/\/www.nettali.com\/#website","url":"https:\/\/www.nettali.com\/","name":"Nettali.com","description":"Le rendez-vous critique du Net","potentialAction":[{"@type":"SearchAction","target":{"@type":"EntryPoint","urlTemplate":"https:\/\/www.nettali.com\/?s={search_term_string}"},"query-input":"required name=search_term_string"}],"inLanguage":"fr-FR"},{"@type":"ImageObject","@id":"https:\/\/www.nettali.com\/2022\/09\/09\/cooperation-bilaterale-le-senegal-et-la-pologne-veulent-dynamiser-leurs-echanges\/#primaryimage","inLanguage":"fr-FR","url":"https:\/\/www.nettali.com\/wp-content\/uploads\/2022\/09\/67231583-47592272.jpg","contentUrl":"https:\/\/www.nettali.com\/wp-content\/uploads\/2022\/09\/67231583-47592272.jpg","width":1280,"height":931},{"@type":"WebPage","@id":"https:\/\/www.nettali.com\/2022\/09\/09\/cooperation-bilaterale-le-senegal-et-la-pologne-veulent-dynamiser-leurs-echanges\/#webpage","url":"https:\/\/www.nettali.com\/2022\/09\/09\/cooperation-bilaterale-le-senegal-et-la-pologne-veulent-dynamiser-leurs-echanges\/","name":"COOPERATION BILAT\u00c9RALE - Le S\u00e9n\u00e9gal et la Pologne veulent dynamiser leurs \u00e9changes | Nettali.com","isPartOf":{"@id":"https:\/\/www.nettali.com\/#website"},"primaryImageOfPage":{"@id":"https:\/\/www.nettali.com\/2022\/09\/09\/cooperation-bilaterale-le-senegal-et-la-pologne-veulent-dynamiser-leurs-echanges\/#primaryimage"},"datePublished":"2022-09-09T08:33:45+00:00","dateModified":"2022-09-09T08:33:45+00:00","author":{"@id":"https:\/\/www.nettali.com\/#\/schema\/person\/418274a86bdf87caff7a3ef476bd0bbf"},"breadcrumb":{"@id":"https:\/\/www.nettali.com\/2022\/09\/09\/cooperation-bilaterale-le-senegal-et-la-pologne-veulent-dynamiser-leurs-echanges\/#breadcrumb"},"inLanguage":"fr-FR","potentialAction":[{"@type":"ReadAction","target":["https:\/\/www.nettali.com\/2022\/09\/09\/cooperation-bilaterale-le-senegal-et-la-pologne-veulent-dynamiser-leurs-echanges\/"]}]},{"@type":"BreadcrumbList","@id":"https:\/\/www.nettali.com\/2022\/09\/09\/cooperation-bilaterale-le-senegal-et-la-pologne-veulent-dynamiser-leurs-echanges\/#breadcrumb","itemListElement":[{"@type":"ListItem","position":1,"name":"Accueil","item":"https:\/\/www.nettali.com\/"},{"@type":"ListItem","position":2,"name":"COOPERATION BILAT\u00c9RALE - Le S\u00e9n\u00e9gal et la Pologne veulent dynamiser leurs \u00e9changes"}]},{"@type":"Person","@id":"https:\/\/www.nettali.com\/#\/schema\/person\/418274a86bdf87caff7a3ef476bd0bbf","name":"Fatou","image":{"@type":"ImageObject","@id":"https:\/\/www.nettali.com\/#personlogo","inLanguage":"fr-FR","url":"https:\/\/secure.gravatar.com\/avatar\/5a9442a2bee7b4dcf167cab035858e9a?s=96&d=mm&r=g","contentUrl":"https:\/\/secure.gravatar.com\/avatar\/5a9442a2bee7b4dcf167cab035858e9a?s=96&d=mm&r=g","caption":"Fatou"},"sameAs":["https:\/\/www.nettali.com"]}]}},"_links":{"self":[{"href":"https:\/\/www.nettali.com\/rest\/wp\/v2\/posts\/93477"}],"collection":[{"href":"https:\/\/www.nettali.com\/rest\/wp\/v2\/posts"}],"about":[{"href":"https:\/\/www.nettali.com\/rest\/wp\/v2\/types\/post"}],"author":[{"embeddable":true,"href":"https:\/\/www.nettali.com\/rest\/wp\/v2\/users\/6"}],"replies":[{"embeddable":true,"href":"https:\/\/www.nettali.com\/rest\/wp\/v2\/comments?post=93477"}],"version-history":[{"count":3,"href":"https:\/\/www.nettali.com\/rest\/wp\/v2\/posts\/93477\/revisions"}],"predecessor-version":[{"id":93495,"href":"https:\/\/www.nettali.com\/rest\/wp\/v2\/posts\/93477\/revisions\/93495"}],"wp:featuredmedia":[{"embeddable":true,"href":"https:\/\/www.nettali.com\/rest\/wp\/v2\/media\/93478"}],"wp:attachment":[{"href":"https:\/\/www.nettali.com\/rest\/wp\/v2\/media?parent=93477"}],"wp:term":[{"taxonomy":"category","embeddable":true,"href":"https:\/\/www.nettali.com\/rest\/wp\/v2\/categories?post=93477"},{"taxonomy":"post_tag","embeddable":true,"href":"https:\/\/www.nettali.com\/rest\/wp\/v2\/tags?post=93477"}],"curies":[{"name":"wp","href":"https:\/\/api.w.org\/{rel}","templated":true}]}}