{"id":93347,"date":"2022-09-07T16:03:06","date_gmt":"2022-09-07T16:03:06","guid":{"rendered":"https:\/\/www.nettali.com\/?p=93347"},"modified":"2022-09-07T16:03:06","modified_gmt":"2022-09-07T16:03:06","slug":"football-aliou-cisse-carlos-queiroz-la-nouvelle-rencontre","status":"publish","type":"post","link":"https:\/\/www.nettali.com\/2022\/09\/07\/football-aliou-cisse-carlos-queiroz-la-nouvelle-rencontre\/","title":{"rendered":"FOOTBALL\/Aliou Ciss\u00e9, Carlos Queiroz, la nouvelle rencontre"},"content":{"rendered":"<p style=\"margin: 0cm; margin-bottom: .0001pt; text-align: justify; background: white; vertical-align: baseline;\"><span style=\"font-size: 16px;\"><strong><span style=\"font-family: Tahoma, sans-serif; color: black;\">NETTALI.COM - Le Portugais Carlos Queiroz, ancien s\u00e9lectionneur de l\u2019Egypte, dirige d\u00e9sormais l\u2019\u00e9quipe nationale d\u2019Iran, adversaire de celle du S\u00e9n\u00e9gal pour un match amical international pr\u00e9vu le 27 septembre prochain, annoncent plusieurs m\u00e9dias, dont le quotidien sportif fran\u00e7ais L\u2019Equipe.<\/span><\/strong><\/span><\/p>\n<p style=\"margin: 0cm; margin-bottom: .0001pt; text-align: justify; background: white; vertical-align: baseline; outline: none; font-variant-ligatures: normal; font-variant-caps: normal; font-variant-numeric: inherit; font-variant-east-asian: inherit; font-stretch: inherit; line-height: inherit; orphans: 2; widows: 2; -webkit-text-stroke-width: 0px; text-decoration-thickness: initial; text-decoration-style: initial; text-decoration-color: initial; word-spacing: 0px;\"><span style=\"font-size: 16px; font-family: Tahoma, sans-serif; color: black;\">\u00a0<\/span><\/p>\n<p style=\"margin: 0cm; margin-bottom: .0001pt; text-align: justify; background: white; vertical-align: baseline; outline: none; font-variant-ligatures: normal; font-variant-caps: normal; font-variant-numeric: inherit; font-variant-east-asian: inherit; font-stretch: inherit; line-height: inherit; orphans: 2; widows: 2; -webkit-text-stroke-width: 0px; text-decoration-thickness: initial; text-decoration-style: initial; text-decoration-color: initial; word-spacing: 0px;\"><span style=\"font-size: 16px; font-family: Tahoma, sans-serif; color: black;\">Queiroz dirigeait encore les Pharaons d\u2019Egypte lorsqu\u2019ils \u00e9taient battus par les Lions du S\u00e9n\u00e9gal en finale de la CAN, le 6 f\u00e9vrier dernier, et \u00e9limin\u00e9s en mars suivant des pr\u00e9liminaires de la Coupe du monde 2022 par les joueurs d\u2019Aliou Ciss\u00e9.<\/span><\/p>\n<p style=\"margin: 0cm; margin-bottom: .0001pt; text-align: justify; background: white; vertical-align: baseline; outline: none; font-variant-ligatures: normal; font-variant-caps: normal; font-variant-numeric: inherit; font-variant-east-asian: inherit; font-stretch: inherit; line-height: inherit; orphans: 2; widows: 2; -webkit-text-stroke-width: 0px; text-decoration-thickness: initial; text-decoration-style: initial; text-decoration-color: initial; word-spacing: 0px;\"><span style=\"font-size: 16px; font-family: Tahoma, sans-serif; color: black;\">\u00a0<\/span><\/p>\n<p style=\"margin: 0cm; margin-bottom: .0001pt; text-align: justify; background: white; vertical-align: baseline; outline: none; font-variant-ligatures: normal; font-variant-caps: normal; font-variant-numeric: inherit; font-variant-east-asian: inherit; font-stretch: inherit; line-height: inherit; orphans: 2; widows: 2; -webkit-text-stroke-width: 0px; text-decoration-thickness: initial; text-decoration-style: initial; text-decoration-color: initial; word-spacing: 0px;\"><span style=\"font-size: 16px; font-family: Tahoma, sans-serif; color: black;\">La F\u00e9d\u00e9ration iranienne de football l\u2019a charg\u00e9 de conduire sa s\u00e9lection nationale au Mondial pr\u00e9vu du 20 novembre au 18 d\u00e9cembre au Qatar.<\/span><\/p>\n<p style=\"margin: 0cm; margin-bottom: .0001pt; text-align: justify; background: white; vertical-align: baseline; outline: none; font-variant-ligatures: normal; font-variant-caps: normal; font-variant-numeric: inherit; font-variant-east-asian: inherit; font-stretch: inherit; line-height: inherit; orphans: 2; widows: 2; -webkit-text-stroke-width: 0px; text-decoration-thickness: initial; text-decoration-style: initial; text-decoration-color: initial; word-spacing: 0px;\"><span style=\"font-size: 16px; font-family: Tahoma, sans-serif; color: black;\">\u00a0<\/span><\/p>\n<p style=\"margin: 0cm; margin-bottom: .0001pt; text-align: justify; background: white; vertical-align: baseline; outline: none; font-variant-ligatures: normal; font-variant-caps: normal; font-variant-numeric: inherit; font-variant-east-asian: inherit; font-stretch: inherit; line-height: inherit; orphans: 2; widows: 2; -webkit-text-stroke-width: 0px; text-decoration-thickness: initial; text-decoration-style: initial; text-decoration-color: initial; word-spacing: 0px;\"><span style=\"font-size: 16px; font-family: Tahoma, sans-serif; color: black;\">Selon l\u2019IRNA, l\u2019Agence de presse de la R\u00e9publique islamique d\u2019Iran, le Portugais, qui dirigeait l\u2019\u00e9quipe iranienne lors des \u00e9ditions 2014 et 2018 de la Coupe du monde, s\u2019est rendu le week-end dernier \u00e0 T\u00e9h\u00e9ran pour parapher son contrat.<\/span><\/p>\n<p style=\"margin: 0cm; margin-bottom: .0001pt; text-align: justify; background: white; vertical-align: baseline; outline: none; font-variant-ligatures: normal; font-variant-caps: normal; font-variant-numeric: inherit; font-variant-east-asian: inherit; font-stretch: inherit; line-height: inherit; orphans: 2; widows: 2; -webkit-text-stroke-width: 0px; text-decoration-thickness: initial; text-decoration-style: initial; text-decoration-color: initial; word-spacing: 0px;\"><span style=\"font-size: 16px; font-family: Tahoma, sans-serif; color: black;\">\u00a0<\/span><\/p>\n<p style=\"margin: 0cm; margin-bottom: .0001pt; text-align: justify; background: white; vertical-align: baseline; outline: none; font-variant-ligatures: normal; font-variant-caps: normal; font-variant-numeric: inherit; font-variant-east-asian: inherit; font-stretch: inherit; line-height: inherit; orphans: 2; widows: 2; -webkit-text-stroke-width: 0px; text-decoration-thickness: initial; text-decoration-style: initial; text-decoration-color: initial; word-spacing: 0px;\"><span style=\"font-size: 16px; font-family: Tahoma, sans-serif; color: black;\">Il remplace \u00e0 ce poste le Croate Dragan Skocic, qui a permis \u00e0 la s\u00e9lection iranienne de se qualifier au premier Mondial \u00e0 se tenir dans un pays du golfe Persique.<\/span><\/p>\n<p style=\"margin: 0cm; margin-bottom: .0001pt; text-align: justify; background: white; vertical-align: baseline; outline: none; font-variant-ligatures: normal; font-variant-caps: normal; font-variant-numeric: inherit; font-variant-east-asian: inherit; font-stretch: inherit; line-height: inherit; orphans: 2; widows: 2; -webkit-text-stroke-width: 0px; text-decoration-thickness: initial; text-decoration-style: initial; text-decoration-color: initial; word-spacing: 0px;\"><span style=\"font-size: 16px; font-family: Tahoma, sans-serif; color: black;\">\u00a0<\/span><\/p>\n<p style=\"margin: 0cm; margin-bottom: .0001pt; text-align: justify; background: white; vertical-align: baseline; outline: none; font-variant-ligatures: normal; font-variant-caps: normal; font-variant-numeric: inherit; font-variant-east-asian: inherit; font-stretch: inherit; line-height: inherit; orphans: 2; widows: 2; -webkit-text-stroke-width: 0px; text-decoration-thickness: initial; text-decoration-style: initial; text-decoration-color: initial; word-spacing: 0px;\"><span style=\"font-size: 16px; font-family: Tahoma, sans-serif; color: black;\">L\u2019Iran jouera contre la Bolivie un match amical, trois jours avant sa rencontre avec le S\u00e9n\u00e9gal.<\/span><\/p>\n<p style=\"margin: 0cm; margin-bottom: .0001pt; text-align: justify; background: white; vertical-align: baseline; outline: none; font-variant-ligatures: normal; font-variant-caps: normal; font-variant-numeric: inherit; font-variant-east-asian: inherit; font-stretch: inherit; line-height: inherit; orphans: 2; widows: 2; -webkit-text-stroke-width: 0px; text-decoration-thickness: initial; text-decoration-style: initial; text-decoration-color: initial; word-spacing: 0px;\"><span style=\"font-size: 16px; font-family: Tahoma, sans-serif; color: black;\">\u00a0<\/span><\/p>\n<p style=\"margin: 0cm; margin-bottom: .0001pt; text-align: justify; background: white; vertical-align: baseline; outline: none; font-variant-ligatures: normal; font-variant-caps: normal; font-variant-numeric: inherit; font-variant-east-asian: inherit; font-stretch: inherit; line-height: inherit; orphans: 2; widows: 2; -webkit-text-stroke-width: 0px; text-decoration-thickness: initial; text-decoration-style: initial; text-decoration-color: initial; word-spacing: 0px;\"><span style=\"font-size: 16px; font-family: Tahoma, sans-serif; color: black;\">Cette ann\u00e9e, le S\u00e9n\u00e9gal jouera sa troisi\u00e8me phase finale de la Coupe du monde. Il partage la m\u00eame poule avec l\u2019Equateur, les Pays-Bas et le Qatar.<\/span><\/p>\n<div class='share-to-whatsapp-wrapper'><div class='share-on-whsp'>PARTAGER SUR : <\/div><a data-text='FOOTBALL\/Aliou Ciss\u00e9, Carlos Queiroz, la nouvelle rencontre' data-link='https:\/\/www.nettali.com\/2022\/09\/07\/football-aliou-cisse-carlos-queiroz-la-nouvelle-rencontre\/' class='whatsapp-button whatsapp-share'>WhatsApp<\/a><div class='clear '><\/div><\/div>","protected":false},"excerpt":{"rendered":"<p>NETTALI.COM - Le Portugais Carlos Queiroz, ancien s\u00e9lectionneur de l\u2019Egypte, dirige d\u00e9sormais l\u2019\u00e9quipe nationale d\u2019Iran, adversaire de celle du S\u00e9n\u00e9gal pour un match amical international pr\u00e9vu le 27 septembre prochain, annoncent plusieurs m\u00e9dias, dont le quotidien sportif fran\u00e7ais L\u2019Equipe. \u00a0 Queiroz dirigeait encore les Pharaons d\u2019Egypte lorsqu\u2019ils \u00e9taient battus par les Lions du S\u00e9n\u00e9gal en [&hellip;]<\/p>\n","protected":false},"author":4,"featured_media":93348,"comment_status":"open","ping_status":"open","sticky":false,"template":"","format":"standard","meta":{"_et_pb_use_builder":"","_et_pb_old_content":""},"categories":[6],"tags":[],"yoast_head":"<!-- This site is optimized with the Yoast SEO Premium plugin v17.8 (Yoast SEO v17.8) - https:\/\/yoast.com\/wordpress\/plugins\/seo\/ -->\n<title>FOOTBALL\/Aliou Ciss\u00e9, Carlos Queiroz, la nouvelle rencontre | Nettali.com<\/title>\n<meta name=\"robots\" content=\"index, follow, max-snippet:-1, max-image-preview:large, max-video-preview:-1\" \/>\n<link rel=\"canonical\" href=\"https:\/\/www.nettali.com\/2022\/09\/07\/football-aliou-cisse-carlos-queiroz-la-nouvelle-rencontre\/\" \/>\n<meta property=\"og:locale\" content=\"fr_FR\" \/>\n<meta property=\"og:type\" content=\"article\" \/>\n<meta property=\"og:title\" content=\"FOOTBALL\/Aliou Ciss\u00e9, Carlos Queiroz, la nouvelle rencontre\" \/>\n<meta property=\"og:description\" content=\"NETTALI.COM - Le Portugais Carlos Queiroz, ancien s\u00e9lectionneur de l\u2019Egypte, dirige d\u00e9sormais l\u2019\u00e9quipe nationale d\u2019Iran, adversaire de celle du S\u00e9n\u00e9gal pour un match amical international pr\u00e9vu le 27 septembre prochain, annoncent plusieurs m\u00e9dias, dont le quotidien sportif fran\u00e7ais L\u2019Equipe. \u00a0 Queiroz dirigeait encore les Pharaons d\u2019Egypte lorsqu\u2019ils \u00e9taient battus par les Lions du S\u00e9n\u00e9gal en [&hellip;]\" \/>\n<meta property=\"og:url\" content=\"https:\/\/www.nettali.com\/2022\/09\/07\/football-aliou-cisse-carlos-queiroz-la-nouvelle-rencontre\/\" \/>\n<meta property=\"og:site_name\" content=\"Nettali.com\" \/>\n<meta property=\"article:publisher\" content=\"https:\/\/www.facebook.com\/nettalicom\" \/>\n<meta property=\"article:published_time\" content=\"2022-09-07T16:03:06+00:00\" \/>\n<meta property=\"og:image\" content=\"https:\/\/www.nettali.com\/wp-content\/uploads\/2022\/09\/Capture-de\u0301cran-2022-09-07-a\u0300-16.02.10.png\" \/>\n\t<meta property=\"og:image:width\" content=\"716\" \/>\n\t<meta property=\"og:image:height\" content=\"361\" \/>\n<meta name=\"twitter:card\" content=\"summary_large_image\" \/>\n<meta name=\"twitter:label1\" content=\"\u00c9crit par\" \/>\n\t<meta name=\"twitter:data1\" content=\"Daouda\" \/>\n\t<meta name=\"twitter:label2\" content=\"Dur\u00e9e de lecture estim\u00e9e\" \/>\n\t<meta name=\"twitter:data2\" content=\"2 minutes\" \/>\n<script type=\"application\/ld+json\" class=\"yoast-schema-graph\">{\"@context\":\"https:\/\/schema.org\",\"@graph\":[{\"@type\":\"WebSite\",\"@id\":\"https:\/\/www.nettali.com\/#website\",\"url\":\"https:\/\/www.nettali.com\/\",\"name\":\"Nettali.com\",\"description\":\"Le rendez-vous critique du Net\",\"potentialAction\":[{\"@type\":\"SearchAction\",\"target\":{\"@type\":\"EntryPoint\",\"urlTemplate\":\"https:\/\/www.nettali.com\/?s={search_term_string}\"},\"query-input\":\"required name=search_term_string\"}],\"inLanguage\":\"fr-FR\"},{\"@type\":\"ImageObject\",\"@id\":\"https:\/\/www.nettali.com\/2022\/09\/07\/football-aliou-cisse-carlos-queiroz-la-nouvelle-rencontre\/#primaryimage\",\"inLanguage\":\"fr-FR\",\"url\":\"https:\/\/www.nettali.com\/wp-content\/uploads\/2022\/09\/Capture-de\\u0301cran-2022-09-07-a\\u0300-16.02.10.png\",\"contentUrl\":\"https:\/\/www.nettali.com\/wp-content\/uploads\/2022\/09\/Capture-de\\u0301cran-2022-09-07-a\\u0300-16.02.10.png\",\"width\":716,\"height\":361},{\"@type\":\"WebPage\",\"@id\":\"https:\/\/www.nettali.com\/2022\/09\/07\/football-aliou-cisse-carlos-queiroz-la-nouvelle-rencontre\/#webpage\",\"url\":\"https:\/\/www.nettali.com\/2022\/09\/07\/football-aliou-cisse-carlos-queiroz-la-nouvelle-rencontre\/\",\"name\":\"FOOTBALL\/Aliou Ciss\\u00e9, Carlos Queiroz, la nouvelle rencontre | Nettali.com\",\"isPartOf\":{\"@id\":\"https:\/\/www.nettali.com\/#website\"},\"primaryImageOfPage\":{\"@id\":\"https:\/\/www.nettali.com\/2022\/09\/07\/football-aliou-cisse-carlos-queiroz-la-nouvelle-rencontre\/#primaryimage\"},\"datePublished\":\"2022-09-07T16:03:06+00:00\",\"dateModified\":\"2022-09-07T16:03:06+00:00\",\"author\":{\"@id\":\"https:\/\/www.nettali.com\/#\/schema\/person\/3317e0bb3aa1da309fbf7b2780901bf4\"},\"breadcrumb\":{\"@id\":\"https:\/\/www.nettali.com\/2022\/09\/07\/football-aliou-cisse-carlos-queiroz-la-nouvelle-rencontre\/#breadcrumb\"},\"inLanguage\":\"fr-FR\",\"potentialAction\":[{\"@type\":\"ReadAction\",\"target\":[\"https:\/\/www.nettali.com\/2022\/09\/07\/football-aliou-cisse-carlos-queiroz-la-nouvelle-rencontre\/\"]}]},{\"@type\":\"BreadcrumbList\",\"@id\":\"https:\/\/www.nettali.com\/2022\/09\/07\/football-aliou-cisse-carlos-queiroz-la-nouvelle-rencontre\/#breadcrumb\",\"itemListElement\":[{\"@type\":\"ListItem\",\"position\":1,\"name\":\"Accueil\",\"item\":\"https:\/\/www.nettali.com\/\"},{\"@type\":\"ListItem\",\"position\":2,\"name\":\"FOOTBALL\/Aliou Ciss\\u00e9, Carlos Queiroz, la nouvelle rencontre\"}]},{\"@type\":\"Person\",\"@id\":\"https:\/\/www.nettali.com\/#\/schema\/person\/3317e0bb3aa1da309fbf7b2780901bf4\",\"name\":\"Daouda\",\"image\":{\"@type\":\"ImageObject\",\"@id\":\"https:\/\/www.nettali.com\/#personlogo\",\"inLanguage\":\"fr-FR\",\"url\":\"https:\/\/secure.gravatar.com\/avatar\/8d143b5a49345098ddcfee1c49c2f47c?s=96&d=mm&r=g\",\"contentUrl\":\"https:\/\/secure.gravatar.com\/avatar\/8d143b5a49345098ddcfee1c49c2f47c?s=96&d=mm&r=g\",\"caption\":\"Daouda\"},\"sameAs\":[\"https:\/\/www.nettali.com\"]}]}<\/script>\n<!-- \/ Yoast SEO Premium plugin. -->","yoast_head_json":{"title":"FOOTBALL\/Aliou Ciss\u00e9, Carlos Queiroz, la nouvelle rencontre | Nettali.com","robots":{"index":"index","follow":"follow","max-snippet":"max-snippet:-1","max-image-preview":"max-image-preview:large","max-video-preview":"max-video-preview:-1"},"canonical":"https:\/\/www.nettali.com\/2022\/09\/07\/football-aliou-cisse-carlos-queiroz-la-nouvelle-rencontre\/","og_locale":"fr_FR","og_type":"article","og_title":"FOOTBALL\/Aliou Ciss\u00e9, Carlos Queiroz, la nouvelle rencontre","og_description":"NETTALI.COM - Le Portugais Carlos Queiroz, ancien s\u00e9lectionneur de l\u2019Egypte, dirige d\u00e9sormais l\u2019\u00e9quipe nationale d\u2019Iran, adversaire de celle du S\u00e9n\u00e9gal pour un match amical international pr\u00e9vu le 27 septembre prochain, annoncent plusieurs m\u00e9dias, dont le quotidien sportif fran\u00e7ais L\u2019Equipe. \u00a0 Queiroz dirigeait encore les Pharaons d\u2019Egypte lorsqu\u2019ils \u00e9taient battus par les Lions du S\u00e9n\u00e9gal en [&hellip;]","og_url":"https:\/\/www.nettali.com\/2022\/09\/07\/football-aliou-cisse-carlos-queiroz-la-nouvelle-rencontre\/","og_site_name":"Nettali.com","article_publisher":"https:\/\/www.facebook.com\/nettalicom","article_published_time":"2022-09-07T16:03:06+00:00","og_image":[{"width":716,"height":361,"url":"https:\/\/www.nettali.com\/wp-content\/uploads\/2022\/09\/Capture-de\u0301cran-2022-09-07-a\u0300-16.02.10.png","type":"image\/png"}],"twitter_card":"summary_large_image","twitter_misc":{"\u00c9crit par":"Daouda","Dur\u00e9e de lecture estim\u00e9e":"2 minutes"},"schema":{"@context":"https:\/\/schema.org","@graph":[{"@type":"WebSite","@id":"https:\/\/www.nettali.com\/#website","url":"https:\/\/www.nettali.com\/","name":"Nettali.com","description":"Le rendez-vous critique du Net","potentialAction":[{"@type":"SearchAction","target":{"@type":"EntryPoint","urlTemplate":"https:\/\/www.nettali.com\/?s={search_term_string}"},"query-input":"required name=search_term_string"}],"inLanguage":"fr-FR"},{"@type":"ImageObject","@id":"https:\/\/www.nettali.com\/2022\/09\/07\/football-aliou-cisse-carlos-queiroz-la-nouvelle-rencontre\/#primaryimage","inLanguage":"fr-FR","url":"https:\/\/www.nettali.com\/wp-content\/uploads\/2022\/09\/Capture-de\u0301cran-2022-09-07-a\u0300-16.02.10.png","contentUrl":"https:\/\/www.nettali.com\/wp-content\/uploads\/2022\/09\/Capture-de\u0301cran-2022-09-07-a\u0300-16.02.10.png","width":716,"height":361},{"@type":"WebPage","@id":"https:\/\/www.nettali.com\/2022\/09\/07\/football-aliou-cisse-carlos-queiroz-la-nouvelle-rencontre\/#webpage","url":"https:\/\/www.nettali.com\/2022\/09\/07\/football-aliou-cisse-carlos-queiroz-la-nouvelle-rencontre\/","name":"FOOTBALL\/Aliou Ciss\u00e9, Carlos Queiroz, la nouvelle rencontre | Nettali.com","isPartOf":{"@id":"https:\/\/www.nettali.com\/#website"},"primaryImageOfPage":{"@id":"https:\/\/www.nettali.com\/2022\/09\/07\/football-aliou-cisse-carlos-queiroz-la-nouvelle-rencontre\/#primaryimage"},"datePublished":"2022-09-07T16:03:06+00:00","dateModified":"2022-09-07T16:03:06+00:00","author":{"@id":"https:\/\/www.nettali.com\/#\/schema\/person\/3317e0bb3aa1da309fbf7b2780901bf4"},"breadcrumb":{"@id":"https:\/\/www.nettali.com\/2022\/09\/07\/football-aliou-cisse-carlos-queiroz-la-nouvelle-rencontre\/#breadcrumb"},"inLanguage":"fr-FR","potentialAction":[{"@type":"ReadAction","target":["https:\/\/www.nettali.com\/2022\/09\/07\/football-aliou-cisse-carlos-queiroz-la-nouvelle-rencontre\/"]}]},{"@type":"BreadcrumbList","@id":"https:\/\/www.nettali.com\/2022\/09\/07\/football-aliou-cisse-carlos-queiroz-la-nouvelle-rencontre\/#breadcrumb","itemListElement":[{"@type":"ListItem","position":1,"name":"Accueil","item":"https:\/\/www.nettali.com\/"},{"@type":"ListItem","position":2,"name":"FOOTBALL\/Aliou Ciss\u00e9, Carlos Queiroz, la nouvelle rencontre"}]},{"@type":"Person","@id":"https:\/\/www.nettali.com\/#\/schema\/person\/3317e0bb3aa1da309fbf7b2780901bf4","name":"Daouda","image":{"@type":"ImageObject","@id":"https:\/\/www.nettali.com\/#personlogo","inLanguage":"fr-FR","url":"https:\/\/secure.gravatar.com\/avatar\/8d143b5a49345098ddcfee1c49c2f47c?s=96&d=mm&r=g","contentUrl":"https:\/\/secure.gravatar.com\/avatar\/8d143b5a49345098ddcfee1c49c2f47c?s=96&d=mm&r=g","caption":"Daouda"},"sameAs":["https:\/\/www.nettali.com"]}]}},"_links":{"self":[{"href":"https:\/\/www.nettali.com\/rest\/wp\/v2\/posts\/93347"}],"collection":[{"href":"https:\/\/www.nettali.com\/rest\/wp\/v2\/posts"}],"about":[{"href":"https:\/\/www.nettali.com\/rest\/wp\/v2\/types\/post"}],"author":[{"embeddable":true,"href":"https:\/\/www.nettali.com\/rest\/wp\/v2\/users\/4"}],"replies":[{"embeddable":true,"href":"https:\/\/www.nettali.com\/rest\/wp\/v2\/comments?post=93347"}],"version-history":[{"count":1,"href":"https:\/\/www.nettali.com\/rest\/wp\/v2\/posts\/93347\/revisions"}],"predecessor-version":[{"id":93349,"href":"https:\/\/www.nettali.com\/rest\/wp\/v2\/posts\/93347\/revisions\/93349"}],"wp:featuredmedia":[{"embeddable":true,"href":"https:\/\/www.nettali.com\/rest\/wp\/v2\/media\/93348"}],"wp:attachment":[{"href":"https:\/\/www.nettali.com\/rest\/wp\/v2\/media?parent=93347"}],"wp:term":[{"taxonomy":"category","embeddable":true,"href":"https:\/\/www.nettali.com\/rest\/wp\/v2\/categories?post=93347"},{"taxonomy":"post_tag","embeddable":true,"href":"https:\/\/www.nettali.com\/rest\/wp\/v2\/tags?post=93347"}],"curies":[{"name":"wp","href":"https:\/\/api.w.org\/{rel}","templated":true}]}}