{"id":93170,"date":"2022-09-05T07:59:21","date_gmt":"2022-09-05T07:59:21","guid":{"rendered":"https:\/\/www.nettali.com\/?p=93170"},"modified":"2022-09-05T11:43:59","modified_gmt":"2022-09-05T11:43:59","slug":"affaire-doura-diallo-le-procureur-requiert-le-mandat-de-depot-contre-les-3-agents-de-sante","status":"publish","type":"post","link":"https:\/\/www.nettali.com\/2022\/09\/05\/affaire-doura-diallo-le-procureur-requiert-le-mandat-de-depot-contre-les-3-agents-de-sante\/","title":{"rendered":"AFFAIRE DOURA DIALLO \u2013 Le Procureur requiert le mandat de d\u00e9p\u00f4t contre les 3 agents de sant\u00e9"},"content":{"rendered":"<p><strong>NETTALI.COM - Malgr\u00e9 la gr\u00e8ve annonc\u00e9, le Procureur de Tambacounda a d\u00e9cid\u00e9 de confier le dossier \u00e0 un juge d\u2019instruction. Selon nos informations, dans son r\u00e9quisitoire introductif, il a requis le mandat de d\u00e9p\u00f4t contre les trois mis en cause, gard\u00e9s \u00e0 vue par la gendarmerie et d\u00e9f\u00e9r\u00e9s au parquet ce lundi.<\/strong><\/p>\n<p>Si le juge d\u2019instruction suit le parquet dans son r\u00e9quisitoire introductif, les trois agents de sant\u00e9 arr\u00eat\u00e9s dans le cadre de l\u2019enqu\u00eate sur la mort en couches de Doura Diallo et de son b\u00e9b\u00e9 au centre de sant\u00e9 de K\u00e9dougou, seront envoy\u00e9s en prison. En effet, le procureur Baye Thiam, apr\u00e8s avoir requis l\u2019ouverture d\u2019une information judiciaire, a sollicit\u00e9 du magistrat instructeur qu\u2019il place sous mandat de d\u00e9p\u00f4t les trois mis en cause : le gyn\u00e9cologue, l\u2019infirmier et l\u2019anesth\u00e9siste.<\/p>\n<p>Une d\u00e9cision qui n\u2019est pas pour calmer le Syndicat autonome des m\u00e9decins du S\u00e9n\u00e9gal (SAMES) \u00a0qui a d\u00e9cr\u00e9t\u00e9 48 heures de gr\u00e8ve, \u00e0 partir de ce lundi, dans toutes les structures sanitaires du S\u00e9n\u00e9gal.<\/p>\n<div class='share-to-whatsapp-wrapper'><div class='share-on-whsp'>PARTAGER SUR : <\/div><a data-text='AFFAIRE DOURA DIALLO \u2013 Le Procureur requiert le mandat de d\u00e9p\u00f4t contre les 3 agents de sant\u00e9' data-link='https:\/\/www.nettali.com\/2022\/09\/05\/affaire-doura-diallo-le-procureur-requiert-le-mandat-de-depot-contre-les-3-agents-de-sante\/' class='whatsapp-button whatsapp-share'>WhatsApp<\/a><div class='clear '><\/div><\/div>","protected":false},"excerpt":{"rendered":"<p>NETTALI.COM - Malgr\u00e9 la gr\u00e8ve annonc\u00e9, le Procureur de Tambacounda a d\u00e9cid\u00e9 de confier le dossier \u00e0 un juge d\u2019instruction. Selon nos informations, dans son r\u00e9quisitoire introductif, il a requis le mandat de d\u00e9p\u00f4t contre les trois mis en cause, gard\u00e9s \u00e0 vue par la gendarmerie et d\u00e9f\u00e9r\u00e9s au parquet ce lundi. Si le juge [&hellip;]<\/p>\n","protected":false},"author":4,"featured_media":92926,"comment_status":"open","ping_status":"open","sticky":false,"template":"","format":"standard","meta":{"_et_pb_use_builder":"","_et_pb_old_content":""},"categories":[3],"tags":[],"yoast_head":"<!-- This site is optimized with the Yoast SEO Premium plugin v17.8 (Yoast SEO v17.8) - https:\/\/yoast.com\/wordpress\/plugins\/seo\/ -->\n<title>AFFAIRE DOURA DIALLO \u2013 Le Procureur requiert le mandat de d\u00e9p\u00f4t contre les 3 agents de sant\u00e9 | Nettali.com<\/title>\n<meta name=\"robots\" content=\"index, follow, max-snippet:-1, max-image-preview:large, max-video-preview:-1\" \/>\n<link rel=\"canonical\" href=\"https:\/\/www.nettali.com\/2022\/09\/05\/affaire-doura-diallo-le-procureur-requiert-le-mandat-de-depot-contre-les-3-agents-de-sante\/\" \/>\n<meta property=\"og:locale\" content=\"fr_FR\" \/>\n<meta property=\"og:type\" content=\"article\" \/>\n<meta property=\"og:title\" content=\"AFFAIRE DOURA DIALLO \u2013 Le Procureur requiert le mandat de d\u00e9p\u00f4t contre les 3 agents de sant\u00e9\" \/>\n<meta property=\"og:description\" content=\"NETTALI.COM - Malgr\u00e9 la gr\u00e8ve annonc\u00e9, le Procureur de Tambacounda a d\u00e9cid\u00e9 de confier le dossier \u00e0 un juge d\u2019instruction. Selon nos informations, dans son r\u00e9quisitoire introductif, il a requis le mandat de d\u00e9p\u00f4t contre les trois mis en cause, gard\u00e9s \u00e0 vue par la gendarmerie et d\u00e9f\u00e9r\u00e9s au parquet ce lundi. Si le juge [&hellip;]\" \/>\n<meta property=\"og:url\" content=\"https:\/\/www.nettali.com\/2022\/09\/05\/affaire-doura-diallo-le-procureur-requiert-le-mandat-de-depot-contre-les-3-agents-de-sante\/\" \/>\n<meta property=\"og:site_name\" content=\"Nettali.com\" \/>\n<meta property=\"article:publisher\" content=\"https:\/\/www.facebook.com\/nettalicom\" \/>\n<meta property=\"article:published_time\" content=\"2022-09-05T07:59:21+00:00\" \/>\n<meta property=\"article:modified_time\" content=\"2022-09-05T11:43:59+00:00\" \/>\n<meta property=\"og:image\" content=\"https:\/\/www.nettali.com\/wp-content\/uploads\/2022\/09\/20220901_082826-e1662023779172.jpg\" \/>\n\t<meta property=\"og:image:width\" content=\"367\" \/>\n\t<meta property=\"og:image:height\" content=\"428\" \/>\n<meta name=\"twitter:card\" content=\"summary_large_image\" \/>\n<meta name=\"twitter:label1\" content=\"\u00c9crit par\" \/>\n\t<meta name=\"twitter:data1\" content=\"Daouda\" \/>\n\t<meta name=\"twitter:label2\" content=\"Dur\u00e9e de lecture estim\u00e9e\" \/>\n\t<meta name=\"twitter:data2\" content=\"1 minute\" \/>\n<script type=\"application\/ld+json\" class=\"yoast-schema-graph\">{\"@context\":\"https:\/\/schema.org\",\"@graph\":[{\"@type\":\"WebSite\",\"@id\":\"https:\/\/www.nettali.com\/#website\",\"url\":\"https:\/\/www.nettali.com\/\",\"name\":\"Nettali.com\",\"description\":\"Le rendez-vous critique du Net\",\"potentialAction\":[{\"@type\":\"SearchAction\",\"target\":{\"@type\":\"EntryPoint\",\"urlTemplate\":\"https:\/\/www.nettali.com\/?s={search_term_string}\"},\"query-input\":\"required name=search_term_string\"}],\"inLanguage\":\"fr-FR\"},{\"@type\":\"ImageObject\",\"@id\":\"https:\/\/www.nettali.com\/2022\/09\/05\/affaire-doura-diallo-le-procureur-requiert-le-mandat-de-depot-contre-les-3-agents-de-sante\/#primaryimage\",\"inLanguage\":\"fr-FR\",\"url\":\"https:\/\/www.nettali.com\/wp-content\/uploads\/2022\/09\/20220901_082826-e1662023779172.jpg\",\"contentUrl\":\"https:\/\/www.nettali.com\/wp-content\/uploads\/2022\/09\/20220901_082826-e1662023779172.jpg\",\"width\":367,\"height\":428},{\"@type\":\"WebPage\",\"@id\":\"https:\/\/www.nettali.com\/2022\/09\/05\/affaire-doura-diallo-le-procureur-requiert-le-mandat-de-depot-contre-les-3-agents-de-sante\/#webpage\",\"url\":\"https:\/\/www.nettali.com\/2022\/09\/05\/affaire-doura-diallo-le-procureur-requiert-le-mandat-de-depot-contre-les-3-agents-de-sante\/\",\"name\":\"AFFAIRE DOURA DIALLO \\u2013 Le Procureur requiert le mandat de d\\u00e9p\\u00f4t contre les 3 agents de sant\\u00e9 | Nettali.com\",\"isPartOf\":{\"@id\":\"https:\/\/www.nettali.com\/#website\"},\"primaryImageOfPage\":{\"@id\":\"https:\/\/www.nettali.com\/2022\/09\/05\/affaire-doura-diallo-le-procureur-requiert-le-mandat-de-depot-contre-les-3-agents-de-sante\/#primaryimage\"},\"datePublished\":\"2022-09-05T07:59:21+00:00\",\"dateModified\":\"2022-09-05T11:43:59+00:00\",\"author\":{\"@id\":\"https:\/\/www.nettali.com\/#\/schema\/person\/3317e0bb3aa1da309fbf7b2780901bf4\"},\"breadcrumb\":{\"@id\":\"https:\/\/www.nettali.com\/2022\/09\/05\/affaire-doura-diallo-le-procureur-requiert-le-mandat-de-depot-contre-les-3-agents-de-sante\/#breadcrumb\"},\"inLanguage\":\"fr-FR\",\"potentialAction\":[{\"@type\":\"ReadAction\",\"target\":[\"https:\/\/www.nettali.com\/2022\/09\/05\/affaire-doura-diallo-le-procureur-requiert-le-mandat-de-depot-contre-les-3-agents-de-sante\/\"]}]},{\"@type\":\"BreadcrumbList\",\"@id\":\"https:\/\/www.nettali.com\/2022\/09\/05\/affaire-doura-diallo-le-procureur-requiert-le-mandat-de-depot-contre-les-3-agents-de-sante\/#breadcrumb\",\"itemListElement\":[{\"@type\":\"ListItem\",\"position\":1,\"name\":\"Accueil\",\"item\":\"https:\/\/www.nettali.com\/\"},{\"@type\":\"ListItem\",\"position\":2,\"name\":\"AFFAIRE DOURA DIALLO \\u2013 Le Procureur requiert le mandat de d\\u00e9p\\u00f4t contre les 3 agents de sant\\u00e9\"}]},{\"@type\":\"Person\",\"@id\":\"https:\/\/www.nettali.com\/#\/schema\/person\/3317e0bb3aa1da309fbf7b2780901bf4\",\"name\":\"Daouda\",\"image\":{\"@type\":\"ImageObject\",\"@id\":\"https:\/\/www.nettali.com\/#personlogo\",\"inLanguage\":\"fr-FR\",\"url\":\"https:\/\/secure.gravatar.com\/avatar\/8d143b5a49345098ddcfee1c49c2f47c?s=96&d=mm&r=g\",\"contentUrl\":\"https:\/\/secure.gravatar.com\/avatar\/8d143b5a49345098ddcfee1c49c2f47c?s=96&d=mm&r=g\",\"caption\":\"Daouda\"},\"sameAs\":[\"https:\/\/www.nettali.com\"]}]}<\/script>\n<!-- \/ Yoast SEO Premium plugin. -->","yoast_head_json":{"title":"AFFAIRE DOURA DIALLO \u2013 Le Procureur requiert le mandat de d\u00e9p\u00f4t contre les 3 agents de sant\u00e9 | Nettali.com","robots":{"index":"index","follow":"follow","max-snippet":"max-snippet:-1","max-image-preview":"max-image-preview:large","max-video-preview":"max-video-preview:-1"},"canonical":"https:\/\/www.nettali.com\/2022\/09\/05\/affaire-doura-diallo-le-procureur-requiert-le-mandat-de-depot-contre-les-3-agents-de-sante\/","og_locale":"fr_FR","og_type":"article","og_title":"AFFAIRE DOURA DIALLO \u2013 Le Procureur requiert le mandat de d\u00e9p\u00f4t contre les 3 agents de sant\u00e9","og_description":"NETTALI.COM - Malgr\u00e9 la gr\u00e8ve annonc\u00e9, le Procureur de Tambacounda a d\u00e9cid\u00e9 de confier le dossier \u00e0 un juge d\u2019instruction. Selon nos informations, dans son r\u00e9quisitoire introductif, il a requis le mandat de d\u00e9p\u00f4t contre les trois mis en cause, gard\u00e9s \u00e0 vue par la gendarmerie et d\u00e9f\u00e9r\u00e9s au parquet ce lundi. Si le juge [&hellip;]","og_url":"https:\/\/www.nettali.com\/2022\/09\/05\/affaire-doura-diallo-le-procureur-requiert-le-mandat-de-depot-contre-les-3-agents-de-sante\/","og_site_name":"Nettali.com","article_publisher":"https:\/\/www.facebook.com\/nettalicom","article_published_time":"2022-09-05T07:59:21+00:00","article_modified_time":"2022-09-05T11:43:59+00:00","og_image":[{"width":367,"height":428,"url":"https:\/\/www.nettali.com\/wp-content\/uploads\/2022\/09\/20220901_082826-e1662023779172.jpg","type":"image\/jpeg"}],"twitter_card":"summary_large_image","twitter_misc":{"\u00c9crit par":"Daouda","Dur\u00e9e de lecture estim\u00e9e":"1 minute"},"schema":{"@context":"https:\/\/schema.org","@graph":[{"@type":"WebSite","@id":"https:\/\/www.nettali.com\/#website","url":"https:\/\/www.nettali.com\/","name":"Nettali.com","description":"Le rendez-vous critique du Net","potentialAction":[{"@type":"SearchAction","target":{"@type":"EntryPoint","urlTemplate":"https:\/\/www.nettali.com\/?s={search_term_string}"},"query-input":"required name=search_term_string"}],"inLanguage":"fr-FR"},{"@type":"ImageObject","@id":"https:\/\/www.nettali.com\/2022\/09\/05\/affaire-doura-diallo-le-procureur-requiert-le-mandat-de-depot-contre-les-3-agents-de-sante\/#primaryimage","inLanguage":"fr-FR","url":"https:\/\/www.nettali.com\/wp-content\/uploads\/2022\/09\/20220901_082826-e1662023779172.jpg","contentUrl":"https:\/\/www.nettali.com\/wp-content\/uploads\/2022\/09\/20220901_082826-e1662023779172.jpg","width":367,"height":428},{"@type":"WebPage","@id":"https:\/\/www.nettali.com\/2022\/09\/05\/affaire-doura-diallo-le-procureur-requiert-le-mandat-de-depot-contre-les-3-agents-de-sante\/#webpage","url":"https:\/\/www.nettali.com\/2022\/09\/05\/affaire-doura-diallo-le-procureur-requiert-le-mandat-de-depot-contre-les-3-agents-de-sante\/","name":"AFFAIRE DOURA DIALLO \u2013 Le Procureur requiert le mandat de d\u00e9p\u00f4t contre les 3 agents de sant\u00e9 | Nettali.com","isPartOf":{"@id":"https:\/\/www.nettali.com\/#website"},"primaryImageOfPage":{"@id":"https:\/\/www.nettali.com\/2022\/09\/05\/affaire-doura-diallo-le-procureur-requiert-le-mandat-de-depot-contre-les-3-agents-de-sante\/#primaryimage"},"datePublished":"2022-09-05T07:59:21+00:00","dateModified":"2022-09-05T11:43:59+00:00","author":{"@id":"https:\/\/www.nettali.com\/#\/schema\/person\/3317e0bb3aa1da309fbf7b2780901bf4"},"breadcrumb":{"@id":"https:\/\/www.nettali.com\/2022\/09\/05\/affaire-doura-diallo-le-procureur-requiert-le-mandat-de-depot-contre-les-3-agents-de-sante\/#breadcrumb"},"inLanguage":"fr-FR","potentialAction":[{"@type":"ReadAction","target":["https:\/\/www.nettali.com\/2022\/09\/05\/affaire-doura-diallo-le-procureur-requiert-le-mandat-de-depot-contre-les-3-agents-de-sante\/"]}]},{"@type":"BreadcrumbList","@id":"https:\/\/www.nettali.com\/2022\/09\/05\/affaire-doura-diallo-le-procureur-requiert-le-mandat-de-depot-contre-les-3-agents-de-sante\/#breadcrumb","itemListElement":[{"@type":"ListItem","position":1,"name":"Accueil","item":"https:\/\/www.nettali.com\/"},{"@type":"ListItem","position":2,"name":"AFFAIRE DOURA DIALLO \u2013 Le Procureur requiert le mandat de d\u00e9p\u00f4t contre les 3 agents de sant\u00e9"}]},{"@type":"Person","@id":"https:\/\/www.nettali.com\/#\/schema\/person\/3317e0bb3aa1da309fbf7b2780901bf4","name":"Daouda","image":{"@type":"ImageObject","@id":"https:\/\/www.nettali.com\/#personlogo","inLanguage":"fr-FR","url":"https:\/\/secure.gravatar.com\/avatar\/8d143b5a49345098ddcfee1c49c2f47c?s=96&d=mm&r=g","contentUrl":"https:\/\/secure.gravatar.com\/avatar\/8d143b5a49345098ddcfee1c49c2f47c?s=96&d=mm&r=g","caption":"Daouda"},"sameAs":["https:\/\/www.nettali.com"]}]}},"_links":{"self":[{"href":"https:\/\/www.nettali.com\/rest\/wp\/v2\/posts\/93170"}],"collection":[{"href":"https:\/\/www.nettali.com\/rest\/wp\/v2\/posts"}],"about":[{"href":"https:\/\/www.nettali.com\/rest\/wp\/v2\/types\/post"}],"author":[{"embeddable":true,"href":"https:\/\/www.nettali.com\/rest\/wp\/v2\/users\/4"}],"replies":[{"embeddable":true,"href":"https:\/\/www.nettali.com\/rest\/wp\/v2\/comments?post=93170"}],"version-history":[{"count":1,"href":"https:\/\/www.nettali.com\/rest\/wp\/v2\/posts\/93170\/revisions"}],"predecessor-version":[{"id":93171,"href":"https:\/\/www.nettali.com\/rest\/wp\/v2\/posts\/93170\/revisions\/93171"}],"wp:featuredmedia":[{"embeddable":true,"href":"https:\/\/www.nettali.com\/rest\/wp\/v2\/media\/92926"}],"wp:attachment":[{"href":"https:\/\/www.nettali.com\/rest\/wp\/v2\/media?parent=93170"}],"wp:term":[{"taxonomy":"category","embeddable":true,"href":"https:\/\/www.nettali.com\/rest\/wp\/v2\/categories?post=93170"},{"taxonomy":"post_tag","embeddable":true,"href":"https:\/\/www.nettali.com\/rest\/wp\/v2\/tags?post=93170"}],"curies":[{"name":"wp","href":"https:\/\/api.w.org\/{rel}","templated":true}]}}