{"id":93162,"date":"2022-09-05T07:34:03","date_gmt":"2022-09-05T07:34:03","guid":{"rendered":"https:\/\/www.nettali.com\/?p=93162"},"modified":"2022-09-05T07:34:03","modified_gmt":"2022-09-05T07:34:03","slug":"affaire-doura-diallo-le-systeme-de-sante-paralyse-par-une-greve-des-medecins","status":"publish","type":"post","link":"https:\/\/www.nettali.com\/2022\/09\/05\/affaire-doura-diallo-le-systeme-de-sante-paralyse-par-une-greve-des-medecins\/","title":{"rendered":"AFFAIRE DOURA DIALLO - Le syst\u00e8me de sant\u00e9 paralys\u00e9 par une gr\u00e8ve des m\u00e9decins"},"content":{"rendered":"<div class=\"texte\">\n<div class=\"access firstletter\">\n<div><span data-originalcomputedfontsize=\"18.66666603088379\" data-originalfontsize=\"14pt\"><strong>NETTALI.COM - Suite au d\u00e9c\u00e8s de la dame Doura Diallo et de son enfant lors de l'accouchement au centre de sant\u00e9 de K\u00e9dougou,\u00a0 les m\u00e9decins ont d\u00e9cr\u00e9t\u00e9 une gr\u00e8ve de 48 heures, suite \u00e0 la d\u00e9cision du procureur d'ordonner la garde \u00e0 vue de trois blouses blanches.<\/strong><\/p>\n<p>Le SAMES, Syndicat autonome des m\u00e9decins du S\u00e9n\u00e9gal, a d\u00e9cr\u00e9t\u00e9 un mot d'ordre de gr\u00e8ve de 48 heures ce lundi et mardi, renouvelable. Les m\u00e9decins exigent la lib\u00e9ration des trois agents du centre de sant\u00e9 de K\u00e9dougou, plac\u00e9s en garde \u00e0 vue, dans le cadre de l'enqu\u00eate sur le d\u00e9c\u00e8s de Doura Diallo et de son enfant.<\/span><\/div>\n<p><span data-originalcomputedfontsize=\"18.66666603088379\" data-originalfontsize=\"14pt\">\u00a0\u00ab\u00a0<em data-originalcomputedfontsize=\"18.66666603088379\" data-removefontsize=\"true\">Nous avons re\u00e7u une patiente. En moins d\u2019une heure et demie, elle a \u00e9t\u00e9 r\u00e9f\u00e9r\u00e9e pour une c\u00e9sarienne. Mais avant cela, elle a \u00e9t\u00e9 consult\u00e9e dans la structure pendant sept (7) mois par un gyn\u00e9cologue qui a fait une \u00e9chographie, \u00e9labor\u00e9 un plan de suivi pour une c\u00e9sarienne. Mais ensuite, le suivi s\u2019est fait dans un poste de sant\u00e9<\/em>\u00a0\u00bb, a inform\u00e9 le Secr\u00e9taire g\u00e9n\u00e9ral du Sames national qui s\u2019est r\u00e9joui du r\u00e9sultat de l\u2019audit envoy\u00e9 par le minist\u00e8re de tutelle...<\/span><\/div>\n<\/div>\n<div><\/div>\n<div>Selon lui, les mis en cause n'ont rien \u00e0 se reprocher.<\/div>\n<div class=\"hide_module_inside\">\n<div id=\"mod_4047092\" class=\"mod_4047092 wm-module fullbackground  module-article_connexe\">\n<div class=\"entete\"><\/div>\n<\/div>\n<\/div>\n<div class='share-to-whatsapp-wrapper'><div class='share-on-whsp'>PARTAGER SUR : <\/div><a data-text='AFFAIRE DOURA DIALLO - Le syst\u00e8me de sant\u00e9 paralys\u00e9 par une gr\u00e8ve des m\u00e9decins' data-link='https:\/\/www.nettali.com\/2022\/09\/05\/affaire-doura-diallo-le-systeme-de-sante-paralyse-par-une-greve-des-medecins\/' class='whatsapp-button whatsapp-share'>WhatsApp<\/a><div class='clear '><\/div><\/div>","protected":false},"excerpt":{"rendered":"<p>NETTALI.COM - Suite au d\u00e9c\u00e8s de la dame Doura Diallo et de son enfant lors de l'accouchement au centre de sant\u00e9 de K\u00e9dougou,\u00a0 les m\u00e9decins ont d\u00e9cr\u00e9t\u00e9 une gr\u00e8ve de 48 heures, suite \u00e0 la d\u00e9cision du procureur d'ordonner la garde \u00e0 vue de trois blouses blanches. Le SAMES, Syndicat autonome des m\u00e9decins du S\u00e9n\u00e9gal, [&hellip;]<\/p>\n","protected":false},"author":4,"featured_media":93037,"comment_status":"open","ping_status":"open","sticky":false,"template":"","format":"standard","meta":{"_et_pb_use_builder":"","_et_pb_old_content":""},"categories":[22],"tags":[],"yoast_head":"<!-- This site is optimized with the Yoast SEO Premium plugin v17.8 (Yoast SEO v17.8) - https:\/\/yoast.com\/wordpress\/plugins\/seo\/ -->\n<title>AFFAIRE DOURA DIALLO - Le syst\u00e8me de sant\u00e9 paralys\u00e9 par une gr\u00e8ve des m\u00e9decins | Nettali.com<\/title>\n<meta name=\"robots\" content=\"index, follow, max-snippet:-1, max-image-preview:large, max-video-preview:-1\" \/>\n<link rel=\"canonical\" href=\"https:\/\/www.nettali.com\/2022\/09\/05\/affaire-doura-diallo-le-systeme-de-sante-paralyse-par-une-greve-des-medecins\/\" \/>\n<meta property=\"og:locale\" content=\"fr_FR\" \/>\n<meta property=\"og:type\" content=\"article\" \/>\n<meta property=\"og:title\" content=\"AFFAIRE DOURA DIALLO - Le syst\u00e8me de sant\u00e9 paralys\u00e9 par une gr\u00e8ve des m\u00e9decins\" \/>\n<meta property=\"og:description\" content=\"NETTALI.COM - Suite au d\u00e9c\u00e8s de la dame Doura Diallo et de son enfant lors de l&#039;accouchement au centre de sant\u00e9 de K\u00e9dougou,\u00a0 les m\u00e9decins ont d\u00e9cr\u00e9t\u00e9 une gr\u00e8ve de 48 heures, suite \u00e0 la d\u00e9cision du procureur d&#039;ordonner la garde \u00e0 vue de trois blouses blanches. Le SAMES, Syndicat autonome des m\u00e9decins du S\u00e9n\u00e9gal, [&hellip;]\" \/>\n<meta property=\"og:url\" content=\"https:\/\/www.nettali.com\/2022\/09\/05\/affaire-doura-diallo-le-systeme-de-sante-paralyse-par-une-greve-des-medecins\/\" \/>\n<meta property=\"og:site_name\" content=\"Nettali.com\" \/>\n<meta property=\"article:publisher\" content=\"https:\/\/www.facebook.com\/nettalicom\" \/>\n<meta property=\"article:published_time\" content=\"2022-09-05T07:34:03+00:00\" \/>\n<meta property=\"og:image\" content=\"https:\/\/www.nettali.com\/wp-content\/uploads\/2022\/09\/dioura_2646.jpeg\" \/>\n\t<meta property=\"og:image:width\" content=\"1463\" \/>\n\t<meta property=\"og:image:height\" content=\"699\" \/>\n<meta name=\"twitter:card\" content=\"summary_large_image\" \/>\n<meta name=\"twitter:label1\" content=\"\u00c9crit par\" \/>\n\t<meta name=\"twitter:data1\" content=\"Daouda\" \/>\n\t<meta name=\"twitter:label2\" content=\"Dur\u00e9e de lecture estim\u00e9e\" \/>\n\t<meta name=\"twitter:data2\" content=\"1 minute\" \/>\n<script type=\"application\/ld+json\" class=\"yoast-schema-graph\">{\"@context\":\"https:\/\/schema.org\",\"@graph\":[{\"@type\":\"WebSite\",\"@id\":\"https:\/\/www.nettali.com\/#website\",\"url\":\"https:\/\/www.nettali.com\/\",\"name\":\"Nettali.com\",\"description\":\"Le rendez-vous critique du Net\",\"potentialAction\":[{\"@type\":\"SearchAction\",\"target\":{\"@type\":\"EntryPoint\",\"urlTemplate\":\"https:\/\/www.nettali.com\/?s={search_term_string}\"},\"query-input\":\"required name=search_term_string\"}],\"inLanguage\":\"fr-FR\"},{\"@type\":\"ImageObject\",\"@id\":\"https:\/\/www.nettali.com\/2022\/09\/05\/affaire-doura-diallo-le-systeme-de-sante-paralyse-par-une-greve-des-medecins\/#primaryimage\",\"inLanguage\":\"fr-FR\",\"url\":\"https:\/\/www.nettali.com\/wp-content\/uploads\/2022\/09\/dioura_2646.jpeg\",\"contentUrl\":\"https:\/\/www.nettali.com\/wp-content\/uploads\/2022\/09\/dioura_2646.jpeg\",\"width\":1463,\"height\":699},{\"@type\":\"WebPage\",\"@id\":\"https:\/\/www.nettali.com\/2022\/09\/05\/affaire-doura-diallo-le-systeme-de-sante-paralyse-par-une-greve-des-medecins\/#webpage\",\"url\":\"https:\/\/www.nettali.com\/2022\/09\/05\/affaire-doura-diallo-le-systeme-de-sante-paralyse-par-une-greve-des-medecins\/\",\"name\":\"AFFAIRE DOURA DIALLO - Le syst\\u00e8me de sant\\u00e9 paralys\\u00e9 par une gr\\u00e8ve des m\\u00e9decins | Nettali.com\",\"isPartOf\":{\"@id\":\"https:\/\/www.nettali.com\/#website\"},\"primaryImageOfPage\":{\"@id\":\"https:\/\/www.nettali.com\/2022\/09\/05\/affaire-doura-diallo-le-systeme-de-sante-paralyse-par-une-greve-des-medecins\/#primaryimage\"},\"datePublished\":\"2022-09-05T07:34:03+00:00\",\"dateModified\":\"2022-09-05T07:34:03+00:00\",\"author\":{\"@id\":\"https:\/\/www.nettali.com\/#\/schema\/person\/3317e0bb3aa1da309fbf7b2780901bf4\"},\"breadcrumb\":{\"@id\":\"https:\/\/www.nettali.com\/2022\/09\/05\/affaire-doura-diallo-le-systeme-de-sante-paralyse-par-une-greve-des-medecins\/#breadcrumb\"},\"inLanguage\":\"fr-FR\",\"potentialAction\":[{\"@type\":\"ReadAction\",\"target\":[\"https:\/\/www.nettali.com\/2022\/09\/05\/affaire-doura-diallo-le-systeme-de-sante-paralyse-par-une-greve-des-medecins\/\"]}]},{\"@type\":\"BreadcrumbList\",\"@id\":\"https:\/\/www.nettali.com\/2022\/09\/05\/affaire-doura-diallo-le-systeme-de-sante-paralyse-par-une-greve-des-medecins\/#breadcrumb\",\"itemListElement\":[{\"@type\":\"ListItem\",\"position\":1,\"name\":\"Accueil\",\"item\":\"https:\/\/www.nettali.com\/\"},{\"@type\":\"ListItem\",\"position\":2,\"name\":\"AFFAIRE DOURA DIALLO - Le syst\\u00e8me de sant\\u00e9 paralys\\u00e9 par une gr\\u00e8ve des m\\u00e9decins\"}]},{\"@type\":\"Person\",\"@id\":\"https:\/\/www.nettali.com\/#\/schema\/person\/3317e0bb3aa1da309fbf7b2780901bf4\",\"name\":\"Daouda\",\"image\":{\"@type\":\"ImageObject\",\"@id\":\"https:\/\/www.nettali.com\/#personlogo\",\"inLanguage\":\"fr-FR\",\"url\":\"https:\/\/secure.gravatar.com\/avatar\/8d143b5a49345098ddcfee1c49c2f47c?s=96&d=mm&r=g\",\"contentUrl\":\"https:\/\/secure.gravatar.com\/avatar\/8d143b5a49345098ddcfee1c49c2f47c?s=96&d=mm&r=g\",\"caption\":\"Daouda\"},\"sameAs\":[\"https:\/\/www.nettali.com\"]}]}<\/script>\n<!-- \/ Yoast SEO Premium plugin. -->","yoast_head_json":{"title":"AFFAIRE DOURA DIALLO - Le syst\u00e8me de sant\u00e9 paralys\u00e9 par une gr\u00e8ve des m\u00e9decins | Nettali.com","robots":{"index":"index","follow":"follow","max-snippet":"max-snippet:-1","max-image-preview":"max-image-preview:large","max-video-preview":"max-video-preview:-1"},"canonical":"https:\/\/www.nettali.com\/2022\/09\/05\/affaire-doura-diallo-le-systeme-de-sante-paralyse-par-une-greve-des-medecins\/","og_locale":"fr_FR","og_type":"article","og_title":"AFFAIRE DOURA DIALLO - Le syst\u00e8me de sant\u00e9 paralys\u00e9 par une gr\u00e8ve des m\u00e9decins","og_description":"NETTALI.COM - Suite au d\u00e9c\u00e8s de la dame Doura Diallo et de son enfant lors de l'accouchement au centre de sant\u00e9 de K\u00e9dougou,\u00a0 les m\u00e9decins ont d\u00e9cr\u00e9t\u00e9 une gr\u00e8ve de 48 heures, suite \u00e0 la d\u00e9cision du procureur d'ordonner la garde \u00e0 vue de trois blouses blanches. Le SAMES, Syndicat autonome des m\u00e9decins du S\u00e9n\u00e9gal, [&hellip;]","og_url":"https:\/\/www.nettali.com\/2022\/09\/05\/affaire-doura-diallo-le-systeme-de-sante-paralyse-par-une-greve-des-medecins\/","og_site_name":"Nettali.com","article_publisher":"https:\/\/www.facebook.com\/nettalicom","article_published_time":"2022-09-05T07:34:03+00:00","og_image":[{"width":1463,"height":699,"url":"https:\/\/www.nettali.com\/wp-content\/uploads\/2022\/09\/dioura_2646.jpeg","type":"image\/jpeg"}],"twitter_card":"summary_large_image","twitter_misc":{"\u00c9crit par":"Daouda","Dur\u00e9e de lecture estim\u00e9e":"1 minute"},"schema":{"@context":"https:\/\/schema.org","@graph":[{"@type":"WebSite","@id":"https:\/\/www.nettali.com\/#website","url":"https:\/\/www.nettali.com\/","name":"Nettali.com","description":"Le rendez-vous critique du Net","potentialAction":[{"@type":"SearchAction","target":{"@type":"EntryPoint","urlTemplate":"https:\/\/www.nettali.com\/?s={search_term_string}"},"query-input":"required name=search_term_string"}],"inLanguage":"fr-FR"},{"@type":"ImageObject","@id":"https:\/\/www.nettali.com\/2022\/09\/05\/affaire-doura-diallo-le-systeme-de-sante-paralyse-par-une-greve-des-medecins\/#primaryimage","inLanguage":"fr-FR","url":"https:\/\/www.nettali.com\/wp-content\/uploads\/2022\/09\/dioura_2646.jpeg","contentUrl":"https:\/\/www.nettali.com\/wp-content\/uploads\/2022\/09\/dioura_2646.jpeg","width":1463,"height":699},{"@type":"WebPage","@id":"https:\/\/www.nettali.com\/2022\/09\/05\/affaire-doura-diallo-le-systeme-de-sante-paralyse-par-une-greve-des-medecins\/#webpage","url":"https:\/\/www.nettali.com\/2022\/09\/05\/affaire-doura-diallo-le-systeme-de-sante-paralyse-par-une-greve-des-medecins\/","name":"AFFAIRE DOURA DIALLO - Le syst\u00e8me de sant\u00e9 paralys\u00e9 par une gr\u00e8ve des m\u00e9decins | Nettali.com","isPartOf":{"@id":"https:\/\/www.nettali.com\/#website"},"primaryImageOfPage":{"@id":"https:\/\/www.nettali.com\/2022\/09\/05\/affaire-doura-diallo-le-systeme-de-sante-paralyse-par-une-greve-des-medecins\/#primaryimage"},"datePublished":"2022-09-05T07:34:03+00:00","dateModified":"2022-09-05T07:34:03+00:00","author":{"@id":"https:\/\/www.nettali.com\/#\/schema\/person\/3317e0bb3aa1da309fbf7b2780901bf4"},"breadcrumb":{"@id":"https:\/\/www.nettali.com\/2022\/09\/05\/affaire-doura-diallo-le-systeme-de-sante-paralyse-par-une-greve-des-medecins\/#breadcrumb"},"inLanguage":"fr-FR","potentialAction":[{"@type":"ReadAction","target":["https:\/\/www.nettali.com\/2022\/09\/05\/affaire-doura-diallo-le-systeme-de-sante-paralyse-par-une-greve-des-medecins\/"]}]},{"@type":"BreadcrumbList","@id":"https:\/\/www.nettali.com\/2022\/09\/05\/affaire-doura-diallo-le-systeme-de-sante-paralyse-par-une-greve-des-medecins\/#breadcrumb","itemListElement":[{"@type":"ListItem","position":1,"name":"Accueil","item":"https:\/\/www.nettali.com\/"},{"@type":"ListItem","position":2,"name":"AFFAIRE DOURA DIALLO - Le syst\u00e8me de sant\u00e9 paralys\u00e9 par une gr\u00e8ve des m\u00e9decins"}]},{"@type":"Person","@id":"https:\/\/www.nettali.com\/#\/schema\/person\/3317e0bb3aa1da309fbf7b2780901bf4","name":"Daouda","image":{"@type":"ImageObject","@id":"https:\/\/www.nettali.com\/#personlogo","inLanguage":"fr-FR","url":"https:\/\/secure.gravatar.com\/avatar\/8d143b5a49345098ddcfee1c49c2f47c?s=96&d=mm&r=g","contentUrl":"https:\/\/secure.gravatar.com\/avatar\/8d143b5a49345098ddcfee1c49c2f47c?s=96&d=mm&r=g","caption":"Daouda"},"sameAs":["https:\/\/www.nettali.com"]}]}},"_links":{"self":[{"href":"https:\/\/www.nettali.com\/rest\/wp\/v2\/posts\/93162"}],"collection":[{"href":"https:\/\/www.nettali.com\/rest\/wp\/v2\/posts"}],"about":[{"href":"https:\/\/www.nettali.com\/rest\/wp\/v2\/types\/post"}],"author":[{"embeddable":true,"href":"https:\/\/www.nettali.com\/rest\/wp\/v2\/users\/4"}],"replies":[{"embeddable":true,"href":"https:\/\/www.nettali.com\/rest\/wp\/v2\/comments?post=93162"}],"version-history":[{"count":1,"href":"https:\/\/www.nettali.com\/rest\/wp\/v2\/posts\/93162\/revisions"}],"predecessor-version":[{"id":93163,"href":"https:\/\/www.nettali.com\/rest\/wp\/v2\/posts\/93162\/revisions\/93163"}],"wp:featuredmedia":[{"embeddable":true,"href":"https:\/\/www.nettali.com\/rest\/wp\/v2\/media\/93037"}],"wp:attachment":[{"href":"https:\/\/www.nettali.com\/rest\/wp\/v2\/media?parent=93162"}],"wp:term":[{"taxonomy":"category","embeddable":true,"href":"https:\/\/www.nettali.com\/rest\/wp\/v2\/categories?post=93162"},{"taxonomy":"post_tag","embeddable":true,"href":"https:\/\/www.nettali.com\/rest\/wp\/v2\/tags?post=93162"}],"curies":[{"name":"wp","href":"https:\/\/api.w.org\/{rel}","templated":true}]}}