{"id":93099,"date":"2022-09-03T18:11:47","date_gmt":"2022-09-03T18:11:47","guid":{"rendered":"https:\/\/www.nettali.com\/?p=93099"},"modified":"2022-09-05T08:02:23","modified_gmt":"2022-09-05T08:02:23","slug":"presidence-de-lassemblee-comment-wade-a-mis-la-pression-sur-yewwi-et-wallu","status":"publish","type":"post","link":"https:\/\/www.nettali.com\/2022\/09\/03\/presidence-de-lassemblee-comment-wade-a-mis-la-pression-sur-yewwi-et-wallu\/","title":{"rendered":"PRESIDENCE DE L'ASSEMBLEE - Comment Wade a mis la pression sur Yewwi et Wallu"},"content":{"rendered":"<p><strong>NETTALI.COM\u00a0 - En d\u00e9clarant tr\u00e8s t\u00f4t la candidature de Lamine Thiam pour pr\u00e9sider la prochaine Assembl\u00e9e nationale, Abdoulaye Wade et le Pds ont trouv\u00e9 un bon moyen de mettre la pression sur leurs alli\u00e9s. Du coup, Yewwi et Wallu se retrouvent face \u00e0 un dilemme corn\u00e9lien.\u00a0<\/strong><\/p>\n<p>Ahmed A\u00efdara, Lamine Thiam et Cheikh Abdou Bara Doly Mback\u00e9. Ce sont les trois d\u00e9put\u00e9s de l'opposition qui ont, pour le moment, d\u00e9clar\u00e9 la volont\u00e9 de briguer la pr\u00e9sidence de l'Assembl\u00e9e nationale. Mais du c\u00f4t\u00e9 de Yewwi, il n'y a pas que le d\u00e9put\u00e9 maire de Gu\u00e9diawaye. A\u00efdara va devoir convaincre face aux candidats qui n'attendent que la bonne heure pour se signaler.<\/p>\n<p>Les choses semblaient plus simples du c\u00f4t\u00e9 de Wallu S\u00e9n\u00e9gal. Choix de Me Abdoulaye Wade et du Parti d\u00e9mocratique s\u00e9n\u00e9galais (Pds), Lamine Thiam s'\u00e9tait ouvert un boulevard. Il devait donc naturellement d\u00e9fendre les couleurs de Wallu au sein de l'inter-coalition Yewwi-Wallu. Mais c'\u00e9tait sans compter avec Cheikh Abdou Bara Doly Mback\u00e9. Ce dernier a aussi annonc\u00e9 sa candidature \u00e0 la candidature de Yewwi-Wallu. Une situation pour le moins compliqu\u00e9e et qui porte la signature de Me Abdoulaye Wade. Le pape du sopi a annonc\u00e9 la candidature de Lamine Thiam sans aucune forme de concertation avec ses alli\u00e9s de Wallu. \"<em>Il a cherch\u00e9 \u00e0 nous mettre devant le fait accompli<\/em>\", regrette un leader de Wallu S\u00e9n\u00e9gal. D'ailleurs, une rencontre est pr\u00e9vue ce week-end entre Abdoulaye Wade et les leaders de Wallu afin de trouver un consensus. Une chose est s\u00fbre : il sera presque impossible de faire revenir Abdoulaye Wade sur son choix.<\/p>\n<p>Ce choix de Wade risque aussi de s'imposer \u00e0 l'inter-coalition. Si le comit\u00e9 scientifique cr\u00e9\u00e9 \u00e0 cet effet encourage les deux coalitions \u00e0 trouver d'abord un consensus sur un candidat, le plus difficile reste l'arbitrage entre le candidat choisi par Wade et celui de Yewwi. Une pression du pape du sopi qu'il va falloir g\u00e9rer. Puisque sans consensus autour d'un seul candidat, l'opposition n'aura aucune chance de battre le candidat de Benno Bokk Yakaar. Ce qui fait dire \u00e0 certains que la d\u00e9marche de Wade profite plus \u00e0 Macky Sall et \u00e0 Benno Bokk Yakaar qu'\u00e0 Yewwi ou Wallu.<\/p>\n<div class='share-to-whatsapp-wrapper'><div class='share-on-whsp'>PARTAGER SUR : <\/div><a data-text='PRESIDENCE DE L'ASSEMBLEE - Comment Wade a mis la pression sur Yewwi et Wallu' data-link='https:\/\/www.nettali.com\/2022\/09\/03\/presidence-de-lassemblee-comment-wade-a-mis-la-pression-sur-yewwi-et-wallu\/' class='whatsapp-button whatsapp-share'>WhatsApp<\/a><div class='clear '><\/div><\/div>","protected":false},"excerpt":{"rendered":"<p>NETTALI.COM\u00a0 - En d\u00e9clarant tr\u00e8s t\u00f4t la candidature de Lamine Thiam pour pr\u00e9sider la prochaine Assembl\u00e9e nationale, Abdoulaye Wade et le Pds ont trouv\u00e9 un bon moyen de mettre la pression sur leurs alli\u00e9s. Du coup, Yewwi et Wallu se retrouvent face \u00e0 un dilemme corn\u00e9lien.\u00a0 Ahmed A\u00efdara, Lamine Thiam et Cheikh Abdou Bara Doly [&hellip;]<\/p>\n","protected":false},"author":3,"featured_media":93100,"comment_status":"open","ping_status":"open","sticky":false,"template":"","format":"standard","meta":{"_et_pb_use_builder":"","_et_pb_old_content":""},"categories":[2],"tags":[],"yoast_head":"<!-- This site is optimized with the Yoast SEO Premium plugin v17.8 (Yoast SEO v17.8) - https:\/\/yoast.com\/wordpress\/plugins\/seo\/ -->\n<title>PRESIDENCE DE L&#039;ASSEMBLEE - Comment Wade a mis la pression sur Yewwi et Wallu | Nettali.com<\/title>\n<meta name=\"robots\" content=\"index, follow, max-snippet:-1, max-image-preview:large, max-video-preview:-1\" \/>\n<link rel=\"canonical\" href=\"https:\/\/www.nettali.com\/2022\/09\/03\/presidence-de-lassemblee-comment-wade-a-mis-la-pression-sur-yewwi-et-wallu\/\" \/>\n<meta property=\"og:locale\" content=\"fr_FR\" \/>\n<meta property=\"og:type\" content=\"article\" \/>\n<meta property=\"og:title\" content=\"PRESIDENCE DE L&#039;ASSEMBLEE - Comment Wade a mis la pression sur Yewwi et Wallu\" \/>\n<meta property=\"og:description\" content=\"NETTALI.COM\u00a0 - En d\u00e9clarant tr\u00e8s t\u00f4t la candidature de Lamine Thiam pour pr\u00e9sider la prochaine Assembl\u00e9e nationale, Abdoulaye Wade et le Pds ont trouv\u00e9 un bon moyen de mettre la pression sur leurs alli\u00e9s. Du coup, Yewwi et Wallu se retrouvent face \u00e0 un dilemme corn\u00e9lien.\u00a0 Ahmed A\u00efdara, Lamine Thiam et Cheikh Abdou Bara Doly [&hellip;]\" \/>\n<meta property=\"og:url\" content=\"https:\/\/www.nettali.com\/2022\/09\/03\/presidence-de-lassemblee-comment-wade-a-mis-la-pression-sur-yewwi-et-wallu\/\" \/>\n<meta property=\"og:site_name\" content=\"Nettali.com\" \/>\n<meta property=\"article:publisher\" content=\"https:\/\/www.facebook.com\/nettalicom\" \/>\n<meta property=\"article:published_time\" content=\"2022-09-03T18:11:47+00:00\" \/>\n<meta property=\"article:modified_time\" content=\"2022-09-05T08:02:23+00:00\" \/>\n<meta property=\"og:image\" content=\"https:\/\/www.nettali.com\/wp-content\/uploads\/2022\/09\/jad20220511-ass-senegal-opposition-wade-1256x628-1659169394.jpg\" \/>\n\t<meta property=\"og:image:width\" content=\"1256\" \/>\n\t<meta property=\"og:image:height\" content=\"628\" \/>\n<meta name=\"twitter:card\" content=\"summary_large_image\" \/>\n<meta name=\"twitter:label1\" content=\"\u00c9crit par\" \/>\n\t<meta name=\"twitter:data1\" content=\"Moustapha\" \/>\n\t<meta name=\"twitter:label2\" content=\"Dur\u00e9e de lecture estim\u00e9e\" \/>\n\t<meta name=\"twitter:data2\" content=\"2 minutes\" \/>\n<script type=\"application\/ld+json\" class=\"yoast-schema-graph\">{\"@context\":\"https:\/\/schema.org\",\"@graph\":[{\"@type\":\"WebSite\",\"@id\":\"https:\/\/www.nettali.com\/#website\",\"url\":\"https:\/\/www.nettali.com\/\",\"name\":\"Nettali.com\",\"description\":\"Le rendez-vous critique du Net\",\"potentialAction\":[{\"@type\":\"SearchAction\",\"target\":{\"@type\":\"EntryPoint\",\"urlTemplate\":\"https:\/\/www.nettali.com\/?s={search_term_string}\"},\"query-input\":\"required name=search_term_string\"}],\"inLanguage\":\"fr-FR\"},{\"@type\":\"ImageObject\",\"@id\":\"https:\/\/www.nettali.com\/2022\/09\/03\/presidence-de-lassemblee-comment-wade-a-mis-la-pression-sur-yewwi-et-wallu\/#primaryimage\",\"inLanguage\":\"fr-FR\",\"url\":\"https:\/\/www.nettali.com\/wp-content\/uploads\/2022\/09\/jad20220511-ass-senegal-opposition-wade-1256x628-1659169394.jpg\",\"contentUrl\":\"https:\/\/www.nettali.com\/wp-content\/uploads\/2022\/09\/jad20220511-ass-senegal-opposition-wade-1256x628-1659169394.jpg\",\"width\":1256,\"height\":628},{\"@type\":\"WebPage\",\"@id\":\"https:\/\/www.nettali.com\/2022\/09\/03\/presidence-de-lassemblee-comment-wade-a-mis-la-pression-sur-yewwi-et-wallu\/#webpage\",\"url\":\"https:\/\/www.nettali.com\/2022\/09\/03\/presidence-de-lassemblee-comment-wade-a-mis-la-pression-sur-yewwi-et-wallu\/\",\"name\":\"PRESIDENCE DE L'ASSEMBLEE - Comment Wade a mis la pression sur Yewwi et Wallu | Nettali.com\",\"isPartOf\":{\"@id\":\"https:\/\/www.nettali.com\/#website\"},\"primaryImageOfPage\":{\"@id\":\"https:\/\/www.nettali.com\/2022\/09\/03\/presidence-de-lassemblee-comment-wade-a-mis-la-pression-sur-yewwi-et-wallu\/#primaryimage\"},\"datePublished\":\"2022-09-03T18:11:47+00:00\",\"dateModified\":\"2022-09-05T08:02:23+00:00\",\"author\":{\"@id\":\"https:\/\/www.nettali.com\/#\/schema\/person\/7962a12a6e0267f88f0ffa544c36469a\"},\"breadcrumb\":{\"@id\":\"https:\/\/www.nettali.com\/2022\/09\/03\/presidence-de-lassemblee-comment-wade-a-mis-la-pression-sur-yewwi-et-wallu\/#breadcrumb\"},\"inLanguage\":\"fr-FR\",\"potentialAction\":[{\"@type\":\"ReadAction\",\"target\":[\"https:\/\/www.nettali.com\/2022\/09\/03\/presidence-de-lassemblee-comment-wade-a-mis-la-pression-sur-yewwi-et-wallu\/\"]}]},{\"@type\":\"BreadcrumbList\",\"@id\":\"https:\/\/www.nettali.com\/2022\/09\/03\/presidence-de-lassemblee-comment-wade-a-mis-la-pression-sur-yewwi-et-wallu\/#breadcrumb\",\"itemListElement\":[{\"@type\":\"ListItem\",\"position\":1,\"name\":\"Accueil\",\"item\":\"https:\/\/www.nettali.com\/\"},{\"@type\":\"ListItem\",\"position\":2,\"name\":\"PRESIDENCE DE L'ASSEMBLEE - Comment Wade a mis la pression sur Yewwi et Wallu\"}]},{\"@type\":\"Person\",\"@id\":\"https:\/\/www.nettali.com\/#\/schema\/person\/7962a12a6e0267f88f0ffa544c36469a\",\"name\":\"Moustapha\",\"image\":{\"@type\":\"ImageObject\",\"@id\":\"https:\/\/www.nettali.com\/#personlogo\",\"inLanguage\":\"fr-FR\",\"url\":\"https:\/\/secure.gravatar.com\/avatar\/10fdf6a071cccdcf374e3dbe45159590?s=96&d=mm&r=g\",\"contentUrl\":\"https:\/\/secure.gravatar.com\/avatar\/10fdf6a071cccdcf374e3dbe45159590?s=96&d=mm&r=g\",\"caption\":\"Moustapha\"},\"sameAs\":[\"https:\/\/www.nettali.com\"]}]}<\/script>\n<!-- \/ Yoast SEO Premium plugin. -->","yoast_head_json":{"title":"PRESIDENCE DE L'ASSEMBLEE - Comment Wade a mis la pression sur Yewwi et Wallu | Nettali.com","robots":{"index":"index","follow":"follow","max-snippet":"max-snippet:-1","max-image-preview":"max-image-preview:large","max-video-preview":"max-video-preview:-1"},"canonical":"https:\/\/www.nettali.com\/2022\/09\/03\/presidence-de-lassemblee-comment-wade-a-mis-la-pression-sur-yewwi-et-wallu\/","og_locale":"fr_FR","og_type":"article","og_title":"PRESIDENCE DE L'ASSEMBLEE - Comment Wade a mis la pression sur Yewwi et Wallu","og_description":"NETTALI.COM\u00a0 - En d\u00e9clarant tr\u00e8s t\u00f4t la candidature de Lamine Thiam pour pr\u00e9sider la prochaine Assembl\u00e9e nationale, Abdoulaye Wade et le Pds ont trouv\u00e9 un bon moyen de mettre la pression sur leurs alli\u00e9s. Du coup, Yewwi et Wallu se retrouvent face \u00e0 un dilemme corn\u00e9lien.\u00a0 Ahmed A\u00efdara, Lamine Thiam et Cheikh Abdou Bara Doly [&hellip;]","og_url":"https:\/\/www.nettali.com\/2022\/09\/03\/presidence-de-lassemblee-comment-wade-a-mis-la-pression-sur-yewwi-et-wallu\/","og_site_name":"Nettali.com","article_publisher":"https:\/\/www.facebook.com\/nettalicom","article_published_time":"2022-09-03T18:11:47+00:00","article_modified_time":"2022-09-05T08:02:23+00:00","og_image":[{"width":1256,"height":628,"url":"https:\/\/www.nettali.com\/wp-content\/uploads\/2022\/09\/jad20220511-ass-senegal-opposition-wade-1256x628-1659169394.jpg","type":"image\/jpeg"}],"twitter_card":"summary_large_image","twitter_misc":{"\u00c9crit par":"Moustapha","Dur\u00e9e de lecture estim\u00e9e":"2 minutes"},"schema":{"@context":"https:\/\/schema.org","@graph":[{"@type":"WebSite","@id":"https:\/\/www.nettali.com\/#website","url":"https:\/\/www.nettali.com\/","name":"Nettali.com","description":"Le rendez-vous critique du Net","potentialAction":[{"@type":"SearchAction","target":{"@type":"EntryPoint","urlTemplate":"https:\/\/www.nettali.com\/?s={search_term_string}"},"query-input":"required name=search_term_string"}],"inLanguage":"fr-FR"},{"@type":"ImageObject","@id":"https:\/\/www.nettali.com\/2022\/09\/03\/presidence-de-lassemblee-comment-wade-a-mis-la-pression-sur-yewwi-et-wallu\/#primaryimage","inLanguage":"fr-FR","url":"https:\/\/www.nettali.com\/wp-content\/uploads\/2022\/09\/jad20220511-ass-senegal-opposition-wade-1256x628-1659169394.jpg","contentUrl":"https:\/\/www.nettali.com\/wp-content\/uploads\/2022\/09\/jad20220511-ass-senegal-opposition-wade-1256x628-1659169394.jpg","width":1256,"height":628},{"@type":"WebPage","@id":"https:\/\/www.nettali.com\/2022\/09\/03\/presidence-de-lassemblee-comment-wade-a-mis-la-pression-sur-yewwi-et-wallu\/#webpage","url":"https:\/\/www.nettali.com\/2022\/09\/03\/presidence-de-lassemblee-comment-wade-a-mis-la-pression-sur-yewwi-et-wallu\/","name":"PRESIDENCE DE L'ASSEMBLEE - Comment Wade a mis la pression sur Yewwi et Wallu | Nettali.com","isPartOf":{"@id":"https:\/\/www.nettali.com\/#website"},"primaryImageOfPage":{"@id":"https:\/\/www.nettali.com\/2022\/09\/03\/presidence-de-lassemblee-comment-wade-a-mis-la-pression-sur-yewwi-et-wallu\/#primaryimage"},"datePublished":"2022-09-03T18:11:47+00:00","dateModified":"2022-09-05T08:02:23+00:00","author":{"@id":"https:\/\/www.nettali.com\/#\/schema\/person\/7962a12a6e0267f88f0ffa544c36469a"},"breadcrumb":{"@id":"https:\/\/www.nettali.com\/2022\/09\/03\/presidence-de-lassemblee-comment-wade-a-mis-la-pression-sur-yewwi-et-wallu\/#breadcrumb"},"inLanguage":"fr-FR","potentialAction":[{"@type":"ReadAction","target":["https:\/\/www.nettali.com\/2022\/09\/03\/presidence-de-lassemblee-comment-wade-a-mis-la-pression-sur-yewwi-et-wallu\/"]}]},{"@type":"BreadcrumbList","@id":"https:\/\/www.nettali.com\/2022\/09\/03\/presidence-de-lassemblee-comment-wade-a-mis-la-pression-sur-yewwi-et-wallu\/#breadcrumb","itemListElement":[{"@type":"ListItem","position":1,"name":"Accueil","item":"https:\/\/www.nettali.com\/"},{"@type":"ListItem","position":2,"name":"PRESIDENCE DE L'ASSEMBLEE - Comment Wade a mis la pression sur Yewwi et Wallu"}]},{"@type":"Person","@id":"https:\/\/www.nettali.com\/#\/schema\/person\/7962a12a6e0267f88f0ffa544c36469a","name":"Moustapha","image":{"@type":"ImageObject","@id":"https:\/\/www.nettali.com\/#personlogo","inLanguage":"fr-FR","url":"https:\/\/secure.gravatar.com\/avatar\/10fdf6a071cccdcf374e3dbe45159590?s=96&d=mm&r=g","contentUrl":"https:\/\/secure.gravatar.com\/avatar\/10fdf6a071cccdcf374e3dbe45159590?s=96&d=mm&r=g","caption":"Moustapha"},"sameAs":["https:\/\/www.nettali.com"]}]}},"_links":{"self":[{"href":"https:\/\/www.nettali.com\/rest\/wp\/v2\/posts\/93099"}],"collection":[{"href":"https:\/\/www.nettali.com\/rest\/wp\/v2\/posts"}],"about":[{"href":"https:\/\/www.nettali.com\/rest\/wp\/v2\/types\/post"}],"author":[{"embeddable":true,"href":"https:\/\/www.nettali.com\/rest\/wp\/v2\/users\/3"}],"replies":[{"embeddable":true,"href":"https:\/\/www.nettali.com\/rest\/wp\/v2\/comments?post=93099"}],"version-history":[{"count":1,"href":"https:\/\/www.nettali.com\/rest\/wp\/v2\/posts\/93099\/revisions"}],"predecessor-version":[{"id":93101,"href":"https:\/\/www.nettali.com\/rest\/wp\/v2\/posts\/93099\/revisions\/93101"}],"wp:featuredmedia":[{"embeddable":true,"href":"https:\/\/www.nettali.com\/rest\/wp\/v2\/media\/93100"}],"wp:attachment":[{"href":"https:\/\/www.nettali.com\/rest\/wp\/v2\/media?parent=93099"}],"wp:term":[{"taxonomy":"category","embeddable":true,"href":"https:\/\/www.nettali.com\/rest\/wp\/v2\/categories?post=93099"},{"taxonomy":"post_tag","embeddable":true,"href":"https:\/\/www.nettali.com\/rest\/wp\/v2\/tags?post=93099"}],"curies":[{"name":"wp","href":"https:\/\/api.w.org\/{rel}","templated":true}]}}