{"id":93093,"date":"2022-09-03T15:58:24","date_gmt":"2022-09-03T15:58:24","guid":{"rendered":"https:\/\/www.nettali.com\/?p=93093"},"modified":"2022-09-05T20:36:01","modified_gmt":"2022-09-05T20:36:01","slug":"affaire-doura-diallo-quand-le-procureur-semmele-les-pinceaux","status":"publish","type":"post","link":"https:\/\/www.nettali.com\/2022\/09\/03\/affaire-doura-diallo-quand-le-procureur-semmele-les-pinceaux\/","title":{"rendered":"AFFAIRE DOURA DIALLO - Quand le procureur s'emm\u00eale les pinceaux"},"content":{"rendered":"<p><strong>NETTALI.COM - L'affaire Doura Diallo, du nom de cette femme d\u00e9c\u00e9d\u00e9e en couche en m\u00eame temps que son nouveau-n\u00e9, n'a pas encore livr\u00e9 tous ses secrets. Mais le moins que l'on puisse dire, c'est que la communication du procureur Baye Thiam ne fait qu'augmenter la confusion.<\/strong><\/p>\n<p>Le procureur de K\u00e9dougou n'a pas perdu son temps. Aussit\u00f4t inform\u00e9 du d\u00e9c\u00e8s en couche d'une femme et de son b\u00e9b\u00e9, Baye Thiam a envoy\u00e9 ses enqu\u00eateurs. Ces derniers font le job et placent trois personnes en position de garde \u00e0 vue. Il s'agit du gyn\u00e9cologue L\u00e9once Mbade Faye et deux de ses collaborateurs, l'anesth\u00e9siste Abdou Aziz Dioum et l'infirmier Bakary Diabakhat\u00e9.<\/p>\n<p>Dans un communiqu\u00e9, le procureur a fait un r\u00e9cit des circonstances du drame survenu au district sanitaire de K\u00e9dougou. Non sans charger lourdement les trois personnes arr\u00eat\u00e9es. Le magistrat les accuse notamment d'avoir agi \"sans piti\u00e9, ni sentiment\", sans m\u00eame tenir compte de la fragilit\u00e9 du b\u00e9b\u00e9 et des ant\u00e9c\u00e9dents de la dame Mamy Doura Diallo.<\/p>\n<p>\"<em>Le comble s'est produit une fois au bloc op\u00e9ratoire lorsque le gyn\u00e9cologue ainsi que l'anesth\u00e9siste ont d\u00e9lib\u00e9r\u00e9ment d\u00e9cid\u00e9, sans m\u00eame avoir pr\u00e9alablement consult\u00e9 le mari de la d\u00e9funte, de proc\u00e9der \u00e0 une hyst\u00e9rectomie, c'est-\u00e0-dire une ablation totale de l'ut\u00e9rus. <\/em><em>En outre, les man\u0153uvres du gyn\u00e9cologue pour extraire le nouveau-n\u00e9, ont caus\u00e9 le d\u00e9c\u00e8s de ce dernier. Le billet de mort de l'enfant venait d'\u00eatre froidement act\u00e9 par ces ''actes dits m\u00e9dicaux'' pour ne pas dire ''radicaux''. Les d\u00e9clarations spontan\u00e9es des parties (personnel m\u00e9dical et le mari de la d\u00e9funte) indiquaient que le f\u0153tus, \u00e0 l\u2019arriv\u00e9e de sa maman, \u00e9tait vivant car le mari, pr\u00e9sent \u00e0 l'accouchement, avait pos\u00e9 la question au m\u00e9decin qui lui a confirm\u00e9 effectivement qu'il respirait<\/em>\", a notamment \u00e9crit le procureur dans un communiqu\u00e9 largement repris par la presse.<\/p>\n<p>Seulement, les d\u00e9clarations du procureur sont battues en br\u00e8che par de nombreux sp\u00e9cialistes. Selon ces derniers, Baye Thiam s'est aventur\u00e9 dans un domaine qu'il ne ma\u00eetrise pas forc\u00e9ment. \"<em>Il peut arriver pour sauver la maman porteuse d'un foetus d\u00e9j\u00e0 mort de proc\u00e9der \u00e0 un embroyotomie (couper le b\u00e9b\u00e9 mort). C'est un acte valide<\/em>\", explique un m\u00e9decin exer\u00e7ant \u00e0 l'h\u00f4pital Fann de Dakar. D'autres contestent m\u00eame la chronologie des faits relat\u00e9s par le procureur. \"<em>La femme n'a pas \u00e9t\u00e9 consult\u00e9e au centre de sant\u00e9, mais au poste de sant\u00e9 de Dalaba. C'est aussi faux de dire que la femme est venue \u00e0 8 heures au centre de sant\u00e9 de K\u00e9dougou. Elle a \u00e9t\u00e9 re\u00e7ue \u00e0 13h 30 et admise au bloc \u00e0 15 heures. C'est aussi un mensonge de dire qu'une matrone a appel\u00e9 le gyn\u00e9cologue. C'est une sage-femme qui l'a fait \u00e0 l'arriv\u00e9e de la dame avec une pr\u00e9sentation engag\u00e9e avec microscopie\"<\/em>, raconte une source. Contrairement donc \u00e0 ce que dit le procureur.<\/p>\n<p>Ce dernier raconte : <em>\"Dans la journ\u00e9e du 30 ao\u00fbt 2022, la nomm\u00e9e Doura Diallo a \u00e9t\u00e9 admise au District sanitaire de K\u00e9dougou au service de la Maternit\u00e9 aux environs de 08 heures du matin accompagn\u00e9e de son \u00e9poux, Malick Ciss\u00e9 alias Mor.\u00a0<\/em><em>La matrone, apr\u00e8s l'avoir consult\u00e9e et constat\u00e9e un affleurement de la t\u00eate du b\u00e9b\u00e9, a appel\u00e9 le gyn\u00e9cologue. Ce dernier, arriv\u00e9 aux environs de 16 heures, a essay\u00e9 d'accoucher la femme par voie basse jusqu'\u00e0 faire sortir la t\u00eate. Mais les \u00e9paules du b\u00e9b\u00e9, \u00e9tant bloqu\u00e9es, peinaient \u00e0 sortir du fait du volume et ce, contrairement \u00e0 la volont\u00e9 de son \u00e9poux qui le suppliait de faire une c\u00e9sarienne compte tenu de ses ant\u00e9c\u00e9dents. C'est ainsi, sans piti\u00e9 ni sentiment, qu'il a continu\u00e9 de man\u0153uvrer sans m\u00eame tenir compte de la fragilit\u00e9 du b\u00e9b\u00e9.<\/em>\"<\/p>\n<p>Mais, ce sont surtout les infractions vis\u00e9es par le procureur qui risquent de susciter une vive pol\u00e9mique. Puisque dans cette m\u00eame affaire, deux communiqu\u00e9s sign\u00e9s par le m\u00eame procureur, circulent dans les m\u00e9dias. Et les deux textes ne disent pas la m\u00eame chose. Dans le premier texte, on peut lire : \"<em>Eu \u00e9gard \u00e0 la gravit\u00e9 des faits et apr\u00e8s les premiers interrogatoires, les personnes mises en cause sont arr\u00eat\u00e9es et plac\u00e9es en position de garde \u00e0 vue pour homicide volontaire et complicit\u00e9 de ce chef, faits pr\u00e9vus et punis par les dispositions des articles 45-3, 46, 280 et 287 du Code p\u00e9nal.<\/em>\" Les articles 280 et 287 pr\u00e9voient, en effet, les infractions de\u00a0 meurtre et d'assassinat tandis que les autres articles vis\u00e9s condamnent la complicit\u00e9 de ces crimes.<\/p>\n<p>Toutefois, tard dans la soir\u00e9e du vendredi, un autre communiqu\u00e9 du procureur est apparu. Cette fois, on vise l'homicide involontaire. \"<em>Une enqu\u00eate est ouverte et confi\u00e9e \u00e0 la Brigade de gendarmerie de K\u00e9dougou contre les nomm\u00e9s L\u00e9once Mbade Faye, Abdou Aziz Dioum et Bakary Di\u00e9bakhat\u00e9 pour les faits d'homicide involontaire et de complicit\u00e9, faits pr\u00e9vus et punis par les articles 307, 45, 46 du code p\u00e9nal<\/em>\", lit-on sur l'autre texte. En effet, l'article 307 r\u00e9prime l'homicide ou les blessures\u00a0 involontaires commis par maladresse, imprudence, inattention, ne\u0301gligence ou inobservation des re\u0300glements par un emprisonnement de six mois a\u0300 cinq ans et une amende de 20.000 a\u0300 300.000 francs.<\/p>\n<p>Toutes choses qui font dire qu'autant le Procureur s'est tromp\u00e9 dans la chronologie des faits, autant il s'est gour\u00e9 dans l'incrimination des mis en cause avant de se raviser.<\/p>\n<p>&nbsp;<\/p>\n<div class='share-to-whatsapp-wrapper'><div class='share-on-whsp'>PARTAGER SUR : <\/div><a data-text='AFFAIRE DOURA DIALLO - Quand le procureur s'emm\u00eale les pinceaux' data-link='https:\/\/www.nettali.com\/2022\/09\/03\/affaire-doura-diallo-quand-le-procureur-semmele-les-pinceaux\/' class='whatsapp-button whatsapp-share'>WhatsApp<\/a><div class='clear '><\/div><\/div>","protected":false},"excerpt":{"rendered":"<p>NETTALI.COM - L'affaire Doura Diallo, du nom de cette femme d\u00e9c\u00e9d\u00e9e en couche en m\u00eame temps que son nouveau-n\u00e9, n'a pas encore livr\u00e9 tous ses secrets. Mais le moins que l'on puisse dire, c'est que la communication du procureur Baye Thiam ne fait qu'augmenter la confusion. Le procureur de K\u00e9dougou n'a pas perdu son temps. [&hellip;]<\/p>\n","protected":false},"author":3,"featured_media":92926,"comment_status":"open","ping_status":"open","sticky":false,"template":"","format":"standard","meta":{"_et_pb_use_builder":"","_et_pb_old_content":""},"categories":[3],"tags":[],"yoast_head":"<!-- This site is optimized with the Yoast SEO Premium plugin v17.8 (Yoast SEO v17.8) - https:\/\/yoast.com\/wordpress\/plugins\/seo\/ -->\n<title>AFFAIRE DOURA DIALLO - Quand le procureur s&#039;emm\u00eale les pinceaux | Nettali.com<\/title>\n<meta name=\"robots\" content=\"index, follow, max-snippet:-1, max-image-preview:large, max-video-preview:-1\" \/>\n<link rel=\"canonical\" href=\"https:\/\/www.nettali.com\/2022\/09\/03\/affaire-doura-diallo-quand-le-procureur-semmele-les-pinceaux\/\" \/>\n<meta property=\"og:locale\" content=\"fr_FR\" \/>\n<meta property=\"og:type\" content=\"article\" \/>\n<meta property=\"og:title\" content=\"AFFAIRE DOURA DIALLO - Quand le procureur s&#039;emm\u00eale les pinceaux\" \/>\n<meta property=\"og:description\" content=\"NETTALI.COM - L&#039;affaire Doura Diallo, du nom de cette femme d\u00e9c\u00e9d\u00e9e en couche en m\u00eame temps que son nouveau-n\u00e9, n&#039;a pas encore livr\u00e9 tous ses secrets. Mais le moins que l&#039;on puisse dire, c&#039;est que la communication du procureur Baye Thiam ne fait qu&#039;augmenter la confusion. Le procureur de K\u00e9dougou n&#039;a pas perdu son temps. [&hellip;]\" \/>\n<meta property=\"og:url\" content=\"https:\/\/www.nettali.com\/2022\/09\/03\/affaire-doura-diallo-quand-le-procureur-semmele-les-pinceaux\/\" \/>\n<meta property=\"og:site_name\" content=\"Nettali.com\" \/>\n<meta property=\"article:publisher\" content=\"https:\/\/www.facebook.com\/nettalicom\" \/>\n<meta property=\"article:published_time\" content=\"2022-09-03T15:58:24+00:00\" \/>\n<meta property=\"article:modified_time\" content=\"2022-09-05T20:36:01+00:00\" \/>\n<meta property=\"og:image\" content=\"https:\/\/www.nettali.com\/wp-content\/uploads\/2022\/09\/20220901_082826-e1662023779172.jpg\" \/>\n\t<meta property=\"og:image:width\" content=\"367\" \/>\n\t<meta property=\"og:image:height\" content=\"428\" \/>\n<meta name=\"twitter:card\" content=\"summary_large_image\" \/>\n<meta name=\"twitter:label1\" content=\"\u00c9crit par\" \/>\n\t<meta name=\"twitter:data1\" content=\"Moustapha\" \/>\n\t<meta name=\"twitter:label2\" content=\"Dur\u00e9e de lecture estim\u00e9e\" \/>\n\t<meta name=\"twitter:data2\" content=\"5 minutes\" \/>\n<script type=\"application\/ld+json\" class=\"yoast-schema-graph\">{\"@context\":\"https:\/\/schema.org\",\"@graph\":[{\"@type\":\"WebSite\",\"@id\":\"https:\/\/www.nettali.com\/#website\",\"url\":\"https:\/\/www.nettali.com\/\",\"name\":\"Nettali.com\",\"description\":\"Le rendez-vous critique du Net\",\"potentialAction\":[{\"@type\":\"SearchAction\",\"target\":{\"@type\":\"EntryPoint\",\"urlTemplate\":\"https:\/\/www.nettali.com\/?s={search_term_string}\"},\"query-input\":\"required name=search_term_string\"}],\"inLanguage\":\"fr-FR\"},{\"@type\":\"ImageObject\",\"@id\":\"https:\/\/www.nettali.com\/2022\/09\/03\/affaire-doura-diallo-quand-le-procureur-semmele-les-pinceaux\/#primaryimage\",\"inLanguage\":\"fr-FR\",\"url\":\"https:\/\/www.nettali.com\/wp-content\/uploads\/2022\/09\/20220901_082826-e1662023779172.jpg\",\"contentUrl\":\"https:\/\/www.nettali.com\/wp-content\/uploads\/2022\/09\/20220901_082826-e1662023779172.jpg\",\"width\":367,\"height\":428},{\"@type\":\"WebPage\",\"@id\":\"https:\/\/www.nettali.com\/2022\/09\/03\/affaire-doura-diallo-quand-le-procureur-semmele-les-pinceaux\/#webpage\",\"url\":\"https:\/\/www.nettali.com\/2022\/09\/03\/affaire-doura-diallo-quand-le-procureur-semmele-les-pinceaux\/\",\"name\":\"AFFAIRE DOURA DIALLO - Quand le procureur s'emm\\u00eale les pinceaux | Nettali.com\",\"isPartOf\":{\"@id\":\"https:\/\/www.nettali.com\/#website\"},\"primaryImageOfPage\":{\"@id\":\"https:\/\/www.nettali.com\/2022\/09\/03\/affaire-doura-diallo-quand-le-procureur-semmele-les-pinceaux\/#primaryimage\"},\"datePublished\":\"2022-09-03T15:58:24+00:00\",\"dateModified\":\"2022-09-05T20:36:01+00:00\",\"author\":{\"@id\":\"https:\/\/www.nettali.com\/#\/schema\/person\/7962a12a6e0267f88f0ffa544c36469a\"},\"breadcrumb\":{\"@id\":\"https:\/\/www.nettali.com\/2022\/09\/03\/affaire-doura-diallo-quand-le-procureur-semmele-les-pinceaux\/#breadcrumb\"},\"inLanguage\":\"fr-FR\",\"potentialAction\":[{\"@type\":\"ReadAction\",\"target\":[\"https:\/\/www.nettali.com\/2022\/09\/03\/affaire-doura-diallo-quand-le-procureur-semmele-les-pinceaux\/\"]}]},{\"@type\":\"BreadcrumbList\",\"@id\":\"https:\/\/www.nettali.com\/2022\/09\/03\/affaire-doura-diallo-quand-le-procureur-semmele-les-pinceaux\/#breadcrumb\",\"itemListElement\":[{\"@type\":\"ListItem\",\"position\":1,\"name\":\"Accueil\",\"item\":\"https:\/\/www.nettali.com\/\"},{\"@type\":\"ListItem\",\"position\":2,\"name\":\"AFFAIRE DOURA DIALLO - Quand le procureur s'emm\\u00eale les pinceaux\"}]},{\"@type\":\"Person\",\"@id\":\"https:\/\/www.nettali.com\/#\/schema\/person\/7962a12a6e0267f88f0ffa544c36469a\",\"name\":\"Moustapha\",\"image\":{\"@type\":\"ImageObject\",\"@id\":\"https:\/\/www.nettali.com\/#personlogo\",\"inLanguage\":\"fr-FR\",\"url\":\"https:\/\/secure.gravatar.com\/avatar\/10fdf6a071cccdcf374e3dbe45159590?s=96&d=mm&r=g\",\"contentUrl\":\"https:\/\/secure.gravatar.com\/avatar\/10fdf6a071cccdcf374e3dbe45159590?s=96&d=mm&r=g\",\"caption\":\"Moustapha\"},\"sameAs\":[\"https:\/\/www.nettali.com\"]}]}<\/script>\n<!-- \/ Yoast SEO Premium plugin. -->","yoast_head_json":{"title":"AFFAIRE DOURA DIALLO - Quand le procureur s'emm\u00eale les pinceaux | Nettali.com","robots":{"index":"index","follow":"follow","max-snippet":"max-snippet:-1","max-image-preview":"max-image-preview:large","max-video-preview":"max-video-preview:-1"},"canonical":"https:\/\/www.nettali.com\/2022\/09\/03\/affaire-doura-diallo-quand-le-procureur-semmele-les-pinceaux\/","og_locale":"fr_FR","og_type":"article","og_title":"AFFAIRE DOURA DIALLO - Quand le procureur s'emm\u00eale les pinceaux","og_description":"NETTALI.COM - L'affaire Doura Diallo, du nom de cette femme d\u00e9c\u00e9d\u00e9e en couche en m\u00eame temps que son nouveau-n\u00e9, n'a pas encore livr\u00e9 tous ses secrets. Mais le moins que l'on puisse dire, c'est que la communication du procureur Baye Thiam ne fait qu'augmenter la confusion. Le procureur de K\u00e9dougou n'a pas perdu son temps. [&hellip;]","og_url":"https:\/\/www.nettali.com\/2022\/09\/03\/affaire-doura-diallo-quand-le-procureur-semmele-les-pinceaux\/","og_site_name":"Nettali.com","article_publisher":"https:\/\/www.facebook.com\/nettalicom","article_published_time":"2022-09-03T15:58:24+00:00","article_modified_time":"2022-09-05T20:36:01+00:00","og_image":[{"width":367,"height":428,"url":"https:\/\/www.nettali.com\/wp-content\/uploads\/2022\/09\/20220901_082826-e1662023779172.jpg","type":"image\/jpeg"}],"twitter_card":"summary_large_image","twitter_misc":{"\u00c9crit par":"Moustapha","Dur\u00e9e de lecture estim\u00e9e":"5 minutes"},"schema":{"@context":"https:\/\/schema.org","@graph":[{"@type":"WebSite","@id":"https:\/\/www.nettali.com\/#website","url":"https:\/\/www.nettali.com\/","name":"Nettali.com","description":"Le rendez-vous critique du Net","potentialAction":[{"@type":"SearchAction","target":{"@type":"EntryPoint","urlTemplate":"https:\/\/www.nettali.com\/?s={search_term_string}"},"query-input":"required name=search_term_string"}],"inLanguage":"fr-FR"},{"@type":"ImageObject","@id":"https:\/\/www.nettali.com\/2022\/09\/03\/affaire-doura-diallo-quand-le-procureur-semmele-les-pinceaux\/#primaryimage","inLanguage":"fr-FR","url":"https:\/\/www.nettali.com\/wp-content\/uploads\/2022\/09\/20220901_082826-e1662023779172.jpg","contentUrl":"https:\/\/www.nettali.com\/wp-content\/uploads\/2022\/09\/20220901_082826-e1662023779172.jpg","width":367,"height":428},{"@type":"WebPage","@id":"https:\/\/www.nettali.com\/2022\/09\/03\/affaire-doura-diallo-quand-le-procureur-semmele-les-pinceaux\/#webpage","url":"https:\/\/www.nettali.com\/2022\/09\/03\/affaire-doura-diallo-quand-le-procureur-semmele-les-pinceaux\/","name":"AFFAIRE DOURA DIALLO - Quand le procureur s'emm\u00eale les pinceaux | Nettali.com","isPartOf":{"@id":"https:\/\/www.nettali.com\/#website"},"primaryImageOfPage":{"@id":"https:\/\/www.nettali.com\/2022\/09\/03\/affaire-doura-diallo-quand-le-procureur-semmele-les-pinceaux\/#primaryimage"},"datePublished":"2022-09-03T15:58:24+00:00","dateModified":"2022-09-05T20:36:01+00:00","author":{"@id":"https:\/\/www.nettali.com\/#\/schema\/person\/7962a12a6e0267f88f0ffa544c36469a"},"breadcrumb":{"@id":"https:\/\/www.nettali.com\/2022\/09\/03\/affaire-doura-diallo-quand-le-procureur-semmele-les-pinceaux\/#breadcrumb"},"inLanguage":"fr-FR","potentialAction":[{"@type":"ReadAction","target":["https:\/\/www.nettali.com\/2022\/09\/03\/affaire-doura-diallo-quand-le-procureur-semmele-les-pinceaux\/"]}]},{"@type":"BreadcrumbList","@id":"https:\/\/www.nettali.com\/2022\/09\/03\/affaire-doura-diallo-quand-le-procureur-semmele-les-pinceaux\/#breadcrumb","itemListElement":[{"@type":"ListItem","position":1,"name":"Accueil","item":"https:\/\/www.nettali.com\/"},{"@type":"ListItem","position":2,"name":"AFFAIRE DOURA DIALLO - Quand le procureur s'emm\u00eale les pinceaux"}]},{"@type":"Person","@id":"https:\/\/www.nettali.com\/#\/schema\/person\/7962a12a6e0267f88f0ffa544c36469a","name":"Moustapha","image":{"@type":"ImageObject","@id":"https:\/\/www.nettali.com\/#personlogo","inLanguage":"fr-FR","url":"https:\/\/secure.gravatar.com\/avatar\/10fdf6a071cccdcf374e3dbe45159590?s=96&d=mm&r=g","contentUrl":"https:\/\/secure.gravatar.com\/avatar\/10fdf6a071cccdcf374e3dbe45159590?s=96&d=mm&r=g","caption":"Moustapha"},"sameAs":["https:\/\/www.nettali.com"]}]}},"_links":{"self":[{"href":"https:\/\/www.nettali.com\/rest\/wp\/v2\/posts\/93093"}],"collection":[{"href":"https:\/\/www.nettali.com\/rest\/wp\/v2\/posts"}],"about":[{"href":"https:\/\/www.nettali.com\/rest\/wp\/v2\/types\/post"}],"author":[{"embeddable":true,"href":"https:\/\/www.nettali.com\/rest\/wp\/v2\/users\/3"}],"replies":[{"embeddable":true,"href":"https:\/\/www.nettali.com\/rest\/wp\/v2\/comments?post=93093"}],"version-history":[{"count":7,"href":"https:\/\/www.nettali.com\/rest\/wp\/v2\/posts\/93093\/revisions"}],"predecessor-version":[{"id":93209,"href":"https:\/\/www.nettali.com\/rest\/wp\/v2\/posts\/93093\/revisions\/93209"}],"wp:featuredmedia":[{"embeddable":true,"href":"https:\/\/www.nettali.com\/rest\/wp\/v2\/media\/92926"}],"wp:attachment":[{"href":"https:\/\/www.nettali.com\/rest\/wp\/v2\/media?parent=93093"}],"wp:term":[{"taxonomy":"category","embeddable":true,"href":"https:\/\/www.nettali.com\/rest\/wp\/v2\/categories?post=93093"},{"taxonomy":"post_tag","embeddable":true,"href":"https:\/\/www.nettali.com\/rest\/wp\/v2\/tags?post=93093"}],"curies":[{"name":"wp","href":"https:\/\/api.w.org\/{rel}","templated":true}]}}