{"id":93051,"date":"2022-09-03T08:15:09","date_gmt":"2022-09-03T08:15:09","guid":{"rendered":"https:\/\/www.nettali.com\/?p=93051"},"modified":"2022-09-03T13:53:50","modified_gmt":"2022-09-03T13:53:50","slug":"representant-special-pour-la-libye-abdoulaye-bathily-nomme","status":"publish","type":"post","link":"https:\/\/www.nettali.com\/2022\/09\/03\/representant-special-pour-la-libye-abdoulaye-bathily-nomme\/","title":{"rendered":"REPRESENTANT SPECIAL POUR LA LIBYE - Abdoulaye Bathily nomm\u00e9"},"content":{"rendered":"<p><strong>NETTALI.COM - L'information est tomb\u00e9e ce vendredi 2 septembre. Elle \u00e9mane du Secr\u00e9taire g\u00e9n\u00e9ral des Nations Unies, Ant\u00f3nio Guterres qui l'a annonc\u00e9e, Abdoulaye Bathily du S\u00e9n\u00e9gal devient le Repr\u00e9sentant sp\u00e9cial pour la Libye et Chef de la Mission d'appui des Nations Unies en Libye (UNSMIL). Il succ\u00e8de \u00e0 J\u00e1n Kubi\u0161, de Slovaquie, qui \u00e9tait auparavant Envoy\u00e9 sp\u00e9cial et Chef de la MANUL. <\/strong><\/p>\n<p>Selon le communiqu\u00e9 qui sanctionne cette nomination, \"<em>M Bathily apporte \u00e0 ce poste plus de 40 ans d'exp\u00e9rience au sein de son gouvernement national,<\/em><br \/>\n<em>d'institutions universitaires, d'organisations r\u00e9gionales et du syst\u00e8me des Nations Unies. Dans sa derni\u00e8re affectation aux Nations Unies, il a servi, en 2021, en tant qu'expert ind\u00e9pendant pour l'examen strat\u00e9gique de la MANUL<\/em>\".<\/p>\n<p>A noter que le Pr Bathily a pr\u00e9c\u00e9demment \u00e9t\u00e9 Repr\u00e9sentant sp\u00e9cial adjoint du Secr\u00e9taire g\u00e9n\u00e9ral au sein de la Mission multidimensionnelle int\u00e9gr\u00e9e des Nations Unies pour la stabilisation au Mali (MINUSMA) (2013-2014), et Repr\u00e9sentant sp\u00e9cial pour l'Afrique centrale et Chef du Bureau r\u00e9gional des Nations Unies pour l'Afrique centrale ( UNOCA) au Gabon (2014-2016).<\/p>\n<p>En 2018, il \u00e9tait Conseiller sp\u00e9cial du Secr\u00e9taire g\u00e9n\u00e9ral sur Madagascar et en 2019 Expert ind\u00e9pendant pour l'examen strat\u00e9gique du Bureau des Nations Unies pour l'Afrique de l'Ouest, entre autres.<\/p>\n<div class='share-to-whatsapp-wrapper'><div class='share-on-whsp'>PARTAGER SUR : <\/div><a data-text='REPRESENTANT SPECIAL POUR LA LIBYE - Abdoulaye Bathily nomm\u00e9' data-link='https:\/\/www.nettali.com\/2022\/09\/03\/representant-special-pour-la-libye-abdoulaye-bathily-nomme\/' class='whatsapp-button whatsapp-share'>WhatsApp<\/a><div class='clear '><\/div><\/div>","protected":false},"excerpt":{"rendered":"<p>NETTALI.COM - L'information est tomb\u00e9e ce vendredi 2 septembre. Elle \u00e9mane du Secr\u00e9taire g\u00e9n\u00e9ral des Nations Unies, Ant\u00f3nio Guterres qui l'a annonc\u00e9e, Abdoulaye Bathily du S\u00e9n\u00e9gal devient le Repr\u00e9sentant sp\u00e9cial pour la Libye et Chef de la Mission d'appui des Nations Unies en Libye (UNSMIL). Il succ\u00e8de \u00e0 J\u00e1n Kubi\u0161, de Slovaquie, qui \u00e9tait auparavant [&hellip;]<\/p>\n","protected":false},"author":2,"featured_media":93062,"comment_status":"open","ping_status":"open","sticky":false,"template":"","format":"standard","meta":{"_et_pb_use_builder":"","_et_pb_old_content":""},"categories":[8],"tags":[],"yoast_head":"<!-- This site is optimized with the Yoast SEO Premium plugin v17.8 (Yoast SEO v17.8) - https:\/\/yoast.com\/wordpress\/plugins\/seo\/ -->\n<title>REPRESENTANT SPECIAL POUR LA LIBYE - Abdoulaye Bathily nomm\u00e9 | Nettali.com<\/title>\n<meta name=\"robots\" content=\"index, follow, max-snippet:-1, max-image-preview:large, max-video-preview:-1\" \/>\n<link rel=\"canonical\" href=\"https:\/\/www.nettali.com\/2022\/09\/03\/representant-special-pour-la-libye-abdoulaye-bathily-nomme\/\" \/>\n<meta property=\"og:locale\" content=\"fr_FR\" \/>\n<meta property=\"og:type\" content=\"article\" \/>\n<meta property=\"og:title\" content=\"REPRESENTANT SPECIAL POUR LA LIBYE - Abdoulaye Bathily nomm\u00e9\" \/>\n<meta property=\"og:description\" content=\"NETTALI.COM - L&#039;information est tomb\u00e9e ce vendredi 2 septembre. Elle \u00e9mane du Secr\u00e9taire g\u00e9n\u00e9ral des Nations Unies, Ant\u00f3nio Guterres qui l&#039;a annonc\u00e9e, Abdoulaye Bathily du S\u00e9n\u00e9gal devient le Repr\u00e9sentant sp\u00e9cial pour la Libye et Chef de la Mission d&#039;appui des Nations Unies en Libye (UNSMIL). Il succ\u00e8de \u00e0 J\u00e1n Kubi\u0161, de Slovaquie, qui \u00e9tait auparavant [&hellip;]\" \/>\n<meta property=\"og:url\" content=\"https:\/\/www.nettali.com\/2022\/09\/03\/representant-special-pour-la-libye-abdoulaye-bathily-nomme\/\" \/>\n<meta property=\"og:site_name\" content=\"Nettali.com\" \/>\n<meta property=\"article:publisher\" content=\"https:\/\/www.facebook.com\/nettalicom\" \/>\n<meta property=\"article:published_time\" content=\"2022-09-03T08:15:09+00:00\" \/>\n<meta property=\"article:modified_time\" content=\"2022-09-03T13:53:50+00:00\" \/>\n<meta property=\"og:image\" content=\"https:\/\/www.nettali.com\/wp-content\/uploads\/2022\/09\/9867125-15962893.jpg\" \/>\n\t<meta property=\"og:image:width\" content=\"699\" \/>\n\t<meta property=\"og:image:height\" content=\"395\" \/>\n<meta name=\"twitter:card\" content=\"summary_large_image\" \/>\n<meta name=\"twitter:label1\" content=\"\u00c9crit par\" \/>\n\t<meta name=\"twitter:data1\" content=\"CK\" \/>\n\t<meta name=\"twitter:label2\" content=\"Dur\u00e9e de lecture estim\u00e9e\" \/>\n\t<meta name=\"twitter:data2\" content=\"2 minutes\" \/>\n<script type=\"application\/ld+json\" class=\"yoast-schema-graph\">{\"@context\":\"https:\/\/schema.org\",\"@graph\":[{\"@type\":\"WebSite\",\"@id\":\"https:\/\/www.nettali.com\/#website\",\"url\":\"https:\/\/www.nettali.com\/\",\"name\":\"Nettali.com\",\"description\":\"Le rendez-vous critique du Net\",\"potentialAction\":[{\"@type\":\"SearchAction\",\"target\":{\"@type\":\"EntryPoint\",\"urlTemplate\":\"https:\/\/www.nettali.com\/?s={search_term_string}\"},\"query-input\":\"required name=search_term_string\"}],\"inLanguage\":\"fr-FR\"},{\"@type\":\"ImageObject\",\"@id\":\"https:\/\/www.nettali.com\/2022\/09\/03\/representant-special-pour-la-libye-abdoulaye-bathily-nomme\/#primaryimage\",\"inLanguage\":\"fr-FR\",\"url\":\"https:\/\/www.nettali.com\/wp-content\/uploads\/2022\/09\/9867125-15962893.jpg\",\"contentUrl\":\"https:\/\/www.nettali.com\/wp-content\/uploads\/2022\/09\/9867125-15962893.jpg\",\"width\":699,\"height\":395},{\"@type\":\"WebPage\",\"@id\":\"https:\/\/www.nettali.com\/2022\/09\/03\/representant-special-pour-la-libye-abdoulaye-bathily-nomme\/#webpage\",\"url\":\"https:\/\/www.nettali.com\/2022\/09\/03\/representant-special-pour-la-libye-abdoulaye-bathily-nomme\/\",\"name\":\"REPRESENTANT SPECIAL POUR LA LIBYE - Abdoulaye Bathily nomm\\u00e9 | Nettali.com\",\"isPartOf\":{\"@id\":\"https:\/\/www.nettali.com\/#website\"},\"primaryImageOfPage\":{\"@id\":\"https:\/\/www.nettali.com\/2022\/09\/03\/representant-special-pour-la-libye-abdoulaye-bathily-nomme\/#primaryimage\"},\"datePublished\":\"2022-09-03T08:15:09+00:00\",\"dateModified\":\"2022-09-03T13:53:50+00:00\",\"author\":{\"@id\":\"https:\/\/www.nettali.com\/#\/schema\/person\/d8ac7b7e27ddad43f1c0d2ef090d7f71\"},\"breadcrumb\":{\"@id\":\"https:\/\/www.nettali.com\/2022\/09\/03\/representant-special-pour-la-libye-abdoulaye-bathily-nomme\/#breadcrumb\"},\"inLanguage\":\"fr-FR\",\"potentialAction\":[{\"@type\":\"ReadAction\",\"target\":[\"https:\/\/www.nettali.com\/2022\/09\/03\/representant-special-pour-la-libye-abdoulaye-bathily-nomme\/\"]}]},{\"@type\":\"BreadcrumbList\",\"@id\":\"https:\/\/www.nettali.com\/2022\/09\/03\/representant-special-pour-la-libye-abdoulaye-bathily-nomme\/#breadcrumb\",\"itemListElement\":[{\"@type\":\"ListItem\",\"position\":1,\"name\":\"Accueil\",\"item\":\"https:\/\/www.nettali.com\/\"},{\"@type\":\"ListItem\",\"position\":2,\"name\":\"REPRESENTANT SPECIAL POUR LA LIBYE - Abdoulaye Bathily nomm\\u00e9\"}]},{\"@type\":\"Person\",\"@id\":\"https:\/\/www.nettali.com\/#\/schema\/person\/d8ac7b7e27ddad43f1c0d2ef090d7f71\",\"name\":\"CK\",\"image\":{\"@type\":\"ImageObject\",\"@id\":\"https:\/\/www.nettali.com\/#personlogo\",\"inLanguage\":\"fr-FR\",\"url\":\"https:\/\/secure.gravatar.com\/avatar\/1d8d5118b9327d94da7cd4ce7f17fec2?s=96&d=mm&r=g\",\"contentUrl\":\"https:\/\/secure.gravatar.com\/avatar\/1d8d5118b9327d94da7cd4ce7f17fec2?s=96&d=mm&r=g\",\"caption\":\"CK\"},\"sameAs\":[\"https:\/\/www.nettali.com\"]}]}<\/script>\n<!-- \/ Yoast SEO Premium plugin. -->","yoast_head_json":{"title":"REPRESENTANT SPECIAL POUR LA LIBYE - Abdoulaye Bathily nomm\u00e9 | Nettali.com","robots":{"index":"index","follow":"follow","max-snippet":"max-snippet:-1","max-image-preview":"max-image-preview:large","max-video-preview":"max-video-preview:-1"},"canonical":"https:\/\/www.nettali.com\/2022\/09\/03\/representant-special-pour-la-libye-abdoulaye-bathily-nomme\/","og_locale":"fr_FR","og_type":"article","og_title":"REPRESENTANT SPECIAL POUR LA LIBYE - Abdoulaye Bathily nomm\u00e9","og_description":"NETTALI.COM - L'information est tomb\u00e9e ce vendredi 2 septembre. Elle \u00e9mane du Secr\u00e9taire g\u00e9n\u00e9ral des Nations Unies, Ant\u00f3nio Guterres qui l'a annonc\u00e9e, Abdoulaye Bathily du S\u00e9n\u00e9gal devient le Repr\u00e9sentant sp\u00e9cial pour la Libye et Chef de la Mission d'appui des Nations Unies en Libye (UNSMIL). Il succ\u00e8de \u00e0 J\u00e1n Kubi\u0161, de Slovaquie, qui \u00e9tait auparavant [&hellip;]","og_url":"https:\/\/www.nettali.com\/2022\/09\/03\/representant-special-pour-la-libye-abdoulaye-bathily-nomme\/","og_site_name":"Nettali.com","article_publisher":"https:\/\/www.facebook.com\/nettalicom","article_published_time":"2022-09-03T08:15:09+00:00","article_modified_time":"2022-09-03T13:53:50+00:00","og_image":[{"width":699,"height":395,"url":"https:\/\/www.nettali.com\/wp-content\/uploads\/2022\/09\/9867125-15962893.jpg","type":"image\/jpeg"}],"twitter_card":"summary_large_image","twitter_misc":{"\u00c9crit par":"CK","Dur\u00e9e de lecture estim\u00e9e":"2 minutes"},"schema":{"@context":"https:\/\/schema.org","@graph":[{"@type":"WebSite","@id":"https:\/\/www.nettali.com\/#website","url":"https:\/\/www.nettali.com\/","name":"Nettali.com","description":"Le rendez-vous critique du Net","potentialAction":[{"@type":"SearchAction","target":{"@type":"EntryPoint","urlTemplate":"https:\/\/www.nettali.com\/?s={search_term_string}"},"query-input":"required name=search_term_string"}],"inLanguage":"fr-FR"},{"@type":"ImageObject","@id":"https:\/\/www.nettali.com\/2022\/09\/03\/representant-special-pour-la-libye-abdoulaye-bathily-nomme\/#primaryimage","inLanguage":"fr-FR","url":"https:\/\/www.nettali.com\/wp-content\/uploads\/2022\/09\/9867125-15962893.jpg","contentUrl":"https:\/\/www.nettali.com\/wp-content\/uploads\/2022\/09\/9867125-15962893.jpg","width":699,"height":395},{"@type":"WebPage","@id":"https:\/\/www.nettali.com\/2022\/09\/03\/representant-special-pour-la-libye-abdoulaye-bathily-nomme\/#webpage","url":"https:\/\/www.nettali.com\/2022\/09\/03\/representant-special-pour-la-libye-abdoulaye-bathily-nomme\/","name":"REPRESENTANT SPECIAL POUR LA LIBYE - Abdoulaye Bathily nomm\u00e9 | Nettali.com","isPartOf":{"@id":"https:\/\/www.nettali.com\/#website"},"primaryImageOfPage":{"@id":"https:\/\/www.nettali.com\/2022\/09\/03\/representant-special-pour-la-libye-abdoulaye-bathily-nomme\/#primaryimage"},"datePublished":"2022-09-03T08:15:09+00:00","dateModified":"2022-09-03T13:53:50+00:00","author":{"@id":"https:\/\/www.nettali.com\/#\/schema\/person\/d8ac7b7e27ddad43f1c0d2ef090d7f71"},"breadcrumb":{"@id":"https:\/\/www.nettali.com\/2022\/09\/03\/representant-special-pour-la-libye-abdoulaye-bathily-nomme\/#breadcrumb"},"inLanguage":"fr-FR","potentialAction":[{"@type":"ReadAction","target":["https:\/\/www.nettali.com\/2022\/09\/03\/representant-special-pour-la-libye-abdoulaye-bathily-nomme\/"]}]},{"@type":"BreadcrumbList","@id":"https:\/\/www.nettali.com\/2022\/09\/03\/representant-special-pour-la-libye-abdoulaye-bathily-nomme\/#breadcrumb","itemListElement":[{"@type":"ListItem","position":1,"name":"Accueil","item":"https:\/\/www.nettali.com\/"},{"@type":"ListItem","position":2,"name":"REPRESENTANT SPECIAL POUR LA LIBYE - Abdoulaye Bathily nomm\u00e9"}]},{"@type":"Person","@id":"https:\/\/www.nettali.com\/#\/schema\/person\/d8ac7b7e27ddad43f1c0d2ef090d7f71","name":"CK","image":{"@type":"ImageObject","@id":"https:\/\/www.nettali.com\/#personlogo","inLanguage":"fr-FR","url":"https:\/\/secure.gravatar.com\/avatar\/1d8d5118b9327d94da7cd4ce7f17fec2?s=96&d=mm&r=g","contentUrl":"https:\/\/secure.gravatar.com\/avatar\/1d8d5118b9327d94da7cd4ce7f17fec2?s=96&d=mm&r=g","caption":"CK"},"sameAs":["https:\/\/www.nettali.com"]}]}},"_links":{"self":[{"href":"https:\/\/www.nettali.com\/rest\/wp\/v2\/posts\/93051"}],"collection":[{"href":"https:\/\/www.nettali.com\/rest\/wp\/v2\/posts"}],"about":[{"href":"https:\/\/www.nettali.com\/rest\/wp\/v2\/types\/post"}],"author":[{"embeddable":true,"href":"https:\/\/www.nettali.com\/rest\/wp\/v2\/users\/2"}],"replies":[{"embeddable":true,"href":"https:\/\/www.nettali.com\/rest\/wp\/v2\/comments?post=93051"}],"version-history":[{"count":3,"href":"https:\/\/www.nettali.com\/rest\/wp\/v2\/posts\/93051\/revisions"}],"predecessor-version":[{"id":93086,"href":"https:\/\/www.nettali.com\/rest\/wp\/v2\/posts\/93051\/revisions\/93086"}],"wp:featuredmedia":[{"embeddable":true,"href":"https:\/\/www.nettali.com\/rest\/wp\/v2\/media\/93062"}],"wp:attachment":[{"href":"https:\/\/www.nettali.com\/rest\/wp\/v2\/media?parent=93051"}],"wp:term":[{"taxonomy":"category","embeddable":true,"href":"https:\/\/www.nettali.com\/rest\/wp\/v2\/categories?post=93051"},{"taxonomy":"post_tag","embeddable":true,"href":"https:\/\/www.nettali.com\/rest\/wp\/v2\/tags?post=93051"}],"curies":[{"name":"wp","href":"https:\/\/api.w.org\/{rel}","templated":true}]}}