{"id":92961,"date":"2022-09-01T20:29:59","date_gmt":"2022-09-01T20:29:59","guid":{"rendered":"https:\/\/www.nettali.com\/?p=92961"},"modified":"2022-09-01T20:29:59","modified_gmt":"2022-09-01T20:29:59","slug":"officiel-abdou-diallo-prete-au-rb-leipzig","status":"publish","type":"post","link":"https:\/\/www.nettali.com\/2022\/09\/01\/officiel-abdou-diallo-prete-au-rb-leipzig\/","title":{"rendered":"OFFICIEL - Abdou Diallo pr\u00eat\u00e9 au RB Leipzig !"},"content":{"rendered":"<p><strong>NETTALI.COM - Comme annonc\u00e9 r\u00e9cemment, Abdou Diallo s'est engag\u00e9 ce jeudi avec le RB Leipzig, quatri\u00e8me de la pr\u00e9c\u00e9dente saison de Bundesliga. Le champion d'Afrique de 26 ans quitte le PSG dans le cadre d'un pr\u00eat avec option d'achat.<\/strong><\/p>\n<p>Il\u00a0ne faisait pas partie du groupe de performance, mais le club n'avait pas ferm\u00e9 la porte \u00e0 un d\u00e9part. Abdou Diallo a officiellement quitt\u00e9 le Paris Saint-Germain pour rejoindre le RB Leipzig, \u00e0 l'occasion de la derni\u00e8re journ\u00e9e du mercato estival. Le d\u00e9fenseur central international s\u00e9n\u00e9galais de 26 ans s'est engag\u00e9 avec le club allemand dans le cadre d'un pr\u00eat payant avec une option d'achat d'environ 20 millions d'euros.<\/p>\n<p>Recrut\u00e9 en juillet 2019 pour 32 millions d'euros en provenance du Borussia Dortmund, Abdou Diallo dispose d'un contrat avec le PSG jusqu'en juin 2024. En trois saisons avec le club de la capitale, il a disput\u00e9 75 rencontres, sans trouver le chemin des filets.<\/p>\n<div class='share-to-whatsapp-wrapper'><div class='share-on-whsp'>PARTAGER SUR : <\/div><a data-text='OFFICIEL - Abdou Diallo pr\u00eat\u00e9 au RB Leipzig !' data-link='https:\/\/www.nettali.com\/2022\/09\/01\/officiel-abdou-diallo-prete-au-rb-leipzig\/' class='whatsapp-button whatsapp-share'>WhatsApp<\/a><div class='clear '><\/div><\/div>","protected":false},"excerpt":{"rendered":"<p>NETTALI.COM - Comme annonc\u00e9 r\u00e9cemment, Abdou Diallo s'est engag\u00e9 ce jeudi avec le RB Leipzig, quatri\u00e8me de la pr\u00e9c\u00e9dente saison de Bundesliga. Le champion d'Afrique de 26 ans quitte le PSG dans le cadre d'un pr\u00eat avec option d'achat. Il\u00a0ne faisait pas partie du groupe de performance, mais le club n'avait pas ferm\u00e9 la porte [&hellip;]<\/p>\n","protected":false},"author":5,"featured_media":92959,"comment_status":"open","ping_status":"open","sticky":false,"template":"","format":"standard","meta":{"_et_pb_use_builder":"","_et_pb_old_content":""},"categories":[6],"tags":[],"yoast_head":"<!-- This site is optimized with the Yoast SEO Premium plugin v17.8 (Yoast SEO v17.8) - https:\/\/yoast.com\/wordpress\/plugins\/seo\/ -->\n<title>OFFICIEL - Abdou Diallo pr\u00eat\u00e9 au RB Leipzig ! | Nettali.com<\/title>\n<meta name=\"robots\" content=\"index, follow, max-snippet:-1, max-image-preview:large, max-video-preview:-1\" \/>\n<link rel=\"canonical\" href=\"https:\/\/www.nettali.com\/2022\/09\/01\/officiel-abdou-diallo-prete-au-rb-leipzig\/\" \/>\n<meta property=\"og:locale\" content=\"fr_FR\" \/>\n<meta property=\"og:type\" content=\"article\" \/>\n<meta property=\"og:title\" content=\"OFFICIEL - Abdou Diallo pr\u00eat\u00e9 au RB Leipzig !\" \/>\n<meta property=\"og:description\" content=\"NETTALI.COM - Comme annonc\u00e9 r\u00e9cemment, Abdou Diallo s&#039;est engag\u00e9 ce jeudi avec le RB Leipzig, quatri\u00e8me de la pr\u00e9c\u00e9dente saison de Bundesliga. Le champion d&#039;Afrique de 26 ans quitte le PSG dans le cadre d&#039;un pr\u00eat avec option d&#039;achat. Il\u00a0ne faisait pas partie du groupe de performance, mais le club n&#039;avait pas ferm\u00e9 la porte [&hellip;]\" \/>\n<meta property=\"og:url\" content=\"https:\/\/www.nettali.com\/2022\/09\/01\/officiel-abdou-diallo-prete-au-rb-leipzig\/\" \/>\n<meta property=\"og:site_name\" content=\"Nettali.com\" \/>\n<meta property=\"article:publisher\" content=\"https:\/\/www.facebook.com\/nettalicom\" \/>\n<meta property=\"article:published_time\" content=\"2022-09-01T20:29:59+00:00\" \/>\n<meta property=\"og:image\" content=\"https:\/\/www.nettali.com\/wp-content\/uploads\/2022\/09\/047d46aad2fd4a61a2256a61b9cd1340.jpg\" \/>\n\t<meta property=\"og:image:width\" content=\"1080\" \/>\n\t<meta property=\"og:image:height\" content=\"612\" \/>\n<meta name=\"twitter:card\" content=\"summary_large_image\" \/>\n<meta name=\"twitter:label1\" content=\"\u00c9crit par\" \/>\n\t<meta name=\"twitter:data1\" content=\"Ibrahima\" \/>\n\t<meta name=\"twitter:label2\" content=\"Dur\u00e9e de lecture estim\u00e9e\" \/>\n\t<meta name=\"twitter:data2\" content=\"1 minute\" \/>\n<script type=\"application\/ld+json\" class=\"yoast-schema-graph\">{\"@context\":\"https:\/\/schema.org\",\"@graph\":[{\"@type\":\"WebSite\",\"@id\":\"https:\/\/www.nettali.com\/#website\",\"url\":\"https:\/\/www.nettali.com\/\",\"name\":\"Nettali.com\",\"description\":\"Le rendez-vous critique du Net\",\"potentialAction\":[{\"@type\":\"SearchAction\",\"target\":{\"@type\":\"EntryPoint\",\"urlTemplate\":\"https:\/\/www.nettali.com\/?s={search_term_string}\"},\"query-input\":\"required name=search_term_string\"}],\"inLanguage\":\"fr-FR\"},{\"@type\":\"ImageObject\",\"@id\":\"https:\/\/www.nettali.com\/2022\/09\/01\/officiel-abdou-diallo-prete-au-rb-leipzig\/#primaryimage\",\"inLanguage\":\"fr-FR\",\"url\":\"https:\/\/www.nettali.com\/wp-content\/uploads\/2022\/09\/047d46aad2fd4a61a2256a61b9cd1340.jpg\",\"contentUrl\":\"https:\/\/www.nettali.com\/wp-content\/uploads\/2022\/09\/047d46aad2fd4a61a2256a61b9cd1340.jpg\",\"width\":1080,\"height\":612},{\"@type\":\"WebPage\",\"@id\":\"https:\/\/www.nettali.com\/2022\/09\/01\/officiel-abdou-diallo-prete-au-rb-leipzig\/#webpage\",\"url\":\"https:\/\/www.nettali.com\/2022\/09\/01\/officiel-abdou-diallo-prete-au-rb-leipzig\/\",\"name\":\"OFFICIEL - Abdou Diallo pr\\u00eat\\u00e9 au RB Leipzig ! | Nettali.com\",\"isPartOf\":{\"@id\":\"https:\/\/www.nettali.com\/#website\"},\"primaryImageOfPage\":{\"@id\":\"https:\/\/www.nettali.com\/2022\/09\/01\/officiel-abdou-diallo-prete-au-rb-leipzig\/#primaryimage\"},\"datePublished\":\"2022-09-01T20:29:59+00:00\",\"dateModified\":\"2022-09-01T20:29:59+00:00\",\"author\":{\"@id\":\"https:\/\/www.nettali.com\/#\/schema\/person\/bb147657c2986240405a608162b9bb23\"},\"breadcrumb\":{\"@id\":\"https:\/\/www.nettali.com\/2022\/09\/01\/officiel-abdou-diallo-prete-au-rb-leipzig\/#breadcrumb\"},\"inLanguage\":\"fr-FR\",\"potentialAction\":[{\"@type\":\"ReadAction\",\"target\":[\"https:\/\/www.nettali.com\/2022\/09\/01\/officiel-abdou-diallo-prete-au-rb-leipzig\/\"]}]},{\"@type\":\"BreadcrumbList\",\"@id\":\"https:\/\/www.nettali.com\/2022\/09\/01\/officiel-abdou-diallo-prete-au-rb-leipzig\/#breadcrumb\",\"itemListElement\":[{\"@type\":\"ListItem\",\"position\":1,\"name\":\"Accueil\",\"item\":\"https:\/\/www.nettali.com\/\"},{\"@type\":\"ListItem\",\"position\":2,\"name\":\"OFFICIEL - Abdou Diallo pr\\u00eat\\u00e9 au RB Leipzig !\"}]},{\"@type\":\"Person\",\"@id\":\"https:\/\/www.nettali.com\/#\/schema\/person\/bb147657c2986240405a608162b9bb23\",\"name\":\"Ibrahima\",\"image\":{\"@type\":\"ImageObject\",\"@id\":\"https:\/\/www.nettali.com\/#personlogo\",\"inLanguage\":\"fr-FR\",\"url\":\"https:\/\/secure.gravatar.com\/avatar\/26a8a81f09f0dd7624c9d5c36c9ba3a2?s=96&d=mm&r=g\",\"contentUrl\":\"https:\/\/secure.gravatar.com\/avatar\/26a8a81f09f0dd7624c9d5c36c9ba3a2?s=96&d=mm&r=g\",\"caption\":\"Ibrahima\"},\"sameAs\":[\"https:\/\/www.nettali.com\"]}]}<\/script>\n<!-- \/ Yoast SEO Premium plugin. -->","yoast_head_json":{"title":"OFFICIEL - Abdou Diallo pr\u00eat\u00e9 au RB Leipzig ! | Nettali.com","robots":{"index":"index","follow":"follow","max-snippet":"max-snippet:-1","max-image-preview":"max-image-preview:large","max-video-preview":"max-video-preview:-1"},"canonical":"https:\/\/www.nettali.com\/2022\/09\/01\/officiel-abdou-diallo-prete-au-rb-leipzig\/","og_locale":"fr_FR","og_type":"article","og_title":"OFFICIEL - Abdou Diallo pr\u00eat\u00e9 au RB Leipzig !","og_description":"NETTALI.COM - Comme annonc\u00e9 r\u00e9cemment, Abdou Diallo s'est engag\u00e9 ce jeudi avec le RB Leipzig, quatri\u00e8me de la pr\u00e9c\u00e9dente saison de Bundesliga. Le champion d'Afrique de 26 ans quitte le PSG dans le cadre d'un pr\u00eat avec option d'achat. Il\u00a0ne faisait pas partie du groupe de performance, mais le club n'avait pas ferm\u00e9 la porte [&hellip;]","og_url":"https:\/\/www.nettali.com\/2022\/09\/01\/officiel-abdou-diallo-prete-au-rb-leipzig\/","og_site_name":"Nettali.com","article_publisher":"https:\/\/www.facebook.com\/nettalicom","article_published_time":"2022-09-01T20:29:59+00:00","og_image":[{"width":1080,"height":612,"url":"https:\/\/www.nettali.com\/wp-content\/uploads\/2022\/09\/047d46aad2fd4a61a2256a61b9cd1340.jpg","type":"image\/jpeg"}],"twitter_card":"summary_large_image","twitter_misc":{"\u00c9crit par":"Ibrahima","Dur\u00e9e de lecture estim\u00e9e":"1 minute"},"schema":{"@context":"https:\/\/schema.org","@graph":[{"@type":"WebSite","@id":"https:\/\/www.nettali.com\/#website","url":"https:\/\/www.nettali.com\/","name":"Nettali.com","description":"Le rendez-vous critique du Net","potentialAction":[{"@type":"SearchAction","target":{"@type":"EntryPoint","urlTemplate":"https:\/\/www.nettali.com\/?s={search_term_string}"},"query-input":"required name=search_term_string"}],"inLanguage":"fr-FR"},{"@type":"ImageObject","@id":"https:\/\/www.nettali.com\/2022\/09\/01\/officiel-abdou-diallo-prete-au-rb-leipzig\/#primaryimage","inLanguage":"fr-FR","url":"https:\/\/www.nettali.com\/wp-content\/uploads\/2022\/09\/047d46aad2fd4a61a2256a61b9cd1340.jpg","contentUrl":"https:\/\/www.nettali.com\/wp-content\/uploads\/2022\/09\/047d46aad2fd4a61a2256a61b9cd1340.jpg","width":1080,"height":612},{"@type":"WebPage","@id":"https:\/\/www.nettali.com\/2022\/09\/01\/officiel-abdou-diallo-prete-au-rb-leipzig\/#webpage","url":"https:\/\/www.nettali.com\/2022\/09\/01\/officiel-abdou-diallo-prete-au-rb-leipzig\/","name":"OFFICIEL - Abdou Diallo pr\u00eat\u00e9 au RB Leipzig ! | Nettali.com","isPartOf":{"@id":"https:\/\/www.nettali.com\/#website"},"primaryImageOfPage":{"@id":"https:\/\/www.nettali.com\/2022\/09\/01\/officiel-abdou-diallo-prete-au-rb-leipzig\/#primaryimage"},"datePublished":"2022-09-01T20:29:59+00:00","dateModified":"2022-09-01T20:29:59+00:00","author":{"@id":"https:\/\/www.nettali.com\/#\/schema\/person\/bb147657c2986240405a608162b9bb23"},"breadcrumb":{"@id":"https:\/\/www.nettali.com\/2022\/09\/01\/officiel-abdou-diallo-prete-au-rb-leipzig\/#breadcrumb"},"inLanguage":"fr-FR","potentialAction":[{"@type":"ReadAction","target":["https:\/\/www.nettali.com\/2022\/09\/01\/officiel-abdou-diallo-prete-au-rb-leipzig\/"]}]},{"@type":"BreadcrumbList","@id":"https:\/\/www.nettali.com\/2022\/09\/01\/officiel-abdou-diallo-prete-au-rb-leipzig\/#breadcrumb","itemListElement":[{"@type":"ListItem","position":1,"name":"Accueil","item":"https:\/\/www.nettali.com\/"},{"@type":"ListItem","position":2,"name":"OFFICIEL - Abdou Diallo pr\u00eat\u00e9 au RB Leipzig !"}]},{"@type":"Person","@id":"https:\/\/www.nettali.com\/#\/schema\/person\/bb147657c2986240405a608162b9bb23","name":"Ibrahima","image":{"@type":"ImageObject","@id":"https:\/\/www.nettali.com\/#personlogo","inLanguage":"fr-FR","url":"https:\/\/secure.gravatar.com\/avatar\/26a8a81f09f0dd7624c9d5c36c9ba3a2?s=96&d=mm&r=g","contentUrl":"https:\/\/secure.gravatar.com\/avatar\/26a8a81f09f0dd7624c9d5c36c9ba3a2?s=96&d=mm&r=g","caption":"Ibrahima"},"sameAs":["https:\/\/www.nettali.com"]}]}},"_links":{"self":[{"href":"https:\/\/www.nettali.com\/rest\/wp\/v2\/posts\/92961"}],"collection":[{"href":"https:\/\/www.nettali.com\/rest\/wp\/v2\/posts"}],"about":[{"href":"https:\/\/www.nettali.com\/rest\/wp\/v2\/types\/post"}],"author":[{"embeddable":true,"href":"https:\/\/www.nettali.com\/rest\/wp\/v2\/users\/5"}],"replies":[{"embeddable":true,"href":"https:\/\/www.nettali.com\/rest\/wp\/v2\/comments?post=92961"}],"version-history":[{"count":1,"href":"https:\/\/www.nettali.com\/rest\/wp\/v2\/posts\/92961\/revisions"}],"predecessor-version":[{"id":92962,"href":"https:\/\/www.nettali.com\/rest\/wp\/v2\/posts\/92961\/revisions\/92962"}],"wp:featuredmedia":[{"embeddable":true,"href":"https:\/\/www.nettali.com\/rest\/wp\/v2\/media\/92959"}],"wp:attachment":[{"href":"https:\/\/www.nettali.com\/rest\/wp\/v2\/media?parent=92961"}],"wp:term":[{"taxonomy":"category","embeddable":true,"href":"https:\/\/www.nettali.com\/rest\/wp\/v2\/categories?post=92961"},{"taxonomy":"post_tag","embeddable":true,"href":"https:\/\/www.nettali.com\/rest\/wp\/v2\/tags?post=92961"}],"curies":[{"name":"wp","href":"https:\/\/api.w.org\/{rel}","templated":true}]}}