{"id":92871,"date":"2022-08-31T11:12:36","date_gmt":"2022-08-31T11:12:36","guid":{"rendered":"https:\/\/www.nettali.com\/?p=92871"},"modified":"2022-08-31T11:12:36","modified_gmt":"2022-08-31T11:12:36","slug":"le-president-de-tours-fc-accuse-la-mere-de-paul-pogba-detre-derriere-mathias","status":"publish","type":"post","link":"https:\/\/www.nettali.com\/2022\/08\/31\/le-president-de-tours-fc-accuse-la-mere-de-paul-pogba-detre-derriere-mathias\/","title":{"rendered":"Le Pr\u00e9sident de Tours FC accuse la m\u00e8re de Paul Pogba d\u2019\u00eatre derri\u00e8re Mathias"},"content":{"rendered":"<p><strong>NETTALI.COM - Jean-Marc Ettori, pr\u00e9sident du Tours FC qui a compt\u00e9 dans ses rangs Mathias en 2018-2019, estime ne pas \u00eatre surpris par l\u2019affaire de famille des Pogba.<\/strong><\/p>\n<p>A Tours, club de National lors de la saison 2018-19, Mathias Pogba n\u2019a jou\u00e9 que 5 matches. Jean-Marc Ettori en garde un tr\u00e8s mauvais souvenir. De lui, de Paul, et de l\u2019agent Ga\u00ebl Mah\u00e9. \"<em>On nous l\u2019a propos\u00e9, on a tous dit non merci<\/em>\", se rem\u00e9more Ettori qui relate une contre-proposition du clan Pogba. \"<em>On nous a dit de prendre Mathias et Paul paiera son salaire, ses charges. Et en plus il vous propose de venir faire un match (amical) \u00e0 Tours, et il viendra deux fois voir jouer son fr\u00e8re \u00e0 Tours\"<\/em>, d\u00e9veloppe le pr\u00e9sident tourangeau.<\/p>\n<p>Mais la somme \u00e0 verser, un total de 80.000 euros, n\u2019aurait jamais \u00e9t\u00e9 rembours\u00e9e au Tours FC.<br \/>\n\"<em>On a jamais eu l\u2019argent<\/em>\", d\u00e9nonce Ettori, qui s\u2019est refus\u00e9 \u00e0 un proc\u00e8s en Suisse, o\u00f9 le contrat avait \u00e9t\u00e9 sign\u00e9, jugeant la proc\u00e9dure trop on\u00e9reuse pour le club.<\/p>\n<p>La nouvelle affaire qui d\u00e9chire la famille Pogba ne le \"<em>surprend pas du tout<\/em>\", lui pour qui la m\u00e8re, Yeo Moriba, est \"<em>la cheffe de gang, celle qui pilote tout, celle qui dit oui, celle qui dit non<\/em>\".<\/p>\n<p>Avec\u00a0Le Figaro<\/p>\n<div class='share-to-whatsapp-wrapper'><div class='share-on-whsp'>PARTAGER SUR : <\/div><a data-text='Le Pr\u00e9sident de Tours FC accuse la m\u00e8re de Paul Pogba d\u2019\u00eatre derri\u00e8re Mathias' data-link='https:\/\/www.nettali.com\/2022\/08\/31\/le-president-de-tours-fc-accuse-la-mere-de-paul-pogba-detre-derriere-mathias\/' class='whatsapp-button whatsapp-share'>WhatsApp<\/a><div class='clear '><\/div><\/div>","protected":false},"excerpt":{"rendered":"<p>NETTALI.COM - Jean-Marc Ettori, pr\u00e9sident du Tours FC qui a compt\u00e9 dans ses rangs Mathias en 2018-2019, estime ne pas \u00eatre surpris par l\u2019affaire de famille des Pogba. A Tours, club de National lors de la saison 2018-19, Mathias Pogba n\u2019a jou\u00e9 que 5 matches. Jean-Marc Ettori en garde un tr\u00e8s mauvais souvenir. De lui, [&hellip;]<\/p>\n","protected":false},"author":5,"featured_media":92872,"comment_status":"open","ping_status":"open","sticky":false,"template":"","format":"standard","meta":{"_et_pb_use_builder":"","_et_pb_old_content":""},"categories":[6],"tags":[],"yoast_head":"<!-- This site is optimized with the Yoast SEO Premium plugin v17.8 (Yoast SEO v17.8) - https:\/\/yoast.com\/wordpress\/plugins\/seo\/ -->\n<title>Le Pr\u00e9sident de Tours FC accuse la m\u00e8re de Paul Pogba d\u2019\u00eatre derri\u00e8re Mathias | Nettali.com<\/title>\n<meta name=\"robots\" content=\"index, follow, max-snippet:-1, max-image-preview:large, max-video-preview:-1\" \/>\n<link rel=\"canonical\" href=\"https:\/\/www.nettali.com\/2022\/08\/31\/le-president-de-tours-fc-accuse-la-mere-de-paul-pogba-detre-derriere-mathias\/\" \/>\n<meta property=\"og:locale\" content=\"fr_FR\" \/>\n<meta property=\"og:type\" content=\"article\" \/>\n<meta property=\"og:title\" content=\"Le Pr\u00e9sident de Tours FC accuse la m\u00e8re de Paul Pogba d\u2019\u00eatre derri\u00e8re Mathias\" \/>\n<meta property=\"og:description\" content=\"NETTALI.COM - Jean-Marc Ettori, pr\u00e9sident du Tours FC qui a compt\u00e9 dans ses rangs Mathias en 2018-2019, estime ne pas \u00eatre surpris par l\u2019affaire de famille des Pogba. A Tours, club de National lors de la saison 2018-19, Mathias Pogba n\u2019a jou\u00e9 que 5 matches. Jean-Marc Ettori en garde un tr\u00e8s mauvais souvenir. De lui, [&hellip;]\" \/>\n<meta property=\"og:url\" content=\"https:\/\/www.nettali.com\/2022\/08\/31\/le-president-de-tours-fc-accuse-la-mere-de-paul-pogba-detre-derriere-mathias\/\" \/>\n<meta property=\"og:site_name\" content=\"Nettali.com\" \/>\n<meta property=\"article:publisher\" content=\"https:\/\/www.facebook.com\/nettalicom\" \/>\n<meta property=\"article:published_time\" content=\"2022-08-31T11:12:36+00:00\" \/>\n<meta property=\"og:image\" content=\"https:\/\/www.nettali.com\/wp-content\/uploads\/2022\/08\/5271710-paul-pogba-avec-sa-mere-yeo-et-ses-frere-950x0-2_1.jpg\" \/>\n\t<meta property=\"og:image:width\" content=\"950\" \/>\n\t<meta property=\"og:image:height\" content=\"558\" \/>\n<meta name=\"twitter:card\" content=\"summary_large_image\" \/>\n<meta name=\"twitter:label1\" content=\"\u00c9crit par\" \/>\n\t<meta name=\"twitter:data1\" content=\"Ibrahima\" \/>\n\t<meta name=\"twitter:label2\" content=\"Dur\u00e9e de lecture estim\u00e9e\" \/>\n\t<meta name=\"twitter:data2\" content=\"2 minutes\" \/>\n<script type=\"application\/ld+json\" class=\"yoast-schema-graph\">{\"@context\":\"https:\/\/schema.org\",\"@graph\":[{\"@type\":\"WebSite\",\"@id\":\"https:\/\/www.nettali.com\/#website\",\"url\":\"https:\/\/www.nettali.com\/\",\"name\":\"Nettali.com\",\"description\":\"Le rendez-vous critique du Net\",\"potentialAction\":[{\"@type\":\"SearchAction\",\"target\":{\"@type\":\"EntryPoint\",\"urlTemplate\":\"https:\/\/www.nettali.com\/?s={search_term_string}\"},\"query-input\":\"required name=search_term_string\"}],\"inLanguage\":\"fr-FR\"},{\"@type\":\"ImageObject\",\"@id\":\"https:\/\/www.nettali.com\/2022\/08\/31\/le-president-de-tours-fc-accuse-la-mere-de-paul-pogba-detre-derriere-mathias\/#primaryimage\",\"inLanguage\":\"fr-FR\",\"url\":\"https:\/\/www.nettali.com\/wp-content\/uploads\/2022\/08\/5271710-paul-pogba-avec-sa-mere-yeo-et-ses-frere-950x0-2_1.jpg\",\"contentUrl\":\"https:\/\/www.nettali.com\/wp-content\/uploads\/2022\/08\/5271710-paul-pogba-avec-sa-mere-yeo-et-ses-frere-950x0-2_1.jpg\",\"width\":950,\"height\":558},{\"@type\":\"WebPage\",\"@id\":\"https:\/\/www.nettali.com\/2022\/08\/31\/le-president-de-tours-fc-accuse-la-mere-de-paul-pogba-detre-derriere-mathias\/#webpage\",\"url\":\"https:\/\/www.nettali.com\/2022\/08\/31\/le-president-de-tours-fc-accuse-la-mere-de-paul-pogba-detre-derriere-mathias\/\",\"name\":\"Le Pr\\u00e9sident de Tours FC accuse la m\\u00e8re de Paul Pogba d\\u2019\\u00eatre derri\\u00e8re Mathias | Nettali.com\",\"isPartOf\":{\"@id\":\"https:\/\/www.nettali.com\/#website\"},\"primaryImageOfPage\":{\"@id\":\"https:\/\/www.nettali.com\/2022\/08\/31\/le-president-de-tours-fc-accuse-la-mere-de-paul-pogba-detre-derriere-mathias\/#primaryimage\"},\"datePublished\":\"2022-08-31T11:12:36+00:00\",\"dateModified\":\"2022-08-31T11:12:36+00:00\",\"author\":{\"@id\":\"https:\/\/www.nettali.com\/#\/schema\/person\/bb147657c2986240405a608162b9bb23\"},\"breadcrumb\":{\"@id\":\"https:\/\/www.nettali.com\/2022\/08\/31\/le-president-de-tours-fc-accuse-la-mere-de-paul-pogba-detre-derriere-mathias\/#breadcrumb\"},\"inLanguage\":\"fr-FR\",\"potentialAction\":[{\"@type\":\"ReadAction\",\"target\":[\"https:\/\/www.nettali.com\/2022\/08\/31\/le-president-de-tours-fc-accuse-la-mere-de-paul-pogba-detre-derriere-mathias\/\"]}]},{\"@type\":\"BreadcrumbList\",\"@id\":\"https:\/\/www.nettali.com\/2022\/08\/31\/le-president-de-tours-fc-accuse-la-mere-de-paul-pogba-detre-derriere-mathias\/#breadcrumb\",\"itemListElement\":[{\"@type\":\"ListItem\",\"position\":1,\"name\":\"Accueil\",\"item\":\"https:\/\/www.nettali.com\/\"},{\"@type\":\"ListItem\",\"position\":2,\"name\":\"Le Pr\\u00e9sident de Tours FC accuse la m\\u00e8re de Paul Pogba d\\u2019\\u00eatre derri\\u00e8re Mathias\"}]},{\"@type\":\"Person\",\"@id\":\"https:\/\/www.nettali.com\/#\/schema\/person\/bb147657c2986240405a608162b9bb23\",\"name\":\"Ibrahima\",\"image\":{\"@type\":\"ImageObject\",\"@id\":\"https:\/\/www.nettali.com\/#personlogo\",\"inLanguage\":\"fr-FR\",\"url\":\"https:\/\/secure.gravatar.com\/avatar\/26a8a81f09f0dd7624c9d5c36c9ba3a2?s=96&d=mm&r=g\",\"contentUrl\":\"https:\/\/secure.gravatar.com\/avatar\/26a8a81f09f0dd7624c9d5c36c9ba3a2?s=96&d=mm&r=g\",\"caption\":\"Ibrahima\"},\"sameAs\":[\"https:\/\/www.nettali.com\"]}]}<\/script>\n<!-- \/ Yoast SEO Premium plugin. -->","yoast_head_json":{"title":"Le Pr\u00e9sident de Tours FC accuse la m\u00e8re de Paul Pogba d\u2019\u00eatre derri\u00e8re Mathias | Nettali.com","robots":{"index":"index","follow":"follow","max-snippet":"max-snippet:-1","max-image-preview":"max-image-preview:large","max-video-preview":"max-video-preview:-1"},"canonical":"https:\/\/www.nettali.com\/2022\/08\/31\/le-president-de-tours-fc-accuse-la-mere-de-paul-pogba-detre-derriere-mathias\/","og_locale":"fr_FR","og_type":"article","og_title":"Le Pr\u00e9sident de Tours FC accuse la m\u00e8re de Paul Pogba d\u2019\u00eatre derri\u00e8re Mathias","og_description":"NETTALI.COM - Jean-Marc Ettori, pr\u00e9sident du Tours FC qui a compt\u00e9 dans ses rangs Mathias en 2018-2019, estime ne pas \u00eatre surpris par l\u2019affaire de famille des Pogba. A Tours, club de National lors de la saison 2018-19, Mathias Pogba n\u2019a jou\u00e9 que 5 matches. Jean-Marc Ettori en garde un tr\u00e8s mauvais souvenir. De lui, [&hellip;]","og_url":"https:\/\/www.nettali.com\/2022\/08\/31\/le-president-de-tours-fc-accuse-la-mere-de-paul-pogba-detre-derriere-mathias\/","og_site_name":"Nettali.com","article_publisher":"https:\/\/www.facebook.com\/nettalicom","article_published_time":"2022-08-31T11:12:36+00:00","og_image":[{"width":950,"height":558,"url":"https:\/\/www.nettali.com\/wp-content\/uploads\/2022\/08\/5271710-paul-pogba-avec-sa-mere-yeo-et-ses-frere-950x0-2_1.jpg","type":"image\/jpeg"}],"twitter_card":"summary_large_image","twitter_misc":{"\u00c9crit par":"Ibrahima","Dur\u00e9e de lecture estim\u00e9e":"2 minutes"},"schema":{"@context":"https:\/\/schema.org","@graph":[{"@type":"WebSite","@id":"https:\/\/www.nettali.com\/#website","url":"https:\/\/www.nettali.com\/","name":"Nettali.com","description":"Le rendez-vous critique du Net","potentialAction":[{"@type":"SearchAction","target":{"@type":"EntryPoint","urlTemplate":"https:\/\/www.nettali.com\/?s={search_term_string}"},"query-input":"required name=search_term_string"}],"inLanguage":"fr-FR"},{"@type":"ImageObject","@id":"https:\/\/www.nettali.com\/2022\/08\/31\/le-president-de-tours-fc-accuse-la-mere-de-paul-pogba-detre-derriere-mathias\/#primaryimage","inLanguage":"fr-FR","url":"https:\/\/www.nettali.com\/wp-content\/uploads\/2022\/08\/5271710-paul-pogba-avec-sa-mere-yeo-et-ses-frere-950x0-2_1.jpg","contentUrl":"https:\/\/www.nettali.com\/wp-content\/uploads\/2022\/08\/5271710-paul-pogba-avec-sa-mere-yeo-et-ses-frere-950x0-2_1.jpg","width":950,"height":558},{"@type":"WebPage","@id":"https:\/\/www.nettali.com\/2022\/08\/31\/le-president-de-tours-fc-accuse-la-mere-de-paul-pogba-detre-derriere-mathias\/#webpage","url":"https:\/\/www.nettali.com\/2022\/08\/31\/le-president-de-tours-fc-accuse-la-mere-de-paul-pogba-detre-derriere-mathias\/","name":"Le Pr\u00e9sident de Tours FC accuse la m\u00e8re de Paul Pogba d\u2019\u00eatre derri\u00e8re Mathias | Nettali.com","isPartOf":{"@id":"https:\/\/www.nettali.com\/#website"},"primaryImageOfPage":{"@id":"https:\/\/www.nettali.com\/2022\/08\/31\/le-president-de-tours-fc-accuse-la-mere-de-paul-pogba-detre-derriere-mathias\/#primaryimage"},"datePublished":"2022-08-31T11:12:36+00:00","dateModified":"2022-08-31T11:12:36+00:00","author":{"@id":"https:\/\/www.nettali.com\/#\/schema\/person\/bb147657c2986240405a608162b9bb23"},"breadcrumb":{"@id":"https:\/\/www.nettali.com\/2022\/08\/31\/le-president-de-tours-fc-accuse-la-mere-de-paul-pogba-detre-derriere-mathias\/#breadcrumb"},"inLanguage":"fr-FR","potentialAction":[{"@type":"ReadAction","target":["https:\/\/www.nettali.com\/2022\/08\/31\/le-president-de-tours-fc-accuse-la-mere-de-paul-pogba-detre-derriere-mathias\/"]}]},{"@type":"BreadcrumbList","@id":"https:\/\/www.nettali.com\/2022\/08\/31\/le-president-de-tours-fc-accuse-la-mere-de-paul-pogba-detre-derriere-mathias\/#breadcrumb","itemListElement":[{"@type":"ListItem","position":1,"name":"Accueil","item":"https:\/\/www.nettali.com\/"},{"@type":"ListItem","position":2,"name":"Le Pr\u00e9sident de Tours FC accuse la m\u00e8re de Paul Pogba d\u2019\u00eatre derri\u00e8re Mathias"}]},{"@type":"Person","@id":"https:\/\/www.nettali.com\/#\/schema\/person\/bb147657c2986240405a608162b9bb23","name":"Ibrahima","image":{"@type":"ImageObject","@id":"https:\/\/www.nettali.com\/#personlogo","inLanguage":"fr-FR","url":"https:\/\/secure.gravatar.com\/avatar\/26a8a81f09f0dd7624c9d5c36c9ba3a2?s=96&d=mm&r=g","contentUrl":"https:\/\/secure.gravatar.com\/avatar\/26a8a81f09f0dd7624c9d5c36c9ba3a2?s=96&d=mm&r=g","caption":"Ibrahima"},"sameAs":["https:\/\/www.nettali.com"]}]}},"_links":{"self":[{"href":"https:\/\/www.nettali.com\/rest\/wp\/v2\/posts\/92871"}],"collection":[{"href":"https:\/\/www.nettali.com\/rest\/wp\/v2\/posts"}],"about":[{"href":"https:\/\/www.nettali.com\/rest\/wp\/v2\/types\/post"}],"author":[{"embeddable":true,"href":"https:\/\/www.nettali.com\/rest\/wp\/v2\/users\/5"}],"replies":[{"embeddable":true,"href":"https:\/\/www.nettali.com\/rest\/wp\/v2\/comments?post=92871"}],"version-history":[{"count":2,"href":"https:\/\/www.nettali.com\/rest\/wp\/v2\/posts\/92871\/revisions"}],"predecessor-version":[{"id":92874,"href":"https:\/\/www.nettali.com\/rest\/wp\/v2\/posts\/92871\/revisions\/92874"}],"wp:featuredmedia":[{"embeddable":true,"href":"https:\/\/www.nettali.com\/rest\/wp\/v2\/media\/92872"}],"wp:attachment":[{"href":"https:\/\/www.nettali.com\/rest\/wp\/v2\/media?parent=92871"}],"wp:term":[{"taxonomy":"category","embeddable":true,"href":"https:\/\/www.nettali.com\/rest\/wp\/v2\/categories?post=92871"},{"taxonomy":"post_tag","embeddable":true,"href":"https:\/\/www.nettali.com\/rest\/wp\/v2\/tags?post=92871"}],"curies":[{"name":"wp","href":"https:\/\/api.w.org\/{rel}","templated":true}]}}