{"id":92809,"date":"2022-08-30T06:50:48","date_gmt":"2022-08-30T06:50:48","guid":{"rendered":"https:\/\/www.nettali.com\/?p=92809"},"modified":"2022-08-30T06:50:48","modified_gmt":"2022-08-30T06:50:48","slug":"braquage-a-kolda-8-personnes-condamnees-a-la-prison-a-vie","status":"publish","type":"post","link":"https:\/\/www.nettali.com\/2022\/08\/30\/braquage-a-kolda-8-personnes-condamnees-a-la-prison-a-vie\/","title":{"rendered":"BRAQUAGE A KOLDA - 8 personnes condamn\u00e9es \u00e0 la prison \u00e0 vie"},"content":{"rendered":"<div>\n<div>\n<p><strong>NETTALI.COM - La chambre criminelle du tribunal de grande instance de Kolda (sud) a condamn\u00e9 huit accus\u00e9s \u00e0 la prison \u00e0 vie pour un braquage \u00e0 l\u2019origine de la mort d\u2019un \u00e9l\u00e8ve, il y a cinq ans et demi, dans la commune de Mampatim.<\/strong><\/p>\n<p>Abdoulaye Ba, Mamadou Boye Ba, Boune Omar Bald\u00e9, El Hadj Yoro Diallo, Djiby Diallo et Mouminy Diallo ont tous \u00e9cop\u00e9 de la m\u00eame peine. Un mandat d\u2019arr\u00eat international a \u00e9t\u00e9 \u00e9mis \u00e0 l\u2019encontre de Mamadou Saliou Diallo et d\u2019Ousmane Diao, qui ont \u00e9t\u00e9 jug\u00e9s par contumace et condamn\u00e9s \u00e9galement \u00e0 la prison \u00e0 vie.<\/p>\n<p>Accus\u00e9s d\u2019avoir pris part au braquage, ils sont en fuite depuis la survenue des faits, \u00e0 Mampatim, un village situ\u00e9 dans la r\u00e9gion de Kolda.<\/p>\n<p>Tous les accus\u00e9s sont convaincus des faits d\u2019association de malfaiteurs, de d\u00e9tention ill\u00e9gale d\u2019armes, de complicit\u00e9 de vol en r\u00e9union avec usage de v\u00e9hicules et d\u2019armes, et de blessures graves caus\u00e9es aux victimes.<\/p>\n<p>Un \u00e9l\u00e8ve de 13 ans de l\u2019\u00e9cole \u00e9l\u00e9mentaire de T\u00e9mento avait \u00e9t\u00e9 tu\u00e9 par balle lorsque des assaillants s\u2019en sont pris aux passagers d\u2019un bus, qui revenaient d\u2019un Gamou (p\u00e8lerinage musulman).<\/p>\n<p>Quatre passagers avaient \u00e9t\u00e9 bless\u00e9s lors de l\u2019attaque \u00e0 main arm\u00e9e survenue le 29 janvier 2017, entre Mampatim et Badion.<\/p>\n<p>Abdoulaye Ba, Mamadou Boye Ba et leurs coaccus\u00e9s peuvent faire appel de leur condamnation dans les quinze prochains jours.<\/p>\n<\/div>\n<\/div>\n<div><\/div>\n<div class='share-to-whatsapp-wrapper'><div class='share-on-whsp'>PARTAGER SUR : <\/div><a data-text='BRAQUAGE A KOLDA - 8 personnes condamn\u00e9es \u00e0 la prison \u00e0 vie' data-link='https:\/\/www.nettali.com\/2022\/08\/30\/braquage-a-kolda-8-personnes-condamnees-a-la-prison-a-vie\/' class='whatsapp-button whatsapp-share'>WhatsApp<\/a><div class='clear '><\/div><\/div>","protected":false},"excerpt":{"rendered":"<p>NETTALI.COM - La chambre criminelle du tribunal de grande instance de Kolda (sud) a condamn\u00e9 huit accus\u00e9s \u00e0 la prison \u00e0 vie pour un braquage \u00e0 l\u2019origine de la mort d\u2019un \u00e9l\u00e8ve, il y a cinq ans et demi, dans la commune de Mampatim. Abdoulaye Ba, Mamadou Boye Ba, Boune Omar Bald\u00e9, El Hadj Yoro [&hellip;]<\/p>\n","protected":false},"author":4,"featured_media":92810,"comment_status":"open","ping_status":"open","sticky":false,"template":"","format":"standard","meta":{"_et_pb_use_builder":"","_et_pb_old_content":""},"categories":[3],"tags":[],"yoast_head":"<!-- This site is optimized with the Yoast SEO Premium plugin v17.8 (Yoast SEO v17.8) - https:\/\/yoast.com\/wordpress\/plugins\/seo\/ -->\n<title>BRAQUAGE A KOLDA - 8 personnes condamn\u00e9es \u00e0 la prison \u00e0 vie | Nettali.com<\/title>\n<meta name=\"robots\" content=\"index, follow, max-snippet:-1, max-image-preview:large, max-video-preview:-1\" \/>\n<link rel=\"canonical\" href=\"https:\/\/www.nettali.com\/2022\/08\/30\/braquage-a-kolda-8-personnes-condamnees-a-la-prison-a-vie\/\" \/>\n<meta property=\"og:locale\" content=\"fr_FR\" \/>\n<meta property=\"og:type\" content=\"article\" \/>\n<meta property=\"og:title\" content=\"BRAQUAGE A KOLDA - 8 personnes condamn\u00e9es \u00e0 la prison \u00e0 vie\" \/>\n<meta property=\"og:description\" content=\"NETTALI.COM - La chambre criminelle du tribunal de grande instance de Kolda (sud) a condamn\u00e9 huit accus\u00e9s \u00e0 la prison \u00e0 vie pour un braquage \u00e0 l\u2019origine de la mort d\u2019un \u00e9l\u00e8ve, il y a cinq ans et demi, dans la commune de Mampatim. Abdoulaye Ba, Mamadou Boye Ba, Boune Omar Bald\u00e9, El Hadj Yoro [&hellip;]\" \/>\n<meta property=\"og:url\" content=\"https:\/\/www.nettali.com\/2022\/08\/30\/braquage-a-kolda-8-personnes-condamnees-a-la-prison-a-vie\/\" \/>\n<meta property=\"og:site_name\" content=\"Nettali.com\" \/>\n<meta property=\"article:publisher\" content=\"https:\/\/www.facebook.com\/nettalicom\" \/>\n<meta property=\"article:published_time\" content=\"2022-08-30T06:50:48+00:00\" \/>\n<meta property=\"og:image\" content=\"https:\/\/www.nettali.com\/wp-content\/uploads\/2022\/08\/Tribunal-Kolda.jpeg\" \/>\n\t<meta property=\"og:image:width\" content=\"777\" \/>\n\t<meta property=\"og:image:height\" content=\"558\" \/>\n<meta name=\"twitter:card\" content=\"summary_large_image\" \/>\n<meta name=\"twitter:label1\" content=\"\u00c9crit par\" \/>\n\t<meta name=\"twitter:data1\" content=\"Daouda\" \/>\n\t<meta name=\"twitter:label2\" content=\"Dur\u00e9e de lecture estim\u00e9e\" \/>\n\t<meta name=\"twitter:data2\" content=\"2 minutes\" \/>\n<script type=\"application\/ld+json\" class=\"yoast-schema-graph\">{\"@context\":\"https:\/\/schema.org\",\"@graph\":[{\"@type\":\"WebSite\",\"@id\":\"https:\/\/www.nettali.com\/#website\",\"url\":\"https:\/\/www.nettali.com\/\",\"name\":\"Nettali.com\",\"description\":\"Le rendez-vous critique du Net\",\"potentialAction\":[{\"@type\":\"SearchAction\",\"target\":{\"@type\":\"EntryPoint\",\"urlTemplate\":\"https:\/\/www.nettali.com\/?s={search_term_string}\"},\"query-input\":\"required name=search_term_string\"}],\"inLanguage\":\"fr-FR\"},{\"@type\":\"ImageObject\",\"@id\":\"https:\/\/www.nettali.com\/2022\/08\/30\/braquage-a-kolda-8-personnes-condamnees-a-la-prison-a-vie\/#primaryimage\",\"inLanguage\":\"fr-FR\",\"url\":\"https:\/\/www.nettali.com\/wp-content\/uploads\/2022\/08\/Tribunal-Kolda.jpeg\",\"contentUrl\":\"https:\/\/www.nettali.com\/wp-content\/uploads\/2022\/08\/Tribunal-Kolda.jpeg\",\"width\":777,\"height\":558},{\"@type\":\"WebPage\",\"@id\":\"https:\/\/www.nettali.com\/2022\/08\/30\/braquage-a-kolda-8-personnes-condamnees-a-la-prison-a-vie\/#webpage\",\"url\":\"https:\/\/www.nettali.com\/2022\/08\/30\/braquage-a-kolda-8-personnes-condamnees-a-la-prison-a-vie\/\",\"name\":\"BRAQUAGE A KOLDA - 8 personnes condamn\\u00e9es \\u00e0 la prison \\u00e0 vie | Nettali.com\",\"isPartOf\":{\"@id\":\"https:\/\/www.nettali.com\/#website\"},\"primaryImageOfPage\":{\"@id\":\"https:\/\/www.nettali.com\/2022\/08\/30\/braquage-a-kolda-8-personnes-condamnees-a-la-prison-a-vie\/#primaryimage\"},\"datePublished\":\"2022-08-30T06:50:48+00:00\",\"dateModified\":\"2022-08-30T06:50:48+00:00\",\"author\":{\"@id\":\"https:\/\/www.nettali.com\/#\/schema\/person\/3317e0bb3aa1da309fbf7b2780901bf4\"},\"breadcrumb\":{\"@id\":\"https:\/\/www.nettali.com\/2022\/08\/30\/braquage-a-kolda-8-personnes-condamnees-a-la-prison-a-vie\/#breadcrumb\"},\"inLanguage\":\"fr-FR\",\"potentialAction\":[{\"@type\":\"ReadAction\",\"target\":[\"https:\/\/www.nettali.com\/2022\/08\/30\/braquage-a-kolda-8-personnes-condamnees-a-la-prison-a-vie\/\"]}]},{\"@type\":\"BreadcrumbList\",\"@id\":\"https:\/\/www.nettali.com\/2022\/08\/30\/braquage-a-kolda-8-personnes-condamnees-a-la-prison-a-vie\/#breadcrumb\",\"itemListElement\":[{\"@type\":\"ListItem\",\"position\":1,\"name\":\"Accueil\",\"item\":\"https:\/\/www.nettali.com\/\"},{\"@type\":\"ListItem\",\"position\":2,\"name\":\"BRAQUAGE A KOLDA - 8 personnes condamn\\u00e9es \\u00e0 la prison \\u00e0 vie\"}]},{\"@type\":\"Person\",\"@id\":\"https:\/\/www.nettali.com\/#\/schema\/person\/3317e0bb3aa1da309fbf7b2780901bf4\",\"name\":\"Daouda\",\"image\":{\"@type\":\"ImageObject\",\"@id\":\"https:\/\/www.nettali.com\/#personlogo\",\"inLanguage\":\"fr-FR\",\"url\":\"https:\/\/secure.gravatar.com\/avatar\/8d143b5a49345098ddcfee1c49c2f47c?s=96&d=mm&r=g\",\"contentUrl\":\"https:\/\/secure.gravatar.com\/avatar\/8d143b5a49345098ddcfee1c49c2f47c?s=96&d=mm&r=g\",\"caption\":\"Daouda\"},\"sameAs\":[\"https:\/\/www.nettali.com\"]}]}<\/script>\n<!-- \/ Yoast SEO Premium plugin. -->","yoast_head_json":{"title":"BRAQUAGE A KOLDA - 8 personnes condamn\u00e9es \u00e0 la prison \u00e0 vie | Nettali.com","robots":{"index":"index","follow":"follow","max-snippet":"max-snippet:-1","max-image-preview":"max-image-preview:large","max-video-preview":"max-video-preview:-1"},"canonical":"https:\/\/www.nettali.com\/2022\/08\/30\/braquage-a-kolda-8-personnes-condamnees-a-la-prison-a-vie\/","og_locale":"fr_FR","og_type":"article","og_title":"BRAQUAGE A KOLDA - 8 personnes condamn\u00e9es \u00e0 la prison \u00e0 vie","og_description":"NETTALI.COM - La chambre criminelle du tribunal de grande instance de Kolda (sud) a condamn\u00e9 huit accus\u00e9s \u00e0 la prison \u00e0 vie pour un braquage \u00e0 l\u2019origine de la mort d\u2019un \u00e9l\u00e8ve, il y a cinq ans et demi, dans la commune de Mampatim. Abdoulaye Ba, Mamadou Boye Ba, Boune Omar Bald\u00e9, El Hadj Yoro [&hellip;]","og_url":"https:\/\/www.nettali.com\/2022\/08\/30\/braquage-a-kolda-8-personnes-condamnees-a-la-prison-a-vie\/","og_site_name":"Nettali.com","article_publisher":"https:\/\/www.facebook.com\/nettalicom","article_published_time":"2022-08-30T06:50:48+00:00","og_image":[{"width":777,"height":558,"url":"https:\/\/www.nettali.com\/wp-content\/uploads\/2022\/08\/Tribunal-Kolda.jpeg","type":"image\/jpeg"}],"twitter_card":"summary_large_image","twitter_misc":{"\u00c9crit par":"Daouda","Dur\u00e9e de lecture estim\u00e9e":"2 minutes"},"schema":{"@context":"https:\/\/schema.org","@graph":[{"@type":"WebSite","@id":"https:\/\/www.nettali.com\/#website","url":"https:\/\/www.nettali.com\/","name":"Nettali.com","description":"Le rendez-vous critique du Net","potentialAction":[{"@type":"SearchAction","target":{"@type":"EntryPoint","urlTemplate":"https:\/\/www.nettali.com\/?s={search_term_string}"},"query-input":"required name=search_term_string"}],"inLanguage":"fr-FR"},{"@type":"ImageObject","@id":"https:\/\/www.nettali.com\/2022\/08\/30\/braquage-a-kolda-8-personnes-condamnees-a-la-prison-a-vie\/#primaryimage","inLanguage":"fr-FR","url":"https:\/\/www.nettali.com\/wp-content\/uploads\/2022\/08\/Tribunal-Kolda.jpeg","contentUrl":"https:\/\/www.nettali.com\/wp-content\/uploads\/2022\/08\/Tribunal-Kolda.jpeg","width":777,"height":558},{"@type":"WebPage","@id":"https:\/\/www.nettali.com\/2022\/08\/30\/braquage-a-kolda-8-personnes-condamnees-a-la-prison-a-vie\/#webpage","url":"https:\/\/www.nettali.com\/2022\/08\/30\/braquage-a-kolda-8-personnes-condamnees-a-la-prison-a-vie\/","name":"BRAQUAGE A KOLDA - 8 personnes condamn\u00e9es \u00e0 la prison \u00e0 vie | Nettali.com","isPartOf":{"@id":"https:\/\/www.nettali.com\/#website"},"primaryImageOfPage":{"@id":"https:\/\/www.nettali.com\/2022\/08\/30\/braquage-a-kolda-8-personnes-condamnees-a-la-prison-a-vie\/#primaryimage"},"datePublished":"2022-08-30T06:50:48+00:00","dateModified":"2022-08-30T06:50:48+00:00","author":{"@id":"https:\/\/www.nettali.com\/#\/schema\/person\/3317e0bb3aa1da309fbf7b2780901bf4"},"breadcrumb":{"@id":"https:\/\/www.nettali.com\/2022\/08\/30\/braquage-a-kolda-8-personnes-condamnees-a-la-prison-a-vie\/#breadcrumb"},"inLanguage":"fr-FR","potentialAction":[{"@type":"ReadAction","target":["https:\/\/www.nettali.com\/2022\/08\/30\/braquage-a-kolda-8-personnes-condamnees-a-la-prison-a-vie\/"]}]},{"@type":"BreadcrumbList","@id":"https:\/\/www.nettali.com\/2022\/08\/30\/braquage-a-kolda-8-personnes-condamnees-a-la-prison-a-vie\/#breadcrumb","itemListElement":[{"@type":"ListItem","position":1,"name":"Accueil","item":"https:\/\/www.nettali.com\/"},{"@type":"ListItem","position":2,"name":"BRAQUAGE A KOLDA - 8 personnes condamn\u00e9es \u00e0 la prison \u00e0 vie"}]},{"@type":"Person","@id":"https:\/\/www.nettali.com\/#\/schema\/person\/3317e0bb3aa1da309fbf7b2780901bf4","name":"Daouda","image":{"@type":"ImageObject","@id":"https:\/\/www.nettali.com\/#personlogo","inLanguage":"fr-FR","url":"https:\/\/secure.gravatar.com\/avatar\/8d143b5a49345098ddcfee1c49c2f47c?s=96&d=mm&r=g","contentUrl":"https:\/\/secure.gravatar.com\/avatar\/8d143b5a49345098ddcfee1c49c2f47c?s=96&d=mm&r=g","caption":"Daouda"},"sameAs":["https:\/\/www.nettali.com"]}]}},"_links":{"self":[{"href":"https:\/\/www.nettali.com\/rest\/wp\/v2\/posts\/92809"}],"collection":[{"href":"https:\/\/www.nettali.com\/rest\/wp\/v2\/posts"}],"about":[{"href":"https:\/\/www.nettali.com\/rest\/wp\/v2\/types\/post"}],"author":[{"embeddable":true,"href":"https:\/\/www.nettali.com\/rest\/wp\/v2\/users\/4"}],"replies":[{"embeddable":true,"href":"https:\/\/www.nettali.com\/rest\/wp\/v2\/comments?post=92809"}],"version-history":[{"count":1,"href":"https:\/\/www.nettali.com\/rest\/wp\/v2\/posts\/92809\/revisions"}],"predecessor-version":[{"id":92811,"href":"https:\/\/www.nettali.com\/rest\/wp\/v2\/posts\/92809\/revisions\/92811"}],"wp:featuredmedia":[{"embeddable":true,"href":"https:\/\/www.nettali.com\/rest\/wp\/v2\/media\/92810"}],"wp:attachment":[{"href":"https:\/\/www.nettali.com\/rest\/wp\/v2\/media?parent=92809"}],"wp:term":[{"taxonomy":"category","embeddable":true,"href":"https:\/\/www.nettali.com\/rest\/wp\/v2\/categories?post=92809"},{"taxonomy":"post_tag","embeddable":true,"href":"https:\/\/www.nettali.com\/rest\/wp\/v2\/tags?post=92809"}],"curies":[{"name":"wp","href":"https:\/\/api.w.org\/{rel}","templated":true}]}}