{"id":92806,"date":"2022-08-29T23:31:26","date_gmt":"2022-08-29T23:31:26","guid":{"rendered":"https:\/\/www.nettali.com\/?p=92806"},"modified":"2022-08-29T23:31:26","modified_gmt":"2022-08-29T23:31:26","slug":"le-footballeur-gabonais-pierre-emerick-aubameyang-victime-dun-violent-cambriolage","status":"publish","type":"post","link":"https:\/\/www.nettali.com\/2022\/08\/29\/le-footballeur-gabonais-pierre-emerick-aubameyang-victime-dun-violent-cambriolage\/","title":{"rendered":"Le footballeur gabonais Pierre-Emerick Aubameyang victime d\u2019un violent cambriolage"},"content":{"rendered":"<p class=\"t-content__chapo\"><strong>NETTALI.COM - Dans la nuit du dimanche au lundi, le footballeur gabonais Pierre-Emerick Aubameyang a \u00e9t\u00e9 cambriol\u00e9 et frapp\u00e9 chez lui, en banlieue de Barcelone. Les voleurs sont toujours en fuite et recherch\u00e9s activement par la police catalane.<\/strong><\/p>\n<div class=\"t-content__body u-clearfix\" data-empty-p=\"false\">\n<p>Il \u00e9tait une heure du matin lorsque quatre hommes cagoul\u00e9s se sont introduits au domicile de l'international gabonais\u00a0Pierre-Emerick\u00a0Aubameyang\u00a0\u00e0 Castelldefells, en banlieue de Barcelone, en escaladant le mur de son jardin.<\/p>\n<p>Selon les r\u00e9v\u00e9lations d'<em>El Pa\u00eds<\/em>\u00a0et de la radio Rac1, les voleurs, munis d'armes \u00e0 feu et de barres de fer, ont menac\u00e9 le footballeur et sa femme, les ont ligot\u00e9s et allong\u00e9s au sol pendant une heure jusqu'\u00e0 ce qu'ils ouvrent un coffre-fort qui contenait des objets de valeur avant de prendre la fuite.<\/p>\n<p>Le footballeur du Bar\u00e7a a \u00e9t\u00e9 frapp\u00e9 au menton avec une barre de fer. Sa femme est, elle aussi, l\u00e9g\u00e8rement bless\u00e9e la t\u00eate, mais le couple a refus\u00e9 de se rendre \u00e0 l'h\u00f4pital pour ne pas traumatiser davantage leurs enfants, pr\u00e9sents lors du cambriolage. Il y a deux mois, des voleurs s'\u00e9taient d\u00e9j\u00e0 introduits chez eux, mais la famille \u00e9tait absente.<\/p>\n<p>Cette fois, les malfaiteurs semblaient ne plus craindre de croiser leurs victimes. Une m\u00e9thode qui inqui\u00e8te \u00e0 Barcelone alors que mi-ao\u00fbt, un autre joueur du Bar\u00e7a,\u00a0Robert Lewandowski\u00a0s'\u00e9tait fait voler sa montre en plein jour, devant le centre d'entra\u00eenement, alors qu'il signait des autographes \u00e0 ses fans.<\/p>\n<\/div>\n<div class=\"t-content__shares\">\n<div class=\"m-share-bar\"><\/div>\n<\/div>\n<div class=\"t-content__dates\">\n<p class=\"m-pub-dates\">\n<\/div>\n<div class='share-to-whatsapp-wrapper'><div class='share-on-whsp'>PARTAGER SUR : <\/div><a data-text='Le footballeur gabonais Pierre-Emerick Aubameyang victime d\u2019un violent cambriolage' data-link='https:\/\/www.nettali.com\/2022\/08\/29\/le-footballeur-gabonais-pierre-emerick-aubameyang-victime-dun-violent-cambriolage\/' class='whatsapp-button whatsapp-share'>WhatsApp<\/a><div class='clear '><\/div><\/div>","protected":false},"excerpt":{"rendered":"<p>NETTALI.COM - Dans la nuit du dimanche au lundi, le footballeur gabonais Pierre-Emerick Aubameyang a \u00e9t\u00e9 cambriol\u00e9 et frapp\u00e9 chez lui, en banlieue de Barcelone. Les voleurs sont toujours en fuite et recherch\u00e9s activement par la police catalane. Il \u00e9tait une heure du matin lorsque quatre hommes cagoul\u00e9s se sont introduits au domicile de l'international [&hellip;]<\/p>\n","protected":false},"author":4,"featured_media":92807,"comment_status":"open","ping_status":"open","sticky":false,"template":"","format":"standard","meta":{"_et_pb_use_builder":"","_et_pb_old_content":""},"categories":[3],"tags":[],"yoast_head":"<!-- This site is optimized with the Yoast SEO Premium plugin v17.8 (Yoast SEO v17.8) - https:\/\/yoast.com\/wordpress\/plugins\/seo\/ -->\n<title>Le footballeur gabonais Pierre-Emerick Aubameyang victime d\u2019un violent cambriolage | Nettali.com<\/title>\n<meta name=\"robots\" content=\"index, follow, max-snippet:-1, max-image-preview:large, max-video-preview:-1\" \/>\n<link rel=\"canonical\" href=\"https:\/\/www.nettali.com\/2022\/08\/29\/le-footballeur-gabonais-pierre-emerick-aubameyang-victime-dun-violent-cambriolage\/\" \/>\n<meta property=\"og:locale\" content=\"fr_FR\" \/>\n<meta property=\"og:type\" content=\"article\" \/>\n<meta property=\"og:title\" content=\"Le footballeur gabonais Pierre-Emerick Aubameyang victime d\u2019un violent cambriolage\" \/>\n<meta property=\"og:description\" content=\"NETTALI.COM - Dans la nuit du dimanche au lundi, le footballeur gabonais Pierre-Emerick Aubameyang a \u00e9t\u00e9 cambriol\u00e9 et frapp\u00e9 chez lui, en banlieue de Barcelone. Les voleurs sont toujours en fuite et recherch\u00e9s activement par la police catalane. Il \u00e9tait une heure du matin lorsque quatre hommes cagoul\u00e9s se sont introduits au domicile de l&#039;international [&hellip;]\" \/>\n<meta property=\"og:url\" content=\"https:\/\/www.nettali.com\/2022\/08\/29\/le-footballeur-gabonais-pierre-emerick-aubameyang-victime-dun-violent-cambriolage\/\" \/>\n<meta property=\"og:site_name\" content=\"Nettali.com\" \/>\n<meta property=\"article:publisher\" content=\"https:\/\/www.facebook.com\/nettalicom\" \/>\n<meta property=\"article:published_time\" content=\"2022-08-29T23:31:26+00:00\" \/>\n<meta property=\"og:image\" content=\"https:\/\/www.nettali.com\/wp-content\/uploads\/2022\/08\/Capture-de\u0301cran-2022-08-29-a\u0300-23.28.59.png\" \/>\n\t<meta property=\"og:image:width\" content=\"954\" \/>\n\t<meta property=\"og:image:height\" content=\"478\" \/>\n<meta name=\"twitter:card\" content=\"summary_large_image\" \/>\n<meta name=\"twitter:label1\" content=\"\u00c9crit par\" \/>\n\t<meta name=\"twitter:data1\" content=\"Daouda\" \/>\n\t<meta name=\"twitter:label2\" content=\"Dur\u00e9e de lecture estim\u00e9e\" \/>\n\t<meta name=\"twitter:data2\" content=\"2 minutes\" \/>\n<script type=\"application\/ld+json\" class=\"yoast-schema-graph\">{\"@context\":\"https:\/\/schema.org\",\"@graph\":[{\"@type\":\"WebSite\",\"@id\":\"https:\/\/www.nettali.com\/#website\",\"url\":\"https:\/\/www.nettali.com\/\",\"name\":\"Nettali.com\",\"description\":\"Le rendez-vous critique du Net\",\"potentialAction\":[{\"@type\":\"SearchAction\",\"target\":{\"@type\":\"EntryPoint\",\"urlTemplate\":\"https:\/\/www.nettali.com\/?s={search_term_string}\"},\"query-input\":\"required name=search_term_string\"}],\"inLanguage\":\"fr-FR\"},{\"@type\":\"ImageObject\",\"@id\":\"https:\/\/www.nettali.com\/2022\/08\/29\/le-footballeur-gabonais-pierre-emerick-aubameyang-victime-dun-violent-cambriolage\/#primaryimage\",\"inLanguage\":\"fr-FR\",\"url\":\"https:\/\/www.nettali.com\/wp-content\/uploads\/2022\/08\/Capture-de\\u0301cran-2022-08-29-a\\u0300-23.28.59.png\",\"contentUrl\":\"https:\/\/www.nettali.com\/wp-content\/uploads\/2022\/08\/Capture-de\\u0301cran-2022-08-29-a\\u0300-23.28.59.png\",\"width\":954,\"height\":478},{\"@type\":\"WebPage\",\"@id\":\"https:\/\/www.nettali.com\/2022\/08\/29\/le-footballeur-gabonais-pierre-emerick-aubameyang-victime-dun-violent-cambriolage\/#webpage\",\"url\":\"https:\/\/www.nettali.com\/2022\/08\/29\/le-footballeur-gabonais-pierre-emerick-aubameyang-victime-dun-violent-cambriolage\/\",\"name\":\"Le footballeur gabonais Pierre-Emerick Aubameyang victime d\\u2019un violent cambriolage | Nettali.com\",\"isPartOf\":{\"@id\":\"https:\/\/www.nettali.com\/#website\"},\"primaryImageOfPage\":{\"@id\":\"https:\/\/www.nettali.com\/2022\/08\/29\/le-footballeur-gabonais-pierre-emerick-aubameyang-victime-dun-violent-cambriolage\/#primaryimage\"},\"datePublished\":\"2022-08-29T23:31:26+00:00\",\"dateModified\":\"2022-08-29T23:31:26+00:00\",\"author\":{\"@id\":\"https:\/\/www.nettali.com\/#\/schema\/person\/3317e0bb3aa1da309fbf7b2780901bf4\"},\"breadcrumb\":{\"@id\":\"https:\/\/www.nettali.com\/2022\/08\/29\/le-footballeur-gabonais-pierre-emerick-aubameyang-victime-dun-violent-cambriolage\/#breadcrumb\"},\"inLanguage\":\"fr-FR\",\"potentialAction\":[{\"@type\":\"ReadAction\",\"target\":[\"https:\/\/www.nettali.com\/2022\/08\/29\/le-footballeur-gabonais-pierre-emerick-aubameyang-victime-dun-violent-cambriolage\/\"]}]},{\"@type\":\"BreadcrumbList\",\"@id\":\"https:\/\/www.nettali.com\/2022\/08\/29\/le-footballeur-gabonais-pierre-emerick-aubameyang-victime-dun-violent-cambriolage\/#breadcrumb\",\"itemListElement\":[{\"@type\":\"ListItem\",\"position\":1,\"name\":\"Accueil\",\"item\":\"https:\/\/www.nettali.com\/\"},{\"@type\":\"ListItem\",\"position\":2,\"name\":\"Le footballeur gabonais Pierre-Emerick Aubameyang victime d\\u2019un violent cambriolage\"}]},{\"@type\":\"Person\",\"@id\":\"https:\/\/www.nettali.com\/#\/schema\/person\/3317e0bb3aa1da309fbf7b2780901bf4\",\"name\":\"Daouda\",\"image\":{\"@type\":\"ImageObject\",\"@id\":\"https:\/\/www.nettali.com\/#personlogo\",\"inLanguage\":\"fr-FR\",\"url\":\"https:\/\/secure.gravatar.com\/avatar\/8d143b5a49345098ddcfee1c49c2f47c?s=96&d=mm&r=g\",\"contentUrl\":\"https:\/\/secure.gravatar.com\/avatar\/8d143b5a49345098ddcfee1c49c2f47c?s=96&d=mm&r=g\",\"caption\":\"Daouda\"},\"sameAs\":[\"https:\/\/www.nettali.com\"]}]}<\/script>\n<!-- \/ Yoast SEO Premium plugin. -->","yoast_head_json":{"title":"Le footballeur gabonais Pierre-Emerick Aubameyang victime d\u2019un violent cambriolage | Nettali.com","robots":{"index":"index","follow":"follow","max-snippet":"max-snippet:-1","max-image-preview":"max-image-preview:large","max-video-preview":"max-video-preview:-1"},"canonical":"https:\/\/www.nettali.com\/2022\/08\/29\/le-footballeur-gabonais-pierre-emerick-aubameyang-victime-dun-violent-cambriolage\/","og_locale":"fr_FR","og_type":"article","og_title":"Le footballeur gabonais Pierre-Emerick Aubameyang victime d\u2019un violent cambriolage","og_description":"NETTALI.COM - Dans la nuit du dimanche au lundi, le footballeur gabonais Pierre-Emerick Aubameyang a \u00e9t\u00e9 cambriol\u00e9 et frapp\u00e9 chez lui, en banlieue de Barcelone. Les voleurs sont toujours en fuite et recherch\u00e9s activement par la police catalane. Il \u00e9tait une heure du matin lorsque quatre hommes cagoul\u00e9s se sont introduits au domicile de l'international [&hellip;]","og_url":"https:\/\/www.nettali.com\/2022\/08\/29\/le-footballeur-gabonais-pierre-emerick-aubameyang-victime-dun-violent-cambriolage\/","og_site_name":"Nettali.com","article_publisher":"https:\/\/www.facebook.com\/nettalicom","article_published_time":"2022-08-29T23:31:26+00:00","og_image":[{"width":954,"height":478,"url":"https:\/\/www.nettali.com\/wp-content\/uploads\/2022\/08\/Capture-de\u0301cran-2022-08-29-a\u0300-23.28.59.png","type":"image\/png"}],"twitter_card":"summary_large_image","twitter_misc":{"\u00c9crit par":"Daouda","Dur\u00e9e de lecture estim\u00e9e":"2 minutes"},"schema":{"@context":"https:\/\/schema.org","@graph":[{"@type":"WebSite","@id":"https:\/\/www.nettali.com\/#website","url":"https:\/\/www.nettali.com\/","name":"Nettali.com","description":"Le rendez-vous critique du Net","potentialAction":[{"@type":"SearchAction","target":{"@type":"EntryPoint","urlTemplate":"https:\/\/www.nettali.com\/?s={search_term_string}"},"query-input":"required name=search_term_string"}],"inLanguage":"fr-FR"},{"@type":"ImageObject","@id":"https:\/\/www.nettali.com\/2022\/08\/29\/le-footballeur-gabonais-pierre-emerick-aubameyang-victime-dun-violent-cambriolage\/#primaryimage","inLanguage":"fr-FR","url":"https:\/\/www.nettali.com\/wp-content\/uploads\/2022\/08\/Capture-de\u0301cran-2022-08-29-a\u0300-23.28.59.png","contentUrl":"https:\/\/www.nettali.com\/wp-content\/uploads\/2022\/08\/Capture-de\u0301cran-2022-08-29-a\u0300-23.28.59.png","width":954,"height":478},{"@type":"WebPage","@id":"https:\/\/www.nettali.com\/2022\/08\/29\/le-footballeur-gabonais-pierre-emerick-aubameyang-victime-dun-violent-cambriolage\/#webpage","url":"https:\/\/www.nettali.com\/2022\/08\/29\/le-footballeur-gabonais-pierre-emerick-aubameyang-victime-dun-violent-cambriolage\/","name":"Le footballeur gabonais Pierre-Emerick Aubameyang victime d\u2019un violent cambriolage | Nettali.com","isPartOf":{"@id":"https:\/\/www.nettali.com\/#website"},"primaryImageOfPage":{"@id":"https:\/\/www.nettali.com\/2022\/08\/29\/le-footballeur-gabonais-pierre-emerick-aubameyang-victime-dun-violent-cambriolage\/#primaryimage"},"datePublished":"2022-08-29T23:31:26+00:00","dateModified":"2022-08-29T23:31:26+00:00","author":{"@id":"https:\/\/www.nettali.com\/#\/schema\/person\/3317e0bb3aa1da309fbf7b2780901bf4"},"breadcrumb":{"@id":"https:\/\/www.nettali.com\/2022\/08\/29\/le-footballeur-gabonais-pierre-emerick-aubameyang-victime-dun-violent-cambriolage\/#breadcrumb"},"inLanguage":"fr-FR","potentialAction":[{"@type":"ReadAction","target":["https:\/\/www.nettali.com\/2022\/08\/29\/le-footballeur-gabonais-pierre-emerick-aubameyang-victime-dun-violent-cambriolage\/"]}]},{"@type":"BreadcrumbList","@id":"https:\/\/www.nettali.com\/2022\/08\/29\/le-footballeur-gabonais-pierre-emerick-aubameyang-victime-dun-violent-cambriolage\/#breadcrumb","itemListElement":[{"@type":"ListItem","position":1,"name":"Accueil","item":"https:\/\/www.nettali.com\/"},{"@type":"ListItem","position":2,"name":"Le footballeur gabonais Pierre-Emerick Aubameyang victime d\u2019un violent cambriolage"}]},{"@type":"Person","@id":"https:\/\/www.nettali.com\/#\/schema\/person\/3317e0bb3aa1da309fbf7b2780901bf4","name":"Daouda","image":{"@type":"ImageObject","@id":"https:\/\/www.nettali.com\/#personlogo","inLanguage":"fr-FR","url":"https:\/\/secure.gravatar.com\/avatar\/8d143b5a49345098ddcfee1c49c2f47c?s=96&d=mm&r=g","contentUrl":"https:\/\/secure.gravatar.com\/avatar\/8d143b5a49345098ddcfee1c49c2f47c?s=96&d=mm&r=g","caption":"Daouda"},"sameAs":["https:\/\/www.nettali.com"]}]}},"_links":{"self":[{"href":"https:\/\/www.nettali.com\/rest\/wp\/v2\/posts\/92806"}],"collection":[{"href":"https:\/\/www.nettali.com\/rest\/wp\/v2\/posts"}],"about":[{"href":"https:\/\/www.nettali.com\/rest\/wp\/v2\/types\/post"}],"author":[{"embeddable":true,"href":"https:\/\/www.nettali.com\/rest\/wp\/v2\/users\/4"}],"replies":[{"embeddable":true,"href":"https:\/\/www.nettali.com\/rest\/wp\/v2\/comments?post=92806"}],"version-history":[{"count":1,"href":"https:\/\/www.nettali.com\/rest\/wp\/v2\/posts\/92806\/revisions"}],"predecessor-version":[{"id":92808,"href":"https:\/\/www.nettali.com\/rest\/wp\/v2\/posts\/92806\/revisions\/92808"}],"wp:featuredmedia":[{"embeddable":true,"href":"https:\/\/www.nettali.com\/rest\/wp\/v2\/media\/92807"}],"wp:attachment":[{"href":"https:\/\/www.nettali.com\/rest\/wp\/v2\/media?parent=92806"}],"wp:term":[{"taxonomy":"category","embeddable":true,"href":"https:\/\/www.nettali.com\/rest\/wp\/v2\/categories?post=92806"},{"taxonomy":"post_tag","embeddable":true,"href":"https:\/\/www.nettali.com\/rest\/wp\/v2\/tags?post=92806"}],"curies":[{"name":"wp","href":"https:\/\/api.w.org\/{rel}","templated":true}]}}