{"id":92638,"date":"2022-08-26T07:50:29","date_gmt":"2022-08-26T07:50:29","guid":{"rendered":"https:\/\/www.nettali.com\/?p=92638"},"modified":"2022-08-26T07:50:29","modified_gmt":"2022-08-26T07:50:29","slug":"basket-gorgui-sy-dieng-nomme-capitaine-de-lequipe-nationale","status":"publish","type":"post","link":"https:\/\/www.nettali.com\/2022\/08\/26\/basket-gorgui-sy-dieng-nomme-capitaine-de-lequipe-nationale\/","title":{"rendered":"BASKET - Gorgui Sy Dieng nomm\u00e9 capitaine de l'\u00e9quipe nationale"},"content":{"rendered":"<p class=\"summary_label\"><strong>NETTALI.COM - Le s\u00e9lectionneur national, Ngagne Desagana Diop, a proc\u00e9d\u00e9, ce jeudi, \u00e0 quelques changements, \u00e0 la veille du match S\u00e9n\u00e9gal-Tunisie, comptant pour les \u00e9liminatoires de la Coupe du monde de basket 2023.<\/strong><\/p>\n<div id=\"printable\" class=\"text_body\">\n<p>Parmi ces changements, on note la nomination de Gorgui Sy Dieng comme nouveau capitaine de l\u2019\u00e9quipe nationale masculine. D\u00e9tenteur du brassard depuis 2020, Youssouph Ndoye le c\u00e8de ainsi \u00e0 son partenaire en s\u00e9lection. Un nouveau r\u00f4le pour le natif de K\u00e9b\u00e9mer, qui n'a jamais port\u00e9 le brassard. Une pression suppl\u00e9mentaire sans doute pour lui, \u00e0 quelques heures du coup d'envoi de la quatri\u00e8me fen\u00eatre qualificative au Mondial 2023.<\/p>\n<p>L'autre information, c'est la nomination de Branco Badio comme nouveau vice-capitaine des Lions du S\u00e9n\u00e9gal. Le jeune basketteur de 23 ans monte ainsi en grade.<\/p>\n<\/div>\n<div class='share-to-whatsapp-wrapper'><div class='share-on-whsp'>PARTAGER SUR : <\/div><a data-text='BASKET - Gorgui Sy Dieng nomm\u00e9 capitaine de l'\u00e9quipe nationale' data-link='https:\/\/www.nettali.com\/2022\/08\/26\/basket-gorgui-sy-dieng-nomme-capitaine-de-lequipe-nationale\/' class='whatsapp-button whatsapp-share'>WhatsApp<\/a><div class='clear '><\/div><\/div>","protected":false},"excerpt":{"rendered":"<p>NETTALI.COM - Le s\u00e9lectionneur national, Ngagne Desagana Diop, a proc\u00e9d\u00e9, ce jeudi, \u00e0 quelques changements, \u00e0 la veille du match S\u00e9n\u00e9gal-Tunisie, comptant pour les \u00e9liminatoires de la Coupe du monde de basket 2023. Parmi ces changements, on note la nomination de Gorgui Sy Dieng comme nouveau capitaine de l\u2019\u00e9quipe nationale masculine. D\u00e9tenteur du brassard depuis [&hellip;]<\/p>\n","protected":false},"author":4,"featured_media":91983,"comment_status":"open","ping_status":"open","sticky":false,"template":"","format":"standard","meta":{"_et_pb_use_builder":"","_et_pb_old_content":""},"categories":[6],"tags":[],"yoast_head":"<!-- This site is optimized with the Yoast SEO Premium plugin v17.8 (Yoast SEO v17.8) - https:\/\/yoast.com\/wordpress\/plugins\/seo\/ -->\n<title>BASKET - Gorgui Sy Dieng nomm\u00e9 capitaine de l&#039;\u00e9quipe nationale | Nettali.com<\/title>\n<meta name=\"robots\" content=\"index, follow, max-snippet:-1, max-image-preview:large, max-video-preview:-1\" \/>\n<link rel=\"canonical\" href=\"https:\/\/www.nettali.com\/2022\/08\/26\/basket-gorgui-sy-dieng-nomme-capitaine-de-lequipe-nationale\/\" \/>\n<meta property=\"og:locale\" content=\"fr_FR\" \/>\n<meta property=\"og:type\" content=\"article\" \/>\n<meta property=\"og:title\" content=\"BASKET - Gorgui Sy Dieng nomm\u00e9 capitaine de l&#039;\u00e9quipe nationale\" \/>\n<meta property=\"og:description\" content=\"NETTALI.COM - Le s\u00e9lectionneur national, Ngagne Desagana Diop, a proc\u00e9d\u00e9, ce jeudi, \u00e0 quelques changements, \u00e0 la veille du match S\u00e9n\u00e9gal-Tunisie, comptant pour les \u00e9liminatoires de la Coupe du monde de basket 2023. Parmi ces changements, on note la nomination de Gorgui Sy Dieng comme nouveau capitaine de l\u2019\u00e9quipe nationale masculine. D\u00e9tenteur du brassard depuis [&hellip;]\" \/>\n<meta property=\"og:url\" content=\"https:\/\/www.nettali.com\/2022\/08\/26\/basket-gorgui-sy-dieng-nomme-capitaine-de-lequipe-nationale\/\" \/>\n<meta property=\"og:site_name\" content=\"Nettali.com\" \/>\n<meta property=\"article:publisher\" content=\"https:\/\/www.facebook.com\/nettalicom\" \/>\n<meta property=\"article:published_time\" content=\"2022-08-26T07:50:29+00:00\" \/>\n<meta property=\"og:image\" content=\"https:\/\/www.nettali.com\/wp-content\/uploads\/2022\/08\/gorgui-sy-dieng-hopital-kebemer_1.jpg\" \/>\n\t<meta property=\"og:image:width\" content=\"765\" \/>\n\t<meta property=\"og:image:height\" content=\"480\" \/>\n<meta name=\"twitter:card\" content=\"summary_large_image\" \/>\n<meta name=\"twitter:label1\" content=\"\u00c9crit par\" \/>\n\t<meta name=\"twitter:data1\" content=\"Daouda\" \/>\n\t<meta name=\"twitter:label2\" content=\"Dur\u00e9e de lecture estim\u00e9e\" \/>\n\t<meta name=\"twitter:data2\" content=\"1 minute\" \/>\n<script type=\"application\/ld+json\" class=\"yoast-schema-graph\">{\"@context\":\"https:\/\/schema.org\",\"@graph\":[{\"@type\":\"WebSite\",\"@id\":\"https:\/\/www.nettali.com\/#website\",\"url\":\"https:\/\/www.nettali.com\/\",\"name\":\"Nettali.com\",\"description\":\"Le rendez-vous critique du Net\",\"potentialAction\":[{\"@type\":\"SearchAction\",\"target\":{\"@type\":\"EntryPoint\",\"urlTemplate\":\"https:\/\/www.nettali.com\/?s={search_term_string}\"},\"query-input\":\"required name=search_term_string\"}],\"inLanguage\":\"fr-FR\"},{\"@type\":\"ImageObject\",\"@id\":\"https:\/\/www.nettali.com\/2022\/08\/26\/basket-gorgui-sy-dieng-nomme-capitaine-de-lequipe-nationale\/#primaryimage\",\"inLanguage\":\"fr-FR\",\"url\":\"https:\/\/www.nettali.com\/wp-content\/uploads\/2022\/08\/gorgui-sy-dieng-hopital-kebemer_1.jpg\",\"contentUrl\":\"https:\/\/www.nettali.com\/wp-content\/uploads\/2022\/08\/gorgui-sy-dieng-hopital-kebemer_1.jpg\",\"width\":765,\"height\":480},{\"@type\":\"WebPage\",\"@id\":\"https:\/\/www.nettali.com\/2022\/08\/26\/basket-gorgui-sy-dieng-nomme-capitaine-de-lequipe-nationale\/#webpage\",\"url\":\"https:\/\/www.nettali.com\/2022\/08\/26\/basket-gorgui-sy-dieng-nomme-capitaine-de-lequipe-nationale\/\",\"name\":\"BASKET - Gorgui Sy Dieng nomm\\u00e9 capitaine de l'\\u00e9quipe nationale | Nettali.com\",\"isPartOf\":{\"@id\":\"https:\/\/www.nettali.com\/#website\"},\"primaryImageOfPage\":{\"@id\":\"https:\/\/www.nettali.com\/2022\/08\/26\/basket-gorgui-sy-dieng-nomme-capitaine-de-lequipe-nationale\/#primaryimage\"},\"datePublished\":\"2022-08-26T07:50:29+00:00\",\"dateModified\":\"2022-08-26T07:50:29+00:00\",\"author\":{\"@id\":\"https:\/\/www.nettali.com\/#\/schema\/person\/3317e0bb3aa1da309fbf7b2780901bf4\"},\"breadcrumb\":{\"@id\":\"https:\/\/www.nettali.com\/2022\/08\/26\/basket-gorgui-sy-dieng-nomme-capitaine-de-lequipe-nationale\/#breadcrumb\"},\"inLanguage\":\"fr-FR\",\"potentialAction\":[{\"@type\":\"ReadAction\",\"target\":[\"https:\/\/www.nettali.com\/2022\/08\/26\/basket-gorgui-sy-dieng-nomme-capitaine-de-lequipe-nationale\/\"]}]},{\"@type\":\"BreadcrumbList\",\"@id\":\"https:\/\/www.nettali.com\/2022\/08\/26\/basket-gorgui-sy-dieng-nomme-capitaine-de-lequipe-nationale\/#breadcrumb\",\"itemListElement\":[{\"@type\":\"ListItem\",\"position\":1,\"name\":\"Accueil\",\"item\":\"https:\/\/www.nettali.com\/\"},{\"@type\":\"ListItem\",\"position\":2,\"name\":\"BASKET - Gorgui Sy Dieng nomm\\u00e9 capitaine de l'\\u00e9quipe nationale\"}]},{\"@type\":\"Person\",\"@id\":\"https:\/\/www.nettali.com\/#\/schema\/person\/3317e0bb3aa1da309fbf7b2780901bf4\",\"name\":\"Daouda\",\"image\":{\"@type\":\"ImageObject\",\"@id\":\"https:\/\/www.nettali.com\/#personlogo\",\"inLanguage\":\"fr-FR\",\"url\":\"https:\/\/secure.gravatar.com\/avatar\/8d143b5a49345098ddcfee1c49c2f47c?s=96&d=mm&r=g\",\"contentUrl\":\"https:\/\/secure.gravatar.com\/avatar\/8d143b5a49345098ddcfee1c49c2f47c?s=96&d=mm&r=g\",\"caption\":\"Daouda\"},\"sameAs\":[\"https:\/\/www.nettali.com\"]}]}<\/script>\n<!-- \/ Yoast SEO Premium plugin. -->","yoast_head_json":{"title":"BASKET - Gorgui Sy Dieng nomm\u00e9 capitaine de l'\u00e9quipe nationale | Nettali.com","robots":{"index":"index","follow":"follow","max-snippet":"max-snippet:-1","max-image-preview":"max-image-preview:large","max-video-preview":"max-video-preview:-1"},"canonical":"https:\/\/www.nettali.com\/2022\/08\/26\/basket-gorgui-sy-dieng-nomme-capitaine-de-lequipe-nationale\/","og_locale":"fr_FR","og_type":"article","og_title":"BASKET - Gorgui Sy Dieng nomm\u00e9 capitaine de l'\u00e9quipe nationale","og_description":"NETTALI.COM - Le s\u00e9lectionneur national, Ngagne Desagana Diop, a proc\u00e9d\u00e9, ce jeudi, \u00e0 quelques changements, \u00e0 la veille du match S\u00e9n\u00e9gal-Tunisie, comptant pour les \u00e9liminatoires de la Coupe du monde de basket 2023. Parmi ces changements, on note la nomination de Gorgui Sy Dieng comme nouveau capitaine de l\u2019\u00e9quipe nationale masculine. D\u00e9tenteur du brassard depuis [&hellip;]","og_url":"https:\/\/www.nettali.com\/2022\/08\/26\/basket-gorgui-sy-dieng-nomme-capitaine-de-lequipe-nationale\/","og_site_name":"Nettali.com","article_publisher":"https:\/\/www.facebook.com\/nettalicom","article_published_time":"2022-08-26T07:50:29+00:00","og_image":[{"width":765,"height":480,"url":"https:\/\/www.nettali.com\/wp-content\/uploads\/2022\/08\/gorgui-sy-dieng-hopital-kebemer_1.jpg","type":"image\/jpeg"}],"twitter_card":"summary_large_image","twitter_misc":{"\u00c9crit par":"Daouda","Dur\u00e9e de lecture estim\u00e9e":"1 minute"},"schema":{"@context":"https:\/\/schema.org","@graph":[{"@type":"WebSite","@id":"https:\/\/www.nettali.com\/#website","url":"https:\/\/www.nettali.com\/","name":"Nettali.com","description":"Le rendez-vous critique du Net","potentialAction":[{"@type":"SearchAction","target":{"@type":"EntryPoint","urlTemplate":"https:\/\/www.nettali.com\/?s={search_term_string}"},"query-input":"required name=search_term_string"}],"inLanguage":"fr-FR"},{"@type":"ImageObject","@id":"https:\/\/www.nettali.com\/2022\/08\/26\/basket-gorgui-sy-dieng-nomme-capitaine-de-lequipe-nationale\/#primaryimage","inLanguage":"fr-FR","url":"https:\/\/www.nettali.com\/wp-content\/uploads\/2022\/08\/gorgui-sy-dieng-hopital-kebemer_1.jpg","contentUrl":"https:\/\/www.nettali.com\/wp-content\/uploads\/2022\/08\/gorgui-sy-dieng-hopital-kebemer_1.jpg","width":765,"height":480},{"@type":"WebPage","@id":"https:\/\/www.nettali.com\/2022\/08\/26\/basket-gorgui-sy-dieng-nomme-capitaine-de-lequipe-nationale\/#webpage","url":"https:\/\/www.nettali.com\/2022\/08\/26\/basket-gorgui-sy-dieng-nomme-capitaine-de-lequipe-nationale\/","name":"BASKET - Gorgui Sy Dieng nomm\u00e9 capitaine de l'\u00e9quipe nationale | Nettali.com","isPartOf":{"@id":"https:\/\/www.nettali.com\/#website"},"primaryImageOfPage":{"@id":"https:\/\/www.nettali.com\/2022\/08\/26\/basket-gorgui-sy-dieng-nomme-capitaine-de-lequipe-nationale\/#primaryimage"},"datePublished":"2022-08-26T07:50:29+00:00","dateModified":"2022-08-26T07:50:29+00:00","author":{"@id":"https:\/\/www.nettali.com\/#\/schema\/person\/3317e0bb3aa1da309fbf7b2780901bf4"},"breadcrumb":{"@id":"https:\/\/www.nettali.com\/2022\/08\/26\/basket-gorgui-sy-dieng-nomme-capitaine-de-lequipe-nationale\/#breadcrumb"},"inLanguage":"fr-FR","potentialAction":[{"@type":"ReadAction","target":["https:\/\/www.nettali.com\/2022\/08\/26\/basket-gorgui-sy-dieng-nomme-capitaine-de-lequipe-nationale\/"]}]},{"@type":"BreadcrumbList","@id":"https:\/\/www.nettali.com\/2022\/08\/26\/basket-gorgui-sy-dieng-nomme-capitaine-de-lequipe-nationale\/#breadcrumb","itemListElement":[{"@type":"ListItem","position":1,"name":"Accueil","item":"https:\/\/www.nettali.com\/"},{"@type":"ListItem","position":2,"name":"BASKET - Gorgui Sy Dieng nomm\u00e9 capitaine de l'\u00e9quipe nationale"}]},{"@type":"Person","@id":"https:\/\/www.nettali.com\/#\/schema\/person\/3317e0bb3aa1da309fbf7b2780901bf4","name":"Daouda","image":{"@type":"ImageObject","@id":"https:\/\/www.nettali.com\/#personlogo","inLanguage":"fr-FR","url":"https:\/\/secure.gravatar.com\/avatar\/8d143b5a49345098ddcfee1c49c2f47c?s=96&d=mm&r=g","contentUrl":"https:\/\/secure.gravatar.com\/avatar\/8d143b5a49345098ddcfee1c49c2f47c?s=96&d=mm&r=g","caption":"Daouda"},"sameAs":["https:\/\/www.nettali.com"]}]}},"_links":{"self":[{"href":"https:\/\/www.nettali.com\/rest\/wp\/v2\/posts\/92638"}],"collection":[{"href":"https:\/\/www.nettali.com\/rest\/wp\/v2\/posts"}],"about":[{"href":"https:\/\/www.nettali.com\/rest\/wp\/v2\/types\/post"}],"author":[{"embeddable":true,"href":"https:\/\/www.nettali.com\/rest\/wp\/v2\/users\/4"}],"replies":[{"embeddable":true,"href":"https:\/\/www.nettali.com\/rest\/wp\/v2\/comments?post=92638"}],"version-history":[{"count":1,"href":"https:\/\/www.nettali.com\/rest\/wp\/v2\/posts\/92638\/revisions"}],"predecessor-version":[{"id":92639,"href":"https:\/\/www.nettali.com\/rest\/wp\/v2\/posts\/92638\/revisions\/92639"}],"wp:featuredmedia":[{"embeddable":true,"href":"https:\/\/www.nettali.com\/rest\/wp\/v2\/media\/91983"}],"wp:attachment":[{"href":"https:\/\/www.nettali.com\/rest\/wp\/v2\/media?parent=92638"}],"wp:term":[{"taxonomy":"category","embeddable":true,"href":"https:\/\/www.nettali.com\/rest\/wp\/v2\/categories?post=92638"},{"taxonomy":"post_tag","embeddable":true,"href":"https:\/\/www.nettali.com\/rest\/wp\/v2\/tags?post=92638"}],"curies":[{"name":"wp","href":"https:\/\/api.w.org\/{rel}","templated":true}]}}