{"id":92524,"date":"2022-08-24T13:04:15","date_gmt":"2022-08-24T13:04:15","guid":{"rendered":"https:\/\/www.nettali.com\/?p=92524"},"modified":"2022-08-24T13:04:15","modified_gmt":"2022-08-24T13:04:15","slug":"projet-de-reconstruction-de-le-dantec-le-promoteur-livre-ses-verites","status":"publish","type":"post","link":"https:\/\/www.nettali.com\/2022\/08\/24\/projet-de-reconstruction-de-le-dantec-le-promoteur-livre-ses-verites\/","title":{"rendered":"PROJET DE RECONSTRUCTION DE LE DANTEC - Le promoteur livre ses v\u00e9rit\u00e9s"},"content":{"rendered":"<p><strong>NETTALI.COM-<\/strong>\u00a0<strong>Souleymane Diagne, Directeur g\u00e9n\u00e9ral de G\u00e9nitec, l'entreprise choisie comme promoteur du projet reconstruction de l'h\u00f4pital Aristide Le Dantec, est mont\u00e9 au cr\u00e9neau pour faire des pr\u00e9cisions sur \"les d\u00e9clarations mensong\u00e8res du Fonsis et de la direction de l'h\u00f4pital \u00bb.<\/strong><\/p>\n<p>Le directeur de G\u00e9n\u00e9ral d'ing\u00e9nierie et de technologie (Genitec), Souleymane Diagne, \u00a0face \u00e0 la presse, a battu en br\u00e8che les propos de \u00a0Pape Demba Diallo, Directeur g\u00e9n\u00e9ral du Fonds souverain d'investissements strat\u00e9giques (Fonsis), et le Dr Babacar Thiandoum, Directeur de l'h\u00f4pital Aristide. Ces derniers, rappelle-t-il, ont r\u00e9cemment soutenu que le Genitec avait sign\u00e9 un mandat de recherche de financement dans le cadre de la reconstruction de Le Dantec. \u00ab\u00a0<em>C\u2019est faux<\/em>\u00a0\u00bb, a d\u00e9clar\u00e9 Souleymane Diagne. Qui, d\u00e9termin\u00e9 \u00e0 apporter la lumi\u00e8re sur cette affaire, explique\u00a0:\u00a0\u00ab\u00a0<em>au d\u00e9but du mois de mai, j'ai re\u00e7u pour la premi\u00e8re fois l'architecte Malick Mbow dans mon bureau. Il m'a pr\u00e9sent\u00e9 le projet d'\u00e9tablissement de l'h\u00f4pital Le Dantec avec les plans architecturaux accompagn\u00e9s de la lettre de validation du projet de reconstruction de l'h\u00f4pital en date du 9 mai 2014\u00a0<\/em>\u00bb.<\/p>\n<p>D'apr\u00e8s lui, c'est pendant cette rencontre que M. Mbow lui a signifi\u00e9 les besoins de partenariat du directeur de l'h\u00f4pital. Autrement dit, celui-ci \u00e9tait \u00e0 la recherche d'un partenaire technico-financier pour la r\u00e9alisation du projet. Monsieur Diagne explique : \u00ab<em>\u00a0J'ai donn\u00e9 mon accord de principe et un rendez-vous a \u00e9t\u00e9 cal\u00e9, s\u00e9ance tenante, avec le directeur de l'h\u00f4pital Le Dantec pour le lendemain \u00e0 10 h<\/em>\u00a0\u00bb.<\/p>\n<p>\u00c0 en croire le directeur de Genitec International, la cassure a commenc\u00e9 en d\u00e9cembre 2021. Selon Souleymane Diagne, c'est \u00e0 cette date, le 14 pr\u00e9cis\u00e9ment, qu'ils ont adress\u00e9 une correspondance au directeur de l'h\u00f4pital Le Dantec, d'ailleurs avec les preuves de fonds. \u201c<em>Ces fonds \u00e9taient mobilis\u00e9s pour inviter le Dr Thiandoum \u00e0 prendre les dispositions pratiques pour la pose de la premi\u00e8re pierre avec les autorit\u00e9s \u00e9tatiques<\/em>\u201d. Toutefois, d'apr\u00e8s toujours M. Diagne, il n'y a eu aucune r\u00e9ponse de la part du directeur de l'h\u00f4pital.<\/p>\n<p>Selon toujours son argumentaire, dans l'offre que son entreprise avait faite, il n'a jamais \u00e9t\u00e9 question de vendre quoi que ce soit dans le p\u00e9rim\u00e8tre foncier de l'h\u00f4pital. Il d\u00e9clare \u00e0 ce propos : \u201c<em>Dans notre offre, l'\u00c9tat du S\u00e9n\u00e9gal ne va d\u00e9bourser aucun franc. Genitec International, en tant que promoteur, finance et r\u00e9alise, cl\u00e9 en main, toute la reconstruction. Apr\u00e8s, l'entreprise va mettre l'h\u00f4pital \u00e0 la disposition du minist\u00e8re de la Sant\u00e9 et de l'Action sociale. Et il doit fonctionner comme un \u00e9tablissement public dont les recettes seront s\u00e9curis\u00e9es pour un bon remboursement de la dette.<\/em>\u201d<\/p>\n<p><strong> \u201cL'offre que nous avons faite est innovante\u201d<\/strong><\/p>\n<p>Le directeur de l'entreprise n'a pas manqu\u00e9 de mentionner les avantages de leur offre. \u201c<em>Genitec International, promoteur du projet, va r\u00e9cup\u00e9rer l'argent qui avait servi de financement \u00e0 travers les recettes de l'h\u00f4pital sur une dur\u00e9e de 23 ans dont trois ans de diff\u00e9r\u00e9 avec un taux d'int\u00e9r\u00eat de 2 %. Et durant ces trois ans pr\u00e9vus pour la reconstruction, l'h\u00f4pital ne va rien rembourser. Pour ce qui est du paiement de la dette, par exemple, Le Dantec a empoch\u00e9 100 millions de francs CFA le mois, selon nos estimations. Genitec, quant \u00e0 elle, ne va prendre que le 10e des recettes pour le remboursement de la dette qui est \u00e9tal\u00e9e sur 23 ans. Cela va permettre \u00e0 l'h\u00f4pital de rembourser cette dette sans m\u00eame le sentir dans son fonctionnement<\/em>\u201d.<\/p>\n<p>Mieux, M. Diagne explique qu'avec cette offre, l'\u00c9tat n'intervient que s'il y a cas de force majeure, au cours des 20 ann\u00e9es d'exploitation de l'h\u00f4pital. De plus, il a fait savoir qu'ils ont m\u00eame pr\u00e9vu d'installer une centrale solaire de 2 m\u00e9gawatts, afin de permettre \u00e0 l'h\u00f4pital d'avoir une autonomie \u00e9nerg\u00e9tique. Cependant, malgr\u00e9 les d\u00e9cisions prises par l'\u00c9tat, \u00e0 la grande surprise de Genitec International, choisie comme promoteur du projet de reconstruction de Le Dantec, il faut retenir que l'entreprise n'a re\u00e7u jusque-l\u00e0 aucune notification de rupture de contrat.<\/p>\n<div class='share-to-whatsapp-wrapper'><div class='share-on-whsp'>PARTAGER SUR : <\/div><a data-text='PROJET DE RECONSTRUCTION DE LE DANTEC - Le promoteur livre ses v\u00e9rit\u00e9s' data-link='https:\/\/www.nettali.com\/2022\/08\/24\/projet-de-reconstruction-de-le-dantec-le-promoteur-livre-ses-verites\/' class='whatsapp-button whatsapp-share'>WhatsApp<\/a><div class='clear '><\/div><\/div>","protected":false},"excerpt":{"rendered":"<p>NETTALI.COM-\u00a0Souleymane Diagne, Directeur g\u00e9n\u00e9ral de G\u00e9nitec, l'entreprise choisie comme promoteur du projet reconstruction de l'h\u00f4pital Aristide Le Dantec, est mont\u00e9 au cr\u00e9neau pour faire des pr\u00e9cisions sur \"les d\u00e9clarations mensong\u00e8res du Fonsis et de la direction de l'h\u00f4pital \u00bb. Le directeur de G\u00e9n\u00e9ral d'ing\u00e9nierie et de technologie (Genitec), Souleymane Diagne, \u00a0face \u00e0 la presse, a [&hellip;]<\/p>\n","protected":false},"author":6,"featured_media":92525,"comment_status":"open","ping_status":"open","sticky":false,"template":"","format":"standard","meta":{"_et_pb_use_builder":"","_et_pb_old_content":""},"categories":[22],"tags":[],"yoast_head":"<!-- This site is optimized with the Yoast SEO Premium plugin v17.8 (Yoast SEO v17.8) - https:\/\/yoast.com\/wordpress\/plugins\/seo\/ -->\n<title>PROJET DE RECONSTRUCTION DE LE DANTEC - Le promoteur livre ses v\u00e9rit\u00e9s | Nettali.com<\/title>\n<meta name=\"robots\" content=\"index, follow, max-snippet:-1, max-image-preview:large, max-video-preview:-1\" \/>\n<link rel=\"canonical\" href=\"https:\/\/www.nettali.com\/2022\/08\/24\/projet-de-reconstruction-de-le-dantec-le-promoteur-livre-ses-verites\/\" \/>\n<meta property=\"og:locale\" content=\"fr_FR\" \/>\n<meta property=\"og:type\" content=\"article\" \/>\n<meta property=\"og:title\" content=\"PROJET DE RECONSTRUCTION DE LE DANTEC - Le promoteur livre ses v\u00e9rit\u00e9s\" \/>\n<meta property=\"og:description\" content=\"NETTALI.COM-\u00a0Souleymane Diagne, Directeur g\u00e9n\u00e9ral de G\u00e9nitec, l&#039;entreprise choisie comme promoteur du projet reconstruction de l&#039;h\u00f4pital Aristide Le Dantec, est mont\u00e9 au cr\u00e9neau pour faire des pr\u00e9cisions sur &quot;les d\u00e9clarations mensong\u00e8res du Fonsis et de la direction de l&#039;h\u00f4pital \u00bb. Le directeur de G\u00e9n\u00e9ral d&#039;ing\u00e9nierie et de technologie (Genitec), Souleymane Diagne, \u00a0face \u00e0 la presse, a [&hellip;]\" \/>\n<meta property=\"og:url\" content=\"https:\/\/www.nettali.com\/2022\/08\/24\/projet-de-reconstruction-de-le-dantec-le-promoteur-livre-ses-verites\/\" \/>\n<meta property=\"og:site_name\" content=\"Nettali.com\" \/>\n<meta property=\"article:publisher\" content=\"https:\/\/www.facebook.com\/nettalicom\" \/>\n<meta property=\"article:published_time\" content=\"2022-08-24T13:04:15+00:00\" \/>\n<meta property=\"og:image\" content=\"https:\/\/www.nettali.com\/wp-content\/uploads\/2022\/08\/Screenshot_20220824-121219_WPS-Office.jpg\" \/>\n\t<meta property=\"og:image:width\" content=\"316\" \/>\n\t<meta property=\"og:image:height\" content=\"237\" \/>\n<meta name=\"twitter:card\" content=\"summary_large_image\" \/>\n<meta name=\"twitter:label1\" content=\"\u00c9crit par\" \/>\n\t<meta name=\"twitter:data1\" content=\"Fatou\" \/>\n\t<meta name=\"twitter:label2\" content=\"Dur\u00e9e de lecture estim\u00e9e\" \/>\n\t<meta name=\"twitter:data2\" content=\"4 minutes\" \/>\n<script type=\"application\/ld+json\" class=\"yoast-schema-graph\">{\"@context\":\"https:\/\/schema.org\",\"@graph\":[{\"@type\":\"WebSite\",\"@id\":\"https:\/\/www.nettali.com\/#website\",\"url\":\"https:\/\/www.nettali.com\/\",\"name\":\"Nettali.com\",\"description\":\"Le rendez-vous critique du Net\",\"potentialAction\":[{\"@type\":\"SearchAction\",\"target\":{\"@type\":\"EntryPoint\",\"urlTemplate\":\"https:\/\/www.nettali.com\/?s={search_term_string}\"},\"query-input\":\"required name=search_term_string\"}],\"inLanguage\":\"fr-FR\"},{\"@type\":\"ImageObject\",\"@id\":\"https:\/\/www.nettali.com\/2022\/08\/24\/projet-de-reconstruction-de-le-dantec-le-promoteur-livre-ses-verites\/#primaryimage\",\"inLanguage\":\"fr-FR\",\"url\":\"https:\/\/www.nettali.com\/wp-content\/uploads\/2022\/08\/Screenshot_20220824-121219_WPS-Office.jpg\",\"contentUrl\":\"https:\/\/www.nettali.com\/wp-content\/uploads\/2022\/08\/Screenshot_20220824-121219_WPS-Office.jpg\",\"width\":316,\"height\":237},{\"@type\":\"WebPage\",\"@id\":\"https:\/\/www.nettali.com\/2022\/08\/24\/projet-de-reconstruction-de-le-dantec-le-promoteur-livre-ses-verites\/#webpage\",\"url\":\"https:\/\/www.nettali.com\/2022\/08\/24\/projet-de-reconstruction-de-le-dantec-le-promoteur-livre-ses-verites\/\",\"name\":\"PROJET DE RECONSTRUCTION DE LE DANTEC - Le promoteur livre ses v\\u00e9rit\\u00e9s | Nettali.com\",\"isPartOf\":{\"@id\":\"https:\/\/www.nettali.com\/#website\"},\"primaryImageOfPage\":{\"@id\":\"https:\/\/www.nettali.com\/2022\/08\/24\/projet-de-reconstruction-de-le-dantec-le-promoteur-livre-ses-verites\/#primaryimage\"},\"datePublished\":\"2022-08-24T13:04:15+00:00\",\"dateModified\":\"2022-08-24T13:04:15+00:00\",\"author\":{\"@id\":\"https:\/\/www.nettali.com\/#\/schema\/person\/418274a86bdf87caff7a3ef476bd0bbf\"},\"breadcrumb\":{\"@id\":\"https:\/\/www.nettali.com\/2022\/08\/24\/projet-de-reconstruction-de-le-dantec-le-promoteur-livre-ses-verites\/#breadcrumb\"},\"inLanguage\":\"fr-FR\",\"potentialAction\":[{\"@type\":\"ReadAction\",\"target\":[\"https:\/\/www.nettali.com\/2022\/08\/24\/projet-de-reconstruction-de-le-dantec-le-promoteur-livre-ses-verites\/\"]}]},{\"@type\":\"BreadcrumbList\",\"@id\":\"https:\/\/www.nettali.com\/2022\/08\/24\/projet-de-reconstruction-de-le-dantec-le-promoteur-livre-ses-verites\/#breadcrumb\",\"itemListElement\":[{\"@type\":\"ListItem\",\"position\":1,\"name\":\"Accueil\",\"item\":\"https:\/\/www.nettali.com\/\"},{\"@type\":\"ListItem\",\"position\":2,\"name\":\"PROJET DE RECONSTRUCTION DE LE DANTEC - Le promoteur livre ses v\\u00e9rit\\u00e9s\"}]},{\"@type\":\"Person\",\"@id\":\"https:\/\/www.nettali.com\/#\/schema\/person\/418274a86bdf87caff7a3ef476bd0bbf\",\"name\":\"Fatou\",\"image\":{\"@type\":\"ImageObject\",\"@id\":\"https:\/\/www.nettali.com\/#personlogo\",\"inLanguage\":\"fr-FR\",\"url\":\"https:\/\/secure.gravatar.com\/avatar\/5a9442a2bee7b4dcf167cab035858e9a?s=96&d=mm&r=g\",\"contentUrl\":\"https:\/\/secure.gravatar.com\/avatar\/5a9442a2bee7b4dcf167cab035858e9a?s=96&d=mm&r=g\",\"caption\":\"Fatou\"},\"sameAs\":[\"https:\/\/www.nettali.com\"]}]}<\/script>\n<!-- \/ Yoast SEO Premium plugin. -->","yoast_head_json":{"title":"PROJET DE RECONSTRUCTION DE LE DANTEC - Le promoteur livre ses v\u00e9rit\u00e9s | Nettali.com","robots":{"index":"index","follow":"follow","max-snippet":"max-snippet:-1","max-image-preview":"max-image-preview:large","max-video-preview":"max-video-preview:-1"},"canonical":"https:\/\/www.nettali.com\/2022\/08\/24\/projet-de-reconstruction-de-le-dantec-le-promoteur-livre-ses-verites\/","og_locale":"fr_FR","og_type":"article","og_title":"PROJET DE RECONSTRUCTION DE LE DANTEC - Le promoteur livre ses v\u00e9rit\u00e9s","og_description":"NETTALI.COM-\u00a0Souleymane Diagne, Directeur g\u00e9n\u00e9ral de G\u00e9nitec, l'entreprise choisie comme promoteur du projet reconstruction de l'h\u00f4pital Aristide Le Dantec, est mont\u00e9 au cr\u00e9neau pour faire des pr\u00e9cisions sur \"les d\u00e9clarations mensong\u00e8res du Fonsis et de la direction de l'h\u00f4pital \u00bb. Le directeur de G\u00e9n\u00e9ral d'ing\u00e9nierie et de technologie (Genitec), Souleymane Diagne, \u00a0face \u00e0 la presse, a [&hellip;]","og_url":"https:\/\/www.nettali.com\/2022\/08\/24\/projet-de-reconstruction-de-le-dantec-le-promoteur-livre-ses-verites\/","og_site_name":"Nettali.com","article_publisher":"https:\/\/www.facebook.com\/nettalicom","article_published_time":"2022-08-24T13:04:15+00:00","og_image":[{"width":316,"height":237,"url":"https:\/\/www.nettali.com\/wp-content\/uploads\/2022\/08\/Screenshot_20220824-121219_WPS-Office.jpg","type":"image\/jpeg"}],"twitter_card":"summary_large_image","twitter_misc":{"\u00c9crit par":"Fatou","Dur\u00e9e de lecture estim\u00e9e":"4 minutes"},"schema":{"@context":"https:\/\/schema.org","@graph":[{"@type":"WebSite","@id":"https:\/\/www.nettali.com\/#website","url":"https:\/\/www.nettali.com\/","name":"Nettali.com","description":"Le rendez-vous critique du Net","potentialAction":[{"@type":"SearchAction","target":{"@type":"EntryPoint","urlTemplate":"https:\/\/www.nettali.com\/?s={search_term_string}"},"query-input":"required name=search_term_string"}],"inLanguage":"fr-FR"},{"@type":"ImageObject","@id":"https:\/\/www.nettali.com\/2022\/08\/24\/projet-de-reconstruction-de-le-dantec-le-promoteur-livre-ses-verites\/#primaryimage","inLanguage":"fr-FR","url":"https:\/\/www.nettali.com\/wp-content\/uploads\/2022\/08\/Screenshot_20220824-121219_WPS-Office.jpg","contentUrl":"https:\/\/www.nettali.com\/wp-content\/uploads\/2022\/08\/Screenshot_20220824-121219_WPS-Office.jpg","width":316,"height":237},{"@type":"WebPage","@id":"https:\/\/www.nettali.com\/2022\/08\/24\/projet-de-reconstruction-de-le-dantec-le-promoteur-livre-ses-verites\/#webpage","url":"https:\/\/www.nettali.com\/2022\/08\/24\/projet-de-reconstruction-de-le-dantec-le-promoteur-livre-ses-verites\/","name":"PROJET DE RECONSTRUCTION DE LE DANTEC - Le promoteur livre ses v\u00e9rit\u00e9s | Nettali.com","isPartOf":{"@id":"https:\/\/www.nettali.com\/#website"},"primaryImageOfPage":{"@id":"https:\/\/www.nettali.com\/2022\/08\/24\/projet-de-reconstruction-de-le-dantec-le-promoteur-livre-ses-verites\/#primaryimage"},"datePublished":"2022-08-24T13:04:15+00:00","dateModified":"2022-08-24T13:04:15+00:00","author":{"@id":"https:\/\/www.nettali.com\/#\/schema\/person\/418274a86bdf87caff7a3ef476bd0bbf"},"breadcrumb":{"@id":"https:\/\/www.nettali.com\/2022\/08\/24\/projet-de-reconstruction-de-le-dantec-le-promoteur-livre-ses-verites\/#breadcrumb"},"inLanguage":"fr-FR","potentialAction":[{"@type":"ReadAction","target":["https:\/\/www.nettali.com\/2022\/08\/24\/projet-de-reconstruction-de-le-dantec-le-promoteur-livre-ses-verites\/"]}]},{"@type":"BreadcrumbList","@id":"https:\/\/www.nettali.com\/2022\/08\/24\/projet-de-reconstruction-de-le-dantec-le-promoteur-livre-ses-verites\/#breadcrumb","itemListElement":[{"@type":"ListItem","position":1,"name":"Accueil","item":"https:\/\/www.nettali.com\/"},{"@type":"ListItem","position":2,"name":"PROJET DE RECONSTRUCTION DE LE DANTEC - Le promoteur livre ses v\u00e9rit\u00e9s"}]},{"@type":"Person","@id":"https:\/\/www.nettali.com\/#\/schema\/person\/418274a86bdf87caff7a3ef476bd0bbf","name":"Fatou","image":{"@type":"ImageObject","@id":"https:\/\/www.nettali.com\/#personlogo","inLanguage":"fr-FR","url":"https:\/\/secure.gravatar.com\/avatar\/5a9442a2bee7b4dcf167cab035858e9a?s=96&d=mm&r=g","contentUrl":"https:\/\/secure.gravatar.com\/avatar\/5a9442a2bee7b4dcf167cab035858e9a?s=96&d=mm&r=g","caption":"Fatou"},"sameAs":["https:\/\/www.nettali.com"]}]}},"_links":{"self":[{"href":"https:\/\/www.nettali.com\/rest\/wp\/v2\/posts\/92524"}],"collection":[{"href":"https:\/\/www.nettali.com\/rest\/wp\/v2\/posts"}],"about":[{"href":"https:\/\/www.nettali.com\/rest\/wp\/v2\/types\/post"}],"author":[{"embeddable":true,"href":"https:\/\/www.nettali.com\/rest\/wp\/v2\/users\/6"}],"replies":[{"embeddable":true,"href":"https:\/\/www.nettali.com\/rest\/wp\/v2\/comments?post=92524"}],"version-history":[{"count":3,"href":"https:\/\/www.nettali.com\/rest\/wp\/v2\/posts\/92524\/revisions"}],"predecessor-version":[{"id":92530,"href":"https:\/\/www.nettali.com\/rest\/wp\/v2\/posts\/92524\/revisions\/92530"}],"wp:featuredmedia":[{"embeddable":true,"href":"https:\/\/www.nettali.com\/rest\/wp\/v2\/media\/92525"}],"wp:attachment":[{"href":"https:\/\/www.nettali.com\/rest\/wp\/v2\/media?parent=92524"}],"wp:term":[{"taxonomy":"category","embeddable":true,"href":"https:\/\/www.nettali.com\/rest\/wp\/v2\/categories?post=92524"},{"taxonomy":"post_tag","embeddable":true,"href":"https:\/\/www.nettali.com\/rest\/wp\/v2\/tags?post=92524"}],"curies":[{"name":"wp","href":"https:\/\/api.w.org\/{rel}","templated":true}]}}