{"id":92434,"date":"2022-08-23T07:34:14","date_gmt":"2022-08-23T07:34:14","guid":{"rendered":"https:\/\/www.nettali.com\/?p=92434"},"modified":"2022-08-24T00:57:46","modified_gmt":"2022-08-24T00:57:46","slug":"code-des-marches-publics-le-decret-de-macky-sall-qui-fait-grincer-quelques-dents","status":"publish","type":"post","link":"https:\/\/www.nettali.com\/2022\/08\/23\/code-des-marches-publics-le-decret-de-macky-sall-qui-fait-grincer-quelques-dents\/","title":{"rendered":"CODE DES MARCHES PUBLICS - Le d\u00e9cret de Macky Sall qui fait grincer des dents"},"content":{"rendered":"<p><strong>NETTALI.COM - Le pr\u00e9sident de la R\u00e9publique, Macky Sall, a pris un d\u00e9cret, ce 12 ao\u00fbt 2022 pour modifier le Code des march\u00e9s publics. Ceci pour permettre \u00e0 des soci\u00e9t\u00e9s telles que la Senelec, la SAR et Petrosen, le R\u00e9seau Gazier du S\u00e9n\u00e9gal et l'institut du P\u00e9trole, de pouvoir acheter du p\u00e9trole brut, des produits p\u00e9troliers, gaziers et chimiques ainsi que l'acquisition d'\u00e9quipements, sans respecter la proc\u00e9dure d'appel d'offres \u00e9dict\u00e9e par le Code des march\u00e9s publics.<\/strong><\/p>\n<p><strong>Nombre de sp\u00e9cialistes pensent que cette d\u00e9cision du chef de l'Etat peut engendrer des d\u00e9tournements de deniers publics et autres pratiques douteuses, si le processus d'acquisition de ces produits en faveur des soci\u00e9t\u00e9s nationales cibl\u00e9es, n'est pas encadr\u00e9.<\/strong><\/p>\n\n\t\t<style type=\"text\/css\">\n\t\t\t#gallery-1 {\n\t\t\t\tmargin: auto;\n\t\t\t}\n\t\t\t#gallery-1 .gallery-item {\n\t\t\t\tfloat: left;\n\t\t\t\tmargin-top: 10px;\n\t\t\t\ttext-align: center;\n\t\t\t\twidth: 100%;\n\t\t\t}\n\t\t\t#gallery-1 img {\n\t\t\t\tborder: 2px solid #cfcfcf;\n\t\t\t}\n\t\t\t#gallery-1 .gallery-caption {\n\t\t\t\tmargin-left: 0;\n\t\t\t}\n\t\t\t\/* see gallery_shortcode() in wp-includes\/media.php *\/\n\t\t<\/style>\n\t\t<div id='gallery-1' class='gallery galleryid-92434 gallery-columns-1 gallery-size-full'><dl class='gallery-item'>\n\t\t\t<dt class='gallery-icon landscape'>\n\t\t\t\t<a href='https:\/\/www.nettali.com\/2022\/08\/23\/code-des-marches-publics-le-decret-de-macky-sall-qui-fait-grincer-quelques-dents\/capture-decran-2022-08-23-a-07-21-55\/'><img width=\"761\" height=\"480\" src=\"https:\/\/www.nettali.com\/wp-content\/uploads\/2022\/08\/Capture-de\u0301cran-2022-08-23-a\u0300-07.21.55.png\" class=\"attachment-full size-full\" alt=\"\" loading=\"lazy\" srcset=\"https:\/\/www.nettali.com\/wp-content\/uploads\/2022\/08\/Capture-de\u0301cran-2022-08-23-a\u0300-07.21.55.png 761w, https:\/\/www.nettali.com\/wp-content\/uploads\/2022\/08\/Capture-de\u0301cran-2022-08-23-a\u0300-07.21.55-300x189.png 300w\" sizes=\"(max-width: 761px) 100vw, 761px\" \/><\/a>\n\t\t\t<\/dt><\/dl><br style=\"clear: both\" \/><dl class='gallery-item'>\n\t\t\t<dt class='gallery-icon landscape'>\n\t\t\t\t<a href='https:\/\/www.nettali.com\/2022\/08\/23\/code-des-marches-publics-le-decret-de-macky-sall-qui-fait-grincer-quelques-dents\/capture-decran-2022-08-23-a-07-22-13\/'><img width=\"755\" height=\"474\" src=\"https:\/\/www.nettali.com\/wp-content\/uploads\/2022\/08\/Capture-de\u0301cran-2022-08-23-a\u0300-07.22.13.png\" class=\"attachment-full size-full\" alt=\"\" loading=\"lazy\" srcset=\"https:\/\/www.nettali.com\/wp-content\/uploads\/2022\/08\/Capture-de\u0301cran-2022-08-23-a\u0300-07.22.13.png 755w, https:\/\/www.nettali.com\/wp-content\/uploads\/2022\/08\/Capture-de\u0301cran-2022-08-23-a\u0300-07.22.13-300x188.png 300w, https:\/\/www.nettali.com\/wp-content\/uploads\/2022\/08\/Capture-de\u0301cran-2022-08-23-a\u0300-07.22.13-400x250.png 400w\" sizes=\"(max-width: 755px) 100vw, 755px\" \/><\/a>\n\t\t\t<\/dt><\/dl><br style=\"clear: both\" \/><dl class='gallery-item'>\n\t\t\t<dt class='gallery-icon landscape'>\n\t\t\t\t<a href='https:\/\/www.nettali.com\/2022\/08\/23\/code-des-marches-publics-le-decret-de-macky-sall-qui-fait-grincer-quelques-dents\/capture-decran-2022-08-23-a-07-22-43\/'><img width=\"785\" height=\"584\" src=\"https:\/\/www.nettali.com\/wp-content\/uploads\/2022\/08\/Capture-de\u0301cran-2022-08-23-a\u0300-07.22.43.png\" class=\"attachment-full size-full\" alt=\"\" loading=\"lazy\" srcset=\"https:\/\/www.nettali.com\/wp-content\/uploads\/2022\/08\/Capture-de\u0301cran-2022-08-23-a\u0300-07.22.43.png 785w, https:\/\/www.nettali.com\/wp-content\/uploads\/2022\/08\/Capture-de\u0301cran-2022-08-23-a\u0300-07.22.43-300x223.png 300w, https:\/\/www.nettali.com\/wp-content\/uploads\/2022\/08\/Capture-de\u0301cran-2022-08-23-a\u0300-07.22.43-768x571.png 768w\" sizes=\"(max-width: 785px) 100vw, 785px\" \/><\/a>\n\t\t\t<\/dt><\/dl><br style=\"clear: both\" \/><dl class='gallery-item'>\n\t\t\t<dt class='gallery-icon landscape'>\n\t\t\t\t<a href='https:\/\/www.nettali.com\/2022\/08\/23\/code-des-marches-publics-le-decret-de-macky-sall-qui-fait-grincer-quelques-dents\/capture-decran-2022-08-23-a-07-23-03\/'><img width=\"790\" height=\"348\" src=\"https:\/\/www.nettali.com\/wp-content\/uploads\/2022\/08\/Capture-de\u0301cran-2022-08-23-a\u0300-07.23.03.png\" class=\"attachment-full size-full\" alt=\"\" loading=\"lazy\" srcset=\"https:\/\/www.nettali.com\/wp-content\/uploads\/2022\/08\/Capture-de\u0301cran-2022-08-23-a\u0300-07.23.03.png 790w, https:\/\/www.nettali.com\/wp-content\/uploads\/2022\/08\/Capture-de\u0301cran-2022-08-23-a\u0300-07.23.03-300x132.png 300w, https:\/\/www.nettali.com\/wp-content\/uploads\/2022\/08\/Capture-de\u0301cran-2022-08-23-a\u0300-07.23.03-768x338.png 768w\" sizes=\"(max-width: 790px) 100vw, 790px\" \/><\/a>\n\t\t\t<\/dt><\/dl><br style=\"clear: both\" \/><dl class='gallery-item'>\n\t\t\t<dt class='gallery-icon landscape'>\n\t\t\t\t<a href='https:\/\/www.nettali.com\/2022\/08\/23\/code-des-marches-publics-le-decret-de-macky-sall-qui-fait-grincer-quelques-dents\/capture-decran-2022-08-23-a-07-23-21\/'><img width=\"785\" height=\"577\" src=\"https:\/\/www.nettali.com\/wp-content\/uploads\/2022\/08\/Capture-de\u0301cran-2022-08-23-a\u0300-07.23.21.png\" class=\"attachment-full size-full\" alt=\"\" loading=\"lazy\" srcset=\"https:\/\/www.nettali.com\/wp-content\/uploads\/2022\/08\/Capture-de\u0301cran-2022-08-23-a\u0300-07.23.21.png 785w, https:\/\/www.nettali.com\/wp-content\/uploads\/2022\/08\/Capture-de\u0301cran-2022-08-23-a\u0300-07.23.21-300x221.png 300w, https:\/\/www.nettali.com\/wp-content\/uploads\/2022\/08\/Capture-de\u0301cran-2022-08-23-a\u0300-07.23.21-768x565.png 768w\" sizes=\"(max-width: 785px) 100vw, 785px\" \/><\/a>\n\t\t\t<\/dt><\/dl><br style=\"clear: both\" \/><dl class='gallery-item'>\n\t\t\t<dt class='gallery-icon landscape'>\n\t\t\t\t<a href='https:\/\/www.nettali.com\/2022\/08\/23\/code-des-marches-publics-le-decret-de-macky-sall-qui-fait-grincer-quelques-dents\/capture-decran-2022-08-23-a-07-23-34\/'><img width=\"783\" height=\"357\" src=\"https:\/\/www.nettali.com\/wp-content\/uploads\/2022\/08\/Capture-de\u0301cran-2022-08-23-a\u0300-07.23.34.png\" class=\"attachment-full size-full\" alt=\"\" loading=\"lazy\" srcset=\"https:\/\/www.nettali.com\/wp-content\/uploads\/2022\/08\/Capture-de\u0301cran-2022-08-23-a\u0300-07.23.34.png 783w, https:\/\/www.nettali.com\/wp-content\/uploads\/2022\/08\/Capture-de\u0301cran-2022-08-23-a\u0300-07.23.34-300x137.png 300w, https:\/\/www.nettali.com\/wp-content\/uploads\/2022\/08\/Capture-de\u0301cran-2022-08-23-a\u0300-07.23.34-768x350.png 768w\" sizes=\"(max-width: 783px) 100vw, 783px\" \/><\/a>\n\t\t\t<\/dt><\/dl><br style=\"clear: both\" \/><dl class='gallery-item'>\n\t\t\t<dt class='gallery-icon landscape'>\n\t\t\t\t<a href='https:\/\/www.nettali.com\/2022\/08\/23\/code-des-marches-publics-le-decret-de-macky-sall-qui-fait-grincer-quelques-dents\/capture-decran-2022-08-23-a-07-23-50\/'><img width=\"782\" height=\"584\" src=\"https:\/\/www.nettali.com\/wp-content\/uploads\/2022\/08\/Capture-de\u0301cran-2022-08-23-a\u0300-07.23.50.png\" class=\"attachment-full size-full\" alt=\"\" loading=\"lazy\" srcset=\"https:\/\/www.nettali.com\/wp-content\/uploads\/2022\/08\/Capture-de\u0301cran-2022-08-23-a\u0300-07.23.50.png 782w, https:\/\/www.nettali.com\/wp-content\/uploads\/2022\/08\/Capture-de\u0301cran-2022-08-23-a\u0300-07.23.50-300x224.png 300w, https:\/\/www.nettali.com\/wp-content\/uploads\/2022\/08\/Capture-de\u0301cran-2022-08-23-a\u0300-07.23.50-768x574.png 768w\" sizes=\"(max-width: 782px) 100vw, 782px\" \/><\/a>\n\t\t\t<\/dt><\/dl><br style=\"clear: both\" \/>\n\t\t<\/div>\n\n<div class='share-to-whatsapp-wrapper'><div class='share-on-whsp'>PARTAGER SUR : <\/div><a data-text='CODE DES MARCHES PUBLICS - Le d\u00e9cret de Macky Sall qui fait grincer des dents' data-link='https:\/\/www.nettali.com\/2022\/08\/23\/code-des-marches-publics-le-decret-de-macky-sall-qui-fait-grincer-quelques-dents\/' class='whatsapp-button whatsapp-share'>WhatsApp<\/a><div class='clear '><\/div><\/div>","protected":false},"excerpt":{"rendered":"<p>NETTALI.COM - Le pr\u00e9sident de la R\u00e9publique, Macky Sall, a pris un d\u00e9cret, ce 12 ao\u00fbt 2022 pour modifier le Code des march\u00e9s publics. Ceci pour permettre \u00e0 des soci\u00e9t\u00e9s telles que la Senelec, la SAR et Petrosen, le R\u00e9seau Gazier du S\u00e9n\u00e9gal et l'institut du P\u00e9trole, de pouvoir acheter du p\u00e9trole brut, des produits [&hellip;]<\/p>\n","protected":false},"author":4,"featured_media":49774,"comment_status":"open","ping_status":"open","sticky":false,"template":"","format":"standard","meta":{"_et_pb_use_builder":"","_et_pb_old_content":""},"categories":[4],"tags":[],"yoast_head":"<!-- This site is optimized with the Yoast SEO Premium plugin v17.8 (Yoast SEO v17.8) - https:\/\/yoast.com\/wordpress\/plugins\/seo\/ -->\n<title>CODE DES MARCHES PUBLICS - Le d\u00e9cret de Macky Sall qui fait grincer des dents | Nettali.com<\/title>\n<meta name=\"robots\" content=\"index, follow, max-snippet:-1, max-image-preview:large, max-video-preview:-1\" \/>\n<link rel=\"canonical\" href=\"https:\/\/www.nettali.com\/2022\/08\/23\/code-des-marches-publics-le-decret-de-macky-sall-qui-fait-grincer-quelques-dents\/\" \/>\n<meta property=\"og:locale\" content=\"fr_FR\" \/>\n<meta property=\"og:type\" content=\"article\" \/>\n<meta property=\"og:title\" content=\"CODE DES MARCHES PUBLICS - Le d\u00e9cret de Macky Sall qui fait grincer des dents\" \/>\n<meta property=\"og:description\" content=\"NETTALI.COM - Le pr\u00e9sident de la R\u00e9publique, Macky Sall, a pris un d\u00e9cret, ce 12 ao\u00fbt 2022 pour modifier le Code des march\u00e9s publics. Ceci pour permettre \u00e0 des soci\u00e9t\u00e9s telles que la Senelec, la SAR et Petrosen, le R\u00e9seau Gazier du S\u00e9n\u00e9gal et l&#039;institut du P\u00e9trole, de pouvoir acheter du p\u00e9trole brut, des produits [&hellip;]\" \/>\n<meta property=\"og:url\" content=\"https:\/\/www.nettali.com\/2022\/08\/23\/code-des-marches-publics-le-decret-de-macky-sall-qui-fait-grincer-quelques-dents\/\" \/>\n<meta property=\"og:site_name\" content=\"Nettali.com\" \/>\n<meta property=\"article:publisher\" content=\"https:\/\/www.facebook.com\/nettalicom\" \/>\n<meta property=\"article:published_time\" content=\"2022-08-23T07:34:14+00:00\" \/>\n<meta property=\"article:modified_time\" content=\"2022-08-24T00:57:46+00:00\" \/>\n<meta property=\"og:image\" content=\"https:\/\/www.nettali.com\/wp-content\/uploads\/2020\/11\/Macky-Sall-prisonnier-signe.jpg\" \/>\n\t<meta property=\"og:image:width\" content=\"644\" \/>\n\t<meta property=\"og:image:height\" content=\"362\" \/>\n<meta name=\"twitter:card\" content=\"summary_large_image\" \/>\n<meta name=\"twitter:label1\" content=\"\u00c9crit par\" \/>\n\t<meta name=\"twitter:data1\" content=\"Daouda\" \/>\n\t<meta name=\"twitter:label2\" content=\"Dur\u00e9e de lecture estim\u00e9e\" \/>\n\t<meta name=\"twitter:data2\" content=\"1 minute\" \/>\n<script type=\"application\/ld+json\" class=\"yoast-schema-graph\">{\"@context\":\"https:\/\/schema.org\",\"@graph\":[{\"@type\":\"WebSite\",\"@id\":\"https:\/\/www.nettali.com\/#website\",\"url\":\"https:\/\/www.nettali.com\/\",\"name\":\"Nettali.com\",\"description\":\"Le rendez-vous critique du Net\",\"potentialAction\":[{\"@type\":\"SearchAction\",\"target\":{\"@type\":\"EntryPoint\",\"urlTemplate\":\"https:\/\/www.nettali.com\/?s={search_term_string}\"},\"query-input\":\"required name=search_term_string\"}],\"inLanguage\":\"fr-FR\"},{\"@type\":\"ImageObject\",\"@id\":\"https:\/\/www.nettali.com\/2022\/08\/23\/code-des-marches-publics-le-decret-de-macky-sall-qui-fait-grincer-quelques-dents\/#primaryimage\",\"inLanguage\":\"fr-FR\",\"url\":\"https:\/\/www.nettali.com\/wp-content\/uploads\/2020\/11\/Macky-Sall-prisonnier-signe.jpg\",\"contentUrl\":\"https:\/\/www.nettali.com\/wp-content\/uploads\/2020\/11\/Macky-Sall-prisonnier-signe.jpg\",\"width\":644,\"height\":362},{\"@type\":\"WebPage\",\"@id\":\"https:\/\/www.nettali.com\/2022\/08\/23\/code-des-marches-publics-le-decret-de-macky-sall-qui-fait-grincer-quelques-dents\/#webpage\",\"url\":\"https:\/\/www.nettali.com\/2022\/08\/23\/code-des-marches-publics-le-decret-de-macky-sall-qui-fait-grincer-quelques-dents\/\",\"name\":\"CODE DES MARCHES PUBLICS - Le d\\u00e9cret de Macky Sall qui fait grincer des dents | Nettali.com\",\"isPartOf\":{\"@id\":\"https:\/\/www.nettali.com\/#website\"},\"primaryImageOfPage\":{\"@id\":\"https:\/\/www.nettali.com\/2022\/08\/23\/code-des-marches-publics-le-decret-de-macky-sall-qui-fait-grincer-quelques-dents\/#primaryimage\"},\"datePublished\":\"2022-08-23T07:34:14+00:00\",\"dateModified\":\"2022-08-24T00:57:46+00:00\",\"author\":{\"@id\":\"https:\/\/www.nettali.com\/#\/schema\/person\/3317e0bb3aa1da309fbf7b2780901bf4\"},\"breadcrumb\":{\"@id\":\"https:\/\/www.nettali.com\/2022\/08\/23\/code-des-marches-publics-le-decret-de-macky-sall-qui-fait-grincer-quelques-dents\/#breadcrumb\"},\"inLanguage\":\"fr-FR\",\"potentialAction\":[{\"@type\":\"ReadAction\",\"target\":[\"https:\/\/www.nettali.com\/2022\/08\/23\/code-des-marches-publics-le-decret-de-macky-sall-qui-fait-grincer-quelques-dents\/\"]}]},{\"@type\":\"BreadcrumbList\",\"@id\":\"https:\/\/www.nettali.com\/2022\/08\/23\/code-des-marches-publics-le-decret-de-macky-sall-qui-fait-grincer-quelques-dents\/#breadcrumb\",\"itemListElement\":[{\"@type\":\"ListItem\",\"position\":1,\"name\":\"Accueil\",\"item\":\"https:\/\/www.nettali.com\/\"},{\"@type\":\"ListItem\",\"position\":2,\"name\":\"CODE DES MARCHES PUBLICS - Le d\\u00e9cret de Macky Sall qui fait grincer des dents\"}]},{\"@type\":\"Person\",\"@id\":\"https:\/\/www.nettali.com\/#\/schema\/person\/3317e0bb3aa1da309fbf7b2780901bf4\",\"name\":\"Daouda\",\"image\":{\"@type\":\"ImageObject\",\"@id\":\"https:\/\/www.nettali.com\/#personlogo\",\"inLanguage\":\"fr-FR\",\"url\":\"https:\/\/secure.gravatar.com\/avatar\/8d143b5a49345098ddcfee1c49c2f47c?s=96&d=mm&r=g\",\"contentUrl\":\"https:\/\/secure.gravatar.com\/avatar\/8d143b5a49345098ddcfee1c49c2f47c?s=96&d=mm&r=g\",\"caption\":\"Daouda\"},\"sameAs\":[\"https:\/\/www.nettali.com\"]}]}<\/script>\n<!-- \/ Yoast SEO Premium plugin. -->","yoast_head_json":{"title":"CODE DES MARCHES PUBLICS - Le d\u00e9cret de Macky Sall qui fait grincer des dents | Nettali.com","robots":{"index":"index","follow":"follow","max-snippet":"max-snippet:-1","max-image-preview":"max-image-preview:large","max-video-preview":"max-video-preview:-1"},"canonical":"https:\/\/www.nettali.com\/2022\/08\/23\/code-des-marches-publics-le-decret-de-macky-sall-qui-fait-grincer-quelques-dents\/","og_locale":"fr_FR","og_type":"article","og_title":"CODE DES MARCHES PUBLICS - Le d\u00e9cret de Macky Sall qui fait grincer des dents","og_description":"NETTALI.COM - Le pr\u00e9sident de la R\u00e9publique, Macky Sall, a pris un d\u00e9cret, ce 12 ao\u00fbt 2022 pour modifier le Code des march\u00e9s publics. Ceci pour permettre \u00e0 des soci\u00e9t\u00e9s telles que la Senelec, la SAR et Petrosen, le R\u00e9seau Gazier du S\u00e9n\u00e9gal et l'institut du P\u00e9trole, de pouvoir acheter du p\u00e9trole brut, des produits [&hellip;]","og_url":"https:\/\/www.nettali.com\/2022\/08\/23\/code-des-marches-publics-le-decret-de-macky-sall-qui-fait-grincer-quelques-dents\/","og_site_name":"Nettali.com","article_publisher":"https:\/\/www.facebook.com\/nettalicom","article_published_time":"2022-08-23T07:34:14+00:00","article_modified_time":"2022-08-24T00:57:46+00:00","og_image":[{"width":644,"height":362,"url":"https:\/\/www.nettali.com\/wp-content\/uploads\/2020\/11\/Macky-Sall-prisonnier-signe.jpg","type":"image\/jpeg"}],"twitter_card":"summary_large_image","twitter_misc":{"\u00c9crit par":"Daouda","Dur\u00e9e de lecture estim\u00e9e":"1 minute"},"schema":{"@context":"https:\/\/schema.org","@graph":[{"@type":"WebSite","@id":"https:\/\/www.nettali.com\/#website","url":"https:\/\/www.nettali.com\/","name":"Nettali.com","description":"Le rendez-vous critique du Net","potentialAction":[{"@type":"SearchAction","target":{"@type":"EntryPoint","urlTemplate":"https:\/\/www.nettali.com\/?s={search_term_string}"},"query-input":"required name=search_term_string"}],"inLanguage":"fr-FR"},{"@type":"ImageObject","@id":"https:\/\/www.nettali.com\/2022\/08\/23\/code-des-marches-publics-le-decret-de-macky-sall-qui-fait-grincer-quelques-dents\/#primaryimage","inLanguage":"fr-FR","url":"https:\/\/www.nettali.com\/wp-content\/uploads\/2020\/11\/Macky-Sall-prisonnier-signe.jpg","contentUrl":"https:\/\/www.nettali.com\/wp-content\/uploads\/2020\/11\/Macky-Sall-prisonnier-signe.jpg","width":644,"height":362},{"@type":"WebPage","@id":"https:\/\/www.nettali.com\/2022\/08\/23\/code-des-marches-publics-le-decret-de-macky-sall-qui-fait-grincer-quelques-dents\/#webpage","url":"https:\/\/www.nettali.com\/2022\/08\/23\/code-des-marches-publics-le-decret-de-macky-sall-qui-fait-grincer-quelques-dents\/","name":"CODE DES MARCHES PUBLICS - Le d\u00e9cret de Macky Sall qui fait grincer des dents | Nettali.com","isPartOf":{"@id":"https:\/\/www.nettali.com\/#website"},"primaryImageOfPage":{"@id":"https:\/\/www.nettali.com\/2022\/08\/23\/code-des-marches-publics-le-decret-de-macky-sall-qui-fait-grincer-quelques-dents\/#primaryimage"},"datePublished":"2022-08-23T07:34:14+00:00","dateModified":"2022-08-24T00:57:46+00:00","author":{"@id":"https:\/\/www.nettali.com\/#\/schema\/person\/3317e0bb3aa1da309fbf7b2780901bf4"},"breadcrumb":{"@id":"https:\/\/www.nettali.com\/2022\/08\/23\/code-des-marches-publics-le-decret-de-macky-sall-qui-fait-grincer-quelques-dents\/#breadcrumb"},"inLanguage":"fr-FR","potentialAction":[{"@type":"ReadAction","target":["https:\/\/www.nettali.com\/2022\/08\/23\/code-des-marches-publics-le-decret-de-macky-sall-qui-fait-grincer-quelques-dents\/"]}]},{"@type":"BreadcrumbList","@id":"https:\/\/www.nettali.com\/2022\/08\/23\/code-des-marches-publics-le-decret-de-macky-sall-qui-fait-grincer-quelques-dents\/#breadcrumb","itemListElement":[{"@type":"ListItem","position":1,"name":"Accueil","item":"https:\/\/www.nettali.com\/"},{"@type":"ListItem","position":2,"name":"CODE DES MARCHES PUBLICS - Le d\u00e9cret de Macky Sall qui fait grincer des dents"}]},{"@type":"Person","@id":"https:\/\/www.nettali.com\/#\/schema\/person\/3317e0bb3aa1da309fbf7b2780901bf4","name":"Daouda","image":{"@type":"ImageObject","@id":"https:\/\/www.nettali.com\/#personlogo","inLanguage":"fr-FR","url":"https:\/\/secure.gravatar.com\/avatar\/8d143b5a49345098ddcfee1c49c2f47c?s=96&d=mm&r=g","contentUrl":"https:\/\/secure.gravatar.com\/avatar\/8d143b5a49345098ddcfee1c49c2f47c?s=96&d=mm&r=g","caption":"Daouda"},"sameAs":["https:\/\/www.nettali.com"]}]}},"_links":{"self":[{"href":"https:\/\/www.nettali.com\/rest\/wp\/v2\/posts\/92434"}],"collection":[{"href":"https:\/\/www.nettali.com\/rest\/wp\/v2\/posts"}],"about":[{"href":"https:\/\/www.nettali.com\/rest\/wp\/v2\/types\/post"}],"author":[{"embeddable":true,"href":"https:\/\/www.nettali.com\/rest\/wp\/v2\/users\/4"}],"replies":[{"embeddable":true,"href":"https:\/\/www.nettali.com\/rest\/wp\/v2\/comments?post=92434"}],"version-history":[{"count":4,"href":"https:\/\/www.nettali.com\/rest\/wp\/v2\/posts\/92434\/revisions"}],"predecessor-version":[{"id":92454,"href":"https:\/\/www.nettali.com\/rest\/wp\/v2\/posts\/92434\/revisions\/92454"}],"wp:featuredmedia":[{"embeddable":true,"href":"https:\/\/www.nettali.com\/rest\/wp\/v2\/media\/49774"}],"wp:attachment":[{"href":"https:\/\/www.nettali.com\/rest\/wp\/v2\/media?parent=92434"}],"wp:term":[{"taxonomy":"category","embeddable":true,"href":"https:\/\/www.nettali.com\/rest\/wp\/v2\/categories?post=92434"},{"taxonomy":"post_tag","embeddable":true,"href":"https:\/\/www.nettali.com\/rest\/wp\/v2\/tags?post=92434"}],"curies":[{"name":"wp","href":"https:\/\/api.w.org\/{rel}","templated":true}]}}