{"id":92418,"date":"2022-08-22T19:04:59","date_gmt":"2022-08-22T19:04:59","guid":{"rendered":"https:\/\/www.nettali.com\/?p=92418"},"modified":"2022-08-23T07:48:16","modified_gmt":"2022-08-23T07:48:16","slug":"palais-les-minutes-de-la-rencontre-entre-macky-et-ses-deputes","status":"publish","type":"post","link":"https:\/\/www.nettali.com\/2022\/08\/22\/palais-les-minutes-de-la-rencontre-entre-macky-et-ses-deputes\/","title":{"rendered":"PALAIS \u2013 Les minutes de la rencontre entre Macky et \u00abses\u00bb d\u00e9put\u00e9s"},"content":{"rendered":"<p><strong>NETTALI.COM - La rencontre entre Macky Sall et les 82 d\u00e9put\u00e9s de la majorit\u00e9 \u00e9lus le 31 juillet dernier a \u00e9t\u00e9 longue. Elle a dur\u00e9 9 tours d\u2019horloge. Compte rendu\u2026 <\/strong><\/p>\n<p>De 16 heures \u00e0 2 heures du matin, soit 9 tours d\u2019horloge, le Pr\u00e9sident Macky Sall a \u00e9chang\u00e9, samedi dernier, \u00e0 la Salle des banquets du Palais, avec les d\u00e9put\u00e9s \u00e9lus sur la liste de Benno bokk yaakaar (Bby) \u00e0 l\u2019issue des \u00e9lections l\u00e9gislatives du 31 juillet 2022. Le conclave, en pr\u00e9lude \u00e0 l\u2019installation de la 14<sup>e<\/sup> L\u00e9gislature, \u00e9tait d\u2019un int\u00e9r\u00eat tel que tous les 82 d\u00e9put\u00e9s \u00e9taient pr\u00e9sents.<\/p>\n<p>D\u00e8s l\u2019entame, le Pr\u00e9sident de la coalition pr\u00e9sidentielle a sugg\u00e9r\u00e9 que tous les nouveaux \u00e9lus prennent la parole. Une tribune offerte aux d\u00e9put\u00e9s pour revenir sur leur parcours militant, mais aussi faire part de leurs pr\u00e9occupations politiques. Une occasion aussi pour Macky Sall d\u2019avoir une id\u00e9e sur l\u2019\u00e9tat d\u2019esprit de ses \u00abtroupes\u00bb.<\/p>\n<p>Selon nos informations, certains d\u00e9put\u00e9s n\u2019ont pas cach\u00e9 leurs frustrations. Certains se sont plaints de l\u2019inaccessibilit\u00e9 habituelle de certaines autorit\u00e9s. D\u2019autres de manque de consid\u00e9ration. D\u2019ailleurs, des \u00e9lus pensent que cette donne va changer, le contexte leur \u00e9tant favorable. Toutefois, la majorit\u00e9 a assur\u00e9 au Pr\u00e9sident de suivre ses instructions et directives <em>\u00abau nom de l\u2019int\u00e9r\u00eat du pays, pour ne pas exposer le S\u00e9n\u00e9gal \u00e0 un blocage\u00bb.<\/em><\/p>\n<p>Certains intervenants ont r\u00e9v\u00e9l\u00e9 avoir \u00e9t\u00e9 approch\u00e9s, directement ou indirectement, par des leaders de la coalition de l\u2019opposition, Yewwi Askan Wi (Yaw) pour une collaboration \u00e0 l\u2019H\u00e9micycle. Des confidences qui semblent confirmer l\u2019option de Yaw de pr\u00e9senter un candidat \u00e0 la Pr\u00e9sidence de l\u2019Assembl\u00e9e nationale. Sur ce point, le chef de l\u2019Etat, prenant la parole, a appel\u00e9 ses hommes et alli\u00e9s \u00e0 la solidarit\u00e9 et \u00e0 l\u2019unit\u00e9, vu le contexte politique. Macky Sall a annonc\u00e9 qu\u2019il va choisir un Pr\u00e9sident du Groupe parlementaire dans les prochains jours. Un s\u00e9minaire est m\u00eame pr\u00e9vu avant l\u2019installation de la 14<sup>e<\/sup> L\u00e9gislature.<\/p>\n<p>Dans son intervention, le chef de l\u2019Etat a insist\u00e9 sur la n\u00e9cessit\u00e9 pour tous les d\u00e9put\u00e9s de la majorit\u00e9 de voter pour le candidat qui sera choisi pour la pr\u00e9sidence de l\u2019Assembl\u00e9e nationale. Seulement, <em>\u00abaucun nom n\u2019a \u00e9t\u00e9 avanc\u00e9. Macky Sall n\u2019a donn\u00e9 aucun indice. Il est rest\u00e9 sur les principes\u00bb,<\/em> souffle-t-on.<\/p>\n<p>Au cours des \u00e9changes, le Pr\u00e9sident Sall a affich\u00e9 l\u2019image d\u2019un chef de guerre nullement abattu par sa petite majorit\u00e9 (82+1) contre 80 pour l\u2019opposition \u00e0 l\u2019Assembl\u00e9e nationale.<\/p>\n<p><em>\u00abQue chacun se batte de son c\u00f4t\u00e9 pour maintenir le cap, car nous sommes majoritaires. Je suis souvent attaqu\u00e9, mais ma position ne me permet pas de r\u00e9pondre \u00e0 tout cela\u00bb,<\/em> a-t-il fait constater \u00e0 ses d\u00e9put\u00e9s et membres de son cabinet politique pr\u00e9sents \u00e0 la rencontre tenue \u00e0 la Salle des banquets.<\/p>\n<p>Une fa\u00e7on de s\u2019\u00e9mouvoir du silence et manque de r\u00e9action de son camp face \u00e0 l\u2019assaut quotidien et de plus en plus nourri de ses adversaires.<\/p>\n<p>&nbsp;<\/p>\n<div class='share-to-whatsapp-wrapper'><div class='share-on-whsp'>PARTAGER SUR : <\/div><a data-text='PALAIS \u2013 Les minutes de la rencontre entre Macky et \u00abses\u00bb d\u00e9put\u00e9s' data-link='https:\/\/www.nettali.com\/2022\/08\/22\/palais-les-minutes-de-la-rencontre-entre-macky-et-ses-deputes\/' class='whatsapp-button whatsapp-share'>WhatsApp<\/a><div class='clear '><\/div><\/div>","protected":false},"excerpt":{"rendered":"<p>NETTALI.COM - La rencontre entre Macky Sall et les 82 d\u00e9put\u00e9s de la majorit\u00e9 \u00e9lus le 31 juillet dernier a \u00e9t\u00e9 longue. Elle a dur\u00e9 9 tours d\u2019horloge. Compte rendu\u2026 De 16 heures \u00e0 2 heures du matin, soit 9 tours d\u2019horloge, le Pr\u00e9sident Macky Sall a \u00e9chang\u00e9, samedi dernier, \u00e0 la Salle des banquets [&hellip;]<\/p>\n","protected":false},"author":4,"featured_media":84369,"comment_status":"open","ping_status":"open","sticky":false,"template":"","format":"standard","meta":{"_et_pb_use_builder":"","_et_pb_old_content":""},"categories":[2],"tags":[],"yoast_head":"<!-- This site is optimized with the Yoast SEO Premium plugin v17.8 (Yoast SEO v17.8) - https:\/\/yoast.com\/wordpress\/plugins\/seo\/ -->\n<title>PALAIS \u2013 Les minutes de la rencontre entre Macky et \u00abses\u00bb d\u00e9put\u00e9s | Nettali.com<\/title>\n<meta name=\"robots\" content=\"index, follow, max-snippet:-1, max-image-preview:large, max-video-preview:-1\" \/>\n<link rel=\"canonical\" href=\"https:\/\/www.nettali.com\/2022\/08\/22\/palais-les-minutes-de-la-rencontre-entre-macky-et-ses-deputes\/\" \/>\n<meta property=\"og:locale\" content=\"fr_FR\" \/>\n<meta property=\"og:type\" content=\"article\" \/>\n<meta property=\"og:title\" content=\"PALAIS \u2013 Les minutes de la rencontre entre Macky et \u00abses\u00bb d\u00e9put\u00e9s\" \/>\n<meta property=\"og:description\" content=\"NETTALI.COM - La rencontre entre Macky Sall et les 82 d\u00e9put\u00e9s de la majorit\u00e9 \u00e9lus le 31 juillet dernier a \u00e9t\u00e9 longue. Elle a dur\u00e9 9 tours d\u2019horloge. Compte rendu\u2026 De 16 heures \u00e0 2 heures du matin, soit 9 tours d\u2019horloge, le Pr\u00e9sident Macky Sall a \u00e9chang\u00e9, samedi dernier, \u00e0 la Salle des banquets [&hellip;]\" \/>\n<meta property=\"og:url\" content=\"https:\/\/www.nettali.com\/2022\/08\/22\/palais-les-minutes-de-la-rencontre-entre-macky-et-ses-deputes\/\" \/>\n<meta property=\"og:site_name\" content=\"Nettali.com\" \/>\n<meta property=\"article:publisher\" content=\"https:\/\/www.facebook.com\/nettalicom\" \/>\n<meta property=\"article:published_time\" content=\"2022-08-22T19:04:59+00:00\" \/>\n<meta property=\"article:modified_time\" content=\"2022-08-23T07:48:16+00:00\" \/>\n<meta property=\"og:image\" content=\"https:\/\/www.nettali.com\/wp-content\/uploads\/2022\/04\/jad20220309-ass-senegal-macky-sall-592x296-1646835913.jpg\" \/>\n\t<meta property=\"og:image:width\" content=\"592\" \/>\n\t<meta property=\"og:image:height\" content=\"296\" \/>\n<meta name=\"twitter:card\" content=\"summary_large_image\" \/>\n<meta name=\"twitter:label1\" content=\"\u00c9crit par\" \/>\n\t<meta name=\"twitter:data1\" content=\"Daouda\" \/>\n\t<meta name=\"twitter:label2\" content=\"Dur\u00e9e de lecture estim\u00e9e\" \/>\n\t<meta name=\"twitter:data2\" content=\"3 minutes\" \/>\n<script type=\"application\/ld+json\" class=\"yoast-schema-graph\">{\"@context\":\"https:\/\/schema.org\",\"@graph\":[{\"@type\":\"WebSite\",\"@id\":\"https:\/\/www.nettali.com\/#website\",\"url\":\"https:\/\/www.nettali.com\/\",\"name\":\"Nettali.com\",\"description\":\"Le rendez-vous critique du Net\",\"potentialAction\":[{\"@type\":\"SearchAction\",\"target\":{\"@type\":\"EntryPoint\",\"urlTemplate\":\"https:\/\/www.nettali.com\/?s={search_term_string}\"},\"query-input\":\"required name=search_term_string\"}],\"inLanguage\":\"fr-FR\"},{\"@type\":\"ImageObject\",\"@id\":\"https:\/\/www.nettali.com\/2022\/08\/22\/palais-les-minutes-de-la-rencontre-entre-macky-et-ses-deputes\/#primaryimage\",\"inLanguage\":\"fr-FR\",\"url\":\"https:\/\/www.nettali.com\/wp-content\/uploads\/2022\/04\/jad20220309-ass-senegal-macky-sall-592x296-1646835913.jpg\",\"contentUrl\":\"https:\/\/www.nettali.com\/wp-content\/uploads\/2022\/04\/jad20220309-ass-senegal-macky-sall-592x296-1646835913.jpg\",\"width\":592,\"height\":296},{\"@type\":\"WebPage\",\"@id\":\"https:\/\/www.nettali.com\/2022\/08\/22\/palais-les-minutes-de-la-rencontre-entre-macky-et-ses-deputes\/#webpage\",\"url\":\"https:\/\/www.nettali.com\/2022\/08\/22\/palais-les-minutes-de-la-rencontre-entre-macky-et-ses-deputes\/\",\"name\":\"PALAIS \\u2013 Les minutes de la rencontre entre Macky et \\u00abses\\u00bb d\\u00e9put\\u00e9s | Nettali.com\",\"isPartOf\":{\"@id\":\"https:\/\/www.nettali.com\/#website\"},\"primaryImageOfPage\":{\"@id\":\"https:\/\/www.nettali.com\/2022\/08\/22\/palais-les-minutes-de-la-rencontre-entre-macky-et-ses-deputes\/#primaryimage\"},\"datePublished\":\"2022-08-22T19:04:59+00:00\",\"dateModified\":\"2022-08-23T07:48:16+00:00\",\"author\":{\"@id\":\"https:\/\/www.nettali.com\/#\/schema\/person\/3317e0bb3aa1da309fbf7b2780901bf4\"},\"breadcrumb\":{\"@id\":\"https:\/\/www.nettali.com\/2022\/08\/22\/palais-les-minutes-de-la-rencontre-entre-macky-et-ses-deputes\/#breadcrumb\"},\"inLanguage\":\"fr-FR\",\"potentialAction\":[{\"@type\":\"ReadAction\",\"target\":[\"https:\/\/www.nettali.com\/2022\/08\/22\/palais-les-minutes-de-la-rencontre-entre-macky-et-ses-deputes\/\"]}]},{\"@type\":\"BreadcrumbList\",\"@id\":\"https:\/\/www.nettali.com\/2022\/08\/22\/palais-les-minutes-de-la-rencontre-entre-macky-et-ses-deputes\/#breadcrumb\",\"itemListElement\":[{\"@type\":\"ListItem\",\"position\":1,\"name\":\"Accueil\",\"item\":\"https:\/\/www.nettali.com\/\"},{\"@type\":\"ListItem\",\"position\":2,\"name\":\"PALAIS \\u2013 Les minutes de la rencontre entre Macky et \\u00abses\\u00bb d\\u00e9put\\u00e9s\"}]},{\"@type\":\"Person\",\"@id\":\"https:\/\/www.nettali.com\/#\/schema\/person\/3317e0bb3aa1da309fbf7b2780901bf4\",\"name\":\"Daouda\",\"image\":{\"@type\":\"ImageObject\",\"@id\":\"https:\/\/www.nettali.com\/#personlogo\",\"inLanguage\":\"fr-FR\",\"url\":\"https:\/\/secure.gravatar.com\/avatar\/8d143b5a49345098ddcfee1c49c2f47c?s=96&d=mm&r=g\",\"contentUrl\":\"https:\/\/secure.gravatar.com\/avatar\/8d143b5a49345098ddcfee1c49c2f47c?s=96&d=mm&r=g\",\"caption\":\"Daouda\"},\"sameAs\":[\"https:\/\/www.nettali.com\"]}]}<\/script>\n<!-- \/ Yoast SEO Premium plugin. -->","yoast_head_json":{"title":"PALAIS \u2013 Les minutes de la rencontre entre Macky et \u00abses\u00bb d\u00e9put\u00e9s | Nettali.com","robots":{"index":"index","follow":"follow","max-snippet":"max-snippet:-1","max-image-preview":"max-image-preview:large","max-video-preview":"max-video-preview:-1"},"canonical":"https:\/\/www.nettali.com\/2022\/08\/22\/palais-les-minutes-de-la-rencontre-entre-macky-et-ses-deputes\/","og_locale":"fr_FR","og_type":"article","og_title":"PALAIS \u2013 Les minutes de la rencontre entre Macky et \u00abses\u00bb d\u00e9put\u00e9s","og_description":"NETTALI.COM - La rencontre entre Macky Sall et les 82 d\u00e9put\u00e9s de la majorit\u00e9 \u00e9lus le 31 juillet dernier a \u00e9t\u00e9 longue. Elle a dur\u00e9 9 tours d\u2019horloge. Compte rendu\u2026 De 16 heures \u00e0 2 heures du matin, soit 9 tours d\u2019horloge, le Pr\u00e9sident Macky Sall a \u00e9chang\u00e9, samedi dernier, \u00e0 la Salle des banquets [&hellip;]","og_url":"https:\/\/www.nettali.com\/2022\/08\/22\/palais-les-minutes-de-la-rencontre-entre-macky-et-ses-deputes\/","og_site_name":"Nettali.com","article_publisher":"https:\/\/www.facebook.com\/nettalicom","article_published_time":"2022-08-22T19:04:59+00:00","article_modified_time":"2022-08-23T07:48:16+00:00","og_image":[{"width":592,"height":296,"url":"https:\/\/www.nettali.com\/wp-content\/uploads\/2022\/04\/jad20220309-ass-senegal-macky-sall-592x296-1646835913.jpg","type":"image\/jpeg"}],"twitter_card":"summary_large_image","twitter_misc":{"\u00c9crit par":"Daouda","Dur\u00e9e de lecture estim\u00e9e":"3 minutes"},"schema":{"@context":"https:\/\/schema.org","@graph":[{"@type":"WebSite","@id":"https:\/\/www.nettali.com\/#website","url":"https:\/\/www.nettali.com\/","name":"Nettali.com","description":"Le rendez-vous critique du Net","potentialAction":[{"@type":"SearchAction","target":{"@type":"EntryPoint","urlTemplate":"https:\/\/www.nettali.com\/?s={search_term_string}"},"query-input":"required name=search_term_string"}],"inLanguage":"fr-FR"},{"@type":"ImageObject","@id":"https:\/\/www.nettali.com\/2022\/08\/22\/palais-les-minutes-de-la-rencontre-entre-macky-et-ses-deputes\/#primaryimage","inLanguage":"fr-FR","url":"https:\/\/www.nettali.com\/wp-content\/uploads\/2022\/04\/jad20220309-ass-senegal-macky-sall-592x296-1646835913.jpg","contentUrl":"https:\/\/www.nettali.com\/wp-content\/uploads\/2022\/04\/jad20220309-ass-senegal-macky-sall-592x296-1646835913.jpg","width":592,"height":296},{"@type":"WebPage","@id":"https:\/\/www.nettali.com\/2022\/08\/22\/palais-les-minutes-de-la-rencontre-entre-macky-et-ses-deputes\/#webpage","url":"https:\/\/www.nettali.com\/2022\/08\/22\/palais-les-minutes-de-la-rencontre-entre-macky-et-ses-deputes\/","name":"PALAIS \u2013 Les minutes de la rencontre entre Macky et \u00abses\u00bb d\u00e9put\u00e9s | Nettali.com","isPartOf":{"@id":"https:\/\/www.nettali.com\/#website"},"primaryImageOfPage":{"@id":"https:\/\/www.nettali.com\/2022\/08\/22\/palais-les-minutes-de-la-rencontre-entre-macky-et-ses-deputes\/#primaryimage"},"datePublished":"2022-08-22T19:04:59+00:00","dateModified":"2022-08-23T07:48:16+00:00","author":{"@id":"https:\/\/www.nettali.com\/#\/schema\/person\/3317e0bb3aa1da309fbf7b2780901bf4"},"breadcrumb":{"@id":"https:\/\/www.nettali.com\/2022\/08\/22\/palais-les-minutes-de-la-rencontre-entre-macky-et-ses-deputes\/#breadcrumb"},"inLanguage":"fr-FR","potentialAction":[{"@type":"ReadAction","target":["https:\/\/www.nettali.com\/2022\/08\/22\/palais-les-minutes-de-la-rencontre-entre-macky-et-ses-deputes\/"]}]},{"@type":"BreadcrumbList","@id":"https:\/\/www.nettali.com\/2022\/08\/22\/palais-les-minutes-de-la-rencontre-entre-macky-et-ses-deputes\/#breadcrumb","itemListElement":[{"@type":"ListItem","position":1,"name":"Accueil","item":"https:\/\/www.nettali.com\/"},{"@type":"ListItem","position":2,"name":"PALAIS \u2013 Les minutes de la rencontre entre Macky et \u00abses\u00bb d\u00e9put\u00e9s"}]},{"@type":"Person","@id":"https:\/\/www.nettali.com\/#\/schema\/person\/3317e0bb3aa1da309fbf7b2780901bf4","name":"Daouda","image":{"@type":"ImageObject","@id":"https:\/\/www.nettali.com\/#personlogo","inLanguage":"fr-FR","url":"https:\/\/secure.gravatar.com\/avatar\/8d143b5a49345098ddcfee1c49c2f47c?s=96&d=mm&r=g","contentUrl":"https:\/\/secure.gravatar.com\/avatar\/8d143b5a49345098ddcfee1c49c2f47c?s=96&d=mm&r=g","caption":"Daouda"},"sameAs":["https:\/\/www.nettali.com"]}]}},"_links":{"self":[{"href":"https:\/\/www.nettali.com\/rest\/wp\/v2\/posts\/92418"}],"collection":[{"href":"https:\/\/www.nettali.com\/rest\/wp\/v2\/posts"}],"about":[{"href":"https:\/\/www.nettali.com\/rest\/wp\/v2\/types\/post"}],"author":[{"embeddable":true,"href":"https:\/\/www.nettali.com\/rest\/wp\/v2\/users\/4"}],"replies":[{"embeddable":true,"href":"https:\/\/www.nettali.com\/rest\/wp\/v2\/comments?post=92418"}],"version-history":[{"count":1,"href":"https:\/\/www.nettali.com\/rest\/wp\/v2\/posts\/92418\/revisions"}],"predecessor-version":[{"id":92419,"href":"https:\/\/www.nettali.com\/rest\/wp\/v2\/posts\/92418\/revisions\/92419"}],"wp:featuredmedia":[{"embeddable":true,"href":"https:\/\/www.nettali.com\/rest\/wp\/v2\/media\/84369"}],"wp:attachment":[{"href":"https:\/\/www.nettali.com\/rest\/wp\/v2\/media?parent=92418"}],"wp:term":[{"taxonomy":"category","embeddable":true,"href":"https:\/\/www.nettali.com\/rest\/wp\/v2\/categories?post=92418"},{"taxonomy":"post_tag","embeddable":true,"href":"https:\/\/www.nettali.com\/rest\/wp\/v2\/tags?post=92418"}],"curies":[{"name":"wp","href":"https:\/\/api.w.org\/{rel}","templated":true}]}}