{"id":92238,"date":"2022-08-19T09:44:50","date_gmt":"2022-08-19T09:44:50","guid":{"rendered":"https:\/\/www.nettali.com\/?p=92238"},"modified":"2022-08-19T09:44:50","modified_gmt":"2022-08-19T09:44:50","slug":"pedophilie-detournement-de-mineure-un-marchand-ambulant-libre-apres-deux-ans-de-detention-preventive","status":"publish","type":"post","link":"https:\/\/www.nettali.com\/2022\/08\/19\/pedophilie-detournement-de-mineure-un-marchand-ambulant-libre-apres-deux-ans-de-detention-preventive\/","title":{"rendered":"P\u00c9DOPHILIE- D\u00c9TOURNEMENT DE MINEURE - Un marchand ambulant libre apr\u00e8s deux ans de d\u00e9tention pr\u00e9ventive"},"content":{"rendered":"<p><strong>NETTALI.COM<\/strong> - <strong>Arr\u00eat\u00e9 et plac\u00e9 sous mandat de d\u00e9p\u00f4t depuis 2020 pour les accusations de viol sur sur une personne vuln\u00e9rable, le marchand ambulant I. Fall a \u00e9t\u00e9 acquitt\u00e9 mercredi, par la chambre criminelle de Dakar.<\/strong><\/p>\n<p>Ouf de soulagement pour le marchand ambulant I. Fall. Celui-ci, attrait \u00e0 la barre de la chambre criminelle de Dakar pour des faits de viol sur une personne vuln\u00e9rable, a \u00e9t\u00e9 \u00e9pargn\u00e9 des peines lourdes de ce crime. Il a \u00e9t\u00e9 acquitt\u00e9. En effet, quand I. Fall abordait pour la premi\u00e8re fois la victime en l\u2019occurrence C. P, il pensait que cette derni\u00e8re, vue sa taille et ses rondeurs, \u00e9taient une majeure. Que nenni. Elle n\u2019en avait que 16 ans m\u00eame si \u00e0 cet \u00e2ge, elle avait d\u00e9j\u00e0 go\u00fbt\u00e9 au bonheur d\u2019\u00eatre m\u00e8re.<\/p>\n<p>Cependant, une relation amoureuse entre eux d\u00e9marre le jour de la saint valentin 2020. Ils vivaient leur amour et, comme tout couple, ils se voyaient assez souvent pour penser de bons moments ensemble. Tout allait bien entre eux. Un jour, ils ont d\u00e9cid\u00e9 d\u2019aller \u00e0 Ngor pour profiter de la brise maritime. On est le 2 mars 2020.\u00a0 Une p\u00e9riode co\u00efncidant avec les mesures restrictives (\u00e9tat d\u2019urgence et couvre-feu) qui ont \u00e9t\u00e9 prises par les autorit\u00e9s \u00e9tatiques \u00e0 cause de la pand\u00e9mie \u00e0 Covid-19.\u00a0 Les deux amoureux ont \u00e9t\u00e9 surpris nus, dans une cabane, par des policiers en civil. Arr\u00eat\u00e9s, la fille a \u00e9t\u00e9 lib\u00e9r\u00e9e et le gar\u00e7on plac\u00e9 sous mandat de d\u00e9p\u00f4t.<\/p>\n<p>Attrait \u00e0 la barre de la chambre criminelle, I. Fall a plaid\u00e9 non coupable. Il a d\u00e9clar\u00e9 qu\u2019il ignorait que son amante \u00e9tait mineure. <em>\u00abJe n\u2019ai pas jug\u00e9 n\u00e9cessaire de lui demander son \u00e2ge, car je croyais que nous \u00e9tions de la m\u00eame g\u00e9n\u00e9ration \u00bb<\/em>, s\u2019est d\u00e9fendu l'accus\u00e9.<\/p>\n<p>La jeune fille l\u2019a d\u00e9menti en d\u00e9clarant lui avoir dit qu\u2019elle est n\u00e9e en 2004. Toutefois, \u00a0C. P., a confi\u00e9 \u00eatre partie de son plein gr\u00e9. Entendu, le p\u00e8re de la victime a soutenu que sa fille a des probl\u00e8mes psychiques et fait souvent des crises.<\/p>\n<p>Le repr\u00e9sentant du parquet a requis l\u2019acquittement pour la p\u00e9dophilie car il este convaincu que l'accus\u00e9 a \u00e9t\u00e9 tromp\u00e9 par le physique de la victime.\u00a0 Il a requis un an ferme pour le d\u00e9tournement de mineure.<\/p>\n<p>Me Ndiack B\u00e2 a plaid\u00e9 l\u2019acquittement Apr\u00e8s\u00a0 d\u00e9lib\u00e9r\u00e9, la chambre criminelle l\u2019a suivi.<\/p>\n<div class='share-to-whatsapp-wrapper'><div class='share-on-whsp'>PARTAGER SUR : <\/div><a data-text='P\u00c9DOPHILIE- D\u00c9TOURNEMENT DE MINEURE - Un marchand ambulant libre apr\u00e8s deux ans de d\u00e9tention pr\u00e9ventive' data-link='https:\/\/www.nettali.com\/2022\/08\/19\/pedophilie-detournement-de-mineure-un-marchand-ambulant-libre-apres-deux-ans-de-detention-preventive\/' class='whatsapp-button whatsapp-share'>WhatsApp<\/a><div class='clear '><\/div><\/div>","protected":false},"excerpt":{"rendered":"<p>NETTALI.COM - Arr\u00eat\u00e9 et plac\u00e9 sous mandat de d\u00e9p\u00f4t depuis 2020 pour les accusations de viol sur sur une personne vuln\u00e9rable, le marchand ambulant I. Fall a \u00e9t\u00e9 acquitt\u00e9 mercredi, par la chambre criminelle de Dakar. Ouf de soulagement pour le marchand ambulant I. Fall. Celui-ci, attrait \u00e0 la barre de la chambre criminelle de [&hellip;]<\/p>\n","protected":false},"author":6,"featured_media":13030,"comment_status":"open","ping_status":"open","sticky":false,"template":"","format":"standard","meta":{"_et_pb_use_builder":"","_et_pb_old_content":""},"categories":[3],"tags":[],"yoast_head":"<!-- This site is optimized with the Yoast SEO Premium plugin v17.8 (Yoast SEO v17.8) - https:\/\/yoast.com\/wordpress\/plugins\/seo\/ -->\n<title>P\u00c9DOPHILIE- D\u00c9TOURNEMENT DE MINEURE - Un marchand ambulant libre apr\u00e8s deux ans de d\u00e9tention pr\u00e9ventive | Nettali.com<\/title>\n<meta name=\"robots\" content=\"index, follow, max-snippet:-1, max-image-preview:large, max-video-preview:-1\" \/>\n<link rel=\"canonical\" href=\"https:\/\/www.nettali.com\/2022\/08\/19\/pedophilie-detournement-de-mineure-un-marchand-ambulant-libre-apres-deux-ans-de-detention-preventive\/\" \/>\n<meta property=\"og:locale\" content=\"fr_FR\" \/>\n<meta property=\"og:type\" content=\"article\" \/>\n<meta property=\"og:title\" content=\"P\u00c9DOPHILIE- D\u00c9TOURNEMENT DE MINEURE - Un marchand ambulant libre apr\u00e8s deux ans de d\u00e9tention pr\u00e9ventive\" \/>\n<meta property=\"og:description\" content=\"NETTALI.COM - Arr\u00eat\u00e9 et plac\u00e9 sous mandat de d\u00e9p\u00f4t depuis 2020 pour les accusations de viol sur sur une personne vuln\u00e9rable, le marchand ambulant I. Fall a \u00e9t\u00e9 acquitt\u00e9 mercredi, par la chambre criminelle de Dakar. Ouf de soulagement pour le marchand ambulant I. Fall. Celui-ci, attrait \u00e0 la barre de la chambre criminelle de [&hellip;]\" \/>\n<meta property=\"og:url\" content=\"https:\/\/www.nettali.com\/2022\/08\/19\/pedophilie-detournement-de-mineure-un-marchand-ambulant-libre-apres-deux-ans-de-detention-preventive\/\" \/>\n<meta property=\"og:site_name\" content=\"Nettali.com\" \/>\n<meta property=\"article:publisher\" content=\"https:\/\/www.facebook.com\/nettalicom\" \/>\n<meta property=\"article:published_time\" content=\"2022-08-19T09:44:50+00:00\" \/>\n<meta property=\"og:image\" content=\"https:\/\/www.nettali.com\/wp-content\/uploads\/2019\/07\/violences.jpg\" \/>\n\t<meta property=\"og:image:width\" content=\"419\" \/>\n\t<meta property=\"og:image:height\" content=\"257\" \/>\n<meta name=\"twitter:card\" content=\"summary_large_image\" \/>\n<meta name=\"twitter:label1\" content=\"\u00c9crit par\" \/>\n\t<meta name=\"twitter:data1\" content=\"Fatou\" \/>\n\t<meta name=\"twitter:label2\" content=\"Dur\u00e9e de lecture estim\u00e9e\" \/>\n\t<meta name=\"twitter:data2\" content=\"2 minutes\" \/>\n<script type=\"application\/ld+json\" class=\"yoast-schema-graph\">{\"@context\":\"https:\/\/schema.org\",\"@graph\":[{\"@type\":\"WebSite\",\"@id\":\"https:\/\/www.nettali.com\/#website\",\"url\":\"https:\/\/www.nettali.com\/\",\"name\":\"Nettali.com\",\"description\":\"Le rendez-vous critique du Net\",\"potentialAction\":[{\"@type\":\"SearchAction\",\"target\":{\"@type\":\"EntryPoint\",\"urlTemplate\":\"https:\/\/www.nettali.com\/?s={search_term_string}\"},\"query-input\":\"required name=search_term_string\"}],\"inLanguage\":\"fr-FR\"},{\"@type\":\"ImageObject\",\"@id\":\"https:\/\/www.nettali.com\/2022\/08\/19\/pedophilie-detournement-de-mineure-un-marchand-ambulant-libre-apres-deux-ans-de-detention-preventive\/#primaryimage\",\"inLanguage\":\"fr-FR\",\"url\":\"https:\/\/www.nettali.com\/wp-content\/uploads\/2019\/07\/violences.jpg\",\"contentUrl\":\"https:\/\/www.nettali.com\/wp-content\/uploads\/2019\/07\/violences.jpg\",\"width\":419,\"height\":257},{\"@type\":\"WebPage\",\"@id\":\"https:\/\/www.nettali.com\/2022\/08\/19\/pedophilie-detournement-de-mineure-un-marchand-ambulant-libre-apres-deux-ans-de-detention-preventive\/#webpage\",\"url\":\"https:\/\/www.nettali.com\/2022\/08\/19\/pedophilie-detournement-de-mineure-un-marchand-ambulant-libre-apres-deux-ans-de-detention-preventive\/\",\"name\":\"P\\u00c9DOPHILIE- D\\u00c9TOURNEMENT DE MINEURE - Un marchand ambulant libre apr\\u00e8s deux ans de d\\u00e9tention pr\\u00e9ventive | Nettali.com\",\"isPartOf\":{\"@id\":\"https:\/\/www.nettali.com\/#website\"},\"primaryImageOfPage\":{\"@id\":\"https:\/\/www.nettali.com\/2022\/08\/19\/pedophilie-detournement-de-mineure-un-marchand-ambulant-libre-apres-deux-ans-de-detention-preventive\/#primaryimage\"},\"datePublished\":\"2022-08-19T09:44:50+00:00\",\"dateModified\":\"2022-08-19T09:44:50+00:00\",\"author\":{\"@id\":\"https:\/\/www.nettali.com\/#\/schema\/person\/418274a86bdf87caff7a3ef476bd0bbf\"},\"breadcrumb\":{\"@id\":\"https:\/\/www.nettali.com\/2022\/08\/19\/pedophilie-detournement-de-mineure-un-marchand-ambulant-libre-apres-deux-ans-de-detention-preventive\/#breadcrumb\"},\"inLanguage\":\"fr-FR\",\"potentialAction\":[{\"@type\":\"ReadAction\",\"target\":[\"https:\/\/www.nettali.com\/2022\/08\/19\/pedophilie-detournement-de-mineure-un-marchand-ambulant-libre-apres-deux-ans-de-detention-preventive\/\"]}]},{\"@type\":\"BreadcrumbList\",\"@id\":\"https:\/\/www.nettali.com\/2022\/08\/19\/pedophilie-detournement-de-mineure-un-marchand-ambulant-libre-apres-deux-ans-de-detention-preventive\/#breadcrumb\",\"itemListElement\":[{\"@type\":\"ListItem\",\"position\":1,\"name\":\"Accueil\",\"item\":\"https:\/\/www.nettali.com\/\"},{\"@type\":\"ListItem\",\"position\":2,\"name\":\"P\\u00c9DOPHILIE- D\\u00c9TOURNEMENT DE MINEURE - Un marchand ambulant libre apr\\u00e8s deux ans de d\\u00e9tention pr\\u00e9ventive\"}]},{\"@type\":\"Person\",\"@id\":\"https:\/\/www.nettali.com\/#\/schema\/person\/418274a86bdf87caff7a3ef476bd0bbf\",\"name\":\"Fatou\",\"image\":{\"@type\":\"ImageObject\",\"@id\":\"https:\/\/www.nettali.com\/#personlogo\",\"inLanguage\":\"fr-FR\",\"url\":\"https:\/\/secure.gravatar.com\/avatar\/5a9442a2bee7b4dcf167cab035858e9a?s=96&d=mm&r=g\",\"contentUrl\":\"https:\/\/secure.gravatar.com\/avatar\/5a9442a2bee7b4dcf167cab035858e9a?s=96&d=mm&r=g\",\"caption\":\"Fatou\"},\"sameAs\":[\"https:\/\/www.nettali.com\"]}]}<\/script>\n<!-- \/ Yoast SEO Premium plugin. -->","yoast_head_json":{"title":"P\u00c9DOPHILIE- D\u00c9TOURNEMENT DE MINEURE - Un marchand ambulant libre apr\u00e8s deux ans de d\u00e9tention pr\u00e9ventive | Nettali.com","robots":{"index":"index","follow":"follow","max-snippet":"max-snippet:-1","max-image-preview":"max-image-preview:large","max-video-preview":"max-video-preview:-1"},"canonical":"https:\/\/www.nettali.com\/2022\/08\/19\/pedophilie-detournement-de-mineure-un-marchand-ambulant-libre-apres-deux-ans-de-detention-preventive\/","og_locale":"fr_FR","og_type":"article","og_title":"P\u00c9DOPHILIE- D\u00c9TOURNEMENT DE MINEURE - Un marchand ambulant libre apr\u00e8s deux ans de d\u00e9tention pr\u00e9ventive","og_description":"NETTALI.COM - Arr\u00eat\u00e9 et plac\u00e9 sous mandat de d\u00e9p\u00f4t depuis 2020 pour les accusations de viol sur sur une personne vuln\u00e9rable, le marchand ambulant I. Fall a \u00e9t\u00e9 acquitt\u00e9 mercredi, par la chambre criminelle de Dakar. Ouf de soulagement pour le marchand ambulant I. Fall. Celui-ci, attrait \u00e0 la barre de la chambre criminelle de [&hellip;]","og_url":"https:\/\/www.nettali.com\/2022\/08\/19\/pedophilie-detournement-de-mineure-un-marchand-ambulant-libre-apres-deux-ans-de-detention-preventive\/","og_site_name":"Nettali.com","article_publisher":"https:\/\/www.facebook.com\/nettalicom","article_published_time":"2022-08-19T09:44:50+00:00","og_image":[{"width":419,"height":257,"url":"https:\/\/www.nettali.com\/wp-content\/uploads\/2019\/07\/violences.jpg","type":"image\/jpeg"}],"twitter_card":"summary_large_image","twitter_misc":{"\u00c9crit par":"Fatou","Dur\u00e9e de lecture estim\u00e9e":"2 minutes"},"schema":{"@context":"https:\/\/schema.org","@graph":[{"@type":"WebSite","@id":"https:\/\/www.nettali.com\/#website","url":"https:\/\/www.nettali.com\/","name":"Nettali.com","description":"Le rendez-vous critique du Net","potentialAction":[{"@type":"SearchAction","target":{"@type":"EntryPoint","urlTemplate":"https:\/\/www.nettali.com\/?s={search_term_string}"},"query-input":"required name=search_term_string"}],"inLanguage":"fr-FR"},{"@type":"ImageObject","@id":"https:\/\/www.nettali.com\/2022\/08\/19\/pedophilie-detournement-de-mineure-un-marchand-ambulant-libre-apres-deux-ans-de-detention-preventive\/#primaryimage","inLanguage":"fr-FR","url":"https:\/\/www.nettali.com\/wp-content\/uploads\/2019\/07\/violences.jpg","contentUrl":"https:\/\/www.nettali.com\/wp-content\/uploads\/2019\/07\/violences.jpg","width":419,"height":257},{"@type":"WebPage","@id":"https:\/\/www.nettali.com\/2022\/08\/19\/pedophilie-detournement-de-mineure-un-marchand-ambulant-libre-apres-deux-ans-de-detention-preventive\/#webpage","url":"https:\/\/www.nettali.com\/2022\/08\/19\/pedophilie-detournement-de-mineure-un-marchand-ambulant-libre-apres-deux-ans-de-detention-preventive\/","name":"P\u00c9DOPHILIE- D\u00c9TOURNEMENT DE MINEURE - Un marchand ambulant libre apr\u00e8s deux ans de d\u00e9tention pr\u00e9ventive | Nettali.com","isPartOf":{"@id":"https:\/\/www.nettali.com\/#website"},"primaryImageOfPage":{"@id":"https:\/\/www.nettali.com\/2022\/08\/19\/pedophilie-detournement-de-mineure-un-marchand-ambulant-libre-apres-deux-ans-de-detention-preventive\/#primaryimage"},"datePublished":"2022-08-19T09:44:50+00:00","dateModified":"2022-08-19T09:44:50+00:00","author":{"@id":"https:\/\/www.nettali.com\/#\/schema\/person\/418274a86bdf87caff7a3ef476bd0bbf"},"breadcrumb":{"@id":"https:\/\/www.nettali.com\/2022\/08\/19\/pedophilie-detournement-de-mineure-un-marchand-ambulant-libre-apres-deux-ans-de-detention-preventive\/#breadcrumb"},"inLanguage":"fr-FR","potentialAction":[{"@type":"ReadAction","target":["https:\/\/www.nettali.com\/2022\/08\/19\/pedophilie-detournement-de-mineure-un-marchand-ambulant-libre-apres-deux-ans-de-detention-preventive\/"]}]},{"@type":"BreadcrumbList","@id":"https:\/\/www.nettali.com\/2022\/08\/19\/pedophilie-detournement-de-mineure-un-marchand-ambulant-libre-apres-deux-ans-de-detention-preventive\/#breadcrumb","itemListElement":[{"@type":"ListItem","position":1,"name":"Accueil","item":"https:\/\/www.nettali.com\/"},{"@type":"ListItem","position":2,"name":"P\u00c9DOPHILIE- D\u00c9TOURNEMENT DE MINEURE - Un marchand ambulant libre apr\u00e8s deux ans de d\u00e9tention pr\u00e9ventive"}]},{"@type":"Person","@id":"https:\/\/www.nettali.com\/#\/schema\/person\/418274a86bdf87caff7a3ef476bd0bbf","name":"Fatou","image":{"@type":"ImageObject","@id":"https:\/\/www.nettali.com\/#personlogo","inLanguage":"fr-FR","url":"https:\/\/secure.gravatar.com\/avatar\/5a9442a2bee7b4dcf167cab035858e9a?s=96&d=mm&r=g","contentUrl":"https:\/\/secure.gravatar.com\/avatar\/5a9442a2bee7b4dcf167cab035858e9a?s=96&d=mm&r=g","caption":"Fatou"},"sameAs":["https:\/\/www.nettali.com"]}]}},"_links":{"self":[{"href":"https:\/\/www.nettali.com\/rest\/wp\/v2\/posts\/92238"}],"collection":[{"href":"https:\/\/www.nettali.com\/rest\/wp\/v2\/posts"}],"about":[{"href":"https:\/\/www.nettali.com\/rest\/wp\/v2\/types\/post"}],"author":[{"embeddable":true,"href":"https:\/\/www.nettali.com\/rest\/wp\/v2\/users\/6"}],"replies":[{"embeddable":true,"href":"https:\/\/www.nettali.com\/rest\/wp\/v2\/comments?post=92238"}],"version-history":[{"count":3,"href":"https:\/\/www.nettali.com\/rest\/wp\/v2\/posts\/92238\/revisions"}],"predecessor-version":[{"id":92251,"href":"https:\/\/www.nettali.com\/rest\/wp\/v2\/posts\/92238\/revisions\/92251"}],"wp:featuredmedia":[{"embeddable":true,"href":"https:\/\/www.nettali.com\/rest\/wp\/v2\/media\/13030"}],"wp:attachment":[{"href":"https:\/\/www.nettali.com\/rest\/wp\/v2\/media?parent=92238"}],"wp:term":[{"taxonomy":"category","embeddable":true,"href":"https:\/\/www.nettali.com\/rest\/wp\/v2\/categories?post=92238"},{"taxonomy":"post_tag","embeddable":true,"href":"https:\/\/www.nettali.com\/rest\/wp\/v2\/tags?post=92238"}],"curies":[{"name":"wp","href":"https:\/\/api.w.org\/{rel}","templated":true}]}}