{"id":92235,"date":"2022-08-19T08:00:38","date_gmt":"2022-08-19T08:00:38","guid":{"rendered":"https:\/\/www.nettali.com\/?p=92235"},"modified":"2022-08-20T08:24:36","modified_gmt":"2022-08-20T08:24:36","slug":"reconstitution-des-faits-comment-levasion-de-papa-mamadou-seck-sest-deroulee","status":"publish","type":"post","link":"https:\/\/www.nettali.com\/2022\/08\/19\/reconstitution-des-faits-comment-levasion-de-papa-mamadou-seck-sest-deroulee\/","title":{"rendered":"RECONSTITUTION DES FAITS \u2013 Comment l\u2019\u00e9vasion de Papa Mamadou Seck s\u2019est d\u00e9roul\u00e9e"},"content":{"rendered":"<p><strong>NETTALI\/COM - La S\u00fbret\u00e9 urbaine a proc\u00e9d\u00e9 \u00e0 la reconstitution des faits suite \u00e0 l\u2019\u00e9vasion de Papa Mamadou Seck au pavillon sp\u00e9cial de l\u2019h\u00f4pital Aristide Le Dantec. L\u2019avocat, Me Khoureychi Ba, raconte comment les faits se sont d\u00e9roul\u00e9s.<\/strong><\/p>\n<p><em>\u00abApr\u00e8s trois tours d'horloge, la reconstitution des faits par la Suret\u00e9 urbaine, assist\u00e9e des \u00e9l\u00e9ments de la Police Technique et Scientifique, a pris fin. Bas\u00e9e sur la confrontation des deux versions servies par les parties, elle a commenc\u00e9 par une randonn\u00e9e p\u00e9destre \u00e0 l'int\u00e9rieur de l'h\u00f4pital d\u00e9sert\u00e9 tel un champ de ruines, et la promenade s'est poursuivie jusqu'\u00e0 la pharmacie jouxtant la chancellerie du Royaume-Uni et la morgue de l'H\u00f4pital Principal de Dakar\u00bb<\/em>, raconte l\u2019avocat.<\/p>\n<p>Selon lui, \u00a0fatigu\u00e9 par cette marche qui l'aurait conduit \u00e0 Sandaga o\u00f9 il a h\u00e9l\u00e9 un taxi pour rentrer momentan\u00e9ment \u00e0 son domicile, Papa Mamadou Seck, encore convalescent, n'en pouvait plus.<\/p>\n<p><em>\u00abTous ensemble en cort\u00e8ge surr\u00e9aliste, le groupe des policiers, des responsables et agents de l'administration p\u00e9nitentiaire renforc\u00e9s par les avocats (mon excellent confr\u00e8re Me Babacar Ndiaye nous ayant rejoints), nous sommes alors retourn\u00e9s au point de d\u00e9part, l'infirmerie du Pavillon Sp\u00e9cial, pour \u00e9valuer cette fois le r\u00e9cit des matons dans les locaux-m\u00eames de la Maison d'Arr\u00eat et la chambre du d\u00e9tenu aux barreaux sci\u00e9s\u00bb<\/em>, narre-t-il.<\/p>\n<p>L\u2019avocat de conclure qu\u2019\u00e0 pr\u00e9sent, <em>\u00abl'expertise du Lieutenant B\u00e2 (Chim\u00e8re Ba, chef de la Brigade de lutte contre la criminalit\u00e9, une entit\u00e9 de la S\u00fbret\u00e9 urbaine\u00a0: Ndlr) et de ses hommes pass\u00e9s ma\u00eetres dans l'art de la r\u00e9solution des enqu\u00eates criminelles les plus ardues de ces derni\u00e8res ann\u00e9es va trancher ais\u00e9ment\u00bb<\/em>.<\/p>\n<p>&nbsp;<\/p>\n<div class='share-to-whatsapp-wrapper'><div class='share-on-whsp'>PARTAGER SUR : <\/div><a data-text='RECONSTITUTION DES FAITS \u2013 Comment l\u2019\u00e9vasion de Papa Mamadou Seck s\u2019est d\u00e9roul\u00e9e' data-link='https:\/\/www.nettali.com\/2022\/08\/19\/reconstitution-des-faits-comment-levasion-de-papa-mamadou-seck-sest-deroulee\/' class='whatsapp-button whatsapp-share'>WhatsApp<\/a><div class='clear '><\/div><\/div>","protected":false},"excerpt":{"rendered":"<p>NETTALI\/COM - La S\u00fbret\u00e9 urbaine a proc\u00e9d\u00e9 \u00e0 la reconstitution des faits suite \u00e0 l\u2019\u00e9vasion de Papa Mamadou Seck au pavillon sp\u00e9cial de l\u2019h\u00f4pital Aristide Le Dantec. L\u2019avocat, Me Khoureychi Ba, raconte comment les faits se sont d\u00e9roul\u00e9s. \u00abApr\u00e8s trois tours d'horloge, la reconstitution des faits par la Suret\u00e9 urbaine, assist\u00e9e des \u00e9l\u00e9ments de la [&hellip;]<\/p>\n","protected":false},"author":4,"featured_media":92236,"comment_status":"open","ping_status":"open","sticky":false,"template":"","format":"standard","meta":{"_et_pb_use_builder":"","_et_pb_old_content":""},"categories":[3],"tags":[],"yoast_head":"<!-- This site is optimized with the Yoast SEO Premium plugin v17.8 (Yoast SEO v17.8) - https:\/\/yoast.com\/wordpress\/plugins\/seo\/ -->\n<title>RECONSTITUTION DES FAITS \u2013 Comment l\u2019\u00e9vasion de Papa Mamadou Seck s\u2019est d\u00e9roul\u00e9e | Nettali.com<\/title>\n<meta name=\"robots\" content=\"index, follow, max-snippet:-1, max-image-preview:large, max-video-preview:-1\" \/>\n<link rel=\"canonical\" href=\"https:\/\/www.nettali.com\/2022\/08\/19\/reconstitution-des-faits-comment-levasion-de-papa-mamadou-seck-sest-deroulee\/\" \/>\n<meta property=\"og:locale\" content=\"fr_FR\" \/>\n<meta property=\"og:type\" content=\"article\" \/>\n<meta property=\"og:title\" content=\"RECONSTITUTION DES FAITS \u2013 Comment l\u2019\u00e9vasion de Papa Mamadou Seck s\u2019est d\u00e9roul\u00e9e\" \/>\n<meta property=\"og:description\" content=\"NETTALI\/COM - La S\u00fbret\u00e9 urbaine a proc\u00e9d\u00e9 \u00e0 la reconstitution des faits suite \u00e0 l\u2019\u00e9vasion de Papa Mamadou Seck au pavillon sp\u00e9cial de l\u2019h\u00f4pital Aristide Le Dantec. L\u2019avocat, Me Khoureychi Ba, raconte comment les faits se sont d\u00e9roul\u00e9s. \u00abApr\u00e8s trois tours d&#039;horloge, la reconstitution des faits par la Suret\u00e9 urbaine, assist\u00e9e des \u00e9l\u00e9ments de la [&hellip;]\" \/>\n<meta property=\"og:url\" content=\"https:\/\/www.nettali.com\/2022\/08\/19\/reconstitution-des-faits-comment-levasion-de-papa-mamadou-seck-sest-deroulee\/\" \/>\n<meta property=\"og:site_name\" content=\"Nettali.com\" \/>\n<meta property=\"article:publisher\" content=\"https:\/\/www.facebook.com\/nettalicom\" \/>\n<meta property=\"article:published_time\" content=\"2022-08-19T08:00:38+00:00\" \/>\n<meta property=\"article:modified_time\" content=\"2022-08-20T08:24:36+00:00\" \/>\n<meta property=\"og:image\" content=\"https:\/\/www.nettali.com\/wp-content\/uploads\/2022\/08\/Papa-Mamadou-Seck.jpeg\" \/>\n\t<meta property=\"og:image:width\" content=\"755\" \/>\n\t<meta property=\"og:image:height\" content=\"449\" \/>\n<meta name=\"twitter:card\" content=\"summary_large_image\" \/>\n<meta name=\"twitter:label1\" content=\"\u00c9crit par\" \/>\n\t<meta name=\"twitter:data1\" content=\"Daouda\" \/>\n\t<meta name=\"twitter:label2\" content=\"Dur\u00e9e de lecture estim\u00e9e\" \/>\n\t<meta name=\"twitter:data2\" content=\"2 minutes\" \/>\n<script type=\"application\/ld+json\" class=\"yoast-schema-graph\">{\"@context\":\"https:\/\/schema.org\",\"@graph\":[{\"@type\":\"WebSite\",\"@id\":\"https:\/\/www.nettali.com\/#website\",\"url\":\"https:\/\/www.nettali.com\/\",\"name\":\"Nettali.com\",\"description\":\"Le rendez-vous critique du Net\",\"potentialAction\":[{\"@type\":\"SearchAction\",\"target\":{\"@type\":\"EntryPoint\",\"urlTemplate\":\"https:\/\/www.nettali.com\/?s={search_term_string}\"},\"query-input\":\"required name=search_term_string\"}],\"inLanguage\":\"fr-FR\"},{\"@type\":\"ImageObject\",\"@id\":\"https:\/\/www.nettali.com\/2022\/08\/19\/reconstitution-des-faits-comment-levasion-de-papa-mamadou-seck-sest-deroulee\/#primaryimage\",\"inLanguage\":\"fr-FR\",\"url\":\"https:\/\/www.nettali.com\/wp-content\/uploads\/2022\/08\/Papa-Mamadou-Seck.jpeg\",\"contentUrl\":\"https:\/\/www.nettali.com\/wp-content\/uploads\/2022\/08\/Papa-Mamadou-Seck.jpeg\",\"width\":755,\"height\":449},{\"@type\":\"WebPage\",\"@id\":\"https:\/\/www.nettali.com\/2022\/08\/19\/reconstitution-des-faits-comment-levasion-de-papa-mamadou-seck-sest-deroulee\/#webpage\",\"url\":\"https:\/\/www.nettali.com\/2022\/08\/19\/reconstitution-des-faits-comment-levasion-de-papa-mamadou-seck-sest-deroulee\/\",\"name\":\"RECONSTITUTION DES FAITS \\u2013 Comment l\\u2019\\u00e9vasion de Papa Mamadou Seck s\\u2019est d\\u00e9roul\\u00e9e | Nettali.com\",\"isPartOf\":{\"@id\":\"https:\/\/www.nettali.com\/#website\"},\"primaryImageOfPage\":{\"@id\":\"https:\/\/www.nettali.com\/2022\/08\/19\/reconstitution-des-faits-comment-levasion-de-papa-mamadou-seck-sest-deroulee\/#primaryimage\"},\"datePublished\":\"2022-08-19T08:00:38+00:00\",\"dateModified\":\"2022-08-20T08:24:36+00:00\",\"author\":{\"@id\":\"https:\/\/www.nettali.com\/#\/schema\/person\/3317e0bb3aa1da309fbf7b2780901bf4\"},\"breadcrumb\":{\"@id\":\"https:\/\/www.nettali.com\/2022\/08\/19\/reconstitution-des-faits-comment-levasion-de-papa-mamadou-seck-sest-deroulee\/#breadcrumb\"},\"inLanguage\":\"fr-FR\",\"potentialAction\":[{\"@type\":\"ReadAction\",\"target\":[\"https:\/\/www.nettali.com\/2022\/08\/19\/reconstitution-des-faits-comment-levasion-de-papa-mamadou-seck-sest-deroulee\/\"]}]},{\"@type\":\"BreadcrumbList\",\"@id\":\"https:\/\/www.nettali.com\/2022\/08\/19\/reconstitution-des-faits-comment-levasion-de-papa-mamadou-seck-sest-deroulee\/#breadcrumb\",\"itemListElement\":[{\"@type\":\"ListItem\",\"position\":1,\"name\":\"Accueil\",\"item\":\"https:\/\/www.nettali.com\/\"},{\"@type\":\"ListItem\",\"position\":2,\"name\":\"RECONSTITUTION DES FAITS \\u2013 Comment l\\u2019\\u00e9vasion de Papa Mamadou Seck s\\u2019est d\\u00e9roul\\u00e9e\"}]},{\"@type\":\"Person\",\"@id\":\"https:\/\/www.nettali.com\/#\/schema\/person\/3317e0bb3aa1da309fbf7b2780901bf4\",\"name\":\"Daouda\",\"image\":{\"@type\":\"ImageObject\",\"@id\":\"https:\/\/www.nettali.com\/#personlogo\",\"inLanguage\":\"fr-FR\",\"url\":\"https:\/\/secure.gravatar.com\/avatar\/8d143b5a49345098ddcfee1c49c2f47c?s=96&d=mm&r=g\",\"contentUrl\":\"https:\/\/secure.gravatar.com\/avatar\/8d143b5a49345098ddcfee1c49c2f47c?s=96&d=mm&r=g\",\"caption\":\"Daouda\"},\"sameAs\":[\"https:\/\/www.nettali.com\"]}]}<\/script>\n<!-- \/ Yoast SEO Premium plugin. -->","yoast_head_json":{"title":"RECONSTITUTION DES FAITS \u2013 Comment l\u2019\u00e9vasion de Papa Mamadou Seck s\u2019est d\u00e9roul\u00e9e | Nettali.com","robots":{"index":"index","follow":"follow","max-snippet":"max-snippet:-1","max-image-preview":"max-image-preview:large","max-video-preview":"max-video-preview:-1"},"canonical":"https:\/\/www.nettali.com\/2022\/08\/19\/reconstitution-des-faits-comment-levasion-de-papa-mamadou-seck-sest-deroulee\/","og_locale":"fr_FR","og_type":"article","og_title":"RECONSTITUTION DES FAITS \u2013 Comment l\u2019\u00e9vasion de Papa Mamadou Seck s\u2019est d\u00e9roul\u00e9e","og_description":"NETTALI\/COM - La S\u00fbret\u00e9 urbaine a proc\u00e9d\u00e9 \u00e0 la reconstitution des faits suite \u00e0 l\u2019\u00e9vasion de Papa Mamadou Seck au pavillon sp\u00e9cial de l\u2019h\u00f4pital Aristide Le Dantec. L\u2019avocat, Me Khoureychi Ba, raconte comment les faits se sont d\u00e9roul\u00e9s. \u00abApr\u00e8s trois tours d'horloge, la reconstitution des faits par la Suret\u00e9 urbaine, assist\u00e9e des \u00e9l\u00e9ments de la [&hellip;]","og_url":"https:\/\/www.nettali.com\/2022\/08\/19\/reconstitution-des-faits-comment-levasion-de-papa-mamadou-seck-sest-deroulee\/","og_site_name":"Nettali.com","article_publisher":"https:\/\/www.facebook.com\/nettalicom","article_published_time":"2022-08-19T08:00:38+00:00","article_modified_time":"2022-08-20T08:24:36+00:00","og_image":[{"width":755,"height":449,"url":"https:\/\/www.nettali.com\/wp-content\/uploads\/2022\/08\/Papa-Mamadou-Seck.jpeg","type":"image\/jpeg"}],"twitter_card":"summary_large_image","twitter_misc":{"\u00c9crit par":"Daouda","Dur\u00e9e de lecture estim\u00e9e":"2 minutes"},"schema":{"@context":"https:\/\/schema.org","@graph":[{"@type":"WebSite","@id":"https:\/\/www.nettali.com\/#website","url":"https:\/\/www.nettali.com\/","name":"Nettali.com","description":"Le rendez-vous critique du Net","potentialAction":[{"@type":"SearchAction","target":{"@type":"EntryPoint","urlTemplate":"https:\/\/www.nettali.com\/?s={search_term_string}"},"query-input":"required name=search_term_string"}],"inLanguage":"fr-FR"},{"@type":"ImageObject","@id":"https:\/\/www.nettali.com\/2022\/08\/19\/reconstitution-des-faits-comment-levasion-de-papa-mamadou-seck-sest-deroulee\/#primaryimage","inLanguage":"fr-FR","url":"https:\/\/www.nettali.com\/wp-content\/uploads\/2022\/08\/Papa-Mamadou-Seck.jpeg","contentUrl":"https:\/\/www.nettali.com\/wp-content\/uploads\/2022\/08\/Papa-Mamadou-Seck.jpeg","width":755,"height":449},{"@type":"WebPage","@id":"https:\/\/www.nettali.com\/2022\/08\/19\/reconstitution-des-faits-comment-levasion-de-papa-mamadou-seck-sest-deroulee\/#webpage","url":"https:\/\/www.nettali.com\/2022\/08\/19\/reconstitution-des-faits-comment-levasion-de-papa-mamadou-seck-sest-deroulee\/","name":"RECONSTITUTION DES FAITS \u2013 Comment l\u2019\u00e9vasion de Papa Mamadou Seck s\u2019est d\u00e9roul\u00e9e | Nettali.com","isPartOf":{"@id":"https:\/\/www.nettali.com\/#website"},"primaryImageOfPage":{"@id":"https:\/\/www.nettali.com\/2022\/08\/19\/reconstitution-des-faits-comment-levasion-de-papa-mamadou-seck-sest-deroulee\/#primaryimage"},"datePublished":"2022-08-19T08:00:38+00:00","dateModified":"2022-08-20T08:24:36+00:00","author":{"@id":"https:\/\/www.nettali.com\/#\/schema\/person\/3317e0bb3aa1da309fbf7b2780901bf4"},"breadcrumb":{"@id":"https:\/\/www.nettali.com\/2022\/08\/19\/reconstitution-des-faits-comment-levasion-de-papa-mamadou-seck-sest-deroulee\/#breadcrumb"},"inLanguage":"fr-FR","potentialAction":[{"@type":"ReadAction","target":["https:\/\/www.nettali.com\/2022\/08\/19\/reconstitution-des-faits-comment-levasion-de-papa-mamadou-seck-sest-deroulee\/"]}]},{"@type":"BreadcrumbList","@id":"https:\/\/www.nettali.com\/2022\/08\/19\/reconstitution-des-faits-comment-levasion-de-papa-mamadou-seck-sest-deroulee\/#breadcrumb","itemListElement":[{"@type":"ListItem","position":1,"name":"Accueil","item":"https:\/\/www.nettali.com\/"},{"@type":"ListItem","position":2,"name":"RECONSTITUTION DES FAITS \u2013 Comment l\u2019\u00e9vasion de Papa Mamadou Seck s\u2019est d\u00e9roul\u00e9e"}]},{"@type":"Person","@id":"https:\/\/www.nettali.com\/#\/schema\/person\/3317e0bb3aa1da309fbf7b2780901bf4","name":"Daouda","image":{"@type":"ImageObject","@id":"https:\/\/www.nettali.com\/#personlogo","inLanguage":"fr-FR","url":"https:\/\/secure.gravatar.com\/avatar\/8d143b5a49345098ddcfee1c49c2f47c?s=96&d=mm&r=g","contentUrl":"https:\/\/secure.gravatar.com\/avatar\/8d143b5a49345098ddcfee1c49c2f47c?s=96&d=mm&r=g","caption":"Daouda"},"sameAs":["https:\/\/www.nettali.com"]}]}},"_links":{"self":[{"href":"https:\/\/www.nettali.com\/rest\/wp\/v2\/posts\/92235"}],"collection":[{"href":"https:\/\/www.nettali.com\/rest\/wp\/v2\/posts"}],"about":[{"href":"https:\/\/www.nettali.com\/rest\/wp\/v2\/types\/post"}],"author":[{"embeddable":true,"href":"https:\/\/www.nettali.com\/rest\/wp\/v2\/users\/4"}],"replies":[{"embeddable":true,"href":"https:\/\/www.nettali.com\/rest\/wp\/v2\/comments?post=92235"}],"version-history":[{"count":1,"href":"https:\/\/www.nettali.com\/rest\/wp\/v2\/posts\/92235\/revisions"}],"predecessor-version":[{"id":92237,"href":"https:\/\/www.nettali.com\/rest\/wp\/v2\/posts\/92235\/revisions\/92237"}],"wp:featuredmedia":[{"embeddable":true,"href":"https:\/\/www.nettali.com\/rest\/wp\/v2\/media\/92236"}],"wp:attachment":[{"href":"https:\/\/www.nettali.com\/rest\/wp\/v2\/media?parent=92235"}],"wp:term":[{"taxonomy":"category","embeddable":true,"href":"https:\/\/www.nettali.com\/rest\/wp\/v2\/categories?post=92235"},{"taxonomy":"post_tag","embeddable":true,"href":"https:\/\/www.nettali.com\/rest\/wp\/v2\/tags?post=92235"}],"curies":[{"name":"wp","href":"https:\/\/api.w.org\/{rel}","templated":true}]}}