{"id":92233,"date":"2022-08-19T07:41:30","date_gmt":"2022-08-19T07:41:30","guid":{"rendered":"https:\/\/www.nettali.com\/?p=92233"},"modified":"2022-08-19T16:25:15","modified_gmt":"2022-08-19T16:25:15","slug":"fermeture-de-lhopital-le-dantec-la-replique-de-marie-khemess-ngom-ndiaye","status":"publish","type":"post","link":"https:\/\/www.nettali.com\/2022\/08\/19\/fermeture-de-lhopital-le-dantec-la-replique-de-marie-khemess-ngom-ndiaye\/","title":{"rendered":"FERMETURE DE L\u2019HOPITAL LE DANTEC \u2013 La r\u00e9plique de Marie Khemess Ngom Ndiaye"},"content":{"rendered":"<p><strong>NETTALI.COM - Elle a effectu\u00e9 une visite de chantier pour voir l\u2019\u00e9tat d\u2019avancement du plan de red\u00e9ploiement des services de l\u2019h\u00f4pital Le Dantec. Le ministre de la Sant\u00e9, Marie Khemess Ngom Ndiaye en a profit\u00e9 pour r\u00e9pondre aux d\u00e9tracteurs du projet.<\/strong><\/p>\n<p><strong>\u00a0<\/strong>Elle soutient que l\u2019Etat fait ce qu\u2019il a \u00e0 faire et tout S\u00e9n\u00e9galais qui n\u2019est pas content, dispose de voies de recours. <em>\u00abSur le dossier du foncier, il ne faut m\u00eame pas essayer de me poser des questions. Le moment venu, faites vos enqu\u00eates parlementaires, c\u2019est votre droit le plus absolu. Nous sommes dans un pays de droit, un pays \u00a0organis\u00e9 et qui est dans la m\u00e9thode. Ceux qui veulent porter plainte, n\u2019ont qu\u2019\u00e0 le faire. Celui qui d\u00e9posera plainte contre moi, j\u2019irai r\u00e9pondre. Mais je pense que c\u2019est contre l\u2019Etat qu\u2019on d\u00e9posera une plainte. Et l\u2019Etat a l\u2019agent judiciaire comme repr\u00e9sentant. Que ceux qui veulent faire une marche, le fassent.\u00bb<\/em><\/p>\n<p>A ceux qui soutiennent que l\u2019Etat a jet\u00e9 dehors les malades, elle r\u00e9pond s\u00e8chement\u00a0: <em>\u00abnous ne sommes pas des vampires. Nous sommes des s\u00e9n\u00e9galais bon teint. On ne peut pas prendre des malades et les jeter dehors (\u2026) Est-ce qu\u2019on doit attendre jusqu\u2019au 1er septembre pour sortir les malades. On ne le fera pas. On a pris des gens qui s\u2019y connaissaient, on a dit qu\u2019il faut red\u00e9ployer le services. On les a red\u00e9ploy\u00e9 pour le moment \u00e0 Dakar.\u00bb<\/em><\/p>\n<p>&nbsp;<\/p>\n<div class='share-to-whatsapp-wrapper'><div class='share-on-whsp'>PARTAGER SUR : <\/div><a data-text='FERMETURE DE L\u2019HOPITAL LE DANTEC \u2013 La r\u00e9plique de Marie Khemess Ngom Ndiaye' data-link='https:\/\/www.nettali.com\/2022\/08\/19\/fermeture-de-lhopital-le-dantec-la-replique-de-marie-khemess-ngom-ndiaye\/' class='whatsapp-button whatsapp-share'>WhatsApp<\/a><div class='clear '><\/div><\/div>","protected":false},"excerpt":{"rendered":"<p>NETTALI.COM - Elle a effectu\u00e9 une visite de chantier pour voir l\u2019\u00e9tat d\u2019avancement du plan de red\u00e9ploiement des services de l\u2019h\u00f4pital Le Dantec. Le ministre de la Sant\u00e9, Marie Khemess Ngom Ndiaye en a profit\u00e9 pour r\u00e9pondre aux d\u00e9tracteurs du projet. \u00a0Elle soutient que l\u2019Etat fait ce qu\u2019il a \u00e0 faire et tout S\u00e9n\u00e9galais qui [&hellip;]<\/p>\n","protected":false},"author":4,"featured_media":87047,"comment_status":"open","ping_status":"open","sticky":false,"template":"","format":"standard","meta":{"_et_pb_use_builder":"","_et_pb_old_content":""},"categories":[3],"tags":[],"yoast_head":"<!-- This site is optimized with the Yoast SEO Premium plugin v17.8 (Yoast SEO v17.8) - https:\/\/yoast.com\/wordpress\/plugins\/seo\/ -->\n<title>FERMETURE DE L\u2019HOPITAL LE DANTEC \u2013 La r\u00e9plique de Marie Khemess Ngom Ndiaye | Nettali.com<\/title>\n<meta name=\"robots\" content=\"index, follow, max-snippet:-1, max-image-preview:large, max-video-preview:-1\" \/>\n<link rel=\"canonical\" href=\"https:\/\/www.nettali.com\/2022\/08\/19\/fermeture-de-lhopital-le-dantec-la-replique-de-marie-khemess-ngom-ndiaye\/\" \/>\n<meta property=\"og:locale\" content=\"fr_FR\" \/>\n<meta property=\"og:type\" content=\"article\" \/>\n<meta property=\"og:title\" content=\"FERMETURE DE L\u2019HOPITAL LE DANTEC \u2013 La r\u00e9plique de Marie Khemess Ngom Ndiaye\" \/>\n<meta property=\"og:description\" content=\"NETTALI.COM - Elle a effectu\u00e9 une visite de chantier pour voir l\u2019\u00e9tat d\u2019avancement du plan de red\u00e9ploiement des services de l\u2019h\u00f4pital Le Dantec. Le ministre de la Sant\u00e9, Marie Khemess Ngom Ndiaye en a profit\u00e9 pour r\u00e9pondre aux d\u00e9tracteurs du projet. \u00a0Elle soutient que l\u2019Etat fait ce qu\u2019il a \u00e0 faire et tout S\u00e9n\u00e9galais qui [&hellip;]\" \/>\n<meta property=\"og:url\" content=\"https:\/\/www.nettali.com\/2022\/08\/19\/fermeture-de-lhopital-le-dantec-la-replique-de-marie-khemess-ngom-ndiaye\/\" \/>\n<meta property=\"og:site_name\" content=\"Nettali.com\" \/>\n<meta property=\"article:publisher\" content=\"https:\/\/www.facebook.com\/nettalicom\" \/>\n<meta property=\"article:published_time\" content=\"2022-08-19T07:41:30+00:00\" \/>\n<meta property=\"article:modified_time\" content=\"2022-08-19T16:25:15+00:00\" \/>\n<meta property=\"og:image\" content=\"https:\/\/www.nettali.com\/wp-content\/uploads\/2022\/05\/dr-marie-khemesse-ngom-ndiaye_0.jpg\" \/>\n\t<meta property=\"og:image:width\" content=\"512\" \/>\n\t<meta property=\"og:image:height\" content=\"341\" \/>\n<meta name=\"twitter:card\" content=\"summary_large_image\" \/>\n<meta name=\"twitter:label1\" content=\"\u00c9crit par\" \/>\n\t<meta name=\"twitter:data1\" content=\"Daouda\" \/>\n\t<meta name=\"twitter:label2\" content=\"Dur\u00e9e de lecture estim\u00e9e\" \/>\n\t<meta name=\"twitter:data2\" content=\"2 minutes\" \/>\n<script type=\"application\/ld+json\" class=\"yoast-schema-graph\">{\"@context\":\"https:\/\/schema.org\",\"@graph\":[{\"@type\":\"WebSite\",\"@id\":\"https:\/\/www.nettali.com\/#website\",\"url\":\"https:\/\/www.nettali.com\/\",\"name\":\"Nettali.com\",\"description\":\"Le rendez-vous critique du Net\",\"potentialAction\":[{\"@type\":\"SearchAction\",\"target\":{\"@type\":\"EntryPoint\",\"urlTemplate\":\"https:\/\/www.nettali.com\/?s={search_term_string}\"},\"query-input\":\"required name=search_term_string\"}],\"inLanguage\":\"fr-FR\"},{\"@type\":\"ImageObject\",\"@id\":\"https:\/\/www.nettali.com\/2022\/08\/19\/fermeture-de-lhopital-le-dantec-la-replique-de-marie-khemess-ngom-ndiaye\/#primaryimage\",\"inLanguage\":\"fr-FR\",\"url\":\"https:\/\/www.nettali.com\/wp-content\/uploads\/2022\/05\/dr-marie-khemesse-ngom-ndiaye_0.jpg\",\"contentUrl\":\"https:\/\/www.nettali.com\/wp-content\/uploads\/2022\/05\/dr-marie-khemesse-ngom-ndiaye_0.jpg\",\"width\":512,\"height\":341},{\"@type\":\"WebPage\",\"@id\":\"https:\/\/www.nettali.com\/2022\/08\/19\/fermeture-de-lhopital-le-dantec-la-replique-de-marie-khemess-ngom-ndiaye\/#webpage\",\"url\":\"https:\/\/www.nettali.com\/2022\/08\/19\/fermeture-de-lhopital-le-dantec-la-replique-de-marie-khemess-ngom-ndiaye\/\",\"name\":\"FERMETURE DE L\\u2019HOPITAL LE DANTEC \\u2013 La r\\u00e9plique de Marie Khemess Ngom Ndiaye | Nettali.com\",\"isPartOf\":{\"@id\":\"https:\/\/www.nettali.com\/#website\"},\"primaryImageOfPage\":{\"@id\":\"https:\/\/www.nettali.com\/2022\/08\/19\/fermeture-de-lhopital-le-dantec-la-replique-de-marie-khemess-ngom-ndiaye\/#primaryimage\"},\"datePublished\":\"2022-08-19T07:41:30+00:00\",\"dateModified\":\"2022-08-19T16:25:15+00:00\",\"author\":{\"@id\":\"https:\/\/www.nettali.com\/#\/schema\/person\/3317e0bb3aa1da309fbf7b2780901bf4\"},\"breadcrumb\":{\"@id\":\"https:\/\/www.nettali.com\/2022\/08\/19\/fermeture-de-lhopital-le-dantec-la-replique-de-marie-khemess-ngom-ndiaye\/#breadcrumb\"},\"inLanguage\":\"fr-FR\",\"potentialAction\":[{\"@type\":\"ReadAction\",\"target\":[\"https:\/\/www.nettali.com\/2022\/08\/19\/fermeture-de-lhopital-le-dantec-la-replique-de-marie-khemess-ngom-ndiaye\/\"]}]},{\"@type\":\"BreadcrumbList\",\"@id\":\"https:\/\/www.nettali.com\/2022\/08\/19\/fermeture-de-lhopital-le-dantec-la-replique-de-marie-khemess-ngom-ndiaye\/#breadcrumb\",\"itemListElement\":[{\"@type\":\"ListItem\",\"position\":1,\"name\":\"Accueil\",\"item\":\"https:\/\/www.nettali.com\/\"},{\"@type\":\"ListItem\",\"position\":2,\"name\":\"FERMETURE DE L\\u2019HOPITAL LE DANTEC \\u2013 La r\\u00e9plique de Marie Khemess Ngom Ndiaye\"}]},{\"@type\":\"Person\",\"@id\":\"https:\/\/www.nettali.com\/#\/schema\/person\/3317e0bb3aa1da309fbf7b2780901bf4\",\"name\":\"Daouda\",\"image\":{\"@type\":\"ImageObject\",\"@id\":\"https:\/\/www.nettali.com\/#personlogo\",\"inLanguage\":\"fr-FR\",\"url\":\"https:\/\/secure.gravatar.com\/avatar\/8d143b5a49345098ddcfee1c49c2f47c?s=96&d=mm&r=g\",\"contentUrl\":\"https:\/\/secure.gravatar.com\/avatar\/8d143b5a49345098ddcfee1c49c2f47c?s=96&d=mm&r=g\",\"caption\":\"Daouda\"},\"sameAs\":[\"https:\/\/www.nettali.com\"]}]}<\/script>\n<!-- \/ Yoast SEO Premium plugin. -->","yoast_head_json":{"title":"FERMETURE DE L\u2019HOPITAL LE DANTEC \u2013 La r\u00e9plique de Marie Khemess Ngom Ndiaye | Nettali.com","robots":{"index":"index","follow":"follow","max-snippet":"max-snippet:-1","max-image-preview":"max-image-preview:large","max-video-preview":"max-video-preview:-1"},"canonical":"https:\/\/www.nettali.com\/2022\/08\/19\/fermeture-de-lhopital-le-dantec-la-replique-de-marie-khemess-ngom-ndiaye\/","og_locale":"fr_FR","og_type":"article","og_title":"FERMETURE DE L\u2019HOPITAL LE DANTEC \u2013 La r\u00e9plique de Marie Khemess Ngom Ndiaye","og_description":"NETTALI.COM - Elle a effectu\u00e9 une visite de chantier pour voir l\u2019\u00e9tat d\u2019avancement du plan de red\u00e9ploiement des services de l\u2019h\u00f4pital Le Dantec. Le ministre de la Sant\u00e9, Marie Khemess Ngom Ndiaye en a profit\u00e9 pour r\u00e9pondre aux d\u00e9tracteurs du projet. \u00a0Elle soutient que l\u2019Etat fait ce qu\u2019il a \u00e0 faire et tout S\u00e9n\u00e9galais qui [&hellip;]","og_url":"https:\/\/www.nettali.com\/2022\/08\/19\/fermeture-de-lhopital-le-dantec-la-replique-de-marie-khemess-ngom-ndiaye\/","og_site_name":"Nettali.com","article_publisher":"https:\/\/www.facebook.com\/nettalicom","article_published_time":"2022-08-19T07:41:30+00:00","article_modified_time":"2022-08-19T16:25:15+00:00","og_image":[{"width":512,"height":341,"url":"https:\/\/www.nettali.com\/wp-content\/uploads\/2022\/05\/dr-marie-khemesse-ngom-ndiaye_0.jpg","type":"image\/jpeg"}],"twitter_card":"summary_large_image","twitter_misc":{"\u00c9crit par":"Daouda","Dur\u00e9e de lecture estim\u00e9e":"2 minutes"},"schema":{"@context":"https:\/\/schema.org","@graph":[{"@type":"WebSite","@id":"https:\/\/www.nettali.com\/#website","url":"https:\/\/www.nettali.com\/","name":"Nettali.com","description":"Le rendez-vous critique du Net","potentialAction":[{"@type":"SearchAction","target":{"@type":"EntryPoint","urlTemplate":"https:\/\/www.nettali.com\/?s={search_term_string}"},"query-input":"required name=search_term_string"}],"inLanguage":"fr-FR"},{"@type":"ImageObject","@id":"https:\/\/www.nettali.com\/2022\/08\/19\/fermeture-de-lhopital-le-dantec-la-replique-de-marie-khemess-ngom-ndiaye\/#primaryimage","inLanguage":"fr-FR","url":"https:\/\/www.nettali.com\/wp-content\/uploads\/2022\/05\/dr-marie-khemesse-ngom-ndiaye_0.jpg","contentUrl":"https:\/\/www.nettali.com\/wp-content\/uploads\/2022\/05\/dr-marie-khemesse-ngom-ndiaye_0.jpg","width":512,"height":341},{"@type":"WebPage","@id":"https:\/\/www.nettali.com\/2022\/08\/19\/fermeture-de-lhopital-le-dantec-la-replique-de-marie-khemess-ngom-ndiaye\/#webpage","url":"https:\/\/www.nettali.com\/2022\/08\/19\/fermeture-de-lhopital-le-dantec-la-replique-de-marie-khemess-ngom-ndiaye\/","name":"FERMETURE DE L\u2019HOPITAL LE DANTEC \u2013 La r\u00e9plique de Marie Khemess Ngom Ndiaye | Nettali.com","isPartOf":{"@id":"https:\/\/www.nettali.com\/#website"},"primaryImageOfPage":{"@id":"https:\/\/www.nettali.com\/2022\/08\/19\/fermeture-de-lhopital-le-dantec-la-replique-de-marie-khemess-ngom-ndiaye\/#primaryimage"},"datePublished":"2022-08-19T07:41:30+00:00","dateModified":"2022-08-19T16:25:15+00:00","author":{"@id":"https:\/\/www.nettali.com\/#\/schema\/person\/3317e0bb3aa1da309fbf7b2780901bf4"},"breadcrumb":{"@id":"https:\/\/www.nettali.com\/2022\/08\/19\/fermeture-de-lhopital-le-dantec-la-replique-de-marie-khemess-ngom-ndiaye\/#breadcrumb"},"inLanguage":"fr-FR","potentialAction":[{"@type":"ReadAction","target":["https:\/\/www.nettali.com\/2022\/08\/19\/fermeture-de-lhopital-le-dantec-la-replique-de-marie-khemess-ngom-ndiaye\/"]}]},{"@type":"BreadcrumbList","@id":"https:\/\/www.nettali.com\/2022\/08\/19\/fermeture-de-lhopital-le-dantec-la-replique-de-marie-khemess-ngom-ndiaye\/#breadcrumb","itemListElement":[{"@type":"ListItem","position":1,"name":"Accueil","item":"https:\/\/www.nettali.com\/"},{"@type":"ListItem","position":2,"name":"FERMETURE DE L\u2019HOPITAL LE DANTEC \u2013 La r\u00e9plique de Marie Khemess Ngom Ndiaye"}]},{"@type":"Person","@id":"https:\/\/www.nettali.com\/#\/schema\/person\/3317e0bb3aa1da309fbf7b2780901bf4","name":"Daouda","image":{"@type":"ImageObject","@id":"https:\/\/www.nettali.com\/#personlogo","inLanguage":"fr-FR","url":"https:\/\/secure.gravatar.com\/avatar\/8d143b5a49345098ddcfee1c49c2f47c?s=96&d=mm&r=g","contentUrl":"https:\/\/secure.gravatar.com\/avatar\/8d143b5a49345098ddcfee1c49c2f47c?s=96&d=mm&r=g","caption":"Daouda"},"sameAs":["https:\/\/www.nettali.com"]}]}},"_links":{"self":[{"href":"https:\/\/www.nettali.com\/rest\/wp\/v2\/posts\/92233"}],"collection":[{"href":"https:\/\/www.nettali.com\/rest\/wp\/v2\/posts"}],"about":[{"href":"https:\/\/www.nettali.com\/rest\/wp\/v2\/types\/post"}],"author":[{"embeddable":true,"href":"https:\/\/www.nettali.com\/rest\/wp\/v2\/users\/4"}],"replies":[{"embeddable":true,"href":"https:\/\/www.nettali.com\/rest\/wp\/v2\/comments?post=92233"}],"version-history":[{"count":3,"href":"https:\/\/www.nettali.com\/rest\/wp\/v2\/posts\/92233\/revisions"}],"predecessor-version":[{"id":92259,"href":"https:\/\/www.nettali.com\/rest\/wp\/v2\/posts\/92233\/revisions\/92259"}],"wp:featuredmedia":[{"embeddable":true,"href":"https:\/\/www.nettali.com\/rest\/wp\/v2\/media\/87047"}],"wp:attachment":[{"href":"https:\/\/www.nettali.com\/rest\/wp\/v2\/media?parent=92233"}],"wp:term":[{"taxonomy":"category","embeddable":true,"href":"https:\/\/www.nettali.com\/rest\/wp\/v2\/categories?post=92233"},{"taxonomy":"post_tag","embeddable":true,"href":"https:\/\/www.nettali.com\/rest\/wp\/v2\/tags?post=92233"}],"curies":[{"name":"wp","href":"https:\/\/api.w.org\/{rel}","templated":true}]}}