{"id":92171,"date":"2022-08-18T08:19:14","date_gmt":"2022-08-18T08:19:14","guid":{"rendered":"https:\/\/www.nettali.com\/?p=92171"},"modified":"2022-08-18T08:19:40","modified_gmt":"2022-08-18T08:19:40","slug":"gabon-macky-affrete-un-avion-special-pour-rapatrier-les-senegalais-en-difficulte-vivant-dans-ce-pays","status":"publish","type":"post","link":"https:\/\/www.nettali.com\/2022\/08\/18\/gabon-macky-affrete-un-avion-special-pour-rapatrier-les-senegalais-en-difficulte-vivant-dans-ce-pays\/","title":{"rendered":"GABON \u2013 Macky affr\u00e8te un avion sp\u00e9cial pour rapatrier les S\u00e9n\u00e9galais en difficult\u00e9 vivant dans ce pays"},"content":{"rendered":"<p><strong>NETTALI.COM - Macky Sall a assist\u00e9, mercredi, \u00e0 Libreville, \u00e0 la c\u00e9r\u00e9monie officielle marquant le 62e anniversaire de l\u2019accession du Gabon \u00e0 la souverainet\u00e9 nationale.<\/strong><\/p>\n<p>Le chef de l\u2019Etat s\u00e9n\u00e9galais, pr\u00e9sident en exercice de l\u2019Union africaine, est l\u2019invit\u00e9 d\u2019honneur de ces festivit\u00e9s, qui se sont tenues sur le boulevard de l\u2019Ind\u00e9pendance, sous la pr\u00e9sidence d\u2019Ali Bongo, son homologue du Gabon.<\/p>\n<p>La c\u00e9r\u00e9monie a <em>\u00ab\u00e9t\u00e9 marqu\u00e9e par un traditionnel d\u00e9fil\u00e9 civil et militaire de plusieurs d\u00e9tachements des forces de d\u00e9fense et de s\u00e9curit\u00e9 du Gabon\u2019\u2019,<\/em> rapporte la Pr\u00e9sidence.<\/p>\n<p>Au cours de son s\u00e9jour au Gabon, Macky Sall a rencontr\u00e9 \u00e0 Libreville la communaut\u00e9 s\u00e9n\u00e9galaise vivant dans ce pays. A cette occasion, les repr\u00e9sentants de la diaspora s\u00e9n\u00e9galaise lui ont \u00a0expos\u00e9 un chapelet de dol\u00e9ances. Le Pr\u00e9sident Macky Sall a promis d\u2019affr\u00e9ter un avion sp\u00e9cial pour rapatrier tous les S\u00e9n\u00e9galais vivant dans ce pays qui sont en difficult\u00e9 et qui souhaitent rentrer au pays.<\/p>\n<p>Avant le Gabon, Macky Sall s\u2019est rendu successivement \u00e0 Bamako et N\u2019Djam\u00e9na, les capitales du Mali et du Tchad, pour des visites de travail et d\u2019amiti\u00e9 au cours desquelles il a rencontr\u00e9 le pr\u00e9sident de la transition malienne, le colonel Assimi Go\u00efta, et le pr\u00e9sident tchadien, Mahamat Idriss D\u00e9by.<\/p>\n<p>&nbsp;<\/p>\n<div class='share-to-whatsapp-wrapper'><div class='share-on-whsp'>PARTAGER SUR : <\/div><a data-text='GABON \u2013 Macky affr\u00e8te un avion sp\u00e9cial pour rapatrier les S\u00e9n\u00e9galais en difficult\u00e9 vivant dans ce pays' data-link='https:\/\/www.nettali.com\/2022\/08\/18\/gabon-macky-affrete-un-avion-special-pour-rapatrier-les-senegalais-en-difficulte-vivant-dans-ce-pays\/' class='whatsapp-button whatsapp-share'>WhatsApp<\/a><div class='clear '><\/div><\/div>","protected":false},"excerpt":{"rendered":"<p>NETTALI.COM - Macky Sall a assist\u00e9, mercredi, \u00e0 Libreville, \u00e0 la c\u00e9r\u00e9monie officielle marquant le 62e anniversaire de l\u2019accession du Gabon \u00e0 la souverainet\u00e9 nationale. Le chef de l\u2019Etat s\u00e9n\u00e9galais, pr\u00e9sident en exercice de l\u2019Union africaine, est l\u2019invit\u00e9 d\u2019honneur de ces festivit\u00e9s, qui se sont tenues sur le boulevard de l\u2019Ind\u00e9pendance, sous la pr\u00e9sidence d\u2019Ali [&hellip;]<\/p>\n","protected":false},"author":4,"featured_media":50864,"comment_status":"open","ping_status":"open","sticky":false,"template":"","format":"standard","meta":{"_et_pb_use_builder":"","_et_pb_old_content":""},"categories":[3],"tags":[],"yoast_head":"<!-- This site is optimized with the Yoast SEO Premium plugin v17.8 (Yoast SEO v17.8) - https:\/\/yoast.com\/wordpress\/plugins\/seo\/ -->\n<title>GABON \u2013 Macky affr\u00e8te un avion sp\u00e9cial pour rapatrier les S\u00e9n\u00e9galais en difficult\u00e9 vivant dans ce pays | Nettali.com<\/title>\n<meta name=\"robots\" content=\"index, follow, max-snippet:-1, max-image-preview:large, max-video-preview:-1\" \/>\n<link rel=\"canonical\" href=\"https:\/\/www.nettali.com\/2022\/08\/18\/gabon-macky-affrete-un-avion-special-pour-rapatrier-les-senegalais-en-difficulte-vivant-dans-ce-pays\/\" \/>\n<meta property=\"og:locale\" content=\"fr_FR\" \/>\n<meta property=\"og:type\" content=\"article\" \/>\n<meta property=\"og:title\" content=\"GABON \u2013 Macky affr\u00e8te un avion sp\u00e9cial pour rapatrier les S\u00e9n\u00e9galais en difficult\u00e9 vivant dans ce pays\" \/>\n<meta property=\"og:description\" content=\"NETTALI.COM - Macky Sall a assist\u00e9, mercredi, \u00e0 Libreville, \u00e0 la c\u00e9r\u00e9monie officielle marquant le 62e anniversaire de l\u2019accession du Gabon \u00e0 la souverainet\u00e9 nationale. Le chef de l\u2019Etat s\u00e9n\u00e9galais, pr\u00e9sident en exercice de l\u2019Union africaine, est l\u2019invit\u00e9 d\u2019honneur de ces festivit\u00e9s, qui se sont tenues sur le boulevard de l\u2019Ind\u00e9pendance, sous la pr\u00e9sidence d\u2019Ali [&hellip;]\" \/>\n<meta property=\"og:url\" content=\"https:\/\/www.nettali.com\/2022\/08\/18\/gabon-macky-affrete-un-avion-special-pour-rapatrier-les-senegalais-en-difficulte-vivant-dans-ce-pays\/\" \/>\n<meta property=\"og:site_name\" content=\"Nettali.com\" \/>\n<meta property=\"article:publisher\" content=\"https:\/\/www.facebook.com\/nettalicom\" \/>\n<meta property=\"article:published_time\" content=\"2022-08-18T08:19:14+00:00\" \/>\n<meta property=\"article:modified_time\" content=\"2022-08-18T08:19:40+00:00\" \/>\n<meta property=\"og:image\" content=\"https:\/\/www.nettali.com\/wp-content\/uploads\/2020\/11\/A330-NEO-D\u2019AIR-S\u00c9N\u00c9GAL.jpg\" \/>\n\t<meta property=\"og:image:width\" content=\"900\" \/>\n\t<meta property=\"og:image:height\" content=\"600\" \/>\n<meta name=\"twitter:card\" content=\"summary_large_image\" \/>\n<meta name=\"twitter:label1\" content=\"\u00c9crit par\" \/>\n\t<meta name=\"twitter:data1\" content=\"Daouda\" \/>\n\t<meta name=\"twitter:label2\" content=\"Dur\u00e9e de lecture estim\u00e9e\" \/>\n\t<meta name=\"twitter:data2\" content=\"2 minutes\" \/>\n<script type=\"application\/ld+json\" class=\"yoast-schema-graph\">{\"@context\":\"https:\/\/schema.org\",\"@graph\":[{\"@type\":\"WebSite\",\"@id\":\"https:\/\/www.nettali.com\/#website\",\"url\":\"https:\/\/www.nettali.com\/\",\"name\":\"Nettali.com\",\"description\":\"Le rendez-vous critique du Net\",\"potentialAction\":[{\"@type\":\"SearchAction\",\"target\":{\"@type\":\"EntryPoint\",\"urlTemplate\":\"https:\/\/www.nettali.com\/?s={search_term_string}\"},\"query-input\":\"required name=search_term_string\"}],\"inLanguage\":\"fr-FR\"},{\"@type\":\"ImageObject\",\"@id\":\"https:\/\/www.nettali.com\/2022\/08\/18\/gabon-macky-affrete-un-avion-special-pour-rapatrier-les-senegalais-en-difficulte-vivant-dans-ce-pays\/#primaryimage\",\"inLanguage\":\"fr-FR\",\"url\":\"https:\/\/www.nettali.com\/wp-content\/uploads\/2020\/11\/A330-NEO-D\\u2019AIR-S\\u00c9N\\u00c9GAL.jpg\",\"contentUrl\":\"https:\/\/www.nettali.com\/wp-content\/uploads\/2020\/11\/A330-NEO-D\\u2019AIR-S\\u00c9N\\u00c9GAL.jpg\",\"width\":900,\"height\":600},{\"@type\":\"WebPage\",\"@id\":\"https:\/\/www.nettali.com\/2022\/08\/18\/gabon-macky-affrete-un-avion-special-pour-rapatrier-les-senegalais-en-difficulte-vivant-dans-ce-pays\/#webpage\",\"url\":\"https:\/\/www.nettali.com\/2022\/08\/18\/gabon-macky-affrete-un-avion-special-pour-rapatrier-les-senegalais-en-difficulte-vivant-dans-ce-pays\/\",\"name\":\"GABON \\u2013 Macky affr\\u00e8te un avion sp\\u00e9cial pour rapatrier les S\\u00e9n\\u00e9galais en difficult\\u00e9 vivant dans ce pays | Nettali.com\",\"isPartOf\":{\"@id\":\"https:\/\/www.nettali.com\/#website\"},\"primaryImageOfPage\":{\"@id\":\"https:\/\/www.nettali.com\/2022\/08\/18\/gabon-macky-affrete-un-avion-special-pour-rapatrier-les-senegalais-en-difficulte-vivant-dans-ce-pays\/#primaryimage\"},\"datePublished\":\"2022-08-18T08:19:14+00:00\",\"dateModified\":\"2022-08-18T08:19:40+00:00\",\"author\":{\"@id\":\"https:\/\/www.nettali.com\/#\/schema\/person\/3317e0bb3aa1da309fbf7b2780901bf4\"},\"breadcrumb\":{\"@id\":\"https:\/\/www.nettali.com\/2022\/08\/18\/gabon-macky-affrete-un-avion-special-pour-rapatrier-les-senegalais-en-difficulte-vivant-dans-ce-pays\/#breadcrumb\"},\"inLanguage\":\"fr-FR\",\"potentialAction\":[{\"@type\":\"ReadAction\",\"target\":[\"https:\/\/www.nettali.com\/2022\/08\/18\/gabon-macky-affrete-un-avion-special-pour-rapatrier-les-senegalais-en-difficulte-vivant-dans-ce-pays\/\"]}]},{\"@type\":\"BreadcrumbList\",\"@id\":\"https:\/\/www.nettali.com\/2022\/08\/18\/gabon-macky-affrete-un-avion-special-pour-rapatrier-les-senegalais-en-difficulte-vivant-dans-ce-pays\/#breadcrumb\",\"itemListElement\":[{\"@type\":\"ListItem\",\"position\":1,\"name\":\"Accueil\",\"item\":\"https:\/\/www.nettali.com\/\"},{\"@type\":\"ListItem\",\"position\":2,\"name\":\"GABON \\u2013 Macky affr\\u00e8te un avion sp\\u00e9cial pour rapatrier les S\\u00e9n\\u00e9galais en difficult\\u00e9 vivant dans ce pays\"}]},{\"@type\":\"Person\",\"@id\":\"https:\/\/www.nettali.com\/#\/schema\/person\/3317e0bb3aa1da309fbf7b2780901bf4\",\"name\":\"Daouda\",\"image\":{\"@type\":\"ImageObject\",\"@id\":\"https:\/\/www.nettali.com\/#personlogo\",\"inLanguage\":\"fr-FR\",\"url\":\"https:\/\/secure.gravatar.com\/avatar\/8d143b5a49345098ddcfee1c49c2f47c?s=96&d=mm&r=g\",\"contentUrl\":\"https:\/\/secure.gravatar.com\/avatar\/8d143b5a49345098ddcfee1c49c2f47c?s=96&d=mm&r=g\",\"caption\":\"Daouda\"},\"sameAs\":[\"https:\/\/www.nettali.com\"]}]}<\/script>\n<!-- \/ Yoast SEO Premium plugin. -->","yoast_head_json":{"title":"GABON \u2013 Macky affr\u00e8te un avion sp\u00e9cial pour rapatrier les S\u00e9n\u00e9galais en difficult\u00e9 vivant dans ce pays | Nettali.com","robots":{"index":"index","follow":"follow","max-snippet":"max-snippet:-1","max-image-preview":"max-image-preview:large","max-video-preview":"max-video-preview:-1"},"canonical":"https:\/\/www.nettali.com\/2022\/08\/18\/gabon-macky-affrete-un-avion-special-pour-rapatrier-les-senegalais-en-difficulte-vivant-dans-ce-pays\/","og_locale":"fr_FR","og_type":"article","og_title":"GABON \u2013 Macky affr\u00e8te un avion sp\u00e9cial pour rapatrier les S\u00e9n\u00e9galais en difficult\u00e9 vivant dans ce pays","og_description":"NETTALI.COM - Macky Sall a assist\u00e9, mercredi, \u00e0 Libreville, \u00e0 la c\u00e9r\u00e9monie officielle marquant le 62e anniversaire de l\u2019accession du Gabon \u00e0 la souverainet\u00e9 nationale. Le chef de l\u2019Etat s\u00e9n\u00e9galais, pr\u00e9sident en exercice de l\u2019Union africaine, est l\u2019invit\u00e9 d\u2019honneur de ces festivit\u00e9s, qui se sont tenues sur le boulevard de l\u2019Ind\u00e9pendance, sous la pr\u00e9sidence d\u2019Ali [&hellip;]","og_url":"https:\/\/www.nettali.com\/2022\/08\/18\/gabon-macky-affrete-un-avion-special-pour-rapatrier-les-senegalais-en-difficulte-vivant-dans-ce-pays\/","og_site_name":"Nettali.com","article_publisher":"https:\/\/www.facebook.com\/nettalicom","article_published_time":"2022-08-18T08:19:14+00:00","article_modified_time":"2022-08-18T08:19:40+00:00","og_image":[{"width":900,"height":600,"url":"https:\/\/www.nettali.com\/wp-content\/uploads\/2020\/11\/A330-NEO-D\u2019AIR-S\u00c9N\u00c9GAL.jpg","type":"image\/jpeg"}],"twitter_card":"summary_large_image","twitter_misc":{"\u00c9crit par":"Daouda","Dur\u00e9e de lecture estim\u00e9e":"2 minutes"},"schema":{"@context":"https:\/\/schema.org","@graph":[{"@type":"WebSite","@id":"https:\/\/www.nettali.com\/#website","url":"https:\/\/www.nettali.com\/","name":"Nettali.com","description":"Le rendez-vous critique du Net","potentialAction":[{"@type":"SearchAction","target":{"@type":"EntryPoint","urlTemplate":"https:\/\/www.nettali.com\/?s={search_term_string}"},"query-input":"required name=search_term_string"}],"inLanguage":"fr-FR"},{"@type":"ImageObject","@id":"https:\/\/www.nettali.com\/2022\/08\/18\/gabon-macky-affrete-un-avion-special-pour-rapatrier-les-senegalais-en-difficulte-vivant-dans-ce-pays\/#primaryimage","inLanguage":"fr-FR","url":"https:\/\/www.nettali.com\/wp-content\/uploads\/2020\/11\/A330-NEO-D\u2019AIR-S\u00c9N\u00c9GAL.jpg","contentUrl":"https:\/\/www.nettali.com\/wp-content\/uploads\/2020\/11\/A330-NEO-D\u2019AIR-S\u00c9N\u00c9GAL.jpg","width":900,"height":600},{"@type":"WebPage","@id":"https:\/\/www.nettali.com\/2022\/08\/18\/gabon-macky-affrete-un-avion-special-pour-rapatrier-les-senegalais-en-difficulte-vivant-dans-ce-pays\/#webpage","url":"https:\/\/www.nettali.com\/2022\/08\/18\/gabon-macky-affrete-un-avion-special-pour-rapatrier-les-senegalais-en-difficulte-vivant-dans-ce-pays\/","name":"GABON \u2013 Macky affr\u00e8te un avion sp\u00e9cial pour rapatrier les S\u00e9n\u00e9galais en difficult\u00e9 vivant dans ce pays | Nettali.com","isPartOf":{"@id":"https:\/\/www.nettali.com\/#website"},"primaryImageOfPage":{"@id":"https:\/\/www.nettali.com\/2022\/08\/18\/gabon-macky-affrete-un-avion-special-pour-rapatrier-les-senegalais-en-difficulte-vivant-dans-ce-pays\/#primaryimage"},"datePublished":"2022-08-18T08:19:14+00:00","dateModified":"2022-08-18T08:19:40+00:00","author":{"@id":"https:\/\/www.nettali.com\/#\/schema\/person\/3317e0bb3aa1da309fbf7b2780901bf4"},"breadcrumb":{"@id":"https:\/\/www.nettali.com\/2022\/08\/18\/gabon-macky-affrete-un-avion-special-pour-rapatrier-les-senegalais-en-difficulte-vivant-dans-ce-pays\/#breadcrumb"},"inLanguage":"fr-FR","potentialAction":[{"@type":"ReadAction","target":["https:\/\/www.nettali.com\/2022\/08\/18\/gabon-macky-affrete-un-avion-special-pour-rapatrier-les-senegalais-en-difficulte-vivant-dans-ce-pays\/"]}]},{"@type":"BreadcrumbList","@id":"https:\/\/www.nettali.com\/2022\/08\/18\/gabon-macky-affrete-un-avion-special-pour-rapatrier-les-senegalais-en-difficulte-vivant-dans-ce-pays\/#breadcrumb","itemListElement":[{"@type":"ListItem","position":1,"name":"Accueil","item":"https:\/\/www.nettali.com\/"},{"@type":"ListItem","position":2,"name":"GABON \u2013 Macky affr\u00e8te un avion sp\u00e9cial pour rapatrier les S\u00e9n\u00e9galais en difficult\u00e9 vivant dans ce pays"}]},{"@type":"Person","@id":"https:\/\/www.nettali.com\/#\/schema\/person\/3317e0bb3aa1da309fbf7b2780901bf4","name":"Daouda","image":{"@type":"ImageObject","@id":"https:\/\/www.nettali.com\/#personlogo","inLanguage":"fr-FR","url":"https:\/\/secure.gravatar.com\/avatar\/8d143b5a49345098ddcfee1c49c2f47c?s=96&d=mm&r=g","contentUrl":"https:\/\/secure.gravatar.com\/avatar\/8d143b5a49345098ddcfee1c49c2f47c?s=96&d=mm&r=g","caption":"Daouda"},"sameAs":["https:\/\/www.nettali.com"]}]}},"_links":{"self":[{"href":"https:\/\/www.nettali.com\/rest\/wp\/v2\/posts\/92171"}],"collection":[{"href":"https:\/\/www.nettali.com\/rest\/wp\/v2\/posts"}],"about":[{"href":"https:\/\/www.nettali.com\/rest\/wp\/v2\/types\/post"}],"author":[{"embeddable":true,"href":"https:\/\/www.nettali.com\/rest\/wp\/v2\/users\/4"}],"replies":[{"embeddable":true,"href":"https:\/\/www.nettali.com\/rest\/wp\/v2\/comments?post=92171"}],"version-history":[{"count":1,"href":"https:\/\/www.nettali.com\/rest\/wp\/v2\/posts\/92171\/revisions"}],"predecessor-version":[{"id":92172,"href":"https:\/\/www.nettali.com\/rest\/wp\/v2\/posts\/92171\/revisions\/92172"}],"wp:featuredmedia":[{"embeddable":true,"href":"https:\/\/www.nettali.com\/rest\/wp\/v2\/media\/50864"}],"wp:attachment":[{"href":"https:\/\/www.nettali.com\/rest\/wp\/v2\/media?parent=92171"}],"wp:term":[{"taxonomy":"category","embeddable":true,"href":"https:\/\/www.nettali.com\/rest\/wp\/v2\/categories?post=92171"},{"taxonomy":"post_tag","embeddable":true,"href":"https:\/\/www.nettali.com\/rest\/wp\/v2\/tags?post=92171"}],"curies":[{"name":"wp","href":"https:\/\/api.w.org\/{rel}","templated":true}]}}