{"id":92165,"date":"2022-08-18T08:44:28","date_gmt":"2022-08-18T08:44:28","guid":{"rendered":"https:\/\/www.nettali.com\/?p=92165"},"modified":"2022-08-19T08:04:47","modified_gmt":"2022-08-19T08:04:47","slug":"assemblee-nationale-macky-convoque-ses-troupes","status":"publish","type":"post","link":"https:\/\/www.nettali.com\/2022\/08\/18\/assemblee-nationale-macky-convoque-ses-troupes\/","title":{"rendered":"ASSEMBLEE NATIONALE - Macky Sall convoque ses troupes"},"content":{"rendered":"<p><strong>NETTALI.COM - C'est l'heure des grandes manoeuvres du c\u00f4t\u00e9 de la majorit\u00e9 parlementaire Benno Book Yaakaar. Le chef de l\u2019\u00c9tat, sauf changement de derni\u00e8re minute, aura \u00e0 peine le temps de poser ses baluchons vendredi 19 \u00e0 son retour au S\u00e9n\u00e9gal, qu'il rencontrera au palais de la r\u00e9publique, samedi, les d\u00e9put\u00e9s nouvellement \u00e9lus sous la banni\u00e8re de Benno Bokk Yaakaar. Objectif, organiser ses troupes en vue de la 14\u00e8me l\u00e9gislature de l'Assembl\u00e9e nationale.<\/strong><\/p>\n<p>Selon une source digne de foi, le pr\u00e9sident Macky Sall re\u00e7oit, sauf changement, le samedi 20 ao\u00fbt 2022, dans l\u2019apr\u00e8s-midi, les \u00e9lus de la coalition Benno Bokk Yaakaar au nombre de 82. Le pr\u00e9sident Sall dispose d\u00e9sormais d'une majorit\u00e9 absolue depuis que Pape Diop a annonc\u00e9 qu'il rejoint sa coalition Benno. Une majorit\u00e9 qui pourrait toutefois lui jouer des tours, s'il n'est pas en mesure de la contr\u00f4ler, au regard du caract\u00e8re h\u00e9t\u00e9roclite dans la composition des d\u00e9put\u00e9s de sa majorit\u00e9 qui comprennent aussi des parlementaires issus des partis alli\u00e9s ; et m\u00eame si leur nombre n'est aussi important. A ce stade 1, voire 2 ou 3 d\u00e9putas ne sont pas \u00e0 n\u00e9gliger. Rappelons aussi que la coalition nouvellement majoritaire ne dispose que de 82 d\u00e9put\u00e9s avec Book Gis Gis Ligueey de Pape Diop en plus qui lui permet d'avoir une majorit\u00e9 absolue de 83 d\u00e9put\u00e9s.<\/p>\n<p>L'objectif de cette rencontre est donc clair : fixer des orientations et sensibiliser d\u00e9put\u00e9s sur les enjeux de cette l\u00e9gislature in\u00e9dite en raison de l\u2019entr\u00e9e en force de l\u2019opposition dans l\u2019h\u00e9micycle, mais aussi mobiliser surtout ses troupes sur l'int\u00e9r\u00eat de garder cette majorit\u00e9 soud\u00e9e \u00e0 l'Assembl\u00e9e.<\/p>\n<p>Quid sur d'\u00e9ventuelles consignes\u00a0\u00e0 donner pour la distribution des postes dans le bureau de l\u2019Assembl\u00e9e nationale, en particulier celui de premier pr\u00e9sident qui focalise toutes les attentions ? Notre source est muette sur le sujet, mais il convient de noter que l\u2019\u00e9lection du pr\u00e9sident et des vice-pr\u00e9sidents, secr\u00e9taires \u00e9lus, questeurs et pr\u00e9sidents de commission se d\u00e9roule \u00e0 bulletin secret. Il s'agit d\u00e8s lors de ne pas frustrer, \u00e0 ce stade les alli\u00e9s. Ce qui pourrait se r\u00e9v\u00e9ler \u00eatre une mauvaise chose pour une majorit\u00e9 aussi pr\u00e9caire.<\/p>\n<p>Un fait qui m\u00e9rite d'\u00eatre toutefois soulign\u00e9, est que la 13e l\u00e9gislature prend fin le mercredi 14 septembre prochain. Mais, du c\u00f4t\u00e9 de l\u2019Ex\u00e9cutif, c\u2019est toujours le statu quo \u00e0 propos de la d\u00e9signation du nouveau Premier ministre. Des observateurs soutiennent en effet que le vide institutionnel cr\u00e9\u00e9 par l\u2019absence d\u2019un chef du gouvernement, commence \u00e0 peser sur le fonctionnement de l\u2019Administration, d\u2019autant que plusieurs ministres se savent sur un si\u00e8ge \u00e9jectable.<\/p>\n<p>A noter que le pr\u00e9sident Macky Sall rentre d'un p\u00e9riple qui l'a conduit au Mali, au Tchad, puis au Gabon qui f\u00eatait son ind\u00e9pendance.<\/p>\n<p>&nbsp;<\/p>\n<div class='share-to-whatsapp-wrapper'><div class='share-on-whsp'>PARTAGER SUR : <\/div><a data-text='ASSEMBLEE NATIONALE - Macky Sall convoque ses troupes' data-link='https:\/\/www.nettali.com\/2022\/08\/18\/assemblee-nationale-macky-convoque-ses-troupes\/' class='whatsapp-button whatsapp-share'>WhatsApp<\/a><div class='clear '><\/div><\/div>","protected":false},"excerpt":{"rendered":"<p>NETTALI.COM - C'est l'heure des grandes manoeuvres du c\u00f4t\u00e9 de la majorit\u00e9 parlementaire Benno Book Yaakaar. Le chef de l\u2019\u00c9tat, sauf changement de derni\u00e8re minute, aura \u00e0 peine le temps de poser ses baluchons vendredi 19 \u00e0 son retour au S\u00e9n\u00e9gal, qu'il rencontrera au palais de la r\u00e9publique, samedi, les d\u00e9put\u00e9s nouvellement \u00e9lus sous la [&hellip;]<\/p>\n","protected":false},"author":2,"featured_media":92174,"comment_status":"open","ping_status":"open","sticky":false,"template":"","format":"standard","meta":{"_et_pb_use_builder":"","_et_pb_old_content":""},"categories":[2],"tags":[],"yoast_head":"<!-- This site is optimized with the Yoast SEO Premium plugin v17.8 (Yoast SEO v17.8) - https:\/\/yoast.com\/wordpress\/plugins\/seo\/ -->\n<title>ASSEMBLEE NATIONALE - Macky Sall convoque ses troupes | Nettali.com<\/title>\n<meta name=\"robots\" content=\"index, follow, max-snippet:-1, max-image-preview:large, max-video-preview:-1\" \/>\n<link rel=\"canonical\" href=\"https:\/\/www.nettali.com\/2022\/08\/18\/assemblee-nationale-macky-convoque-ses-troupes\/\" \/>\n<meta property=\"og:locale\" content=\"fr_FR\" \/>\n<meta property=\"og:type\" content=\"article\" \/>\n<meta property=\"og:title\" content=\"ASSEMBLEE NATIONALE - Macky Sall convoque ses troupes\" \/>\n<meta property=\"og:description\" content=\"NETTALI.COM - C&#039;est l&#039;heure des grandes manoeuvres du c\u00f4t\u00e9 de la majorit\u00e9 parlementaire Benno Book Yaakaar. Le chef de l\u2019\u00c9tat, sauf changement de derni\u00e8re minute, aura \u00e0 peine le temps de poser ses baluchons vendredi 19 \u00e0 son retour au S\u00e9n\u00e9gal, qu&#039;il rencontrera au palais de la r\u00e9publique, samedi, les d\u00e9put\u00e9s nouvellement \u00e9lus sous la [&hellip;]\" \/>\n<meta property=\"og:url\" content=\"https:\/\/www.nettali.com\/2022\/08\/18\/assemblee-nationale-macky-convoque-ses-troupes\/\" \/>\n<meta property=\"og:site_name\" content=\"Nettali.com\" \/>\n<meta property=\"article:publisher\" content=\"https:\/\/www.facebook.com\/nettalicom\" \/>\n<meta property=\"article:published_time\" content=\"2022-08-18T08:44:28+00:00\" \/>\n<meta property=\"article:modified_time\" content=\"2022-08-19T08:04:47+00:00\" \/>\n<meta property=\"og:image\" content=\"https:\/\/www.nettali.com\/wp-content\/uploads\/2022\/08\/jad20220812-pol-macky_sall-768x516-1.jpg\" \/>\n\t<meta property=\"og:image:width\" content=\"768\" \/>\n\t<meta property=\"og:image:height\" content=\"516\" \/>\n<meta name=\"twitter:card\" content=\"summary_large_image\" \/>\n<meta name=\"twitter:label1\" content=\"\u00c9crit par\" \/>\n\t<meta name=\"twitter:data1\" content=\"CK\" \/>\n\t<meta name=\"twitter:label2\" content=\"Dur\u00e9e de lecture estim\u00e9e\" \/>\n\t<meta name=\"twitter:data2\" content=\"3 minutes\" \/>\n<script type=\"application\/ld+json\" class=\"yoast-schema-graph\">{\"@context\":\"https:\/\/schema.org\",\"@graph\":[{\"@type\":\"WebSite\",\"@id\":\"https:\/\/www.nettali.com\/#website\",\"url\":\"https:\/\/www.nettali.com\/\",\"name\":\"Nettali.com\",\"description\":\"Le rendez-vous critique du Net\",\"potentialAction\":[{\"@type\":\"SearchAction\",\"target\":{\"@type\":\"EntryPoint\",\"urlTemplate\":\"https:\/\/www.nettali.com\/?s={search_term_string}\"},\"query-input\":\"required name=search_term_string\"}],\"inLanguage\":\"fr-FR\"},{\"@type\":\"ImageObject\",\"@id\":\"https:\/\/www.nettali.com\/2022\/08\/18\/assemblee-nationale-macky-convoque-ses-troupes\/#primaryimage\",\"inLanguage\":\"fr-FR\",\"url\":\"https:\/\/www.nettali.com\/wp-content\/uploads\/2022\/08\/jad20220812-pol-macky_sall-768x516-1.jpg\",\"contentUrl\":\"https:\/\/www.nettali.com\/wp-content\/uploads\/2022\/08\/jad20220812-pol-macky_sall-768x516-1.jpg\",\"width\":768,\"height\":516},{\"@type\":\"WebPage\",\"@id\":\"https:\/\/www.nettali.com\/2022\/08\/18\/assemblee-nationale-macky-convoque-ses-troupes\/#webpage\",\"url\":\"https:\/\/www.nettali.com\/2022\/08\/18\/assemblee-nationale-macky-convoque-ses-troupes\/\",\"name\":\"ASSEMBLEE NATIONALE - Macky Sall convoque ses troupes | Nettali.com\",\"isPartOf\":{\"@id\":\"https:\/\/www.nettali.com\/#website\"},\"primaryImageOfPage\":{\"@id\":\"https:\/\/www.nettali.com\/2022\/08\/18\/assemblee-nationale-macky-convoque-ses-troupes\/#primaryimage\"},\"datePublished\":\"2022-08-18T08:44:28+00:00\",\"dateModified\":\"2022-08-19T08:04:47+00:00\",\"author\":{\"@id\":\"https:\/\/www.nettali.com\/#\/schema\/person\/d8ac7b7e27ddad43f1c0d2ef090d7f71\"},\"breadcrumb\":{\"@id\":\"https:\/\/www.nettali.com\/2022\/08\/18\/assemblee-nationale-macky-convoque-ses-troupes\/#breadcrumb\"},\"inLanguage\":\"fr-FR\",\"potentialAction\":[{\"@type\":\"ReadAction\",\"target\":[\"https:\/\/www.nettali.com\/2022\/08\/18\/assemblee-nationale-macky-convoque-ses-troupes\/\"]}]},{\"@type\":\"BreadcrumbList\",\"@id\":\"https:\/\/www.nettali.com\/2022\/08\/18\/assemblee-nationale-macky-convoque-ses-troupes\/#breadcrumb\",\"itemListElement\":[{\"@type\":\"ListItem\",\"position\":1,\"name\":\"Accueil\",\"item\":\"https:\/\/www.nettali.com\/\"},{\"@type\":\"ListItem\",\"position\":2,\"name\":\"ASSEMBLEE NATIONALE - Macky Sall convoque ses troupes\"}]},{\"@type\":\"Person\",\"@id\":\"https:\/\/www.nettali.com\/#\/schema\/person\/d8ac7b7e27ddad43f1c0d2ef090d7f71\",\"name\":\"CK\",\"image\":{\"@type\":\"ImageObject\",\"@id\":\"https:\/\/www.nettali.com\/#personlogo\",\"inLanguage\":\"fr-FR\",\"url\":\"https:\/\/secure.gravatar.com\/avatar\/1d8d5118b9327d94da7cd4ce7f17fec2?s=96&d=mm&r=g\",\"contentUrl\":\"https:\/\/secure.gravatar.com\/avatar\/1d8d5118b9327d94da7cd4ce7f17fec2?s=96&d=mm&r=g\",\"caption\":\"CK\"},\"sameAs\":[\"https:\/\/www.nettali.com\"]}]}<\/script>\n<!-- \/ Yoast SEO Premium plugin. -->","yoast_head_json":{"title":"ASSEMBLEE NATIONALE - Macky Sall convoque ses troupes | Nettali.com","robots":{"index":"index","follow":"follow","max-snippet":"max-snippet:-1","max-image-preview":"max-image-preview:large","max-video-preview":"max-video-preview:-1"},"canonical":"https:\/\/www.nettali.com\/2022\/08\/18\/assemblee-nationale-macky-convoque-ses-troupes\/","og_locale":"fr_FR","og_type":"article","og_title":"ASSEMBLEE NATIONALE - Macky Sall convoque ses troupes","og_description":"NETTALI.COM - C'est l'heure des grandes manoeuvres du c\u00f4t\u00e9 de la majorit\u00e9 parlementaire Benno Book Yaakaar. Le chef de l\u2019\u00c9tat, sauf changement de derni\u00e8re minute, aura \u00e0 peine le temps de poser ses baluchons vendredi 19 \u00e0 son retour au S\u00e9n\u00e9gal, qu'il rencontrera au palais de la r\u00e9publique, samedi, les d\u00e9put\u00e9s nouvellement \u00e9lus sous la [&hellip;]","og_url":"https:\/\/www.nettali.com\/2022\/08\/18\/assemblee-nationale-macky-convoque-ses-troupes\/","og_site_name":"Nettali.com","article_publisher":"https:\/\/www.facebook.com\/nettalicom","article_published_time":"2022-08-18T08:44:28+00:00","article_modified_time":"2022-08-19T08:04:47+00:00","og_image":[{"width":768,"height":516,"url":"https:\/\/www.nettali.com\/wp-content\/uploads\/2022\/08\/jad20220812-pol-macky_sall-768x516-1.jpg","type":"image\/jpeg"}],"twitter_card":"summary_large_image","twitter_misc":{"\u00c9crit par":"CK","Dur\u00e9e de lecture estim\u00e9e":"3 minutes"},"schema":{"@context":"https:\/\/schema.org","@graph":[{"@type":"WebSite","@id":"https:\/\/www.nettali.com\/#website","url":"https:\/\/www.nettali.com\/","name":"Nettali.com","description":"Le rendez-vous critique du Net","potentialAction":[{"@type":"SearchAction","target":{"@type":"EntryPoint","urlTemplate":"https:\/\/www.nettali.com\/?s={search_term_string}"},"query-input":"required name=search_term_string"}],"inLanguage":"fr-FR"},{"@type":"ImageObject","@id":"https:\/\/www.nettali.com\/2022\/08\/18\/assemblee-nationale-macky-convoque-ses-troupes\/#primaryimage","inLanguage":"fr-FR","url":"https:\/\/www.nettali.com\/wp-content\/uploads\/2022\/08\/jad20220812-pol-macky_sall-768x516-1.jpg","contentUrl":"https:\/\/www.nettali.com\/wp-content\/uploads\/2022\/08\/jad20220812-pol-macky_sall-768x516-1.jpg","width":768,"height":516},{"@type":"WebPage","@id":"https:\/\/www.nettali.com\/2022\/08\/18\/assemblee-nationale-macky-convoque-ses-troupes\/#webpage","url":"https:\/\/www.nettali.com\/2022\/08\/18\/assemblee-nationale-macky-convoque-ses-troupes\/","name":"ASSEMBLEE NATIONALE - Macky Sall convoque ses troupes | Nettali.com","isPartOf":{"@id":"https:\/\/www.nettali.com\/#website"},"primaryImageOfPage":{"@id":"https:\/\/www.nettali.com\/2022\/08\/18\/assemblee-nationale-macky-convoque-ses-troupes\/#primaryimage"},"datePublished":"2022-08-18T08:44:28+00:00","dateModified":"2022-08-19T08:04:47+00:00","author":{"@id":"https:\/\/www.nettali.com\/#\/schema\/person\/d8ac7b7e27ddad43f1c0d2ef090d7f71"},"breadcrumb":{"@id":"https:\/\/www.nettali.com\/2022\/08\/18\/assemblee-nationale-macky-convoque-ses-troupes\/#breadcrumb"},"inLanguage":"fr-FR","potentialAction":[{"@type":"ReadAction","target":["https:\/\/www.nettali.com\/2022\/08\/18\/assemblee-nationale-macky-convoque-ses-troupes\/"]}]},{"@type":"BreadcrumbList","@id":"https:\/\/www.nettali.com\/2022\/08\/18\/assemblee-nationale-macky-convoque-ses-troupes\/#breadcrumb","itemListElement":[{"@type":"ListItem","position":1,"name":"Accueil","item":"https:\/\/www.nettali.com\/"},{"@type":"ListItem","position":2,"name":"ASSEMBLEE NATIONALE - Macky Sall convoque ses troupes"}]},{"@type":"Person","@id":"https:\/\/www.nettali.com\/#\/schema\/person\/d8ac7b7e27ddad43f1c0d2ef090d7f71","name":"CK","image":{"@type":"ImageObject","@id":"https:\/\/www.nettali.com\/#personlogo","inLanguage":"fr-FR","url":"https:\/\/secure.gravatar.com\/avatar\/1d8d5118b9327d94da7cd4ce7f17fec2?s=96&d=mm&r=g","contentUrl":"https:\/\/secure.gravatar.com\/avatar\/1d8d5118b9327d94da7cd4ce7f17fec2?s=96&d=mm&r=g","caption":"CK"},"sameAs":["https:\/\/www.nettali.com"]}]}},"_links":{"self":[{"href":"https:\/\/www.nettali.com\/rest\/wp\/v2\/posts\/92165"}],"collection":[{"href":"https:\/\/www.nettali.com\/rest\/wp\/v2\/posts"}],"about":[{"href":"https:\/\/www.nettali.com\/rest\/wp\/v2\/types\/post"}],"author":[{"embeddable":true,"href":"https:\/\/www.nettali.com\/rest\/wp\/v2\/users\/2"}],"replies":[{"embeddable":true,"href":"https:\/\/www.nettali.com\/rest\/wp\/v2\/comments?post=92165"}],"version-history":[{"count":3,"href":"https:\/\/www.nettali.com\/rest\/wp\/v2\/posts\/92165\/revisions"}],"predecessor-version":[{"id":92205,"href":"https:\/\/www.nettali.com\/rest\/wp\/v2\/posts\/92165\/revisions\/92205"}],"wp:featuredmedia":[{"embeddable":true,"href":"https:\/\/www.nettali.com\/rest\/wp\/v2\/media\/92174"}],"wp:attachment":[{"href":"https:\/\/www.nettali.com\/rest\/wp\/v2\/media?parent=92165"}],"wp:term":[{"taxonomy":"category","embeddable":true,"href":"https:\/\/www.nettali.com\/rest\/wp\/v2\/categories?post=92165"},{"taxonomy":"post_tag","embeddable":true,"href":"https:\/\/www.nettali.com\/rest\/wp\/v2\/tags?post=92165"}],"curies":[{"name":"wp","href":"https:\/\/api.w.org\/{rel}","templated":true}]}}