{"id":92087,"date":"2022-08-16T20:19:28","date_gmt":"2022-08-16T20:19:28","guid":{"rendered":"https:\/\/www.nettali.com\/?p=92087"},"modified":"2022-08-16T20:19:28","modified_gmt":"2022-08-16T20:19:28","slug":"jaraaf-exclu-de-la-coupe-caf-la-fsf-denonce-une-decision-injustifiee","status":"publish","type":"post","link":"https:\/\/www.nettali.com\/2022\/08\/16\/jaraaf-exclu-de-la-coupe-caf-la-fsf-denonce-une-decision-injustifiee\/","title":{"rendered":"JARAAF EXCLU DE LA COUPE CAF - La FSF d\u00e9nonce une d\u00e9cision \"injustifi\u00e9e\""},"content":{"rendered":"<p><strong>NETTALI.COM - Alors que l'\u00e9dition 2022\/2023 de la Ligue des champions et de la Coupe de la Conf\u00e9d\u00e9ration est en cours, la Conf\u00e9d\u00e9ration africaine de Football (CAF) a publi\u00e9 lundi la liste des clubs ayant obtenu une licence pour la saison. Le Casa Sports fait partie des 58 clubs qui ont obtenu la licence de l'\u00e9dition 2022-23 de la CAF Champions League. Cependant, l'autre repr\u00e9sentant s\u00e9n\u00e9galais en Afrique, le Jaraaf, ne fait pas partie des clubs licenci\u00e9s. Le club de la M\u00e9dina est victime de forclusion. Une d\u00e9cision \"<em>injustifi\u00e9e<\/em>\" selon la f\u00e9d\u00e9ration s\u00e9n\u00e9galaise de football. A travers un communiqu\u00e9 que nous vous proposons in extenso, la Fsf d\u00e9nonce et prend acte.<\/strong><\/p>\n<p>\"<em>La FSF informe l\u2019opinion sportive que l\u2019administration de la CAF a d\u00e9cid\u00e9 par le biais de son responsable des licences CAF de rejeter la participation de l\u2019ASC les Jaraaf \u00e0 la comp\u00e9tition de la Coupe dite de la Conf\u00e9d\u00e9ration pour cette saison motif pris de ce que le dossier de licence de club du Jaraaf n\u2019a pas pas \u00e9t\u00e9 d\u00e9pos\u00e9 avant le 30 juin 2022, d\u00e9lai de rigueur.<\/em><\/p>\n<p><em>Estimant qu\u2019il n\u2019appartenait pas \u00e0 une division de la CAF de rendre une telle d\u00e9cision, la FSF a saisi la commission des comp\u00e9titions interclubs et le secr\u00e9taire g\u00e9n\u00e9ral de la CAF d\u2019un recours pour que la participation du Jaraaf soit autoris\u00e9e. A ce jour, aucune suite officielle n\u2019a \u00e9t\u00e9 donn\u00e9e par l\u2019une ni par l\u2019autre. Pendant ce temps, ni le Jaraaf ni aucun autre repr\u00e9sentant du S\u00e9n\u00e9gal n\u2019a \u00e9t\u00e9 int\u00e9gr\u00e9 au tirage au sort de la Coupe CAF.<\/em><\/p>\n<p><em>La saisine de la commission comp\u00e9tente \u00e9tant pendante, ni la FSF ni le Jaraaf n\u2019avait cru devoir communiquer sur la question en attendant une d\u00e9cision officielle d\u00e9finitive de la CAF.<\/em><\/p>\n<p><em>C\u2019est \u00e0 travers un communiqu\u00e9\u00a0 de cette derni\u00e8re paru ces derniers jours que notre association nationale a eu confirmation de la mesure prise alors que le Jaraaf qui a particip\u00e9 il y a 2 ans \u00e0 la Coupe CAF remplit toutes les conditions requises par le r\u00e8glement de la licence club dont l\u2019application rigide est contre-productif pour le d\u00e9veloppement du football continental.<\/em><\/p>\n<p><em>La FSF estime que ni dans la forme ni dans le fond, cette d\u00e9cision d\u2019exclusion de notre repr\u00e9sentant ne semble justifi\u00e9e mais en prend acte.<\/em><\/p>\n<p><em>Ainsi, le S\u00e9n\u00e9gal ne sera donc pas repr\u00e9sent\u00e9 \u00e0 cette comp\u00e9tition cette ann\u00e9e sur d\u00e9cision de la CAF<\/em>\".<\/p>\n<div class='share-to-whatsapp-wrapper'><div class='share-on-whsp'>PARTAGER SUR : <\/div><a data-text='JARAAF EXCLU DE LA COUPE CAF - La FSF d\u00e9nonce une d\u00e9cision \"injustifi\u00e9e\"' data-link='https:\/\/www.nettali.com\/2022\/08\/16\/jaraaf-exclu-de-la-coupe-caf-la-fsf-denonce-une-decision-injustifiee\/' class='whatsapp-button whatsapp-share'>WhatsApp<\/a><div class='clear '><\/div><\/div>","protected":false},"excerpt":{"rendered":"<p>NETTALI.COM - Alors que l'\u00e9dition 2022\/2023 de la Ligue des champions et de la Coupe de la Conf\u00e9d\u00e9ration est en cours, la Conf\u00e9d\u00e9ration africaine de Football (CAF) a publi\u00e9 lundi la liste des clubs ayant obtenu une licence pour la saison. Le Casa Sports fait partie des 58 clubs qui ont obtenu la licence de [&hellip;]<\/p>\n","protected":false},"author":5,"featured_media":92088,"comment_status":"open","ping_status":"open","sticky":false,"template":"","format":"standard","meta":{"_et_pb_use_builder":"","_et_pb_old_content":""},"categories":[6],"tags":[],"yoast_head":"<!-- This site is optimized with the Yoast SEO Premium plugin v17.8 (Yoast SEO v17.8) - https:\/\/yoast.com\/wordpress\/plugins\/seo\/ -->\n<title>JARAAF EXCLU DE LA COUPE CAF - La FSF d\u00e9nonce une d\u00e9cision &quot;injustifi\u00e9e&quot; | Nettali.com<\/title>\n<meta name=\"robots\" content=\"index, follow, max-snippet:-1, max-image-preview:large, max-video-preview:-1\" \/>\n<link rel=\"canonical\" href=\"https:\/\/www.nettali.com\/2022\/08\/16\/jaraaf-exclu-de-la-coupe-caf-la-fsf-denonce-une-decision-injustifiee\/\" \/>\n<meta property=\"og:locale\" content=\"fr_FR\" \/>\n<meta property=\"og:type\" content=\"article\" \/>\n<meta property=\"og:title\" content=\"JARAAF EXCLU DE LA COUPE CAF - La FSF d\u00e9nonce une d\u00e9cision &quot;injustifi\u00e9e&quot;\" \/>\n<meta property=\"og:description\" content=\"NETTALI.COM - Alors que l&#039;\u00e9dition 2022\/2023 de la Ligue des champions et de la Coupe de la Conf\u00e9d\u00e9ration est en cours, la Conf\u00e9d\u00e9ration africaine de Football (CAF) a publi\u00e9 lundi la liste des clubs ayant obtenu une licence pour la saison. Le Casa Sports fait partie des 58 clubs qui ont obtenu la licence de [&hellip;]\" \/>\n<meta property=\"og:url\" content=\"https:\/\/www.nettali.com\/2022\/08\/16\/jaraaf-exclu-de-la-coupe-caf-la-fsf-denonce-une-decision-injustifiee\/\" \/>\n<meta property=\"og:site_name\" content=\"Nettali.com\" \/>\n<meta property=\"article:publisher\" content=\"https:\/\/www.facebook.com\/nettalicom\" \/>\n<meta property=\"article:published_time\" content=\"2022-08-16T20:19:28+00:00\" \/>\n<meta property=\"og:image\" content=\"https:\/\/www.nettali.com\/wp-content\/uploads\/2022\/08\/JARaaf.jpg\" \/>\n\t<meta property=\"og:image:width\" content=\"612\" \/>\n\t<meta property=\"og:image:height\" content=\"298\" \/>\n<meta name=\"twitter:card\" content=\"summary_large_image\" \/>\n<meta name=\"twitter:label1\" content=\"\u00c9crit par\" \/>\n\t<meta name=\"twitter:data1\" content=\"Ibrahima\" \/>\n\t<meta name=\"twitter:label2\" content=\"Dur\u00e9e de lecture estim\u00e9e\" \/>\n\t<meta name=\"twitter:data2\" content=\"3 minutes\" \/>\n<script type=\"application\/ld+json\" class=\"yoast-schema-graph\">{\"@context\":\"https:\/\/schema.org\",\"@graph\":[{\"@type\":\"WebSite\",\"@id\":\"https:\/\/www.nettali.com\/#website\",\"url\":\"https:\/\/www.nettali.com\/\",\"name\":\"Nettali.com\",\"description\":\"Le rendez-vous critique du Net\",\"potentialAction\":[{\"@type\":\"SearchAction\",\"target\":{\"@type\":\"EntryPoint\",\"urlTemplate\":\"https:\/\/www.nettali.com\/?s={search_term_string}\"},\"query-input\":\"required name=search_term_string\"}],\"inLanguage\":\"fr-FR\"},{\"@type\":\"ImageObject\",\"@id\":\"https:\/\/www.nettali.com\/2022\/08\/16\/jaraaf-exclu-de-la-coupe-caf-la-fsf-denonce-une-decision-injustifiee\/#primaryimage\",\"inLanguage\":\"fr-FR\",\"url\":\"https:\/\/www.nettali.com\/wp-content\/uploads\/2022\/08\/JARaaf.jpg\",\"contentUrl\":\"https:\/\/www.nettali.com\/wp-content\/uploads\/2022\/08\/JARaaf.jpg\",\"width\":612,\"height\":298},{\"@type\":\"WebPage\",\"@id\":\"https:\/\/www.nettali.com\/2022\/08\/16\/jaraaf-exclu-de-la-coupe-caf-la-fsf-denonce-une-decision-injustifiee\/#webpage\",\"url\":\"https:\/\/www.nettali.com\/2022\/08\/16\/jaraaf-exclu-de-la-coupe-caf-la-fsf-denonce-une-decision-injustifiee\/\",\"name\":\"JARAAF EXCLU DE LA COUPE CAF - La FSF d\\u00e9nonce une d\\u00e9cision \\\"injustifi\\u00e9e\\\" | Nettali.com\",\"isPartOf\":{\"@id\":\"https:\/\/www.nettali.com\/#website\"},\"primaryImageOfPage\":{\"@id\":\"https:\/\/www.nettali.com\/2022\/08\/16\/jaraaf-exclu-de-la-coupe-caf-la-fsf-denonce-une-decision-injustifiee\/#primaryimage\"},\"datePublished\":\"2022-08-16T20:19:28+00:00\",\"dateModified\":\"2022-08-16T20:19:28+00:00\",\"author\":{\"@id\":\"https:\/\/www.nettali.com\/#\/schema\/person\/bb147657c2986240405a608162b9bb23\"},\"breadcrumb\":{\"@id\":\"https:\/\/www.nettali.com\/2022\/08\/16\/jaraaf-exclu-de-la-coupe-caf-la-fsf-denonce-une-decision-injustifiee\/#breadcrumb\"},\"inLanguage\":\"fr-FR\",\"potentialAction\":[{\"@type\":\"ReadAction\",\"target\":[\"https:\/\/www.nettali.com\/2022\/08\/16\/jaraaf-exclu-de-la-coupe-caf-la-fsf-denonce-une-decision-injustifiee\/\"]}]},{\"@type\":\"BreadcrumbList\",\"@id\":\"https:\/\/www.nettali.com\/2022\/08\/16\/jaraaf-exclu-de-la-coupe-caf-la-fsf-denonce-une-decision-injustifiee\/#breadcrumb\",\"itemListElement\":[{\"@type\":\"ListItem\",\"position\":1,\"name\":\"Accueil\",\"item\":\"https:\/\/www.nettali.com\/\"},{\"@type\":\"ListItem\",\"position\":2,\"name\":\"JARAAF EXCLU DE LA COUPE CAF - La FSF d\\u00e9nonce une d\\u00e9cision \\\"injustifi\\u00e9e\\\"\"}]},{\"@type\":\"Person\",\"@id\":\"https:\/\/www.nettali.com\/#\/schema\/person\/bb147657c2986240405a608162b9bb23\",\"name\":\"Ibrahima\",\"image\":{\"@type\":\"ImageObject\",\"@id\":\"https:\/\/www.nettali.com\/#personlogo\",\"inLanguage\":\"fr-FR\",\"url\":\"https:\/\/secure.gravatar.com\/avatar\/26a8a81f09f0dd7624c9d5c36c9ba3a2?s=96&d=mm&r=g\",\"contentUrl\":\"https:\/\/secure.gravatar.com\/avatar\/26a8a81f09f0dd7624c9d5c36c9ba3a2?s=96&d=mm&r=g\",\"caption\":\"Ibrahima\"},\"sameAs\":[\"https:\/\/www.nettali.com\"]}]}<\/script>\n<!-- \/ Yoast SEO Premium plugin. -->","yoast_head_json":{"title":"JARAAF EXCLU DE LA COUPE CAF - La FSF d\u00e9nonce une d\u00e9cision \"injustifi\u00e9e\" | Nettali.com","robots":{"index":"index","follow":"follow","max-snippet":"max-snippet:-1","max-image-preview":"max-image-preview:large","max-video-preview":"max-video-preview:-1"},"canonical":"https:\/\/www.nettali.com\/2022\/08\/16\/jaraaf-exclu-de-la-coupe-caf-la-fsf-denonce-une-decision-injustifiee\/","og_locale":"fr_FR","og_type":"article","og_title":"JARAAF EXCLU DE LA COUPE CAF - La FSF d\u00e9nonce une d\u00e9cision \"injustifi\u00e9e\"","og_description":"NETTALI.COM - Alors que l'\u00e9dition 2022\/2023 de la Ligue des champions et de la Coupe de la Conf\u00e9d\u00e9ration est en cours, la Conf\u00e9d\u00e9ration africaine de Football (CAF) a publi\u00e9 lundi la liste des clubs ayant obtenu une licence pour la saison. Le Casa Sports fait partie des 58 clubs qui ont obtenu la licence de [&hellip;]","og_url":"https:\/\/www.nettali.com\/2022\/08\/16\/jaraaf-exclu-de-la-coupe-caf-la-fsf-denonce-une-decision-injustifiee\/","og_site_name":"Nettali.com","article_publisher":"https:\/\/www.facebook.com\/nettalicom","article_published_time":"2022-08-16T20:19:28+00:00","og_image":[{"width":612,"height":298,"url":"https:\/\/www.nettali.com\/wp-content\/uploads\/2022\/08\/JARaaf.jpg","type":"image\/jpeg"}],"twitter_card":"summary_large_image","twitter_misc":{"\u00c9crit par":"Ibrahima","Dur\u00e9e de lecture estim\u00e9e":"3 minutes"},"schema":{"@context":"https:\/\/schema.org","@graph":[{"@type":"WebSite","@id":"https:\/\/www.nettali.com\/#website","url":"https:\/\/www.nettali.com\/","name":"Nettali.com","description":"Le rendez-vous critique du Net","potentialAction":[{"@type":"SearchAction","target":{"@type":"EntryPoint","urlTemplate":"https:\/\/www.nettali.com\/?s={search_term_string}"},"query-input":"required name=search_term_string"}],"inLanguage":"fr-FR"},{"@type":"ImageObject","@id":"https:\/\/www.nettali.com\/2022\/08\/16\/jaraaf-exclu-de-la-coupe-caf-la-fsf-denonce-une-decision-injustifiee\/#primaryimage","inLanguage":"fr-FR","url":"https:\/\/www.nettali.com\/wp-content\/uploads\/2022\/08\/JARaaf.jpg","contentUrl":"https:\/\/www.nettali.com\/wp-content\/uploads\/2022\/08\/JARaaf.jpg","width":612,"height":298},{"@type":"WebPage","@id":"https:\/\/www.nettali.com\/2022\/08\/16\/jaraaf-exclu-de-la-coupe-caf-la-fsf-denonce-une-decision-injustifiee\/#webpage","url":"https:\/\/www.nettali.com\/2022\/08\/16\/jaraaf-exclu-de-la-coupe-caf-la-fsf-denonce-une-decision-injustifiee\/","name":"JARAAF EXCLU DE LA COUPE CAF - La FSF d\u00e9nonce une d\u00e9cision \"injustifi\u00e9e\" | Nettali.com","isPartOf":{"@id":"https:\/\/www.nettali.com\/#website"},"primaryImageOfPage":{"@id":"https:\/\/www.nettali.com\/2022\/08\/16\/jaraaf-exclu-de-la-coupe-caf-la-fsf-denonce-une-decision-injustifiee\/#primaryimage"},"datePublished":"2022-08-16T20:19:28+00:00","dateModified":"2022-08-16T20:19:28+00:00","author":{"@id":"https:\/\/www.nettali.com\/#\/schema\/person\/bb147657c2986240405a608162b9bb23"},"breadcrumb":{"@id":"https:\/\/www.nettali.com\/2022\/08\/16\/jaraaf-exclu-de-la-coupe-caf-la-fsf-denonce-une-decision-injustifiee\/#breadcrumb"},"inLanguage":"fr-FR","potentialAction":[{"@type":"ReadAction","target":["https:\/\/www.nettali.com\/2022\/08\/16\/jaraaf-exclu-de-la-coupe-caf-la-fsf-denonce-une-decision-injustifiee\/"]}]},{"@type":"BreadcrumbList","@id":"https:\/\/www.nettali.com\/2022\/08\/16\/jaraaf-exclu-de-la-coupe-caf-la-fsf-denonce-une-decision-injustifiee\/#breadcrumb","itemListElement":[{"@type":"ListItem","position":1,"name":"Accueil","item":"https:\/\/www.nettali.com\/"},{"@type":"ListItem","position":2,"name":"JARAAF EXCLU DE LA COUPE CAF - La FSF d\u00e9nonce une d\u00e9cision \"injustifi\u00e9e\""}]},{"@type":"Person","@id":"https:\/\/www.nettali.com\/#\/schema\/person\/bb147657c2986240405a608162b9bb23","name":"Ibrahima","image":{"@type":"ImageObject","@id":"https:\/\/www.nettali.com\/#personlogo","inLanguage":"fr-FR","url":"https:\/\/secure.gravatar.com\/avatar\/26a8a81f09f0dd7624c9d5c36c9ba3a2?s=96&d=mm&r=g","contentUrl":"https:\/\/secure.gravatar.com\/avatar\/26a8a81f09f0dd7624c9d5c36c9ba3a2?s=96&d=mm&r=g","caption":"Ibrahima"},"sameAs":["https:\/\/www.nettali.com"]}]}},"_links":{"self":[{"href":"https:\/\/www.nettali.com\/rest\/wp\/v2\/posts\/92087"}],"collection":[{"href":"https:\/\/www.nettali.com\/rest\/wp\/v2\/posts"}],"about":[{"href":"https:\/\/www.nettali.com\/rest\/wp\/v2\/types\/post"}],"author":[{"embeddable":true,"href":"https:\/\/www.nettali.com\/rest\/wp\/v2\/users\/5"}],"replies":[{"embeddable":true,"href":"https:\/\/www.nettali.com\/rest\/wp\/v2\/comments?post=92087"}],"version-history":[{"count":3,"href":"https:\/\/www.nettali.com\/rest\/wp\/v2\/posts\/92087\/revisions"}],"predecessor-version":[{"id":92097,"href":"https:\/\/www.nettali.com\/rest\/wp\/v2\/posts\/92087\/revisions\/92097"}],"wp:featuredmedia":[{"embeddable":true,"href":"https:\/\/www.nettali.com\/rest\/wp\/v2\/media\/92088"}],"wp:attachment":[{"href":"https:\/\/www.nettali.com\/rest\/wp\/v2\/media?parent=92087"}],"wp:term":[{"taxonomy":"category","embeddable":true,"href":"https:\/\/www.nettali.com\/rest\/wp\/v2\/categories?post=92087"},{"taxonomy":"post_tag","embeddable":true,"href":"https:\/\/www.nettali.com\/rest\/wp\/v2\/tags?post=92087"}],"curies":[{"name":"wp","href":"https:\/\/api.w.org\/{rel}","templated":true}]}}