{"id":92086,"date":"2022-08-16T20:28:35","date_gmt":"2022-08-16T20:28:35","guid":{"rendered":"https:\/\/www.nettali.com\/?p=92086"},"modified":"2022-08-16T20:28:35","modified_gmt":"2022-08-16T20:28:35","slug":"pape-mael-thiam-repond-aux-detracteurs-du-hcct-parmi-les-membres-de-lopposition-qui-denigrent-linstitution-certains-sont-comptables-du-bilan","status":"publish","type":"post","link":"https:\/\/www.nettali.com\/2022\/08\/16\/pape-mael-thiam-repond-aux-detracteurs-du-hcct-parmi-les-membres-de-lopposition-qui-denigrent-linstitution-certains-sont-comptables-du-bilan\/","title":{"rendered":"PAPE MAEL THIAM REPOND AUX D\u00c9TRACTEURS DU HCCT- \" Parmi les membres de l\u2019opposition qui d\u00e9nigrent l\u2019institution, certains sont comptables du bilan\""},"content":{"rendered":"<p><strong>NETTALI.COM - Le d\u00e9bat sur l'utilit\u00e9 du Haut conseil des collectivit\u00e9s territoriales (HCCT) a fait r\u00e9agir l\u2019institution. Son vice-pr\u00e9sident Pape Ma\u00ebl Thiam a fait face \u00e0 la presse, ce mardi 16 ao\u00fbt 2022 pour dire que \"parmi les membres de l\u2019opposition qui d\u00e9nigrent l\u2019institution, il y 'en a qui \u00e9taient des hauts conseillers qui ont si\u00e9g\u00e9 pendant 5 ans et qui ont particip\u00e9 aux travaux.\"<\/strong><\/p>\n<p>La date de l\u2019\u00e9lection des Hauts conseillers des collectivit\u00e9s territoriales (HCCT) est fix\u00e9e au 4 septembre 2022. Mais depuis quelques jours, le d\u00e9bat sur la pertinence de cette institution jug\u00e9e \"budg\u00e9tivoire\", est relanc\u00e9. C'est pourquoi son vice-pr\u00e9sident a fait face \u00e0 la presse ce mardi 16 ao\u00fbt 2022 pour d\u00e9noncer \"<em>les confusions malencontreusement entretenues<\/em>\".<\/p>\n<p>\"Depuis<em> que son excellence Macky Sall a fix\u00e9 la date de l\u2019\u00e9lection, il a \u00e9t\u00e9 not\u00e9 des d\u00e9clarations erron\u00e9es, des jugements h\u00e2tifs sur l\u2019utilit\u00e9 du haut conseil des collectivit\u00e9s territoriale<\/em>s\", a regrett\u00e9 Pape Ma\u00ebl Thiam.<\/p>\n<p>Tout en rappelant que \" <em>le HCCT est une recommandation des assises nationales dont fussent signataires la majorit\u00e9 des acteurs qui le fustigent aujourd\u2019hui<\/em> \", celui-ci ne manque pas d'ajouter que \" <em>la configuration politique de cette assembl\u00e9e consultative install\u00e9e apr\u00e8s les premi\u00e8res \u00e9lections du Hcct du 4 septembre 2016, comporte les repr\u00e9sentants des coalitions qui ont d\u00e9cid\u00e9 de boycotter le prochain scrutin<\/em>.\"<\/p>\n<p>A ce propos, M. Thiam souligne qu'on trouve au niveau du Haut conseil, des conseillers de \"Taxawu Dakar\", des conseillers du Pds, des hauts conseillers de l\u2019Ucs et d\u2019autres coalitions. \"<em>Parmi les membres de l\u2019opposition qui d\u00e9nigrent l\u2019institution, \u00e9taient des hauts conseillers et qui ont si\u00e9g\u00e9 pendant 5 ans et qui ont particip\u00e9 \u00e0 nos travaux. Ces coll\u00e8gues sont des t\u00e9moins patents et oculaires du bilan de l\u2019institution<\/em>\", ass\u00e8ne-t-il.<\/p>\n<p>Ces pr\u00e9cisions faites, M. Thiam soutient en effet que la cr\u00e9ation du Haut conseil est pertinente. \" <em>Elle est en coh\u00e9rence avec la vision du chef de l\u2019Etat d\u00e9clin\u00e9e dans le plan S\u00e9n\u00e9gal. C\u2019est une institution efficace. Elle est une utilit\u00e9 dans l\u2019attelage institutionnel de notre pays<\/em>\", pr\u00e9cise-t-il.<\/p>\n<p>Selon ses explications, l\u2019utilit\u00e9 du Haut conseil qui regroupe \" <em>les repr\u00e9sentants des collectivit\u00e9s territoriales mais \u00e9galement renforc\u00e9e par des experts, des universitaires, des juristes, des environnementalistes, des membres de la soci\u00e9t\u00e9 civile et d\u2019une frange importante de notre soci\u00e9t\u00e9 repr\u00e9sent\u00e9e par nos familles religieuses<\/em>\" peut \u00e9galement s\u2019illustrer par les r\u00e9sultats tangibles obtenus en si peu de temps. \" <em>En cinq ans, conform\u00e9ment \u00e0 ses missions et attributions, adoss\u00e9 \u00e0 un plan strat\u00e9gique con\u00e7u, le haut conseil des collectivit\u00e9s territoriales a \u00e9labor\u00e9 de nombreuses avis et recommandations, des contributions, des \u00e9tudes sur des th\u00e9matiques aussi vari\u00e9es et en coh\u00e9rence avec les trois axes du Plan S\u00e9n\u00e9gal \u00e9mergent et aux pr\u00e9occupations des s\u00e9n\u00e9galais. 5 rapports dont quatre annuels et un quinquennal ont \u00e9t\u00e9 produits<\/em>\", se r\u00e9jouit-il.<\/p>\n<p>Avant de poursuivre : \" <em>4 contributions, 6 \u00e9tudes, 26 avis r\u00e9partis en 548 recommandations motiv\u00e9es ont \u00e9t\u00e9 \u00e9labor\u00e9es et mis \u00e0 la disposition du pr\u00e9sident de la R\u00e9publique et du gouvernement ; Et ceci, \u00e0 travers l\u2019audition de 145 structures et personnalit\u00e9s<\/em>.\"<\/p>\n<p>A l'en croire, parmi ces personnalit\u00e9s, il y a des \u00e9lus locaux, des directeurs nationaux et g\u00e9n\u00e9raux, des ministres de la R\u00e9publique, de hauts cadres, des Ong, des organisations de la soci\u00e9t\u00e9 civiles et des partenaires techniques et financiers... \"<em> Certains n\u2019ont pas manqu\u00e9 de nous d\u00e9livrer des missions de f\u00e9licitations pour la qualit\u00e9 des travaux et des \u00e9changes au sein de notre structure. Ces avis, contributions, recommandations et \u00e9tudes formul\u00e9s par le Haut conseil ont permis au Pr\u00e9sident de la r\u00e9publique et \u00e0 son Gouvernement de lancer d\u2019importantes r\u00e9formes. Parmi lesquelles l\u2019\u00e9largissement du champ d\u2019intervention du Pacasen, le statut du chef de village<\/em>\", a salu\u00e9 Pape Ma\u00ebl Thiam.<\/p>\n<div class='share-to-whatsapp-wrapper'><div class='share-on-whsp'>PARTAGER SUR : <\/div><a data-text='PAPE MAEL THIAM REPOND AUX D\u00c9TRACTEURS DU HCCT- \" Parmi les membres de l\u2019opposition qui d\u00e9nigrent l\u2019institution, certains sont comptables du bilan\"' data-link='https:\/\/www.nettali.com\/2022\/08\/16\/pape-mael-thiam-repond-aux-detracteurs-du-hcct-parmi-les-membres-de-lopposition-qui-denigrent-linstitution-certains-sont-comptables-du-bilan\/' class='whatsapp-button whatsapp-share'>WhatsApp<\/a><div class='clear '><\/div><\/div>","protected":false},"excerpt":{"rendered":"<p>NETTALI.COM - Le d\u00e9bat sur l'utilit\u00e9 du Haut conseil des collectivit\u00e9s territoriales (HCCT) a fait r\u00e9agir l\u2019institution. Son vice-pr\u00e9sident Pape Ma\u00ebl Thiam a fait face \u00e0 la presse, ce mardi 16 ao\u00fbt 2022 pour dire que \"parmi les membres de l\u2019opposition qui d\u00e9nigrent l\u2019institution, il y 'en a qui \u00e9taient des hauts conseillers qui ont [&hellip;]<\/p>\n","protected":false},"author":6,"featured_media":92107,"comment_status":"open","ping_status":"open","sticky":false,"template":"","format":"standard","meta":{"_et_pb_use_builder":"","_et_pb_old_content":""},"categories":[2],"tags":[],"yoast_head":"<!-- This site is optimized with the Yoast SEO Premium plugin v17.8 (Yoast SEO v17.8) - https:\/\/yoast.com\/wordpress\/plugins\/seo\/ -->\n<title>PAPE MAEL THIAM REPOND AUX D\u00c9TRACTEURS DU HCCT- &quot; Parmi les membres de l\u2019opposition qui d\u00e9nigrent l\u2019institution, certains sont comptables du bilan&quot; | Nettali.com<\/title>\n<meta name=\"robots\" content=\"index, follow, max-snippet:-1, max-image-preview:large, max-video-preview:-1\" \/>\n<link rel=\"canonical\" href=\"https:\/\/www.nettali.com\/2022\/08\/16\/pape-mael-thiam-repond-aux-detracteurs-du-hcct-parmi-les-membres-de-lopposition-qui-denigrent-linstitution-certains-sont-comptables-du-bilan\/\" \/>\n<meta property=\"og:locale\" content=\"fr_FR\" \/>\n<meta property=\"og:type\" content=\"article\" \/>\n<meta property=\"og:title\" content=\"PAPE MAEL THIAM REPOND AUX D\u00c9TRACTEURS DU HCCT- &quot; Parmi les membres de l\u2019opposition qui d\u00e9nigrent l\u2019institution, certains sont comptables du bilan&quot;\" \/>\n<meta property=\"og:description\" content=\"NETTALI.COM - Le d\u00e9bat sur l&#039;utilit\u00e9 du Haut conseil des collectivit\u00e9s territoriales (HCCT) a fait r\u00e9agir l\u2019institution. Son vice-pr\u00e9sident Pape Ma\u00ebl Thiam a fait face \u00e0 la presse, ce mardi 16 ao\u00fbt 2022 pour dire que &quot;parmi les membres de l\u2019opposition qui d\u00e9nigrent l\u2019institution, il y &#039;en a qui \u00e9taient des hauts conseillers qui ont [&hellip;]\" \/>\n<meta property=\"og:url\" content=\"https:\/\/www.nettali.com\/2022\/08\/16\/pape-mael-thiam-repond-aux-detracteurs-du-hcct-parmi-les-membres-de-lopposition-qui-denigrent-linstitution-certains-sont-comptables-du-bilan\/\" \/>\n<meta property=\"og:site_name\" content=\"Nettali.com\" \/>\n<meta property=\"article:publisher\" content=\"https:\/\/www.facebook.com\/nettalicom\" \/>\n<meta property=\"article:published_time\" content=\"2022-08-16T20:28:35+00:00\" \/>\n<meta property=\"og:image\" content=\"https:\/\/www.nettali.com\/wp-content\/uploads\/2022\/08\/pape-mael-thiam.jpg\" \/>\n\t<meta property=\"og:image:width\" content=\"620\" \/>\n\t<meta property=\"og:image:height\" content=\"400\" \/>\n<meta name=\"twitter:card\" content=\"summary_large_image\" \/>\n<meta name=\"twitter:label1\" content=\"\u00c9crit par\" \/>\n\t<meta name=\"twitter:data1\" content=\"Fatou\" \/>\n\t<meta name=\"twitter:label2\" content=\"Dur\u00e9e de lecture estim\u00e9e\" \/>\n\t<meta name=\"twitter:data2\" content=\"4 minutes\" \/>\n<script type=\"application\/ld+json\" class=\"yoast-schema-graph\">{\"@context\":\"https:\/\/schema.org\",\"@graph\":[{\"@type\":\"WebSite\",\"@id\":\"https:\/\/www.nettali.com\/#website\",\"url\":\"https:\/\/www.nettali.com\/\",\"name\":\"Nettali.com\",\"description\":\"Le rendez-vous critique du Net\",\"potentialAction\":[{\"@type\":\"SearchAction\",\"target\":{\"@type\":\"EntryPoint\",\"urlTemplate\":\"https:\/\/www.nettali.com\/?s={search_term_string}\"},\"query-input\":\"required name=search_term_string\"}],\"inLanguage\":\"fr-FR\"},{\"@type\":\"ImageObject\",\"@id\":\"https:\/\/www.nettali.com\/2022\/08\/16\/pape-mael-thiam-repond-aux-detracteurs-du-hcct-parmi-les-membres-de-lopposition-qui-denigrent-linstitution-certains-sont-comptables-du-bilan\/#primaryimage\",\"inLanguage\":\"fr-FR\",\"url\":\"https:\/\/www.nettali.com\/wp-content\/uploads\/2022\/08\/pape-mael-thiam.jpg\",\"contentUrl\":\"https:\/\/www.nettali.com\/wp-content\/uploads\/2022\/08\/pape-mael-thiam.jpg\",\"width\":620,\"height\":400},{\"@type\":\"WebPage\",\"@id\":\"https:\/\/www.nettali.com\/2022\/08\/16\/pape-mael-thiam-repond-aux-detracteurs-du-hcct-parmi-les-membres-de-lopposition-qui-denigrent-linstitution-certains-sont-comptables-du-bilan\/#webpage\",\"url\":\"https:\/\/www.nettali.com\/2022\/08\/16\/pape-mael-thiam-repond-aux-detracteurs-du-hcct-parmi-les-membres-de-lopposition-qui-denigrent-linstitution-certains-sont-comptables-du-bilan\/\",\"name\":\"PAPE MAEL THIAM REPOND AUX D\\u00c9TRACTEURS DU HCCT- \\\" Parmi les membres de l\\u2019opposition qui d\\u00e9nigrent l\\u2019institution, certains sont comptables du bilan\\\" | Nettali.com\",\"isPartOf\":{\"@id\":\"https:\/\/www.nettali.com\/#website\"},\"primaryImageOfPage\":{\"@id\":\"https:\/\/www.nettali.com\/2022\/08\/16\/pape-mael-thiam-repond-aux-detracteurs-du-hcct-parmi-les-membres-de-lopposition-qui-denigrent-linstitution-certains-sont-comptables-du-bilan\/#primaryimage\"},\"datePublished\":\"2022-08-16T20:28:35+00:00\",\"dateModified\":\"2022-08-16T20:28:35+00:00\",\"author\":{\"@id\":\"https:\/\/www.nettali.com\/#\/schema\/person\/418274a86bdf87caff7a3ef476bd0bbf\"},\"breadcrumb\":{\"@id\":\"https:\/\/www.nettali.com\/2022\/08\/16\/pape-mael-thiam-repond-aux-detracteurs-du-hcct-parmi-les-membres-de-lopposition-qui-denigrent-linstitution-certains-sont-comptables-du-bilan\/#breadcrumb\"},\"inLanguage\":\"fr-FR\",\"potentialAction\":[{\"@type\":\"ReadAction\",\"target\":[\"https:\/\/www.nettali.com\/2022\/08\/16\/pape-mael-thiam-repond-aux-detracteurs-du-hcct-parmi-les-membres-de-lopposition-qui-denigrent-linstitution-certains-sont-comptables-du-bilan\/\"]}]},{\"@type\":\"BreadcrumbList\",\"@id\":\"https:\/\/www.nettali.com\/2022\/08\/16\/pape-mael-thiam-repond-aux-detracteurs-du-hcct-parmi-les-membres-de-lopposition-qui-denigrent-linstitution-certains-sont-comptables-du-bilan\/#breadcrumb\",\"itemListElement\":[{\"@type\":\"ListItem\",\"position\":1,\"name\":\"Accueil\",\"item\":\"https:\/\/www.nettali.com\/\"},{\"@type\":\"ListItem\",\"position\":2,\"name\":\"PAPE MAEL THIAM REPOND AUX D\\u00c9TRACTEURS DU HCCT- \\\" Parmi les membres de l\\u2019opposition qui d\\u00e9nigrent l\\u2019institution, certains sont comptables du bilan\\\"\"}]},{\"@type\":\"Person\",\"@id\":\"https:\/\/www.nettali.com\/#\/schema\/person\/418274a86bdf87caff7a3ef476bd0bbf\",\"name\":\"Fatou\",\"image\":{\"@type\":\"ImageObject\",\"@id\":\"https:\/\/www.nettali.com\/#personlogo\",\"inLanguage\":\"fr-FR\",\"url\":\"https:\/\/secure.gravatar.com\/avatar\/5a9442a2bee7b4dcf167cab035858e9a?s=96&d=mm&r=g\",\"contentUrl\":\"https:\/\/secure.gravatar.com\/avatar\/5a9442a2bee7b4dcf167cab035858e9a?s=96&d=mm&r=g\",\"caption\":\"Fatou\"},\"sameAs\":[\"https:\/\/www.nettali.com\"]}]}<\/script>\n<!-- \/ Yoast SEO Premium plugin. -->","yoast_head_json":{"title":"PAPE MAEL THIAM REPOND AUX D\u00c9TRACTEURS DU HCCT- \" Parmi les membres de l\u2019opposition qui d\u00e9nigrent l\u2019institution, certains sont comptables du bilan\" | Nettali.com","robots":{"index":"index","follow":"follow","max-snippet":"max-snippet:-1","max-image-preview":"max-image-preview:large","max-video-preview":"max-video-preview:-1"},"canonical":"https:\/\/www.nettali.com\/2022\/08\/16\/pape-mael-thiam-repond-aux-detracteurs-du-hcct-parmi-les-membres-de-lopposition-qui-denigrent-linstitution-certains-sont-comptables-du-bilan\/","og_locale":"fr_FR","og_type":"article","og_title":"PAPE MAEL THIAM REPOND AUX D\u00c9TRACTEURS DU HCCT- \" Parmi les membres de l\u2019opposition qui d\u00e9nigrent l\u2019institution, certains sont comptables du bilan\"","og_description":"NETTALI.COM - Le d\u00e9bat sur l'utilit\u00e9 du Haut conseil des collectivit\u00e9s territoriales (HCCT) a fait r\u00e9agir l\u2019institution. Son vice-pr\u00e9sident Pape Ma\u00ebl Thiam a fait face \u00e0 la presse, ce mardi 16 ao\u00fbt 2022 pour dire que \"parmi les membres de l\u2019opposition qui d\u00e9nigrent l\u2019institution, il y 'en a qui \u00e9taient des hauts conseillers qui ont [&hellip;]","og_url":"https:\/\/www.nettali.com\/2022\/08\/16\/pape-mael-thiam-repond-aux-detracteurs-du-hcct-parmi-les-membres-de-lopposition-qui-denigrent-linstitution-certains-sont-comptables-du-bilan\/","og_site_name":"Nettali.com","article_publisher":"https:\/\/www.facebook.com\/nettalicom","article_published_time":"2022-08-16T20:28:35+00:00","og_image":[{"width":620,"height":400,"url":"https:\/\/www.nettali.com\/wp-content\/uploads\/2022\/08\/pape-mael-thiam.jpg","type":"image\/jpeg"}],"twitter_card":"summary_large_image","twitter_misc":{"\u00c9crit par":"Fatou","Dur\u00e9e de lecture estim\u00e9e":"4 minutes"},"schema":{"@context":"https:\/\/schema.org","@graph":[{"@type":"WebSite","@id":"https:\/\/www.nettali.com\/#website","url":"https:\/\/www.nettali.com\/","name":"Nettali.com","description":"Le rendez-vous critique du Net","potentialAction":[{"@type":"SearchAction","target":{"@type":"EntryPoint","urlTemplate":"https:\/\/www.nettali.com\/?s={search_term_string}"},"query-input":"required name=search_term_string"}],"inLanguage":"fr-FR"},{"@type":"ImageObject","@id":"https:\/\/www.nettali.com\/2022\/08\/16\/pape-mael-thiam-repond-aux-detracteurs-du-hcct-parmi-les-membres-de-lopposition-qui-denigrent-linstitution-certains-sont-comptables-du-bilan\/#primaryimage","inLanguage":"fr-FR","url":"https:\/\/www.nettali.com\/wp-content\/uploads\/2022\/08\/pape-mael-thiam.jpg","contentUrl":"https:\/\/www.nettali.com\/wp-content\/uploads\/2022\/08\/pape-mael-thiam.jpg","width":620,"height":400},{"@type":"WebPage","@id":"https:\/\/www.nettali.com\/2022\/08\/16\/pape-mael-thiam-repond-aux-detracteurs-du-hcct-parmi-les-membres-de-lopposition-qui-denigrent-linstitution-certains-sont-comptables-du-bilan\/#webpage","url":"https:\/\/www.nettali.com\/2022\/08\/16\/pape-mael-thiam-repond-aux-detracteurs-du-hcct-parmi-les-membres-de-lopposition-qui-denigrent-linstitution-certains-sont-comptables-du-bilan\/","name":"PAPE MAEL THIAM REPOND AUX D\u00c9TRACTEURS DU HCCT- \" Parmi les membres de l\u2019opposition qui d\u00e9nigrent l\u2019institution, certains sont comptables du bilan\" | Nettali.com","isPartOf":{"@id":"https:\/\/www.nettali.com\/#website"},"primaryImageOfPage":{"@id":"https:\/\/www.nettali.com\/2022\/08\/16\/pape-mael-thiam-repond-aux-detracteurs-du-hcct-parmi-les-membres-de-lopposition-qui-denigrent-linstitution-certains-sont-comptables-du-bilan\/#primaryimage"},"datePublished":"2022-08-16T20:28:35+00:00","dateModified":"2022-08-16T20:28:35+00:00","author":{"@id":"https:\/\/www.nettali.com\/#\/schema\/person\/418274a86bdf87caff7a3ef476bd0bbf"},"breadcrumb":{"@id":"https:\/\/www.nettali.com\/2022\/08\/16\/pape-mael-thiam-repond-aux-detracteurs-du-hcct-parmi-les-membres-de-lopposition-qui-denigrent-linstitution-certains-sont-comptables-du-bilan\/#breadcrumb"},"inLanguage":"fr-FR","potentialAction":[{"@type":"ReadAction","target":["https:\/\/www.nettali.com\/2022\/08\/16\/pape-mael-thiam-repond-aux-detracteurs-du-hcct-parmi-les-membres-de-lopposition-qui-denigrent-linstitution-certains-sont-comptables-du-bilan\/"]}]},{"@type":"BreadcrumbList","@id":"https:\/\/www.nettali.com\/2022\/08\/16\/pape-mael-thiam-repond-aux-detracteurs-du-hcct-parmi-les-membres-de-lopposition-qui-denigrent-linstitution-certains-sont-comptables-du-bilan\/#breadcrumb","itemListElement":[{"@type":"ListItem","position":1,"name":"Accueil","item":"https:\/\/www.nettali.com\/"},{"@type":"ListItem","position":2,"name":"PAPE MAEL THIAM REPOND AUX D\u00c9TRACTEURS DU HCCT- \" Parmi les membres de l\u2019opposition qui d\u00e9nigrent l\u2019institution, certains sont comptables du bilan\""}]},{"@type":"Person","@id":"https:\/\/www.nettali.com\/#\/schema\/person\/418274a86bdf87caff7a3ef476bd0bbf","name":"Fatou","image":{"@type":"ImageObject","@id":"https:\/\/www.nettali.com\/#personlogo","inLanguage":"fr-FR","url":"https:\/\/secure.gravatar.com\/avatar\/5a9442a2bee7b4dcf167cab035858e9a?s=96&d=mm&r=g","contentUrl":"https:\/\/secure.gravatar.com\/avatar\/5a9442a2bee7b4dcf167cab035858e9a?s=96&d=mm&r=g","caption":"Fatou"},"sameAs":["https:\/\/www.nettali.com"]}]}},"_links":{"self":[{"href":"https:\/\/www.nettali.com\/rest\/wp\/v2\/posts\/92086"}],"collection":[{"href":"https:\/\/www.nettali.com\/rest\/wp\/v2\/posts"}],"about":[{"href":"https:\/\/www.nettali.com\/rest\/wp\/v2\/types\/post"}],"author":[{"embeddable":true,"href":"https:\/\/www.nettali.com\/rest\/wp\/v2\/users\/6"}],"replies":[{"embeddable":true,"href":"https:\/\/www.nettali.com\/rest\/wp\/v2\/comments?post=92086"}],"version-history":[{"count":4,"href":"https:\/\/www.nettali.com\/rest\/wp\/v2\/posts\/92086\/revisions"}],"predecessor-version":[{"id":92106,"href":"https:\/\/www.nettali.com\/rest\/wp\/v2\/posts\/92086\/revisions\/92106"}],"wp:featuredmedia":[{"embeddable":true,"href":"https:\/\/www.nettali.com\/rest\/wp\/v2\/media\/92107"}],"wp:attachment":[{"href":"https:\/\/www.nettali.com\/rest\/wp\/v2\/media?parent=92086"}],"wp:term":[{"taxonomy":"category","embeddable":true,"href":"https:\/\/www.nettali.com\/rest\/wp\/v2\/categories?post=92086"},{"taxonomy":"post_tag","embeddable":true,"href":"https:\/\/www.nettali.com\/rest\/wp\/v2\/tags?post=92086"}],"curies":[{"name":"wp","href":"https:\/\/api.w.org\/{rel}","templated":true}]}}