{"id":91937,"date":"2022-08-13T18:58:16","date_gmt":"2022-08-13T18:58:16","guid":{"rendered":"https:\/\/www.nettali.com\/?p=91937"},"modified":"2022-08-17T13:01:48","modified_gmt":"2022-08-17T13:01:48","slug":"flagrants-delires-ainsi-parlait-pape-diop","status":"publish","type":"post","link":"https:\/\/www.nettali.com\/2022\/08\/13\/flagrants-delires-ainsi-parlait-pape-diop\/","title":{"rendered":"FLAGRANTS DELIRES - Ainsi parlait Pape Diop !"},"content":{"rendered":"<p><strong>NETTALI.COM - Comment qualifier l'acte pos\u00e9 par Pape Diop, le leader de la coalition <em>BOKK GIS GIS LIGGEEY, en rejoignant la majorit\u00e9 au pouvoir, \u00e0 l'Assembl\u00e9e nationale ? Pour certains, l'ancien maire de Dakar est tout simplement \"un tra\u00eetre\" voire un homme \"redevable\" \u00e0 Macky Sall ; pour d'autres, il est libre de se lier \u00e0 qui il veut. <\/em>Un acte qu'il a en tout cas commis et qui est aux antipodes de ses prises de position, plus en ad\u00e9quation\u00a0 avec une posture d'opposant. Ainsi parlait Pape Diop...\u00a0\u00a0<\/strong><\/p>\n<p>\"<em>je crois savoir que dans l'ar\u00e8ne politique, il y a des candidats fantoches parce que ce sont des candidats de Macky Sall; ils sont nombreux. Je le r\u00e9p\u00e8te car une fois qu'on rentrera dans la campagne (des l\u00e9gislatives), vous vous rendrez compte que ce sont des candidats de Macky Sall<\/em>\", avait d\u00e9clar\u00e9 Pape Diop dans une assembl\u00e9e d'avant la campagne des l\u00e9gislatives, devant ses militants.<\/p>\n<p>Dans une autre assembl\u00e9e, il fustigeait la propension de Macky Sall \u00e0 d\u00e9baucher et d\u00e9criait la transhumance comme une pratique politique inutile et inefficace \"<em>Tout ce que Macky Sall avait en 2012, il l'avait d\u00e9bauch\u00e9. Mais au finish, cela ne lui a rien servi. Parce que les S\u00e9n\u00e9galais qui votent n'aiment pas \u00e7a. En v\u00e9rit\u00e9, les transhumants, au moment de partir, ils ne vont pas emmener le tiers de ce qu'ils avaient. Ils peuvent aller ensemble, mais au final ils vont r\u00e9tracter. Donc, tout ce que fait Macky Sall n'a pas de sens. Il n'a qu'\u00e0 travailler. Faire un travail remarquable que le S\u00e9n\u00e9galais appr\u00e9cieront. C'est ainsi que le S\u00e9n\u00e9galais vont voter pour lui<\/em>\".<\/p>\n<p>Dans un de ses autres discours, \u00e0 Diamniadio, il qualifiait le pr\u00e9sident d'\"incomp\u00e9tent\" : \"<em>Son affaire de Diamniadio, s\u2019il n \u2019 y avait pas l\u2019autoroute, Macky n\u2019allait jamais y penser. En effet, l\u2019Id\u00e9e de cr\u00e9er une zone industrielle n\u2019\u00e9tait pas de lui, mais de Me Wade. Mais les g\u00e9ologues \u00e0 l\u2019\u00e9poque, avaient dit que les sols sont gonflants. La preuve, m\u00eame les murs commencent \u00e0 se fissurer alors que les constructions ne sont pas encore termin\u00e9s. Pour dire que Macky Sall ne sait rien: Mom Thioun\u00e9 leu<\/em> \".<\/p>\n<p>Difficile apr\u00e8s tous ces propos acerbes et critiques, de savoir comment Pape Diop a pu rallier le \"Macky\" !<\/p>\n<p>\u00ab\u00a0<em>J\u2019ai pris, en toute responsabilit\u00e9 et apr\u00e8s m\u00fbre r\u00e9flexion, la d\u00e9cision de me joindre au groupe parlementaire qui sera mis sur pied par la coalition pr\u00e9sidentielle, Benno Bokk Yaakaar<\/em>\u00a0\u00bb, a inform\u00e9 Pape Diop. A l\u2019en croire, la coalition pr\u00e9sidentielle n\u2019en \u00e9tait pas inform\u00e9e. \u00ab\u00a0<em>Cette d\u00e9cision que j\u2019ai prise sans discussion aucune avec la coalition au pouvoir, et donc sans condition, est simplement motiv\u00e9e par le souci d\u2019\u00e9viter \u00e0 notre cher pays la situation que je viens de d\u00e9crire. Je pense qu\u2019il \u00e9tait donc de mon devoir, en tant qu\u2019acteur politique attach\u00e9 \u00e0 la bonne marche de notre Etat ainsi qu\u2019au fonctionnement correct de nos Institutions, de prendre une telle d\u00e9cision, apr\u00e8s en avoir discut\u00e9 avec mon parti et toutes les composantes de la coalition BOKK GIS GIS LIGGEEY qui l\u2019ont approuv\u00e9e<\/em>\u00a0\u00bb, a-t-il pr\u00e9cis\u00e9.<\/p>\n<p>Sur ses motivations, l\u2019ancien pr\u00e9sident de l\u2019Assembl\u00e9e nationale justifie sa d\u00e9cision par le souci d\u2019\u00e9viter une crise institutionnelle. \u00ab\u00a0<em>Vu la nature pr\u00e9sidentialiste de notre syst\u00e8me politique, une Assembl\u00e9e Nationale plac\u00e9e sous le contr\u00f4le de l\u2019opposition, d\u00e9bouchera forc\u00e9ment sur une crise institutionnelle grosse de tous les dangers<\/em>\u00a0\u00bb, a argu\u00e9 Pape Diop.<\/p>\n<p>En effet, commentant les r\u00e9sultats des \u00e9lections l\u00e9gislatives, il a soutenu que \u00ab\u00a0<em>le peuple souverain a d\u00e9cid\u00e9 d\u2019instituer un rapport de force plus \u00e9quilibr\u00e9 entre le Pouvoir et l\u2019Opposition\u00a0<\/em>\u00bb. Poursuivant, il ajoute\u00a0: \u00ab\u00a0<em>nous devons en \u00eatre fiers et respecter ce choix des \u00e9lecteurs qui, souverainement, ont d\u00e9cid\u00e9 de r\u00e9\u00e9quilibrer les forces politiques en pr\u00e9sence.\u00a0<\/em>\u00bb Toutefois, pense-t-il, \u00ab\u00a0<em>il nous faut \u00e9viter que cette belle opportunit\u00e9 ne se transforme en difficult\u00e9 pour la bonne marche de notre pays et de nos Institutions.\u00a0<\/em>\u00bb Dans ce sens, il estime \u00ab\u00a0<em>qu\u2019il faut \u00e9viter que ce sc\u00e9nario que personne n\u2019avait pr\u00e9vu ne d\u00e9bouche sur un blocage dans le fonctionnement de nos Institutions.<\/em>\u00a0\u00bb<\/p>\n<p>Toujours pour justifier sa d\u00e9cision, Pape Diop explique que \u00ab\u00a0<em>faute de pouvoir s\u2019appuyer sur une Assembl\u00e9e dont la configuration n\u2019entravera en rien son action, le pr\u00e9sident de la R\u00e9publique sera amen\u00e9 \u00e0 gouverner par ordonnance. Ce qui serait manifestement un recul pr\u00e9judiciable \u00e0 notre syst\u00e8me d\u00e9mocratique. Le cas \u00e9ch\u00e9ant, qu\u2019on le veuille ou non, l\u2019Assembl\u00e9e Nationale se transformera, non pas en contre-pouvoir, mais plut\u00f4t en un goulot d\u2019\u00e9tranglement \u00e0 l\u2019action du pr\u00e9sident de la R\u00e9publique et de son Gouvernement.<\/em>\u00a0\u00bb<\/p>\n<p>D\u2019apr\u00e8s ses explications, c\u2019est \u00ab<em>\u00a0face \u00e0 cette sombre perspective qui pourrait donner lieu \u00e0 une crise institutionnelle sans pr\u00e9c\u00e9dent, \u00e0 toutes sortes de blocages et peut-\u00eatre m\u00eame \u00e0 des tentatives de prise du pouvoir par des canaux non d\u00e9mocratiques, dans un contexte o\u00f9 notre pays est l\u2019objet de toutes les convoitises avec la d\u00e9couverte de ressources p\u00e9troli\u00e8res et gazi\u00e8res sur notre sol<\/em>\u00a0\u00bb qu\u2019il a d\u00e9cid\u00e9 de ne pas rejoindre l\u2019opposition parlementaire.<\/p>\n<div class='share-to-whatsapp-wrapper'><div class='share-on-whsp'>PARTAGER SUR : <\/div><a data-text='FLAGRANTS DELIRES - Ainsi parlait Pape Diop !' data-link='https:\/\/www.nettali.com\/2022\/08\/13\/flagrants-delires-ainsi-parlait-pape-diop\/' class='whatsapp-button whatsapp-share'>WhatsApp<\/a><div class='clear '><\/div><\/div>","protected":false},"excerpt":{"rendered":"<p>NETTALI.COM - Comment qualifier l'acte pos\u00e9 par Pape Diop, le leader de la coalition BOKK GIS GIS LIGGEEY, en rejoignant la majorit\u00e9 au pouvoir, \u00e0 l'Assembl\u00e9e nationale ? Pour certains, l'ancien maire de Dakar est tout simplement \"un tra\u00eetre\" voire un homme \"redevable\" \u00e0 Macky Sall ; pour d'autres, il est libre de se lier [&hellip;]<\/p>\n","protected":false},"author":2,"featured_media":91796,"comment_status":"open","ping_status":"open","sticky":false,"template":"","format":"standard","meta":{"_et_pb_use_builder":"","_et_pb_old_content":""},"categories":[11],"tags":[],"yoast_head":"<!-- This site is optimized with the Yoast SEO Premium plugin v17.8 (Yoast SEO v17.8) - https:\/\/yoast.com\/wordpress\/plugins\/seo\/ -->\n<title>FLAGRANTS DELIRES - Ainsi parlait Pape Diop ! | Nettali.com<\/title>\n<meta name=\"robots\" content=\"index, follow, max-snippet:-1, max-image-preview:large, max-video-preview:-1\" \/>\n<link rel=\"canonical\" href=\"https:\/\/www.nettali.com\/2022\/08\/13\/flagrants-delires-ainsi-parlait-pape-diop\/\" \/>\n<meta property=\"og:locale\" content=\"fr_FR\" \/>\n<meta property=\"og:type\" content=\"article\" \/>\n<meta property=\"og:title\" content=\"FLAGRANTS DELIRES - Ainsi parlait Pape Diop !\" \/>\n<meta property=\"og:description\" content=\"NETTALI.COM - Comment qualifier l&#039;acte pos\u00e9 par Pape Diop, le leader de la coalition BOKK GIS GIS LIGGEEY, en rejoignant la majorit\u00e9 au pouvoir, \u00e0 l&#039;Assembl\u00e9e nationale ? Pour certains, l&#039;ancien maire de Dakar est tout simplement &quot;un tra\u00eetre&quot; voire un homme &quot;redevable&quot; \u00e0 Macky Sall ; pour d&#039;autres, il est libre de se lier [&hellip;]\" \/>\n<meta property=\"og:url\" content=\"https:\/\/www.nettali.com\/2022\/08\/13\/flagrants-delires-ainsi-parlait-pape-diop\/\" \/>\n<meta property=\"og:site_name\" content=\"Nettali.com\" \/>\n<meta property=\"article:publisher\" content=\"https:\/\/www.facebook.com\/nettalicom\" \/>\n<meta property=\"article:published_time\" content=\"2022-08-13T18:58:16+00:00\" \/>\n<meta property=\"article:modified_time\" content=\"2022-08-17T13:01:48+00:00\" \/>\n<meta property=\"og:image\" content=\"https:\/\/www.nettali.com\/wp-content\/uploads\/2022\/08\/dd978c9da001be4322c6560db6985e-63216.jpg\" \/>\n\t<meta property=\"og:image:width\" content=\"954\" \/>\n\t<meta property=\"og:image:height\" content=\"501\" \/>\n<meta name=\"twitter:card\" content=\"summary_large_image\" \/>\n<meta name=\"twitter:label1\" content=\"\u00c9crit par\" \/>\n\t<meta name=\"twitter:data1\" content=\"CK\" \/>\n\t<meta name=\"twitter:label2\" content=\"Dur\u00e9e de lecture estim\u00e9e\" \/>\n\t<meta name=\"twitter:data2\" content=\"5 minutes\" \/>\n<script type=\"application\/ld+json\" class=\"yoast-schema-graph\">{\"@context\":\"https:\/\/schema.org\",\"@graph\":[{\"@type\":\"WebSite\",\"@id\":\"https:\/\/www.nettali.com\/#website\",\"url\":\"https:\/\/www.nettali.com\/\",\"name\":\"Nettali.com\",\"description\":\"Le rendez-vous critique du Net\",\"potentialAction\":[{\"@type\":\"SearchAction\",\"target\":{\"@type\":\"EntryPoint\",\"urlTemplate\":\"https:\/\/www.nettali.com\/?s={search_term_string}\"},\"query-input\":\"required name=search_term_string\"}],\"inLanguage\":\"fr-FR\"},{\"@type\":\"ImageObject\",\"@id\":\"https:\/\/www.nettali.com\/2022\/08\/13\/flagrants-delires-ainsi-parlait-pape-diop\/#primaryimage\",\"inLanguage\":\"fr-FR\",\"url\":\"https:\/\/www.nettali.com\/wp-content\/uploads\/2022\/08\/dd978c9da001be4322c6560db6985e-63216.jpg\",\"contentUrl\":\"https:\/\/www.nettali.com\/wp-content\/uploads\/2022\/08\/dd978c9da001be4322c6560db6985e-63216.jpg\",\"width\":954,\"height\":501},{\"@type\":\"WebPage\",\"@id\":\"https:\/\/www.nettali.com\/2022\/08\/13\/flagrants-delires-ainsi-parlait-pape-diop\/#webpage\",\"url\":\"https:\/\/www.nettali.com\/2022\/08\/13\/flagrants-delires-ainsi-parlait-pape-diop\/\",\"name\":\"FLAGRANTS DELIRES - Ainsi parlait Pape Diop ! | Nettali.com\",\"isPartOf\":{\"@id\":\"https:\/\/www.nettali.com\/#website\"},\"primaryImageOfPage\":{\"@id\":\"https:\/\/www.nettali.com\/2022\/08\/13\/flagrants-delires-ainsi-parlait-pape-diop\/#primaryimage\"},\"datePublished\":\"2022-08-13T18:58:16+00:00\",\"dateModified\":\"2022-08-17T13:01:48+00:00\",\"author\":{\"@id\":\"https:\/\/www.nettali.com\/#\/schema\/person\/d8ac7b7e27ddad43f1c0d2ef090d7f71\"},\"breadcrumb\":{\"@id\":\"https:\/\/www.nettali.com\/2022\/08\/13\/flagrants-delires-ainsi-parlait-pape-diop\/#breadcrumb\"},\"inLanguage\":\"fr-FR\",\"potentialAction\":[{\"@type\":\"ReadAction\",\"target\":[\"https:\/\/www.nettali.com\/2022\/08\/13\/flagrants-delires-ainsi-parlait-pape-diop\/\"]}]},{\"@type\":\"BreadcrumbList\",\"@id\":\"https:\/\/www.nettali.com\/2022\/08\/13\/flagrants-delires-ainsi-parlait-pape-diop\/#breadcrumb\",\"itemListElement\":[{\"@type\":\"ListItem\",\"position\":1,\"name\":\"Accueil\",\"item\":\"https:\/\/www.nettali.com\/\"},{\"@type\":\"ListItem\",\"position\":2,\"name\":\"FLAGRANTS DELIRES - Ainsi parlait Pape Diop !\"}]},{\"@type\":\"Person\",\"@id\":\"https:\/\/www.nettali.com\/#\/schema\/person\/d8ac7b7e27ddad43f1c0d2ef090d7f71\",\"name\":\"CK\",\"image\":{\"@type\":\"ImageObject\",\"@id\":\"https:\/\/www.nettali.com\/#personlogo\",\"inLanguage\":\"fr-FR\",\"url\":\"https:\/\/secure.gravatar.com\/avatar\/1d8d5118b9327d94da7cd4ce7f17fec2?s=96&d=mm&r=g\",\"contentUrl\":\"https:\/\/secure.gravatar.com\/avatar\/1d8d5118b9327d94da7cd4ce7f17fec2?s=96&d=mm&r=g\",\"caption\":\"CK\"},\"sameAs\":[\"https:\/\/www.nettali.com\"]}]}<\/script>\n<!-- \/ Yoast SEO Premium plugin. -->","yoast_head_json":{"title":"FLAGRANTS DELIRES - Ainsi parlait Pape Diop ! | Nettali.com","robots":{"index":"index","follow":"follow","max-snippet":"max-snippet:-1","max-image-preview":"max-image-preview:large","max-video-preview":"max-video-preview:-1"},"canonical":"https:\/\/www.nettali.com\/2022\/08\/13\/flagrants-delires-ainsi-parlait-pape-diop\/","og_locale":"fr_FR","og_type":"article","og_title":"FLAGRANTS DELIRES - Ainsi parlait Pape Diop !","og_description":"NETTALI.COM - Comment qualifier l'acte pos\u00e9 par Pape Diop, le leader de la coalition BOKK GIS GIS LIGGEEY, en rejoignant la majorit\u00e9 au pouvoir, \u00e0 l'Assembl\u00e9e nationale ? Pour certains, l'ancien maire de Dakar est tout simplement \"un tra\u00eetre\" voire un homme \"redevable\" \u00e0 Macky Sall ; pour d'autres, il est libre de se lier [&hellip;]","og_url":"https:\/\/www.nettali.com\/2022\/08\/13\/flagrants-delires-ainsi-parlait-pape-diop\/","og_site_name":"Nettali.com","article_publisher":"https:\/\/www.facebook.com\/nettalicom","article_published_time":"2022-08-13T18:58:16+00:00","article_modified_time":"2022-08-17T13:01:48+00:00","og_image":[{"width":954,"height":501,"url":"https:\/\/www.nettali.com\/wp-content\/uploads\/2022\/08\/dd978c9da001be4322c6560db6985e-63216.jpg","type":"image\/jpeg"}],"twitter_card":"summary_large_image","twitter_misc":{"\u00c9crit par":"CK","Dur\u00e9e de lecture estim\u00e9e":"5 minutes"},"schema":{"@context":"https:\/\/schema.org","@graph":[{"@type":"WebSite","@id":"https:\/\/www.nettali.com\/#website","url":"https:\/\/www.nettali.com\/","name":"Nettali.com","description":"Le rendez-vous critique du Net","potentialAction":[{"@type":"SearchAction","target":{"@type":"EntryPoint","urlTemplate":"https:\/\/www.nettali.com\/?s={search_term_string}"},"query-input":"required name=search_term_string"}],"inLanguage":"fr-FR"},{"@type":"ImageObject","@id":"https:\/\/www.nettali.com\/2022\/08\/13\/flagrants-delires-ainsi-parlait-pape-diop\/#primaryimage","inLanguage":"fr-FR","url":"https:\/\/www.nettali.com\/wp-content\/uploads\/2022\/08\/dd978c9da001be4322c6560db6985e-63216.jpg","contentUrl":"https:\/\/www.nettali.com\/wp-content\/uploads\/2022\/08\/dd978c9da001be4322c6560db6985e-63216.jpg","width":954,"height":501},{"@type":"WebPage","@id":"https:\/\/www.nettali.com\/2022\/08\/13\/flagrants-delires-ainsi-parlait-pape-diop\/#webpage","url":"https:\/\/www.nettali.com\/2022\/08\/13\/flagrants-delires-ainsi-parlait-pape-diop\/","name":"FLAGRANTS DELIRES - Ainsi parlait Pape Diop ! | Nettali.com","isPartOf":{"@id":"https:\/\/www.nettali.com\/#website"},"primaryImageOfPage":{"@id":"https:\/\/www.nettali.com\/2022\/08\/13\/flagrants-delires-ainsi-parlait-pape-diop\/#primaryimage"},"datePublished":"2022-08-13T18:58:16+00:00","dateModified":"2022-08-17T13:01:48+00:00","author":{"@id":"https:\/\/www.nettali.com\/#\/schema\/person\/d8ac7b7e27ddad43f1c0d2ef090d7f71"},"breadcrumb":{"@id":"https:\/\/www.nettali.com\/2022\/08\/13\/flagrants-delires-ainsi-parlait-pape-diop\/#breadcrumb"},"inLanguage":"fr-FR","potentialAction":[{"@type":"ReadAction","target":["https:\/\/www.nettali.com\/2022\/08\/13\/flagrants-delires-ainsi-parlait-pape-diop\/"]}]},{"@type":"BreadcrumbList","@id":"https:\/\/www.nettali.com\/2022\/08\/13\/flagrants-delires-ainsi-parlait-pape-diop\/#breadcrumb","itemListElement":[{"@type":"ListItem","position":1,"name":"Accueil","item":"https:\/\/www.nettali.com\/"},{"@type":"ListItem","position":2,"name":"FLAGRANTS DELIRES - Ainsi parlait Pape Diop !"}]},{"@type":"Person","@id":"https:\/\/www.nettali.com\/#\/schema\/person\/d8ac7b7e27ddad43f1c0d2ef090d7f71","name":"CK","image":{"@type":"ImageObject","@id":"https:\/\/www.nettali.com\/#personlogo","inLanguage":"fr-FR","url":"https:\/\/secure.gravatar.com\/avatar\/1d8d5118b9327d94da7cd4ce7f17fec2?s=96&d=mm&r=g","contentUrl":"https:\/\/secure.gravatar.com\/avatar\/1d8d5118b9327d94da7cd4ce7f17fec2?s=96&d=mm&r=g","caption":"CK"},"sameAs":["https:\/\/www.nettali.com"]}]}},"_links":{"self":[{"href":"https:\/\/www.nettali.com\/rest\/wp\/v2\/posts\/91937"}],"collection":[{"href":"https:\/\/www.nettali.com\/rest\/wp\/v2\/posts"}],"about":[{"href":"https:\/\/www.nettali.com\/rest\/wp\/v2\/types\/post"}],"author":[{"embeddable":true,"href":"https:\/\/www.nettali.com\/rest\/wp\/v2\/users\/2"}],"replies":[{"embeddable":true,"href":"https:\/\/www.nettali.com\/rest\/wp\/v2\/comments?post=91937"}],"version-history":[{"count":2,"href":"https:\/\/www.nettali.com\/rest\/wp\/v2\/posts\/91937\/revisions"}],"predecessor-version":[{"id":91939,"href":"https:\/\/www.nettali.com\/rest\/wp\/v2\/posts\/91937\/revisions\/91939"}],"wp:featuredmedia":[{"embeddable":true,"href":"https:\/\/www.nettali.com\/rest\/wp\/v2\/media\/91796"}],"wp:attachment":[{"href":"https:\/\/www.nettali.com\/rest\/wp\/v2\/media?parent=91937"}],"wp:term":[{"taxonomy":"category","embeddable":true,"href":"https:\/\/www.nettali.com\/rest\/wp\/v2\/categories?post=91937"},{"taxonomy":"post_tag","embeddable":true,"href":"https:\/\/www.nettali.com\/rest\/wp\/v2\/tags?post=91937"}],"curies":[{"name":"wp","href":"https:\/\/api.w.org\/{rel}","templated":true}]}}