{"id":91905,"date":"2022-08-13T08:08:45","date_gmt":"2022-08-13T08:08:45","guid":{"rendered":"https:\/\/www.nettali.com\/?p=91905"},"modified":"2022-08-15T08:04:59","modified_gmt":"2022-08-15T08:04:59","slug":"assemblee-nationale-pape-djibril-fall-et-thierno-alassane-sall-choisissent-leur-camp","status":"publish","type":"post","link":"https:\/\/www.nettali.com\/2022\/08\/13\/assemblee-nationale-pape-djibril-fall-et-thierno-alassane-sall-choisissent-leur-camp\/","title":{"rendered":"ASSEMBLEE NATIONALE \u2013 Pape Djibril Fall et Thierno Alassane Sall choisissent leur camp"},"content":{"rendered":"<p><strong>NETTALI.COM - Alors que Pape Diop a choisi de rejoindre la coalition Benno Bokk Yaakaar, le journaliste Pape Djibril Fall et l\u2019ancien ministre, Thierno Alassane Sall, ont d\u00e9cid\u00e9 de ne rallier aucun groupe parlementaire, m\u00eame s\u2019ils disent confirmer leur ancrage dans l\u2019opposition. Ils ont d\u00e9cid\u00e9 d\u2019\u00eatre des \u00abnon-inscrits\u00bb. <\/strong><\/p>\n<p>On est maintenant fix\u00e9 sur le choix des 3 d\u00e9put\u00e9s qui pouvaient faire pencher la balance du c\u00f4t\u00e9 de la mouvance pr\u00e9sidentielle ou de l\u2019opposition \u00e0 l\u2019Assembl\u00e9e nationale. Si l\u2019ancien maire de Dakar et ex-pr\u00e9sident de l\u2019Assembl\u00e9e nationale, Pape Diop, \u00a0a choisi d\u2019int\u00e9grer le groupe parlementaire de la coalition \u00ab\u00a0Benno Bokk Yaakaar\u00a0\u00bb, Thierno Alassane Sall d\u2019AAR S\u00e9n\u00e9gal et Pape Djibril Fall de Les Serviteurs ont r\u00e9affirm\u00e9 leur ancrage dans l\u2019opposition. Toutefois, ils ont d\u00e9cid\u00e9 d\u2019\u00eatre des \u00ab\u00a0non-inscrits\u00a0\u00bb. Autrement dit, ils n\u2019iront ni renforcer la majorit\u00e9 de Benno, ni s\u2019ajouter m\u00e9caniquement aux 80 d\u00e9put\u00e9s de Yewwi-Wallu.<\/p>\n<p>D\u00e9j\u00e0, dans les r\u00e9seaux sociaux, ils commencent \u00e0 \u00eatre lynch\u00e9s, leurs d\u00e9tracteurs estimant qu\u2019en agissant ainsi, ils ne font que renforcer le camp pr\u00e9sidentiel. Du coup, ils donnent raison \u00e0 Ousmane Sonko qui soutenait qu\u2019\u00e0 par Yewwi-Wallu, tout le reste sont des alli\u00e9s de Macky Sall.<\/p>\n<p>&nbsp;<\/p>\n<div class='share-to-whatsapp-wrapper'><div class='share-on-whsp'>PARTAGER SUR : <\/div><a data-text='ASSEMBLEE NATIONALE \u2013 Pape Djibril Fall et Thierno Alassane Sall choisissent leur camp' data-link='https:\/\/www.nettali.com\/2022\/08\/13\/assemblee-nationale-pape-djibril-fall-et-thierno-alassane-sall-choisissent-leur-camp\/' class='whatsapp-button whatsapp-share'>WhatsApp<\/a><div class='clear '><\/div><\/div>","protected":false},"excerpt":{"rendered":"<p>NETTALI.COM - Alors que Pape Diop a choisi de rejoindre la coalition Benno Bokk Yaakaar, le journaliste Pape Djibril Fall et l\u2019ancien ministre, Thierno Alassane Sall, ont d\u00e9cid\u00e9 de ne rallier aucun groupe parlementaire, m\u00eame s\u2019ils disent confirmer leur ancrage dans l\u2019opposition. Ils ont d\u00e9cid\u00e9 d\u2019\u00eatre des \u00abnon-inscrits\u00bb. On est maintenant fix\u00e9 sur le choix [&hellip;]<\/p>\n","protected":false},"author":4,"featured_media":91906,"comment_status":"open","ping_status":"open","sticky":false,"template":"","format":"standard","meta":{"_et_pb_use_builder":"","_et_pb_old_content":""},"categories":[2],"tags":[],"yoast_head":"<!-- This site is optimized with the Yoast SEO Premium plugin v17.8 (Yoast SEO v17.8) - https:\/\/yoast.com\/wordpress\/plugins\/seo\/ -->\n<title>ASSEMBLEE NATIONALE \u2013 Pape Djibril Fall et Thierno Alassane Sall choisissent leur camp | Nettali.com<\/title>\n<meta name=\"robots\" content=\"index, follow, max-snippet:-1, max-image-preview:large, max-video-preview:-1\" \/>\n<link rel=\"canonical\" href=\"https:\/\/www.nettali.com\/2022\/08\/13\/assemblee-nationale-pape-djibril-fall-et-thierno-alassane-sall-choisissent-leur-camp\/\" \/>\n<meta property=\"og:locale\" content=\"fr_FR\" \/>\n<meta property=\"og:type\" content=\"article\" \/>\n<meta property=\"og:title\" content=\"ASSEMBLEE NATIONALE \u2013 Pape Djibril Fall et Thierno Alassane Sall choisissent leur camp\" \/>\n<meta property=\"og:description\" content=\"NETTALI.COM - Alors que Pape Diop a choisi de rejoindre la coalition Benno Bokk Yaakaar, le journaliste Pape Djibril Fall et l\u2019ancien ministre, Thierno Alassane Sall, ont d\u00e9cid\u00e9 de ne rallier aucun groupe parlementaire, m\u00eame s\u2019ils disent confirmer leur ancrage dans l\u2019opposition. Ils ont d\u00e9cid\u00e9 d\u2019\u00eatre des \u00abnon-inscrits\u00bb. On est maintenant fix\u00e9 sur le choix [&hellip;]\" \/>\n<meta property=\"og:url\" content=\"https:\/\/www.nettali.com\/2022\/08\/13\/assemblee-nationale-pape-djibril-fall-et-thierno-alassane-sall-choisissent-leur-camp\/\" \/>\n<meta property=\"og:site_name\" content=\"Nettali.com\" \/>\n<meta property=\"article:publisher\" content=\"https:\/\/www.facebook.com\/nettalicom\" \/>\n<meta property=\"article:published_time\" content=\"2022-08-13T08:08:45+00:00\" \/>\n<meta property=\"article:modified_time\" content=\"2022-08-15T08:04:59+00:00\" \/>\n<meta property=\"og:image\" content=\"https:\/\/www.nettali.com\/wp-content\/uploads\/2022\/08\/pape-diop-pape-djibril-fall-TAS.jpeg\" \/>\n\t<meta property=\"og:image:width\" content=\"605\" \/>\n\t<meta property=\"og:image:height\" content=\"406\" \/>\n<meta name=\"twitter:card\" content=\"summary_large_image\" \/>\n<meta name=\"twitter:label1\" content=\"\u00c9crit par\" \/>\n\t<meta name=\"twitter:data1\" content=\"Daouda\" \/>\n\t<meta name=\"twitter:label2\" content=\"Dur\u00e9e de lecture estim\u00e9e\" \/>\n\t<meta name=\"twitter:data2\" content=\"1 minute\" \/>\n<script type=\"application\/ld+json\" class=\"yoast-schema-graph\">{\"@context\":\"https:\/\/schema.org\",\"@graph\":[{\"@type\":\"WebSite\",\"@id\":\"https:\/\/www.nettali.com\/#website\",\"url\":\"https:\/\/www.nettali.com\/\",\"name\":\"Nettali.com\",\"description\":\"Le rendez-vous critique du Net\",\"potentialAction\":[{\"@type\":\"SearchAction\",\"target\":{\"@type\":\"EntryPoint\",\"urlTemplate\":\"https:\/\/www.nettali.com\/?s={search_term_string}\"},\"query-input\":\"required name=search_term_string\"}],\"inLanguage\":\"fr-FR\"},{\"@type\":\"ImageObject\",\"@id\":\"https:\/\/www.nettali.com\/2022\/08\/13\/assemblee-nationale-pape-djibril-fall-et-thierno-alassane-sall-choisissent-leur-camp\/#primaryimage\",\"inLanguage\":\"fr-FR\",\"url\":\"https:\/\/www.nettali.com\/wp-content\/uploads\/2022\/08\/pape-diop-pape-djibril-fall-TAS.jpeg\",\"contentUrl\":\"https:\/\/www.nettali.com\/wp-content\/uploads\/2022\/08\/pape-diop-pape-djibril-fall-TAS.jpeg\",\"width\":605,\"height\":406},{\"@type\":\"WebPage\",\"@id\":\"https:\/\/www.nettali.com\/2022\/08\/13\/assemblee-nationale-pape-djibril-fall-et-thierno-alassane-sall-choisissent-leur-camp\/#webpage\",\"url\":\"https:\/\/www.nettali.com\/2022\/08\/13\/assemblee-nationale-pape-djibril-fall-et-thierno-alassane-sall-choisissent-leur-camp\/\",\"name\":\"ASSEMBLEE NATIONALE \\u2013 Pape Djibril Fall et Thierno Alassane Sall choisissent leur camp | Nettali.com\",\"isPartOf\":{\"@id\":\"https:\/\/www.nettali.com\/#website\"},\"primaryImageOfPage\":{\"@id\":\"https:\/\/www.nettali.com\/2022\/08\/13\/assemblee-nationale-pape-djibril-fall-et-thierno-alassane-sall-choisissent-leur-camp\/#primaryimage\"},\"datePublished\":\"2022-08-13T08:08:45+00:00\",\"dateModified\":\"2022-08-15T08:04:59+00:00\",\"author\":{\"@id\":\"https:\/\/www.nettali.com\/#\/schema\/person\/3317e0bb3aa1da309fbf7b2780901bf4\"},\"breadcrumb\":{\"@id\":\"https:\/\/www.nettali.com\/2022\/08\/13\/assemblee-nationale-pape-djibril-fall-et-thierno-alassane-sall-choisissent-leur-camp\/#breadcrumb\"},\"inLanguage\":\"fr-FR\",\"potentialAction\":[{\"@type\":\"ReadAction\",\"target\":[\"https:\/\/www.nettali.com\/2022\/08\/13\/assemblee-nationale-pape-djibril-fall-et-thierno-alassane-sall-choisissent-leur-camp\/\"]}]},{\"@type\":\"BreadcrumbList\",\"@id\":\"https:\/\/www.nettali.com\/2022\/08\/13\/assemblee-nationale-pape-djibril-fall-et-thierno-alassane-sall-choisissent-leur-camp\/#breadcrumb\",\"itemListElement\":[{\"@type\":\"ListItem\",\"position\":1,\"name\":\"Accueil\",\"item\":\"https:\/\/www.nettali.com\/\"},{\"@type\":\"ListItem\",\"position\":2,\"name\":\"ASSEMBLEE NATIONALE \\u2013 Pape Djibril Fall et Thierno Alassane Sall choisissent leur camp\"}]},{\"@type\":\"Person\",\"@id\":\"https:\/\/www.nettali.com\/#\/schema\/person\/3317e0bb3aa1da309fbf7b2780901bf4\",\"name\":\"Daouda\",\"image\":{\"@type\":\"ImageObject\",\"@id\":\"https:\/\/www.nettali.com\/#personlogo\",\"inLanguage\":\"fr-FR\",\"url\":\"https:\/\/secure.gravatar.com\/avatar\/8d143b5a49345098ddcfee1c49c2f47c?s=96&d=mm&r=g\",\"contentUrl\":\"https:\/\/secure.gravatar.com\/avatar\/8d143b5a49345098ddcfee1c49c2f47c?s=96&d=mm&r=g\",\"caption\":\"Daouda\"},\"sameAs\":[\"https:\/\/www.nettali.com\"]}]}<\/script>\n<!-- \/ Yoast SEO Premium plugin. -->","yoast_head_json":{"title":"ASSEMBLEE NATIONALE \u2013 Pape Djibril Fall et Thierno Alassane Sall choisissent leur camp | Nettali.com","robots":{"index":"index","follow":"follow","max-snippet":"max-snippet:-1","max-image-preview":"max-image-preview:large","max-video-preview":"max-video-preview:-1"},"canonical":"https:\/\/www.nettali.com\/2022\/08\/13\/assemblee-nationale-pape-djibril-fall-et-thierno-alassane-sall-choisissent-leur-camp\/","og_locale":"fr_FR","og_type":"article","og_title":"ASSEMBLEE NATIONALE \u2013 Pape Djibril Fall et Thierno Alassane Sall choisissent leur camp","og_description":"NETTALI.COM - Alors que Pape Diop a choisi de rejoindre la coalition Benno Bokk Yaakaar, le journaliste Pape Djibril Fall et l\u2019ancien ministre, Thierno Alassane Sall, ont d\u00e9cid\u00e9 de ne rallier aucun groupe parlementaire, m\u00eame s\u2019ils disent confirmer leur ancrage dans l\u2019opposition. Ils ont d\u00e9cid\u00e9 d\u2019\u00eatre des \u00abnon-inscrits\u00bb. On est maintenant fix\u00e9 sur le choix [&hellip;]","og_url":"https:\/\/www.nettali.com\/2022\/08\/13\/assemblee-nationale-pape-djibril-fall-et-thierno-alassane-sall-choisissent-leur-camp\/","og_site_name":"Nettali.com","article_publisher":"https:\/\/www.facebook.com\/nettalicom","article_published_time":"2022-08-13T08:08:45+00:00","article_modified_time":"2022-08-15T08:04:59+00:00","og_image":[{"width":605,"height":406,"url":"https:\/\/www.nettali.com\/wp-content\/uploads\/2022\/08\/pape-diop-pape-djibril-fall-TAS.jpeg","type":"image\/jpeg"}],"twitter_card":"summary_large_image","twitter_misc":{"\u00c9crit par":"Daouda","Dur\u00e9e de lecture estim\u00e9e":"1 minute"},"schema":{"@context":"https:\/\/schema.org","@graph":[{"@type":"WebSite","@id":"https:\/\/www.nettali.com\/#website","url":"https:\/\/www.nettali.com\/","name":"Nettali.com","description":"Le rendez-vous critique du Net","potentialAction":[{"@type":"SearchAction","target":{"@type":"EntryPoint","urlTemplate":"https:\/\/www.nettali.com\/?s={search_term_string}"},"query-input":"required name=search_term_string"}],"inLanguage":"fr-FR"},{"@type":"ImageObject","@id":"https:\/\/www.nettali.com\/2022\/08\/13\/assemblee-nationale-pape-djibril-fall-et-thierno-alassane-sall-choisissent-leur-camp\/#primaryimage","inLanguage":"fr-FR","url":"https:\/\/www.nettali.com\/wp-content\/uploads\/2022\/08\/pape-diop-pape-djibril-fall-TAS.jpeg","contentUrl":"https:\/\/www.nettali.com\/wp-content\/uploads\/2022\/08\/pape-diop-pape-djibril-fall-TAS.jpeg","width":605,"height":406},{"@type":"WebPage","@id":"https:\/\/www.nettali.com\/2022\/08\/13\/assemblee-nationale-pape-djibril-fall-et-thierno-alassane-sall-choisissent-leur-camp\/#webpage","url":"https:\/\/www.nettali.com\/2022\/08\/13\/assemblee-nationale-pape-djibril-fall-et-thierno-alassane-sall-choisissent-leur-camp\/","name":"ASSEMBLEE NATIONALE \u2013 Pape Djibril Fall et Thierno Alassane Sall choisissent leur camp | Nettali.com","isPartOf":{"@id":"https:\/\/www.nettali.com\/#website"},"primaryImageOfPage":{"@id":"https:\/\/www.nettali.com\/2022\/08\/13\/assemblee-nationale-pape-djibril-fall-et-thierno-alassane-sall-choisissent-leur-camp\/#primaryimage"},"datePublished":"2022-08-13T08:08:45+00:00","dateModified":"2022-08-15T08:04:59+00:00","author":{"@id":"https:\/\/www.nettali.com\/#\/schema\/person\/3317e0bb3aa1da309fbf7b2780901bf4"},"breadcrumb":{"@id":"https:\/\/www.nettali.com\/2022\/08\/13\/assemblee-nationale-pape-djibril-fall-et-thierno-alassane-sall-choisissent-leur-camp\/#breadcrumb"},"inLanguage":"fr-FR","potentialAction":[{"@type":"ReadAction","target":["https:\/\/www.nettali.com\/2022\/08\/13\/assemblee-nationale-pape-djibril-fall-et-thierno-alassane-sall-choisissent-leur-camp\/"]}]},{"@type":"BreadcrumbList","@id":"https:\/\/www.nettali.com\/2022\/08\/13\/assemblee-nationale-pape-djibril-fall-et-thierno-alassane-sall-choisissent-leur-camp\/#breadcrumb","itemListElement":[{"@type":"ListItem","position":1,"name":"Accueil","item":"https:\/\/www.nettali.com\/"},{"@type":"ListItem","position":2,"name":"ASSEMBLEE NATIONALE \u2013 Pape Djibril Fall et Thierno Alassane Sall choisissent leur camp"}]},{"@type":"Person","@id":"https:\/\/www.nettali.com\/#\/schema\/person\/3317e0bb3aa1da309fbf7b2780901bf4","name":"Daouda","image":{"@type":"ImageObject","@id":"https:\/\/www.nettali.com\/#personlogo","inLanguage":"fr-FR","url":"https:\/\/secure.gravatar.com\/avatar\/8d143b5a49345098ddcfee1c49c2f47c?s=96&d=mm&r=g","contentUrl":"https:\/\/secure.gravatar.com\/avatar\/8d143b5a49345098ddcfee1c49c2f47c?s=96&d=mm&r=g","caption":"Daouda"},"sameAs":["https:\/\/www.nettali.com"]}]}},"_links":{"self":[{"href":"https:\/\/www.nettali.com\/rest\/wp\/v2\/posts\/91905"}],"collection":[{"href":"https:\/\/www.nettali.com\/rest\/wp\/v2\/posts"}],"about":[{"href":"https:\/\/www.nettali.com\/rest\/wp\/v2\/types\/post"}],"author":[{"embeddable":true,"href":"https:\/\/www.nettali.com\/rest\/wp\/v2\/users\/4"}],"replies":[{"embeddable":true,"href":"https:\/\/www.nettali.com\/rest\/wp\/v2\/comments?post=91905"}],"version-history":[{"count":1,"href":"https:\/\/www.nettali.com\/rest\/wp\/v2\/posts\/91905\/revisions"}],"predecessor-version":[{"id":91907,"href":"https:\/\/www.nettali.com\/rest\/wp\/v2\/posts\/91905\/revisions\/91907"}],"wp:featuredmedia":[{"embeddable":true,"href":"https:\/\/www.nettali.com\/rest\/wp\/v2\/media\/91906"}],"wp:attachment":[{"href":"https:\/\/www.nettali.com\/rest\/wp\/v2\/media?parent=91905"}],"wp:term":[{"taxonomy":"category","embeddable":true,"href":"https:\/\/www.nettali.com\/rest\/wp\/v2\/categories?post=91905"},{"taxonomy":"post_tag","embeddable":true,"href":"https:\/\/www.nettali.com\/rest\/wp\/v2\/tags?post=91905"}],"curies":[{"name":"wp","href":"https:\/\/api.w.org\/{rel}","templated":true}]}}